{"id":139952,"date":"2024-02-19T17:58:56","date_gmt":"2024-02-19T23:58:56","guid":{"rendered":"https:\/\/www.uv.mx\/prensa\/?p=139952"},"modified":"2024-03-04T10:39:53","modified_gmt":"2024-03-04T16:39:53","slug":"uv-reconocio-aportaciones-cientificas-de-su-comunidad","status":"publish","type":"post","link":"https:\/\/www.uv.mx\/prensa\/ciencia\/uv-reconocio-aportaciones-cientificas-de-su-comunidad\/","title":{"rendered":"UV reconoci\u00f3 aportaciones cient\u00edficas de su comunidad\u00a0"},"content":{"rendered":"<ul>\n<li data-leveltext=\"\uf0b7\" data-font=\"Symbol\" data-listid=\"6\" data-list-defn-props=\"{&quot;335552541&quot;:1,&quot;335559684&quot;:-2,&quot;335559685&quot;:720,&quot;335559991&quot;:360,&quot;469769226&quot;:&quot;Symbol&quot;,&quot;469769242&quot;:[8226],&quot;469777803&quot;:&quot;left&quot;,&quot;469777804&quot;:&quot;\uf0b7&quot;,&quot;469777815&quot;:&quot;hybridMultilevel&quot;}\" data-aria-posinset=\"1\" data-aria-level=\"1\"><i><span data-contrast=\"auto\">Se trata de inventoras e inventores con registros ante el IMPI en el periodo de febrero 2023-enero 2024<\/span><\/i><span data-ccp-props=\"{&quot;201341983&quot;:0,&quot;335559739&quot;:0,&quot;335559740&quot;:240}\">\u00a0<\/span><\/li>\n<li data-leveltext=\"\uf0b7\" data-font=\"Symbol\" data-listid=\"6\" data-list-defn-props=\"{&quot;335552541&quot;:1,&quot;335559684&quot;:-2,&quot;335559685&quot;:720,&quot;335559991&quot;:360,&quot;469769226&quot;:&quot;Symbol&quot;,&quot;469769242&quot;:[8226],&quot;469777803&quot;:&quot;left&quot;,&quot;469777804&quot;:&quot;\uf0b7&quot;,&quot;469777815&quot;:&quot;hybridMultilevel&quot;}\" data-aria-posinset=\"2\" data-aria-level=\"1\"><i><span data-contrast=\"auto\">El rector Mart\u00edn Aguilar S\u00e1nchez destac\u00f3 que su trabajo e iniciativa son fruct\u00edferos para su respectivo campo de conocimiento, y motivo de orgullo para quienes integran la Universidad<\/span><\/i><span data-ccp-props=\"{&quot;201341983&quot;:0,&quot;335559739&quot;:0,&quot;335559740&quot;:240}\">\u00a0<\/span><\/li>\n<\/ul>\n<p><span data-ccp-props=\"{&quot;201341983&quot;:0,&quot;335559739&quot;:0,&quot;335559740&quot;:240}\">\u00a0<\/span><\/p>\n<div id=\"attachment_139960\" style=\"width: 732px\" class=\"wp-caption aligncenter\"><img aria-describedby=\"caption-attachment-139960\" decoding=\"async\" loading=\"lazy\" class=\"size-full wp-image-139960\" src=\"https:\/\/www.uv.mx\/prensa\/files\/2024\/02\/190224-COUTTOLENC-Reconocimiento-a-inventores-UV-1-Foto-1-y-Banner.jpg\" alt=\"\" width=\"722\" height=\"410\" srcset=\"https:\/\/www.uv.mx\/prensa\/files\/2024\/02\/190224-COUTTOLENC-Reconocimiento-a-inventores-UV-1-Foto-1-y-Banner.jpg 722w, https:\/\/www.uv.mx\/prensa\/files\/2024\/02\/190224-COUTTOLENC-Reconocimiento-a-inventores-UV-1-Foto-1-y-Banner-300x170.jpg 300w\" sizes=\"(max-width: 722px) 100vw, 722px\" \/><p id=\"caption-attachment-139960\" class=\"wp-caption-text\">La UV reconoci\u00f3 a sus cient\u00edficos quienes obtuvieron registros de patente, invenci\u00f3n y modelo de utilidad en el marco del D\u00eda del Inventor<\/p><\/div>\n<p><span data-ccp-props=\"{&quot;201341983&quot;:0,&quot;335559739&quot;:0,&quot;335559740&quot;:240}\">\u00a0<\/span><\/p>\n<p><b><i><span data-contrast=\"auto\">Jos\u00e9 Luis Couttolenc Soto<\/span><\/i><\/b><span data-ccp-props=\"{&quot;201341983&quot;:0,&quot;335559739&quot;:0,&quot;335559740&quot;:240}\">\u00a0<\/span><\/p>\n<p><b><i><span data-contrast=\"auto\">Fotos: Luis Fernando Fern\u00e1ndez<\/span><\/i><\/b><span data-ccp-props=\"{&quot;201341983&quot;:0,&quot;335559739&quot;:0,&quot;335559740&quot;:240}\">\u00a0<\/span><\/p>\n<p><b><i><span data-contrast=\"auto\">19\/02\/2024, Xalapa, Ver.- <\/span><\/i><\/b><span data-contrast=\"auto\">Autoridades de la <a href=\"https:\/\/www.uv.mx\/\" target=\"_blank\" rel=\"noopener\">Universidad Veracruzana<\/a> (UV), encabezadas por el rector Mart\u00edn Aguilar S\u00e1nchez, reconocieron a autores y autoras de 17 inventos que han cumplido con su registro ante el Instituto Mexicano de la Propiedad Industrial (IMPI), en ceremonia desarrollada en conmemoraci\u00f3n del D\u00eda del Inventor Mexicano (17 de febrero), realizada en la Unidad de Servicios Bibliotecarios y de Informaci\u00f3n (USBI), con transmisi\u00f3n a todas las regiones.<\/span><span data-ccp-props=\"{&quot;201341983&quot;:0,&quot;335559739&quot;:0,&quot;335559740&quot;:240}\">\u00a0<\/span><\/p>\n<p><span data-contrast=\"auto\">Recibieron reconocimientos autoras y autores de siete inventos con registro ante el IMPI, de las regiones Xalapa y Orizaba-C\u00f3rdoba en el periodo de febrero 2023-enero 2024, as\u00ed como de 10 inventos de las regiones Xalapa y Veracruz, con patente otorgada por el IMPI en el mismo periodo.\u00a0<\/span><span data-ccp-props=\"{&quot;201341983&quot;:0,&quot;335559739&quot;:0,&quot;335559740&quot;:240}\">\u00a0<\/span><\/p>\n<p><span data-contrast=\"auto\">En la categor\u00eda de patentes, se reconoci\u00f3 a una invenci\u00f3n conjunta de acad\u00e9micos de las regiones de Xalapa y Veracruz: \u201cTrib\u00f3metro Electrohidr\u00e1ulico\u201d en la que participaron, Andr\u00e9s L\u00f3pez Vel\u00e1zquez, Cuitl\u00e1huac Garc\u00eda Jim\u00e9nez \u2014gobernador del Estado de Veracruz\u2014, Rosario Aldana Franco y Ervin Jes\u00fas \u00c1lvarez S\u00e1nchez, por Xalapa, y por Veracruz, Leandro Garc\u00eda Gonz\u00e1lez, Teresa Hern\u00e1ndez Quiroz, Juli\u00e1n Hern\u00e1ndez Torres y Luis Zamora Peredo.<\/span><span data-ccp-props=\"{&quot;201341983&quot;:0,&quot;335559739&quot;:0,&quot;335559740&quot;:240}\">\u00a0<\/span><\/p>\n<p>&nbsp;<\/p>\n<div id=\"attachment_139959\" style=\"width: 732px\" class=\"wp-caption aligncenter\"><img aria-describedby=\"caption-attachment-139959\" decoding=\"async\" loading=\"lazy\" class=\"size-full wp-image-139959\" src=\"https:\/\/www.uv.mx\/prensa\/files\/2024\/02\/190224-COUTTOLENC-Reconocimiento-a-inventores-UV-2.jpg\" alt=\"\" width=\"722\" height=\"481\" srcset=\"https:\/\/www.uv.mx\/prensa\/files\/2024\/02\/190224-COUTTOLENC-Reconocimiento-a-inventores-UV-2.jpg 722w, https:\/\/www.uv.mx\/prensa\/files\/2024\/02\/190224-COUTTOLENC-Reconocimiento-a-inventores-UV-2-300x200.jpg 300w\" sizes=\"(max-width: 722px) 100vw, 722px\" \/><p id=\"caption-attachment-139959\" class=\"wp-caption-text\">El rector Mart\u00edn Aguilar celebr\u00f3 la innovaci\u00f3n y creatividad de la comunidad cient\u00edfica universitaria<\/p><\/div>\n<p>&nbsp;<\/p>\n<p><span data-contrast=\"auto\">Los investigadores que recibieron sus reconocimientos en esta \u00faltima regi\u00f3n fueron: \u00d3scar Vel\u00e1squez Camilo, Armando Campos Dom\u00ednguez y Leticia Mariana del Carmen P\u00e9rez P\u00e9rez, en la categor\u00eda de patentes, por la invenci\u00f3n: \u201cProceso de cristalizaci\u00f3n de az\u00facar refinada de ca\u00f1a enriquecida con hierro.\u201d<\/span><span data-ccp-props=\"{&quot;201341983&quot;:0,&quot;335559739&quot;:0,&quot;335559740&quot;:240}\">\u00a0<\/span><\/p>\n<p><span data-contrast=\"auto\">Con la invenci\u00f3n: \u201cDispositivo secador solar indirecto de convecci\u00f3n forzada\u201d se reconoci\u00f3 a Adri\u00e1n Vidal Santo, Oscar Vel\u00e1squez Camilo y \u00c1lvaro Romero Fern\u00e1ndez, egresado de la Facultad de Ciencias Qu\u00edmicas.<\/span><span data-ccp-props=\"{&quot;201341983&quot;:0,&quot;335559731&quot;:708,&quot;335559739&quot;:0,&quot;335559740&quot;:240}\">\u00a0<\/span><\/p>\n<p><span data-contrast=\"auto\">Por la invenci\u00f3n \u201cProceso para aumentar la producci\u00f3n de az\u00facar mediante cristalizaci\u00f3n catal\u00edtica\u201d se reconoci\u00f3 a: Oscar Vel\u00e1squez Camilo, Armando Campos Dom\u00ednguez, Leticia Mariana del Carmen P\u00e9rez P\u00e9rez y Luis Enrique Perea Andrade, egresado de la Facultad de Ciencias Qu\u00edmicas.<\/span><span data-ccp-props=\"{&quot;201341983&quot;:0,&quot;335559731&quot;:708,&quot;335559739&quot;:0,&quot;335559740&quot;:240}\">\u00a0<\/span><\/p>\n<p><span data-contrast=\"auto\">En la categor\u00eda de modelo de utilidad se premi\u00f3 a la invenci\u00f3n: \u201cMalet\u00edn de equipo m\u00e9dico\u201d, que es el primer modelo de utilidad otorgado a esta regi\u00f3n, y sus inventores son los acad\u00e9micos: Israel Ortiz Vargas, Edith Castellanos Contreras, Claudia Beatriz Enr\u00edquez Hern\u00e1ndez, Amelia S\u00e1nchez Espinosa, Javier Salazar Mendoza, Mar\u00eda Esther Fragoso Ter\u00e1n, Salom\u00e9 P\u00e9rez Prieto, Arturo L\u00f3pez Saldi\u00f1a e Higinio Fern\u00e1ndez S\u00e1nchez.<\/span><span data-ccp-props=\"{&quot;201341983&quot;:0,&quot;335559731&quot;:708,&quot;335559739&quot;:0,&quot;335559740&quot;:240}\">\u00a0<\/span><\/p>\n<p><span data-ccp-props=\"{&quot;201341983&quot;:0,&quot;335559739&quot;:0,&quot;335559740&quot;:240}\">\u00a0<\/span><\/p>\n<div id=\"attachment_139958\" style=\"width: 732px\" class=\"wp-caption aligncenter\"><img aria-describedby=\"caption-attachment-139958\" decoding=\"async\" loading=\"lazy\" class=\"size-full wp-image-139958\" src=\"https:\/\/www.uv.mx\/prensa\/files\/2024\/02\/190224-COUTTOLENC-Reconocimiento-a-inventores-UV-3.jpg\" alt=\"\" width=\"722\" height=\"481\" srcset=\"https:\/\/www.uv.mx\/prensa\/files\/2024\/02\/190224-COUTTOLENC-Reconocimiento-a-inventores-UV-3.jpg 722w, https:\/\/www.uv.mx\/prensa\/files\/2024\/02\/190224-COUTTOLENC-Reconocimiento-a-inventores-UV-3-300x200.jpg 300w\" sizes=\"(max-width: 722px) 100vw, 722px\" \/><p id=\"caption-attachment-139958\" class=\"wp-caption-text\">Miguel Castellanos, director Divisional de Administraci\u00f3n y Coordinaci\u00f3n de Archivo del IMPI, calific\u00f3 a la UV como un semillero de creatividad, innovaci\u00f3n y desarrollo<\/p><\/div>\n<p>&nbsp;<\/p>\n<p><b><span data-contrast=\"auto\">Regi\u00f3n Orizaba-C\u00f3rdoba<\/span><\/b><span data-ccp-props=\"{&quot;201341983&quot;:0,&quot;335559739&quot;:0,&quot;335559740&quot;:240}\">\u00a0<\/span><\/p>\n<p><span data-contrast=\"auto\">Con la invenci\u00f3n: \u201cEstructura Metal-Org\u00e1nica basada en cobalto con actividad fotoelectrocatal\u00edtica mejorada, su proceso de obtenci\u00f3n y su uso como foto\u00e1nodo\u201d; segunda Invenci\u00f3n ingresada por la Universidad Aut\u00f3noma de Nuevo Le\u00f3n (UANL), en cotitularidad con la UV, recibieron reconocimiento los acad\u00e9micos Jos\u00e9 Mar\u00eda Rivera Villanueva (UV); Juan Manuel Mora Hern\u00e1ndez y Luis \u00c1ngel Alfonso Herrera, de la UANL.<\/span><span data-ccp-props=\"{&quot;201341983&quot;:0,&quot;335559739&quot;:0,&quot;335559740&quot;:240}\">\u00a0<\/span><\/p>\n<p><span data-contrast=\"auto\">Con la invenci\u00f3n: \u201cProceso de conversi\u00f3n de materia org\u00e1nica de efluentes del tratamiento de aguas residuales en biodiesel\u201d se reconoci\u00f3 a Eduardo Hern\u00e1ndez Aguilar, Nayeli Guti\u00e9rrez Casiano y Juan Manuel M\u00e9ndez Contreras, inventor independiente.<\/span><span data-ccp-props=\"{&quot;201341983&quot;:0,&quot;335559731&quot;:708,&quot;335559739&quot;:0,&quot;335559740&quot;:240}\">\u00a0<\/span><\/p>\n<p><span data-ccp-props=\"{&quot;201341983&quot;:0,&quot;335559739&quot;:0,&quot;335559740&quot;:240}\">\u00a0<\/span><\/p>\n<div id=\"attachment_139957\" style=\"width: 732px\" class=\"wp-caption aligncenter\"><img aria-describedby=\"caption-attachment-139957\" decoding=\"async\" loading=\"lazy\" class=\"size-full wp-image-139957\" src=\"https:\/\/www.uv.mx\/prensa\/files\/2024\/02\/190224-COUTTOLENC-Reconocimiento-a-inventores-UV-4.jpg\" alt=\"\" width=\"722\" height=\"481\" srcset=\"https:\/\/www.uv.mx\/prensa\/files\/2024\/02\/190224-COUTTOLENC-Reconocimiento-a-inventores-UV-4.jpg 722w, https:\/\/www.uv.mx\/prensa\/files\/2024\/02\/190224-COUTTOLENC-Reconocimiento-a-inventores-UV-4-300x200.jpg 300w\" sizes=\"(max-width: 722px) 100vw, 722px\" \/><p id=\"caption-attachment-139957\" class=\"wp-caption-text\">Seraf\u00edn Flores, director general de Vinculaci\u00f3n de la UV, dijo que acad\u00e9micos como los reconocidos, fortalecen y hacen crecer a la instituci\u00f3n<\/p><\/div>\n<p>&nbsp;<\/p>\n<p><b><span data-contrast=\"auto\">Regi\u00f3n Xalapa<\/span><\/b><span data-ccp-props=\"{&quot;201341983&quot;:0,&quot;335559739&quot;:0,&quot;335559740&quot;:240}\">\u00a0<\/span><\/p>\n<p><span data-contrast=\"auto\">Las y los acad\u00e9micos premiados de esta regi\u00f3n fueron: Roberto Cruz Estrada, Homero Vladimir R\u00edos Figueroa, Jer\u00f3nimo Manuel Guzm\u00e1n Salda\u00f1a, Fernando Mart\u00ednez Okamura, Mar\u00eda de los \u00c1ngeles Faces Huesca, Jos\u00e9 de Jes\u00fas Cid de Le\u00f3n Faces, Antonio Mar\u00edn Hern\u00e1ndez, Jahziel Oswaldo Cabrera Arellano y Jos\u00e9 Luis Hern\u00e1ndez Hern\u00e1ndez, egresados de la Facultad de F\u00edsica, por la invenci\u00f3n \u201cDispositivo electr\u00f3nico con control h\u00e1ptico de fuerza para el an\u00e1lisis y mejora en el entrenamiento de nadadores\u201d.<\/span><span data-ccp-props=\"{&quot;201341983&quot;:0,&quot;335559739&quot;:0,&quot;335559740&quot;:240}\">\u00a0<\/span><\/p>\n<p><span data-contrast=\"auto\">Asimismo, fue reconocida la invenci\u00f3n \u201cEstructura de Aspersi\u00f3n de Soluciones Antiparasitarias en Ganado\u201d, creada por Gerardo Alvarado Castillo, Ervin Jes\u00fas \u00c1lvarez S\u00e1nchez, Mateo Mart\u00ednez D\u00edaz, egresado de la Facultad de Ciencias Agr\u00edcolas y Armando Aburto Meneses, egresado de la Facultad de Ingenier\u00eda Mec\u00e1nica El\u00e9ctrica.<\/span><span data-ccp-props=\"{&quot;201341983&quot;:0,&quot;335559731&quot;:708,&quot;335559739&quot;:0,&quot;335559740&quot;:240}\">\u00a0<\/span><\/p>\n<p>&nbsp;<\/p>\n<div id=\"attachment_139956\" style=\"width: 732px\" class=\"wp-caption aligncenter\"><img aria-describedby=\"caption-attachment-139956\" decoding=\"async\" loading=\"lazy\" class=\"size-full wp-image-139956\" src=\"https:\/\/www.uv.mx\/prensa\/files\/2024\/02\/190224-COUTTOLENC-Reconocimiento-a-inventores-UV-5.jpg\" alt=\"\" width=\"722\" height=\"542\" srcset=\"https:\/\/www.uv.mx\/prensa\/files\/2024\/02\/190224-COUTTOLENC-Reconocimiento-a-inventores-UV-5.jpg 722w, https:\/\/www.uv.mx\/prensa\/files\/2024\/02\/190224-COUTTOLENC-Reconocimiento-a-inventores-UV-5-300x225.jpg 300w\" sizes=\"(max-width: 722px) 100vw, 722px\" \/><p id=\"caption-attachment-139956\" class=\"wp-caption-text\">En la regi\u00f3n Orizaba-C\u00f3rdoba se hizo entrega de sus respectivos reconocimientos a los inventores universitarios<\/p><\/div>\n<p>&nbsp;<\/p>\n<p><span data-contrast=\"auto\">Por la invenci\u00f3n \u201cM\u00e9todo para inducir variabilidad gen\u00e9tica en Vanilla SPP\u201d se reconoci\u00f3 a Lourdes Georgina Iglesias Andreu y Marco Antonio Ram\u00edrez Mosqueda.<\/span><span data-ccp-props=\"{&quot;201341983&quot;:0,&quot;335559739&quot;:0,&quot;335559740&quot;:240}\">\u00a0<\/span><\/p>\n<p><span data-contrast=\"auto\">Por la invenci\u00f3n \u201cSistema Biom\u00e9dico Port\u00e1til para el Monitoreo Inteligente del Asma\u201d se entreg\u00f3 el reconocimiento a Jes\u00fas Garc\u00eda Guzm\u00e1n, Gisell Celis Ronz\u00f3n y Juan Fernando Garc\u00eda Mathey, egresados de la Facultad de Ingenier\u00eda Mec\u00e1nica El\u00e9ctrica.<\/span><\/p>\n<p>En la categor\u00eda de patentes se reconoci\u00f3 la invenci\u00f3n \u201cDispositivo de correcci\u00f3n postural para extremidades inferiores\u201d de los acad\u00e9micos Roberto Cruz Capitaine, Jes\u00fas Antonio Camarillo Montero y Franco Ladr\u00f3n de Guevara; asimismo la patente de invenci\u00f3n \u201cBorrador para Pizarr\u00f3n con Recolector de Part\u00edculas\u201d a cargo de Roberto Cruz Capitaine, Jos\u00e9 Gustavo Leyva Retureta y Jes\u00fas Antonio Camarillo Montero.<\/p>\n<p><span data-contrast=\"auto\">Se reconoci\u00f3 a los cient\u00edficos Jes\u00fas Garc\u00eda Guzm\u00e1n, Martha Edith Morales Mart\u00ednez, Sim\u00f3n Leal Ortiz, Jorge Alberto V\u00e9lez Enr\u00edquez y Jos\u00e9 Luis Nazario Ponce Garc\u00eda, egresado de la Facultad de Ingenier\u00eda El\u00e9ctrica y Electr\u00f3nica, por la invenci\u00f3n \u201cSistema Interactivo Controlado de Entrenamiento V\u00eda Remota para Automatizaci\u00f3n con PLC\u201d.<\/span><\/p>\n<p>En la categor\u00eda de modelo de utilidad se reconoci\u00f3 a Mercedes Soledad Brice\u00f1o Ancona y Jacinto Izquierdo J\u00e1come, por \u201cInstrumento Cefalom\u00e9trico Port\u00e1til\u201d como tambi\u00e9n a Patricia Padilla Sosa, H\u00e9ctor Hugo Cerecedo N\u00fa\u00f1ez, Jos\u00e9 Alberto Castillo Medina, egresado de la Facultad de F\u00edsica y Edgar Tonatiuh Santiago Lobato, estudiante de posgrado de la Facultad de F\u00edsica por el registro del modelo de utilidad \u201cModelo did\u00e1ctico para la visualizaci\u00f3n de haces de luz en tres dimensiones\u201d.<\/p>\n<p><span data-ccp-props=\"{&quot;201341983&quot;:0,&quot;335559739&quot;:0,&quot;335559740&quot;:240}\">\u00a0<\/span><\/p>\n<div id=\"attachment_139961\" style=\"width: 1010px\" class=\"wp-caption aligncenter\"><img aria-describedby=\"caption-attachment-139961\" decoding=\"async\" loading=\"lazy\" class=\"size-full wp-image-139961\" src=\"https:\/\/www.uv.mx\/prensa\/files\/2024\/02\/190224-COUTTOLENC-Reconocimiento-a-inventores-UV-6.jpg\" alt=\"\" width=\"1000\" height=\"684\" srcset=\"https:\/\/www.uv.mx\/prensa\/files\/2024\/02\/190224-COUTTOLENC-Reconocimiento-a-inventores-UV-6.jpg 1000w, https:\/\/www.uv.mx\/prensa\/files\/2024\/02\/190224-COUTTOLENC-Reconocimiento-a-inventores-UV-6-300x205.jpg 300w, https:\/\/www.uv.mx\/prensa\/files\/2024\/02\/190224-COUTTOLENC-Reconocimiento-a-inventores-UV-6-768x525.jpg 768w\" sizes=\"(max-width: 1000px) 100vw, 1000px\" \/><p id=\"caption-attachment-139961\" class=\"wp-caption-text\">La regi\u00f3n Veracruz se sum\u00f3 a la celebraci\u00f3n reconociendo a sus investigadores<\/p><\/div>\n<p>&nbsp;<\/p>\n<p><span data-contrast=\"auto\">Ante el estudiantado, acad\u00e9micos e investigadores, el Rector de la UV expres\u00f3 que, como cada a\u00f1o, la UV reconoce a las y los integrantes de la comunidad universitaria que registraron una patente ante el IMPI con el apoyo de la Oficina de Transferencia de Tecnolog\u00eda (OTT) de la instituci\u00f3n.<\/span><span data-ccp-props=\"{&quot;201341983&quot;:0,&quot;335559739&quot;:0,&quot;335559740&quot;:240}\">\u00a0<\/span><\/p>\n<p><span data-contrast=\"auto\">Se pronunci\u00f3 porque las invenciones de las y los universitarios despunten y muestren todo su potencial; \u201cpromover un mayor reconocimiento entre las y los inventores del pa\u00eds no s\u00f3lo es bueno para impulsar sus carreras profesionales, tambi\u00e9n favorece la innovaci\u00f3n y el descubrimiento, elementos clave para alcanzar un desarrollo inclusivo de cualquier comunidad\u201d.<\/span><span data-ccp-props=\"{&quot;201341983&quot;:0,&quot;335559739&quot;:0,&quot;335559740&quot;:240}\">\u00a0<\/span><\/p>\n<p><span data-contrast=\"auto\">Por su parte Miguel Castellanos, director Divisional de Administraci\u00f3n y Coordinaci\u00f3n de Archivo del IMPI (egresado de la UV), resalt\u00f3 la labor que se realiza desde las aulas de la UV en favor de la innovaci\u00f3n del pa\u00eds.<\/span><span data-ccp-props=\"{&quot;201341983&quot;:0,&quot;335559739&quot;:0,&quot;335559740&quot;:240}\">\u00a0<\/span><\/p>\n<p>&nbsp;<\/p>\n<div id=\"attachment_139954\" style=\"width: 732px\" class=\"wp-caption aligncenter\"><img aria-describedby=\"caption-attachment-139954\" decoding=\"async\" loading=\"lazy\" class=\"size-full wp-image-139954\" src=\"https:\/\/www.uv.mx\/prensa\/files\/2024\/02\/190224-COUTTOLENC-Reconocimiento-a-inventores-UV-7.jpg\" alt=\"\" width=\"722\" height=\"343\" srcset=\"https:\/\/www.uv.mx\/prensa\/files\/2024\/02\/190224-COUTTOLENC-Reconocimiento-a-inventores-UV-7.jpg 722w, https:\/\/www.uv.mx\/prensa\/files\/2024\/02\/190224-COUTTOLENC-Reconocimiento-a-inventores-UV-7-300x143.jpg 300w\" sizes=\"(max-width: 722px) 100vw, 722px\" \/><p id=\"caption-attachment-139954\" class=\"wp-caption-text\">En la regi\u00f3n Xalapa se entregaron reconocimientos a los inventores por parte de las autoridades universitarias<\/p><\/div>\n<p>&nbsp;<\/p>\n<p><span data-contrast=\"auto\">A su vez, Seraf\u00edn Flores de la Cruz, director general de Vinculaci\u00f3n, mencion\u00f3 que por acad\u00e9micos, acad\u00e9micas y estudiantes que proponen, hacen y realizan, en sus 80 a\u00f1os de vida la UV ha crecido, fortalecido y consolidado.<\/span><span data-ccp-props=\"{&quot;201341983&quot;:0,&quot;335559739&quot;:0,&quot;335559740&quot;:240}\">\u00a0<\/span><\/p>\n<p><span data-contrast=\"auto\">Asistieron al evento Lizbeth Viveros Cancino y Jaqueline Jongitud Zamora, secretarias de Administraci\u00f3n y Finanzas, y de Desarrollo Institucional, respectivamente; Darwin Mayorga Cruz, director general del <\/span><i><span data-contrast=\"auto\">Coveicydet<\/span><\/i><span data-contrast=\"auto\">; Jes\u00fas V\u00e1zquez Garc\u00eda, responsable de la Oficina de Representaci\u00f3n en Veracruz de la Secretar\u00eda de Econom\u00eda, entre otros.<\/span><span data-ccp-props=\"{&quot;201341983&quot;:0,&quot;335559731&quot;:708,&quot;335559739&quot;:0,&quot;335559740&quot;:240}\">\u00a0<\/span><\/p>\n<p><span data-contrast=\"auto\">Por videoconferencia asistieron las vicerrectoras y el vicerrector de las regiones Coatzacoalcos-Minatitl\u00e1n: Georgina Hern\u00e1ndez R\u00edos; Liliana Cuervo L\u00f3pez de la regi\u00f3n Poza Rica-Tuxpan y Rub\u00e9n Edel Navarro, de la regi\u00f3n Veracruz, quienes entregaron simult\u00e1neamente los reconocimientos a sus acad\u00e9micos en los casos correspondientes.<\/span><span data-ccp-props=\"{&quot;201341983&quot;:0,&quot;335559731&quot;:708,&quot;335559739&quot;:0,&quot;335559740&quot;:240}\">\u00a0<\/span><\/p>\n<p><span data-ccp-props=\"{&quot;201341983&quot;:0,&quot;335559739&quot;:0,&quot;335559740&quot;:240}\">\u00a0<\/span><\/p>\n<div id=\"attachment_139955\" style=\"width: 810px\" class=\"wp-caption aligncenter\"><img aria-describedby=\"caption-attachment-139955\" decoding=\"async\" loading=\"lazy\" class=\"wp-image-139955\" src=\"https:\/\/www.uv.mx\/prensa\/files\/2024\/02\/190224-COUTTOLENC-Reconocimiento-a-inventores-UV-8-scaled.jpg\" alt=\"\" width=\"800\" height=\"533\" srcset=\"https:\/\/www.uv.mx\/prensa\/files\/2024\/02\/190224-COUTTOLENC-Reconocimiento-a-inventores-UV-8-scaled.jpg 2560w, https:\/\/www.uv.mx\/prensa\/files\/2024\/02\/190224-COUTTOLENC-Reconocimiento-a-inventores-UV-8-300x200.jpg 300w, https:\/\/www.uv.mx\/prensa\/files\/2024\/02\/190224-COUTTOLENC-Reconocimiento-a-inventores-UV-8-1024x683.jpg 1024w, https:\/\/www.uv.mx\/prensa\/files\/2024\/02\/190224-COUTTOLENC-Reconocimiento-a-inventores-UV-8-768x512.jpg 768w, https:\/\/www.uv.mx\/prensa\/files\/2024\/02\/190224-COUTTOLENC-Reconocimiento-a-inventores-UV-8-1536x1024.jpg 1536w, https:\/\/www.uv.mx\/prensa\/files\/2024\/02\/190224-COUTTOLENC-Reconocimiento-a-inventores-UV-8-2048x1365.jpg 2048w, https:\/\/www.uv.mx\/prensa\/files\/2024\/02\/190224-COUTTOLENC-Reconocimiento-a-inventores-UV-8-1200x800.jpg 1200w\" sizes=\"(max-width: 800px) 100vw, 800px\" \/><p id=\"caption-attachment-139955\" class=\"wp-caption-text\">Asisti\u00f3 a la ceremonia, como inventor reconocido por la UV, el gobernador de Veracruz, Cuitl\u00e1huac Garc\u00eda<\/p><\/div>\n","protected":false},"excerpt":{"rendered":"<p>Recibieron sus respectivos testimonios autores y autoras de 17 inventos registrados ante el IMPI<\/p>\n","protected":false},"author":1869,"featured_media":139953,"comment_status":"closed","ping_status":"closed","sticky":false,"template":"","format":"standard","meta":[],"categories":[45,15424,61,5174,51],"tags":[12049,15737,118,1564,15739,13352,4162,6592,9931,8760,2451,33,10337,9444,15738],"_links":{"self":[{"href":"https:\/\/www.uv.mx\/prensa\/wp-json\/wp\/v2\/posts\/139952"}],"collection":[{"href":"https:\/\/www.uv.mx\/prensa\/wp-json\/wp\/v2\/posts"}],"about":[{"href":"https:\/\/www.uv.mx\/prensa\/wp-json\/wp\/v2\/types\/post"}],"author":[{"embeddable":true,"href":"https:\/\/www.uv.mx\/prensa\/wp-json\/wp\/v2\/users\/1869"}],"replies":[{"embeddable":true,"href":"https:\/\/www.uv.mx\/prensa\/wp-json\/wp\/v2\/comments?post=139952"}],"version-history":[{"count":2,"href":"https:\/\/www.uv.mx\/prensa\/wp-json\/wp\/v2\/posts\/139952\/revisions"}],"predecessor-version":[{"id":140412,"href":"https:\/\/www.uv.mx\/prensa\/wp-json\/wp\/v2\/posts\/139952\/revisions\/140412"}],"wp:featuredmedia":[{"embeddable":true,"href":"https:\/\/www.uv.mx\/prensa\/wp-json\/wp\/v2\/media\/139953"}],"wp:attachment":[{"href":"https:\/\/www.uv.mx\/prensa\/wp-json\/wp\/v2\/media?parent=139952"}],"wp:term":[{"taxonomy":"category","embeddable":true,"href":"https:\/\/www.uv.mx\/prensa\/wp-json\/wp\/v2\/categories?post=139952"},{"taxonomy":"post_tag","embeddable":true,"href":"https:\/\/www.uv.mx\/prensa\/wp-json\/wp\/v2\/tags?post=139952"}],"curies":[{"name":"wp","href":"https:\/\/api.w.org\/{rel}","templated":true}]}}