{"id":139964,"date":"2024-02-19T20:58:43","date_gmt":"2024-02-20T02:58:43","guid":{"rendered":"https:\/\/www.uv.mx\/prensa\/?p=139964"},"modified":"2024-02-19T20:58:43","modified_gmt":"2024-02-20T02:58:43","slug":"diversidad-genetica-importante-en-la-conservacion-de-especies","status":"publish","type":"post","link":"https:\/\/www.uv.mx\/prensa\/ciencia\/diversidad-genetica-importante-en-la-conservacion-de-especies\/","title":{"rendered":"Diversidad gen\u00e9tica, importante en la conservaci\u00f3n de especies"},"content":{"rendered":"<ul>\n<li data-leveltext=\"\uf0b7\" data-font=\"Symbol\" data-listid=\"1\" data-list-defn-props=\"{&quot;335551671&quot;:0,&quot;335552541&quot;:1,&quot;335559684&quot;:-2,&quot;335559685&quot;:720,&quot;335559991&quot;:360,&quot;469769226&quot;:&quot;Symbol&quot;,&quot;469769242&quot;:[8226],&quot;469777803&quot;:&quot;left&quot;,&quot;469777804&quot;:&quot;\uf0b7&quot;,&quot;469777815&quot;:&quot;hybridMultilevel&quot;}\" data-aria-posinset=\"0\" data-aria-level=\"1\"><i><span data-contrast=\"auto\">La especialista Claudia Moreno particip\u00f3 en el simposio \u201cLa mujer y su contribuci\u00f3n a la ciencia\u201d<\/span><\/i><span data-ccp-props=\"{&quot;201341983&quot;:0,&quot;335559739&quot;:0,&quot;335559740&quot;:240}\">\u00a0<\/span><\/li>\n<li data-leveltext=\"\uf0b7\" data-font=\"Symbol\" data-listid=\"1\" data-list-defn-props=\"{&quot;335551671&quot;:0,&quot;335552541&quot;:1,&quot;335559684&quot;:-2,&quot;335559685&quot;:720,&quot;335559991&quot;:360,&quot;469769226&quot;:&quot;Symbol&quot;,&quot;469769242&quot;:[8226],&quot;469777803&quot;:&quot;left&quot;,&quot;469777804&quot;:&quot;\uf0b7&quot;,&quot;469777815&quot;:&quot;hybridMultilevel&quot;}\" data-aria-posinset=\"0\" data-aria-level=\"1\"><i><span data-contrast=\"auto\">El ejemplo de los murci\u00e9lagos es el m\u00e1s evidente, aunque aplica a la totalidad de especies<\/span><\/i><span data-ccp-props=\"{&quot;201341983&quot;:0,&quot;335559739&quot;:0,&quot;335559740&quot;:240}\">\u00a0<\/span><\/li>\n<\/ul>\n<p><span data-ccp-props=\"{&quot;201341983&quot;:0,&quot;335559739&quot;:0,&quot;335559740&quot;:240}\">\u00a0<\/span><\/p>\n<div id=\"attachment_139937\" style=\"width: 732px\" class=\"wp-caption aligncenter\"><img aria-describedby=\"caption-attachment-139937\" decoding=\"async\" loading=\"lazy\" class=\"size-full wp-image-139937\" src=\"https:\/\/www.uv.mx\/prensa\/files\/2024\/02\/15-02-2024-PACHECO-Mujeres-en-la-ciencia-Foto-1.jpg\" alt=\"\" width=\"722\" height=\"465\" srcset=\"https:\/\/www.uv.mx\/prensa\/files\/2024\/02\/15-02-2024-PACHECO-Mujeres-en-la-ciencia-Foto-1.jpg 722w, https:\/\/www.uv.mx\/prensa\/files\/2024\/02\/15-02-2024-PACHECO-Mujeres-en-la-ciencia-Foto-1-300x193.jpg 300w\" sizes=\"(max-width: 722px) 100vw, 722px\" \/><p id=\"caption-attachment-139937\" class=\"wp-caption-text\">Presentaci\u00f3n de la conferencia de Claudia Elizabeth Moreno Ortega<\/p><\/div>\n<p><span data-ccp-props=\"{&quot;201341983&quot;:0,&quot;335559739&quot;:0,&quot;335559740&quot;:240}\">\u00a0<\/span><\/p>\n<p><b><i><span data-contrast=\"auto\">Jorge V\u00e1zquez Pacheco<\/span><\/i><\/b><span data-ccp-props=\"{&quot;201341983&quot;:0,&quot;335559739&quot;:0,&quot;335559740&quot;:240}\">\u00a0<\/span><\/p>\n<p><b><i><span data-contrast=\"auto\">Fotos: Luis Fernando Fern\u00e1ndez Carrillo<\/span><\/i><\/b><span data-ccp-props=\"{&quot;201341983&quot;:0,&quot;335559739&quot;:0,&quot;335559740&quot;:240}\">\u00a0<\/span><\/p>\n<p><span data-ccp-props=\"{&quot;201341983&quot;:0,&quot;335559739&quot;:0,&quot;335559740&quot;:240}\">\u00a0<\/span><\/p>\n<p><b><i><span data-contrast=\"auto\">19\/02\/2024, Xalapa, Ver.- <\/span><\/i><\/b><span data-contrast=\"auto\">La diversidad biol\u00f3gica incluye la filogen\u00e9tica, particularmente en el caso de los murci\u00e9lagos, cuya cercan\u00eda parental podr\u00eda ser de resultados catastr\u00f3ficos, coment\u00f3 Claudia Elizabeth Moreno Ortega, egresada de la Facultad de Biolog\u00eda de la Universidad Veracruzana (UV), quien ofreci\u00f3 la conferencia \u201cExplorando la diversidad de la vida\u201d como parte del Tercer Simposio \u201cLa mujer y su contribuci\u00f3n en la ciencia\u201d.<\/span><span data-ccp-props=\"{&quot;201341983&quot;:0,&quot;335559739&quot;:0,&quot;335559740&quot;:240}\">\u00a0<\/span><\/p>\n<p><span data-contrast=\"auto\">Doctorada por el Instituto de Ecolog\u00eda, A.C. (<\/span><i><span data-contrast=\"auto\">Inecol<\/span><\/i><span data-contrast=\"auto\">), y profesora investigadora en la Universidad Aut\u00f3noma del Estado de Hidalgo, dijo que ser originaria del pueblo cafetalero de Coatepec marc\u00f3 el rumbo de su vocaci\u00f3n.<\/span><span data-ccp-props=\"{&quot;201341983&quot;:0,&quot;335559739&quot;:0,&quot;335559740&quot;:240}\">\u00a0<\/span><\/p>\n<p><span data-contrast=\"auto\">En Calakmul, Campeche, inici\u00f3 su trabajo con mam\u00edferos, previo a su ingreso al posgrado en Ecolog\u00eda por el <\/span><i><span data-contrast=\"auto\">Inecol<\/span><\/i><span data-contrast=\"auto\">; m\u00e1s adelante se fascin\u00f3 por la biodiversidad de Costa Rica, al tiempo que se documentaba sobre varios temas relacionados con la diversidad biol\u00f3gica de Iberoam\u00e9rica.<\/span><\/p>\n<p>&nbsp;<\/p>\n<div id=\"attachment_139938\" style=\"width: 732px\" class=\"wp-caption aligncenter\"><img aria-describedby=\"caption-attachment-139938\" decoding=\"async\" loading=\"lazy\" class=\"size-full wp-image-139938\" src=\"https:\/\/www.uv.mx\/prensa\/files\/2024\/02\/15-02-2024-PACHECO-Mujeres-en-la-ciencia-Foto-2.jpg\" alt=\"\" width=\"722\" height=\"467\" srcset=\"https:\/\/www.uv.mx\/prensa\/files\/2024\/02\/15-02-2024-PACHECO-Mujeres-en-la-ciencia-Foto-2.jpg 722w, https:\/\/www.uv.mx\/prensa\/files\/2024\/02\/15-02-2024-PACHECO-Mujeres-en-la-ciencia-Foto-2-300x194.jpg 300w\" sizes=\"(max-width: 722px) 100vw, 722px\" \/><p id=\"caption-attachment-139938\" class=\"wp-caption-text\">Esquemas de la diversidad entre los murci\u00e9lagos<\/p><\/div>\n<p>&nbsp;<\/p>\n<p><span data-contrast=\"auto\">Su acercamiento a Gonzalo Halffter fue vital, \u201ces la persona que m\u00e1s influy\u00f3 en mi vida\u201d, en una colaboraci\u00f3n de muchos a\u00f1os y amistad profunda. Su tesis sobre murci\u00e9lagos le llev\u00f3 dos a\u00f1os de trabajo de campo, y fue el propio Halffter quien le sugiri\u00f3 que sus apuntes sobre los quir\u00f3pteros los convirtiera en un manual que inicialmente fue publicado por la UV y despu\u00e9s por la Sociedad Entomol\u00f3gica Aragonesa de Espa\u00f1a.<\/span><span data-ccp-props=\"{&quot;201341983&quot;:0,&quot;335559731&quot;:708,&quot;335559739&quot;:0,&quot;335559740&quot;:240}\">\u00a0<\/span><\/p>\n<p><span data-contrast=\"auto\">En enero del a\u00f1o 2000 ingres\u00f3 al Sistema Nacional de Investigadores del entonces Consejo Nacional de Ciencia y Tecnolog\u00eda (<\/span><i><span data-contrast=\"auto\">Conacyt<\/span><\/i><span data-contrast=\"auto\">), y posteriormente fue contratada por la Universidad Aut\u00f3noma del Estado de Hidalgo, para desempe\u00f1arse en el Centro de Investigaciones Biol\u00f3gicas.<\/span><span data-ccp-props=\"{&quot;201341983&quot;:0,&quot;335559731&quot;:708,&quot;335559739&quot;:0,&quot;335559740&quot;:240}\">\u00a0<\/span><\/p>\n<p><span data-contrast=\"auto\">Sobre los murci\u00e9lagos, Moreno Ortega mencion\u00f3 su diversidad taxon\u00f3mica, su dieta relacionada con muchos de los servicios ecosist\u00e9micos, adem\u00e1s de evitar que en una localidad haya espec\u00edmenes cercanos emparentados. \u201cUn cambio ambiental o una enfermedad puede ser de resultados mort\u00edferos\u201d, recalc\u00f3.<\/span><\/p>\n<p>&nbsp;<\/p>\n<div id=\"attachment_139939\" style=\"width: 732px\" class=\"wp-caption aligncenter\"><img aria-describedby=\"caption-attachment-139939\" decoding=\"async\" loading=\"lazy\" class=\"size-full wp-image-139939\" src=\"https:\/\/www.uv.mx\/prensa\/files\/2024\/02\/15-02-2024-PACHECO-Mujeres-en-la-ciencia-Foto-3.jpg\" alt=\"\" width=\"722\" height=\"450\" srcset=\"https:\/\/www.uv.mx\/prensa\/files\/2024\/02\/15-02-2024-PACHECO-Mujeres-en-la-ciencia-Foto-3.jpg 722w, https:\/\/www.uv.mx\/prensa\/files\/2024\/02\/15-02-2024-PACHECO-Mujeres-en-la-ciencia-Foto-3-300x187.jpg 300w, https:\/\/www.uv.mx\/prensa\/files\/2024\/02\/15-02-2024-PACHECO-Mujeres-en-la-ciencia-Foto-3-200x125.jpg 200w\" sizes=\"(max-width: 722px) 100vw, 722px\" \/><p id=\"caption-attachment-139939\" class=\"wp-caption-text\">En su conferencia abord\u00f3 la diversidad ecol\u00f3gica y taxon\u00f3mica<\/p><\/div>\n<p>&nbsp;<\/p>\n<p><span data-contrast=\"auto\">La diversidad parental \u201ces como un seguro de vida para la diversidad biol\u00f3gica y para que nosotros establezcamos ambientes y lugares donde podamos convivir saludablemente\u201d.<\/span><span data-ccp-props=\"{&quot;201341983&quot;:0,&quot;335559731&quot;:708,&quot;335559739&quot;:0,&quot;335559740&quot;:240}\">\u00a0<\/span><\/p>\n<p><span data-contrast=\"auto\">M\u00e1s adelante Melina Maribel Ojeda Chi, acad\u00e9mica en la Facultad de Medicina Veterinaria y Zootecnia de la Universidad Aut\u00f3noma de Yucat\u00e1n, habl\u00f3 de \u201cMujeres valiosas en las ciencias agropecuarias\u201d y deposit\u00f3 especial atenci\u00f3n en el amor hacia los animales como elemento b\u00e1sico en los prop\u00f3sitos de cuidado y conservaci\u00f3n.<\/span><span data-ccp-props=\"{&quot;201341983&quot;:0,&quot;335559731&quot;:708,&quot;335559739&quot;:0,&quot;335559740&quot;:240}\">\u00a0<\/span><\/p>\n","protected":false},"excerpt":{"rendered":"<p>Claudia Moreno Ortega dedic\u00f3 su tesis al estudio de murci\u00e9lagos, la cual se convirti\u00f3 en un manual editado por la UV y la Sociedad Entomol\u00f3gica Aragonesa de Espa\u00f1a\u00a0<\/p>\n","protected":false},"author":2349,"featured_media":139936,"comment_status":"closed","ping_status":"closed","sticky":false,"template":"","format":"standard","meta":[],"categories":[45,61,6299],"tags":[6809,2943,543,147,2038,4158,6592,5314,15741,9878,7679,15740,1571],"_links":{"self":[{"href":"https:\/\/www.uv.mx\/prensa\/wp-json\/wp\/v2\/posts\/139964"}],"collection":[{"href":"https:\/\/www.uv.mx\/prensa\/wp-json\/wp\/v2\/posts"}],"about":[{"href":"https:\/\/www.uv.mx\/prensa\/wp-json\/wp\/v2\/types\/post"}],"author":[{"embeddable":true,"href":"https:\/\/www.uv.mx\/prensa\/wp-json\/wp\/v2\/users\/2349"}],"replies":[{"embeddable":true,"href":"https:\/\/www.uv.mx\/prensa\/wp-json\/wp\/v2\/comments?post=139964"}],"version-history":[{"count":1,"href":"https:\/\/www.uv.mx\/prensa\/wp-json\/wp\/v2\/posts\/139964\/revisions"}],"predecessor-version":[{"id":139965,"href":"https:\/\/www.uv.mx\/prensa\/wp-json\/wp\/v2\/posts\/139964\/revisions\/139965"}],"wp:featuredmedia":[{"embeddable":true,"href":"https:\/\/www.uv.mx\/prensa\/wp-json\/wp\/v2\/media\/139936"}],"wp:attachment":[{"href":"https:\/\/www.uv.mx\/prensa\/wp-json\/wp\/v2\/media?parent=139964"}],"wp:term":[{"taxonomy":"category","embeddable":true,"href":"https:\/\/www.uv.mx\/prensa\/wp-json\/wp\/v2\/categories?post=139964"},{"taxonomy":"post_tag","embeddable":true,"href":"https:\/\/www.uv.mx\/prensa\/wp-json\/wp\/v2\/tags?post=139964"}],"curies":[{"name":"wp","href":"https:\/\/api.w.org\/{rel}","templated":true}]}}