{"id":139982,"date":"2024-02-20T15:30:34","date_gmt":"2024-02-20T21:30:34","guid":{"rendered":"https:\/\/www.uv.mx\/prensa\/?p=139982"},"modified":"2024-02-20T15:30:34","modified_gmt":"2024-02-20T21:30:34","slug":"vainilla-pompona-puede-proteger-a-la-especie-planifolia","status":"publish","type":"post","link":"https:\/\/www.uv.mx\/prensa\/banner\/vainilla-pompona-puede-proteger-a-la-especie-planifolia\/","title":{"rendered":"Vainilla pompona puede proteger a la especie planifolia"},"content":{"rendered":"<ul>\n<li data-leveltext=\"\uf0b7\" data-font=\"Symbol\" data-listid=\"1\" data-list-defn-props=\"{&quot;335552541&quot;:1,&quot;335559684&quot;:-2,&quot;335559685&quot;:720,&quot;335559991&quot;:360,&quot;469769226&quot;:&quot;Symbol&quot;,&quot;469769242&quot;:[8226],&quot;469777803&quot;:&quot;left&quot;,&quot;469777804&quot;:&quot;\uf0b7&quot;,&quot;469777815&quot;:&quot;hybridMultilevel&quot;}\" data-aria-posinset=\"1\" data-aria-level=\"1\"><i><span data-contrast=\"auto\">Es m\u00e1s resistente a la sequ\u00eda y al hongo fusarium, que puede ocasionar la p\u00e9rdida total de la planta, plante\u00f3 Rafael Grajeda, alumno de la Universidad de Guadalajara<\/span><\/i><span data-ccp-props=\"{}\">\u00a0<\/span><\/li>\n<li data-leveltext=\"\uf0b7\" data-font=\"Symbol\" data-listid=\"1\" data-list-defn-props=\"{&quot;335552541&quot;:1,&quot;335559684&quot;:-2,&quot;335559685&quot;:720,&quot;335559991&quot;:360,&quot;469769226&quot;:&quot;Symbol&quot;,&quot;469769242&quot;:[8226],&quot;469777803&quot;:&quot;left&quot;,&quot;469777804&quot;:&quot;\uf0b7&quot;,&quot;469777815&quot;:&quot;hybridMultilevel&quot;}\" data-aria-posinset=\"2\" data-aria-level=\"1\"><i><span data-contrast=\"auto\">El estudiante realiza movilidad estudiantil y de investigaci\u00f3n en el Orquidario de la UV<\/span><\/i><span data-ccp-props=\"{}\">\u00a0<\/span><\/li>\n<\/ul>\n<p><span data-ccp-props=\"{}\">\u00a0<\/span><\/p>\n<div id=\"attachment_139888\" style=\"width: 491px\" class=\"wp-caption aligncenter\"><img aria-describedby=\"caption-attachment-139888\" decoding=\"async\" loading=\"lazy\" class=\"size-full wp-image-139888\" src=\"https:\/\/www.uv.mx\/prensa\/files\/2024\/02\/160224-PAOLA-Estancia-Orquidario-1-ok.jpg\" alt=\"\" width=\"481\" height=\"641\" srcset=\"https:\/\/www.uv.mx\/prensa\/files\/2024\/02\/160224-PAOLA-Estancia-Orquidario-1-ok.jpg 481w, https:\/\/www.uv.mx\/prensa\/files\/2024\/02\/160224-PAOLA-Estancia-Orquidario-1-ok-225x300.jpg 225w\" sizes=\"(max-width: 481px) 100vw, 481px\" \/><p id=\"caption-attachment-139888\" class=\"wp-caption-text\">Rafael Grajeda, estudiante de posgrado de la Universidad de Guadalajara en movilidad con la UV<\/p><\/div>\n<p><span data-ccp-props=\"{}\">\u00a0<\/span><\/p>\n<p><b><i><span data-contrast=\"auto\">Redacci\u00f3n Universo<\/span><\/i><\/b><span data-ccp-props=\"{&quot;134233117&quot;:false,&quot;134233118&quot;:false,&quot;201341983&quot;:0,&quot;335551550&quot;:1,&quot;335551620&quot;:1,&quot;335559685&quot;:0,&quot;335559737&quot;:0,&quot;335559738&quot;:0,&quot;335559739&quot;:0,&quot;335559740&quot;:259}\">\u00a0<\/span><\/p>\n<p><b><i><span data-contrast=\"auto\">Fotos: Cortes\u00eda Orquidario UV<\/span><\/i><\/b><span data-ccp-props=\"{}\">\u00a0<\/span><\/p>\n<p><b><i><span data-contrast=\"auto\">20\/02\/2024, Xalapa, Ver.-<\/span><\/i><\/b><span data-contrast=\"auto\"> La producci\u00f3n de vainilla pompona puede ayudar a proteger la especie de vainilla planifolia, la de mayor tradici\u00f3n en Veracruz y que es afectada por el cambio clim\u00e1tico, coment\u00f3 Rafael Grajeda Estrada, estudiante de la Universidad de Guadalajara, quien realiza una movilidad estudiantil y de investigaci\u00f3n en el Orquidario de la Universidad Veracruzana (UV).<\/span><span data-ccp-props=\"{}\">\u00a0<\/span><\/p>\n<p><span data-contrast=\"auto\">Su proyecto intitulado \u201cCaracterizaci\u00f3n del cultivo, manejo y aprovechamiento de vainilla pompona en Veracruz\u201d, lo ha llevado a realizar una movilidad en dicha entidad acad\u00e9mica para contribuir a la conservaci\u00f3n de esta orqu\u00eddea.<\/span><span data-ccp-props=\"{&quot;335559731&quot;:708}\">\u00a0<\/span><\/p>\n<p><span data-contrast=\"auto\">Es originario de Guatemala, bi\u00f3logo de profesi\u00f3n y \u00e9sta es la primera de las tres estancias que har\u00e1 a lo largo de 2024; se siente contento de poder realizarla en M\u00e9xico y en Veracruz, lugar de origen de la vainilla.<\/span><span data-ccp-props=\"{&quot;335559731&quot;:708}\">\u00a0<\/span><\/p>\n<p><span data-contrast=\"auto\">La investigaci\u00f3n la desarrolla con productores del estado, espec\u00edficamente de las localidades San Rafael, Mesa de Guadalupe y Chichicaxtle; su finalidad es explorar las diversas categor\u00edas de manejo, por lo que espera que su tesis retribuya al conocimiento de las comunidades.<\/span><span data-ccp-props=\"{&quot;335559731&quot;:708}\">\u00a0<\/span><\/p>\n<p><span data-contrast=\"auto\">El joven estudiante coment\u00f3 que la vainilla pompona no es end\u00e9mica y es de amplia distribuci\u00f3n (desde M\u00e9xico hasta el Amazonas); sin embargo, es una especie con mayor resistencia a la sequ\u00eda y al hongo fusarium, el cual produce clorosis en hojas y pudrici\u00f3n de la ra\u00edz y el tallo, al grado de ocasionar la p\u00e9rdida total de la planta.<\/span><\/p>\n<p>&nbsp;<\/p>\n<div id=\"attachment_139889\" style=\"width: 491px\" class=\"wp-caption aligncenter\"><img aria-describedby=\"caption-attachment-139889\" decoding=\"async\" loading=\"lazy\" class=\"size-full wp-image-139889\" src=\"https:\/\/www.uv.mx\/prensa\/files\/2024\/02\/160224-PAOLA-Estancia-Orquidario-2-ok.jpg\" alt=\"\" width=\"481\" height=\"673\" srcset=\"https:\/\/www.uv.mx\/prensa\/files\/2024\/02\/160224-PAOLA-Estancia-Orquidario-2-ok.jpg 481w, https:\/\/www.uv.mx\/prensa\/files\/2024\/02\/160224-PAOLA-Estancia-Orquidario-2-ok-214x300.jpg 214w\" sizes=\"(max-width: 481px) 100vw, 481px\" \/><p id=\"caption-attachment-139889\" class=\"wp-caption-text\">La producci\u00f3n de vainilla pompona puede proteger a la vainilla planifolia<\/p><\/div>\n<p>&nbsp;<\/p>\n<p><span data-contrast=\"auto\">Por lo tanto, subray\u00f3 que la producci\u00f3n de vainilla pompona podr\u00eda ayudar a proteger a la vainilla planifolia, que es la de mayor tradici\u00f3n en Veracruz y se ha visto afectada por el cambio clim\u00e1tico.<\/span><span data-ccp-props=\"{&quot;335559731&quot;:708}\">\u00a0<\/span><\/p>\n<p><span data-contrast=\"auto\">Adem\u00e1s de hacer su investigaci\u00f3n, Rafael Grajeda lleva a cabo actividades dentro del Orquidario de esta casa de estudios, como una manera de apoyar a la instituci\u00f3n de educaci\u00f3n superior que lo recibe para ampliar su proceso formativo.<\/span><span data-ccp-props=\"{&quot;335559731&quot;:708}\">\u00a0<\/span><\/p>\n<p><span data-contrast=\"auto\">La estancia y la investigaci\u00f3n son asesoradas por Rebeca Menchaca Garc\u00eda, investigadora adscrita al <\/span><i><span data-contrast=\"auto\">Citro<\/span><\/i><span data-contrast=\"auto\">, y Miguel \u00c1ngel Lozano Rodr\u00edguez, estudiante del Doctorado en Ciencias Agropecuarias de la UV.<\/span><span data-ccp-props=\"{&quot;335559731&quot;:708}\">\u00a0<\/span><\/p>\n","protected":false},"excerpt":{"rendered":"<p>Rafael Grajeda hace movilidad en la Universidad Veracruzana investigando la conservaci\u00f3n de dos especies\u00a0\u00a0<\/p>\n","protected":false},"author":2349,"featured_media":139890,"comment_status":"closed","ping_status":"closed","sticky":false,"template":"","format":"standard","meta":[],"categories":[15423,8454,61,6299],"tags":[10153,733,15744,9217,11397,10780,3332,3830,15745,15743,4743,15742,786,1990,15746,15747],"_links":{"self":[{"href":"https:\/\/www.uv.mx\/prensa\/wp-json\/wp\/v2\/posts\/139982"}],"collection":[{"href":"https:\/\/www.uv.mx\/prensa\/wp-json\/wp\/v2\/posts"}],"about":[{"href":"https:\/\/www.uv.mx\/prensa\/wp-json\/wp\/v2\/types\/post"}],"author":[{"embeddable":true,"href":"https:\/\/www.uv.mx\/prensa\/wp-json\/wp\/v2\/users\/2349"}],"replies":[{"embeddable":true,"href":"https:\/\/www.uv.mx\/prensa\/wp-json\/wp\/v2\/comments?post=139982"}],"version-history":[{"count":1,"href":"https:\/\/www.uv.mx\/prensa\/wp-json\/wp\/v2\/posts\/139982\/revisions"}],"predecessor-version":[{"id":139983,"href":"https:\/\/www.uv.mx\/prensa\/wp-json\/wp\/v2\/posts\/139982\/revisions\/139983"}],"wp:featuredmedia":[{"embeddable":true,"href":"https:\/\/www.uv.mx\/prensa\/wp-json\/wp\/v2\/media\/139890"}],"wp:attachment":[{"href":"https:\/\/www.uv.mx\/prensa\/wp-json\/wp\/v2\/media?parent=139982"}],"wp:term":[{"taxonomy":"category","embeddable":true,"href":"https:\/\/www.uv.mx\/prensa\/wp-json\/wp\/v2\/categories?post=139982"},{"taxonomy":"post_tag","embeddable":true,"href":"https:\/\/www.uv.mx\/prensa\/wp-json\/wp\/v2\/tags?post=139982"}],"curies":[{"name":"wp","href":"https:\/\/api.w.org\/{rel}","templated":true}]}}