{"id":139987,"date":"2024-02-20T19:02:19","date_gmt":"2024-02-21T01:02:19","guid":{"rendered":"https:\/\/www.uv.mx\/prensa\/?p=139987"},"modified":"2024-02-20T19:29:51","modified_gmt":"2024-02-21T01:29:51","slug":"doctorando-en-ia-disena-algoritmo-para-segmentar-imagenes-medicas","status":"publish","type":"post","link":"https:\/\/www.uv.mx\/prensa\/tecnologia\/doctorando-en-ia-disena-algoritmo-para-segmentar-imagenes-medicas\/","title":{"rendered":"Doctorando en IA dise\u00f1a algoritmo para segmentar im\u00e1genes m\u00e9dicas"},"content":{"rendered":"<ul>\n<li data-leveltext=\"\uf0b7\" data-font=\"Symbol\" data-listid=\"1\" data-list-defn-props=\"{&quot;335551671&quot;:2024,&quot;335552541&quot;:1,&quot;335559684&quot;:-2,&quot;335559685&quot;:720,&quot;335559991&quot;:360,&quot;469769226&quot;:&quot;Symbol&quot;,&quot;469769242&quot;:[8226],&quot;469777803&quot;:&quot;left&quot;,&quot;469777804&quot;:&quot;\uf0b7&quot;,&quot;469777815&quot;:&quot;hybridMultilevel&quot;}\" data-aria-posinset=\"2024\" data-aria-level=\"1\"><i><span data-contrast=\"auto\">Jos\u00e9 Antonio Fuentes Tom\u00e1s propone delimitar la zona de pixeles correspondientes a la placenta, a fin de extraer informaci\u00f3n de ella<\/span><\/i><span data-ccp-props=\"{&quot;134233117&quot;:false,&quot;134233118&quot;:false,&quot;201341983&quot;:0,&quot;335557856&quot;:16777215,&quot;335559738&quot;:0,&quot;335559739&quot;:0,&quot;335559740&quot;:240}\">\u00a0<\/span><\/li>\n<li data-leveltext=\"\uf0b7\" data-font=\"Symbol\" data-listid=\"1\" data-list-defn-props=\"{&quot;335551671&quot;:2024,&quot;335552541&quot;:1,&quot;335559684&quot;:-2,&quot;335559685&quot;:720,&quot;335559991&quot;:360,&quot;469769226&quot;:&quot;Symbol&quot;,&quot;469769242&quot;:[8226],&quot;469777803&quot;:&quot;left&quot;,&quot;469777804&quot;:&quot;\uf0b7&quot;,&quot;469777815&quot;:&quot;hybridMultilevel&quot;}\" data-aria-posinset=\"2024\" data-aria-level=\"1\"><i><span data-contrast=\"auto\">Su trabajo atrajo la atenci\u00f3n de la revista <\/span><\/i><span data-contrast=\"auto\">IEEE Transactions on Evolutionary Computation<\/span><i><span data-contrast=\"auto\">, que le public\u00f3 un art\u00edculo<\/span><\/i><span data-ccp-props=\"{&quot;134233117&quot;:false,&quot;134233118&quot;:false,&quot;201341983&quot;:0,&quot;335557856&quot;:16777215,&quot;335559738&quot;:0,&quot;335559739&quot;:0,&quot;335559740&quot;:240}\">\u00a0<\/span><\/li>\n<\/ul>\n<p><span data-ccp-props=\"{&quot;134233117&quot;:false,&quot;134233118&quot;:false,&quot;201341983&quot;:0,&quot;335557856&quot;:16777215,&quot;335559738&quot;:0,&quot;335559739&quot;:0,&quot;335559740&quot;:240}\">\u00a0<\/span><\/p>\n<div id=\"attachment_139873\" style=\"width: 732px\" class=\"wp-caption aligncenter\"><img aria-describedby=\"caption-attachment-139873\" decoding=\"async\" loading=\"lazy\" class=\"size-full wp-image-139873\" src=\"https:\/\/www.uv.mx\/prensa\/files\/2024\/02\/140224-COUTTOLENC-Algoritmos-ima\u0301genes-me\u0301dicas-1-100k.jpg\" alt=\"\" width=\"722\" height=\"482\" srcset=\"https:\/\/www.uv.mx\/prensa\/files\/2024\/02\/140224-COUTTOLENC-Algoritmos-ima\u0301genes-me\u0301dicas-1-100k.jpg 722w, https:\/\/www.uv.mx\/prensa\/files\/2024\/02\/140224-COUTTOLENC-Algoritmos-ima\u0301genes-me\u0301dicas-1-100k-300x200.jpg 300w\" sizes=\"(max-width: 722px) 100vw, 722px\" \/><p id=\"caption-attachment-139873\" class=\"wp-caption-text\">Jos\u00e9 Antonio Fuentes Tom\u00e1s trabaja en el dise\u00f1o de un algoritmo que permita la segmentaci\u00f3n de im\u00e1genes m\u00e9dicas<\/p><\/div>\n<p><span data-ccp-props=\"{&quot;134233117&quot;:false,&quot;134233118&quot;:false,&quot;201341983&quot;:0,&quot;335557856&quot;:16777215,&quot;335559738&quot;:0,&quot;335559739&quot;:0,&quot;335559740&quot;:240}\">\u00a0<\/span><\/p>\n<p><b><i><span data-contrast=\"auto\">Jos\u00e9 Luis Couttolenc Soto<\/span><\/i><\/b><span data-ccp-props=\"{&quot;134233117&quot;:false,&quot;134233118&quot;:false,&quot;201341983&quot;:0,&quot;335557856&quot;:16777215,&quot;335559738&quot;:0,&quot;335559739&quot;:0,&quot;335559740&quot;:240}\">\u00a0<\/span><\/p>\n<p><b><i><span data-contrast=\"auto\">Fotos: C\u00e9sar Pisil Ramos y cortes\u00eda Jos\u00e9 A. Fuentes<\/span><\/i><\/b><span data-ccp-props=\"{&quot;134233117&quot;:false,&quot;134233118&quot;:false,&quot;201341983&quot;:0,&quot;335557856&quot;:16777215,&quot;335559738&quot;:0,&quot;335559739&quot;:0,&quot;335559740&quot;:240}\">\u00a0<\/span><\/p>\n<p><span data-ccp-props=\"{&quot;134233117&quot;:false,&quot;134233118&quot;:false,&quot;201341983&quot;:0,&quot;335557856&quot;:16777215,&quot;335559738&quot;:0,&quot;335559739&quot;:0,&quot;335559740&quot;:240}\">\u00a0<\/span><\/p>\n<p><b><i><span data-contrast=\"auto\">20\/02\/2024, Xalapa, Ver.- <\/span><\/i><\/b><span data-contrast=\"auto\">El embarazo es una de las etapas importantes en la vida de una mujer, que requiere de cuidados para evitar enfermedades que representen alg\u00fan riesgo perinatal, por ello Jos\u00e9 Antonio Fuentes Tom\u00e1s, alumno de Doctorado en Inteligencia Artificial (IA) de la Universidad Veracruzana (UV), trabaja en el dise\u00f1o de un algoritmo que permita la segmentaci\u00f3n de im\u00e1genes m\u00e9dicas.<\/span><span data-ccp-props=\"{&quot;134233117&quot;:false,&quot;134233118&quot;:false,&quot;201341983&quot;:0,&quot;335557856&quot;:16777215,&quot;335559738&quot;:0,&quot;335559739&quot;:0,&quot;335559740&quot;:240}\">\u00a0<\/span><\/p>\n<p><span data-contrast=\"auto\">En particular, ha centrado su inter\u00e9s en el \u00f3rgano de la placenta, que provee ox\u00edgeno y nutrientes al beb\u00e9 en gestaci\u00f3n, dado que, con base en algoritmos evolutivos se posibilita la prevenci\u00f3n de anomal\u00edas y ayuda a la toma de decisiones m\u00e9dicas.<\/span><span data-ccp-props=\"{&quot;134233117&quot;:false,&quot;134233118&quot;:false,&quot;201341983&quot;:0,&quot;335557856&quot;:16777215,&quot;335559738&quot;:0,&quot;335559739&quot;:0,&quot;335559740&quot;:240}\">\u00a0<\/span><\/p>\n<p><span data-contrast=\"auto\">Explic\u00f3 que su propuesta implica segmentar la placenta, es decir, delimitar la zona de pixeles correspondientes a ella en una imagen digital, y a trav\u00e9s de este ejercicio extraer informaci\u00f3n sobre sus caracter\u00edsticas, como tama\u00f1o, forma o madurez, relacionado con el porcentaje de calcificaci\u00f3n.<\/span><\/p>\n<p>&nbsp;<\/p>\n<div id=\"attachment_139874\" style=\"width: 499px\" class=\"wp-caption aligncenter\"><img aria-describedby=\"caption-attachment-139874\" decoding=\"async\" loading=\"lazy\" class=\"size-full wp-image-139874\" src=\"https:\/\/www.uv.mx\/prensa\/files\/2024\/02\/140224-COUTTOLENC-Algoritmos-ima\u0301genes-me\u0301dicas-2-100k.jpg\" alt=\"Algoritmos evolutivos posibilitan la prevenci\u00f3n de anomal\u00edas y ayuda a la toma de decisiones m\u00e9dicas\" width=\"489\" height=\"480\" srcset=\"https:\/\/www.uv.mx\/prensa\/files\/2024\/02\/140224-COUTTOLENC-Algoritmos-ima\u0301genes-me\u0301dicas-2-100k.jpg 489w, https:\/\/www.uv.mx\/prensa\/files\/2024\/02\/140224-COUTTOLENC-Algoritmos-ima\u0301genes-me\u0301dicas-2-100k-300x294.jpg 300w\" sizes=\"(max-width: 489px) 100vw, 489px\" \/><p id=\"caption-attachment-139874\" class=\"wp-caption-text\">Algoritmos evolutivos posibilitan la prevenci\u00f3n de anomal\u00edas y ayuda a la toma de decisiones m\u00e9dicas<\/p><\/div>\n<p>&nbsp;<\/p>\n<p><span data-contrast=\"auto\">\u201c\u00c9sta fue una de las motivaciones iniciales de esta investigaci\u00f3n, que pretende ser una base s\u00f3lida para estudios posteriores de esta naturaleza\u201d, argument\u00f3 el estudiante de posgrado.<\/span><span data-ccp-props=\"{&quot;134233117&quot;:false,&quot;134233118&quot;:false,&quot;201341983&quot;:0,&quot;335557856&quot;:16777215,&quot;335559731&quot;:708,&quot;335559738&quot;:0,&quot;335559739&quot;:0,&quot;335559740&quot;:240}\">\u00a0<\/span><\/p>\n<p><span data-contrast=\"auto\">Fuentes Tom\u00e1s precis\u00f3 que en la literatura especializada se ha popularizado el uso de la arquitectura U-Net para tareas de segmentaci\u00f3n de im\u00e1genes; sin embargo, el uso de redes convolucionales requiere un amplio dominio del programa y pudiera no aplicarse en distintos dominios, por lo que se recurre al paradigma de c\u00f3mputo evolutivo de programaci\u00f3n gen\u00e9tica para obtener un desempe\u00f1o de segmentaci\u00f3n similar al de U-Net con una complejidad menor en t\u00e9rminos del \u00edndice de Dice y el n\u00famero de par\u00e1metros.<\/span><span data-ccp-props=\"{&quot;134233117&quot;:false,&quot;134233118&quot;:false,&quot;201341983&quot;:0,&quot;335557856&quot;:16777215,&quot;335559738&quot;:0,&quot;335559739&quot;:0,&quot;335559740&quot;:240}\">\u00a0<\/span><\/p>\n<p><span data-contrast=\"auto\">Los resultados de su investigaci\u00f3n muestran que el algoritmo permite reducir el n\u00famero de par\u00e1metros de U-Net, que oscila entre el 80 y el 98 %; adem\u00e1s, el desempe\u00f1o de segmentaci\u00f3n alcanza un nivel competitivo en comparaci\u00f3n con U-Net con una diferencia de 0.012 unidades en el \u00edndice de Dice, al no usar los datos de placentas y de 0.043 unidades al considerar un segundo conjunto de datos.<\/span><\/p>\n<p>&nbsp;<\/p>\n<div id=\"attachment_139875\" style=\"width: 366px\" class=\"wp-caption aligncenter\"><img aria-describedby=\"caption-attachment-139875\" decoding=\"async\" loading=\"lazy\" class=\"size-full wp-image-139875\" src=\"https:\/\/www.uv.mx\/prensa\/files\/2024\/02\/140224-COUTTOLENC-Algoritmos-ima\u0301genes-me\u0301dicas-3-100k.jpg\" alt=\"En la literatura se ha popularizado el uso de la arquitectura U-Net para tareas de segmentaci\u00f3n de im\u00e1genes\" width=\"356\" height=\"480\" srcset=\"https:\/\/www.uv.mx\/prensa\/files\/2024\/02\/140224-COUTTOLENC-Algoritmos-ima\u0301genes-me\u0301dicas-3-100k.jpg 356w, https:\/\/www.uv.mx\/prensa\/files\/2024\/02\/140224-COUTTOLENC-Algoritmos-ima\u0301genes-me\u0301dicas-3-100k-223x300.jpg 223w\" sizes=\"(max-width: 356px) 100vw, 356px\" \/><p id=\"caption-attachment-139875\" class=\"wp-caption-text\">En la literatura se ha popularizado el uso de la arquitectura U-Net para tareas de segmentaci\u00f3n de im\u00e1genes<\/p><\/div>\n<p><span data-ccp-props=\"{&quot;134233117&quot;:false,&quot;134233118&quot;:false,&quot;201341983&quot;:0,&quot;335557856&quot;:16777215,&quot;335559738&quot;:0,&quot;335559739&quot;:0,&quot;335559740&quot;:240}\">\u00a0<\/span><\/p>\n<p><span data-contrast=\"auto\">El estudio de Jos\u00e9 Antonio Fuentes Tom\u00e1s despert\u00f3 el inter\u00e9s de varias prestigiadas revistas cient\u00edficas como <\/span><i><span data-contrast=\"auto\">IEEE Transactions on Evolutionary Computation<\/span><\/i><span data-contrast=\"auto\">, que public\u00f3 el art\u00edculo \u201cCodificaci\u00f3n basada en \u00e1rboles en la b\u00fasqueda de arquitectura neuronal para la segmentaci\u00f3n de im\u00e1genes m\u00e9dicas\u201d, que es coautor\u00eda de Fuentes Tom\u00e1s y sus directores de tesis Efr\u00e9n Mezura Montes y H\u00e9ctor Gabriel Acosta Mesa, del Instituto de Investigaciones en Inteligencia Artificial (IIIA) de la UV, y cont\u00f3 con la colaboraci\u00f3n de Aldo M\u00e1rquez Grajales.<\/span><span data-ccp-props=\"{&quot;134233117&quot;:false,&quot;134233118&quot;:false,&quot;201341983&quot;:0,&quot;335557856&quot;:16777215,&quot;335559738&quot;:0,&quot;335559739&quot;:0,&quot;335559740&quot;:240}\">\u00a0<\/span><\/p>\n<p><span data-contrast=\"auto\">La publicaci\u00f3n corresponde a un n\u00famero especial, con factor de impacto de 14.3, y actualmente es considerada como la revista n\u00famero cuatro en la categor\u00eda \u201cCiencias de la computaci\u00f3n, teor\u00eda y m\u00e9todos\u201d, y la n\u00famero seis en la categor\u00eda \u201cCiencias de la computaci\u00f3n, inteligencia artificial\u201d.<\/span><span data-ccp-props=\"{&quot;134233117&quot;:false,&quot;134233118&quot;:false,&quot;201341983&quot;:0,&quot;335557856&quot;:16777215,&quot;335559738&quot;:0,&quot;335559739&quot;:0,&quot;335559740&quot;:240}\">\u00a0<\/span><\/p>\n","protected":false},"excerpt":{"rendered":"<p>Jos\u00e9 Antonio Fuentes enfoca su investigaci\u00f3n en la placenta; el monitoreo propuesto prevendr\u00eda anomal\u00edas y ayudar\u00eda en la toma de decisiones m\u00e9dicas\u00a0<\/p>\n","protected":false},"author":2349,"featured_media":139876,"comment_status":"closed","ping_status":"closed","sticky":false,"template":"","format":"standard","meta":[],"categories":[15423,61,51],"tags":[12755,15749,15750,6263,10947,8326,5951,15748,3428,15752,9799,3706,4162,15751,83,4916,15753,1251,78],"_links":{"self":[{"href":"https:\/\/www.uv.mx\/prensa\/wp-json\/wp\/v2\/posts\/139987"}],"collection":[{"href":"https:\/\/www.uv.mx\/prensa\/wp-json\/wp\/v2\/posts"}],"about":[{"href":"https:\/\/www.uv.mx\/prensa\/wp-json\/wp\/v2\/types\/post"}],"author":[{"embeddable":true,"href":"https:\/\/www.uv.mx\/prensa\/wp-json\/wp\/v2\/users\/2349"}],"replies":[{"embeddable":true,"href":"https:\/\/www.uv.mx\/prensa\/wp-json\/wp\/v2\/comments?post=139987"}],"version-history":[{"count":1,"href":"https:\/\/www.uv.mx\/prensa\/wp-json\/wp\/v2\/posts\/139987\/revisions"}],"predecessor-version":[{"id":139988,"href":"https:\/\/www.uv.mx\/prensa\/wp-json\/wp\/v2\/posts\/139987\/revisions\/139988"}],"wp:featuredmedia":[{"embeddable":true,"href":"https:\/\/www.uv.mx\/prensa\/wp-json\/wp\/v2\/media\/139876"}],"wp:attachment":[{"href":"https:\/\/www.uv.mx\/prensa\/wp-json\/wp\/v2\/media?parent=139987"}],"wp:term":[{"taxonomy":"category","embeddable":true,"href":"https:\/\/www.uv.mx\/prensa\/wp-json\/wp\/v2\/categories?post=139987"},{"taxonomy":"post_tag","embeddable":true,"href":"https:\/\/www.uv.mx\/prensa\/wp-json\/wp\/v2\/tags?post=139987"}],"curies":[{"name":"wp","href":"https:\/\/api.w.org\/{rel}","templated":true}]}}