{"id":140268,"date":"2024-02-26T20:16:07","date_gmt":"2024-02-27T02:16:07","guid":{"rendered":"https:\/\/www.uv.mx\/prensa\/?p=140268"},"modified":"2024-02-26T20:16:07","modified_gmt":"2024-02-27T02:16:07","slug":"empatia-crucial-en-atencion-a-desaparicion-de-personas-psicologos","status":"publish","type":"post","link":"https:\/\/www.uv.mx\/prensa\/banner\/empatia-crucial-en-atencion-a-desaparicion-de-personas-psicologos\/","title":{"rendered":"Empat\u00eda, crucial en atenci\u00f3n a desaparici\u00f3n de personas: psic\u00f3logos"},"content":{"rendered":"<ul>\n<li data-leveltext=\"\uf0b7\" data-font=\"Symbol\" data-listid=\"2\" data-list-defn-props=\"{&quot;335552541&quot;:1,&quot;335559684&quot;:-2,&quot;335559685&quot;:720,&quot;335559991&quot;:360,&quot;469769226&quot;:&quot;Symbol&quot;,&quot;469769242&quot;:[8226],&quot;469777803&quot;:&quot;left&quot;,&quot;469777804&quot;:&quot;\uf0b7&quot;,&quot;469777815&quot;:&quot;hybridMultilevel&quot;}\" data-aria-posinset=\"1\" data-aria-level=\"1\"><i><span data-contrast=\"auto\">La Facultad de Psicolog\u00eda de la UV alberg\u00f3 conversatorio en el que se trat\u00f3 el escenario al que se enfrentan los profesionales de la salud en este campo<\/span><\/i><span data-ccp-props=\"{&quot;134233117&quot;:false,&quot;134233118&quot;:false,&quot;201341983&quot;:0,&quot;335559738&quot;:0,&quot;335559739&quot;:0,&quot;335559740&quot;:240}\">\u00a0<\/span><\/li>\n<li data-leveltext=\"\uf0b7\" data-font=\"Symbol\" data-listid=\"2\" data-list-defn-props=\"{&quot;335552541&quot;:1,&quot;335559684&quot;:-2,&quot;335559685&quot;:720,&quot;335559991&quot;:360,&quot;469769226&quot;:&quot;Symbol&quot;,&quot;469769242&quot;:[8226],&quot;469777803&quot;:&quot;left&quot;,&quot;469777804&quot;:&quot;\uf0b7&quot;,&quot;469777815&quot;:&quot;hybridMultilevel&quot;}\" data-aria-posinset=\"2\" data-aria-level=\"1\"><i><span data-contrast=\"auto\">La desaparici\u00f3n es un tipo de violencia multifactorial que demanda el acompa\u00f1amiento a las v\u00edctimas, coincidieron<\/span><\/i><span data-ccp-props=\"{&quot;134233117&quot;:false,&quot;134233118&quot;:false,&quot;201341983&quot;:0,&quot;335559738&quot;:0,&quot;335559739&quot;:0,&quot;335559740&quot;:240}\">\u00a0<\/span><\/li>\n<\/ul>\n<p><span data-ccp-props=\"{&quot;134233117&quot;:false,&quot;134233118&quot;:false,&quot;201341983&quot;:0,&quot;335559738&quot;:0,&quot;335559739&quot;:0,&quot;335559740&quot;:240}\">\u00a0<\/span><\/p>\n<div id=\"attachment_140125\" style=\"width: 732px\" class=\"wp-caption aligncenter\"><img aria-describedby=\"caption-attachment-140125\" decoding=\"async\" loading=\"lazy\" class=\"size-full wp-image-140125\" src=\"https:\/\/www.uv.mx\/prensa\/files\/2024\/02\/10224-DAVID-Conversatorio-La-psicologia-aportes-desaparicion-1-100k.jpg\" alt=\"\" width=\"722\" height=\"480\" srcset=\"https:\/\/www.uv.mx\/prensa\/files\/2024\/02\/10224-DAVID-Conversatorio-La-psicologia-aportes-desaparicion-1-100k.jpg 722w, https:\/\/www.uv.mx\/prensa\/files\/2024\/02\/10224-DAVID-Conversatorio-La-psicologia-aportes-desaparicion-1-100k-300x199.jpg 300w\" sizes=\"(max-width: 722px) 100vw, 722px\" \/><p id=\"caption-attachment-140125\" class=\"wp-caption-text\">Daniela Montenegro, Andrea Calder\u00f3n, Berenice Maqueo, Patricia Zamudio y Pedro Lobato Cruz, participantes del conversatorio<\/p><\/div>\n<p><span data-ccp-props=\"{&quot;134233117&quot;:false,&quot;134233118&quot;:false,&quot;201341983&quot;:0,&quot;335559738&quot;:0,&quot;335559739&quot;:0,&quot;335559740&quot;:240}\">\u00a0<\/span><\/p>\n<p><b><i><span data-contrast=\"auto\">David Sandoval Rodr\u00edguez<\/span><\/i><\/b><span data-ccp-props=\"{&quot;134233117&quot;:false,&quot;134233118&quot;:false,&quot;201341983&quot;:0,&quot;335559738&quot;:0,&quot;335559739&quot;:0,&quot;335559740&quot;:240}\">\u00a0<\/span><\/p>\n<p><b><i><span data-contrast=\"auto\">Fotos: Omar Portilla Palacios<\/span><\/i><\/b><span data-ccp-props=\"{&quot;134233117&quot;:false,&quot;134233118&quot;:false,&quot;201341983&quot;:0,&quot;335559738&quot;:0,&quot;335559739&quot;:0,&quot;335559740&quot;:240}\">\u00a0<\/span><\/p>\n<p><span data-ccp-props=\"{&quot;134233117&quot;:false,&quot;134233118&quot;:false,&quot;201341983&quot;:0,&quot;335559738&quot;:0,&quot;335559739&quot;:0,&quot;335559740&quot;:240}\">\u00a0<\/span><\/p>\n<p><b><i><span data-contrast=\"auto\">26\/02\/2024, Xalapa, Ver.-<\/span><\/i><\/b><span data-contrast=\"auto\"> El acompa\u00f1amiento que pueden brindar los psic\u00f3logos a quienes enfrentan la desaparici\u00f3n de una persona radica en la empat\u00eda hacia las v\u00edctimas y quienes les buscan, para ello deben establecer por principio una l\u00ednea clara para evitar la identificaci\u00f3n con las familias a quienes se pretende ayudar.<\/span><span data-ccp-props=\"{&quot;134233117&quot;:false,&quot;134233118&quot;:false,&quot;201341983&quot;:0,&quot;335559738&quot;:0,&quot;335559739&quot;:0,&quot;335559740&quot;:240}\">\u00a0<\/span><\/p>\n<p><span data-contrast=\"auto\">En el conversatorio \u201cLa psicolog\u00eda y sus aportes en el campo de la desaparici\u00f3n y b\u00fasqueda de personas: una mirada desde la experiencia veracruzana\u201d, profesionales del campo de la psicolog\u00eda compartieron sus propias experiencias de c\u00f3mo llegaron a trabajar en esta \u00e1rea y los retos, tanto personales como laborales, que deben superar.<\/span><span data-ccp-props=\"{&quot;134233117&quot;:false,&quot;134233118&quot;:false,&quot;201341983&quot;:0,&quot;335559731&quot;:705,&quot;335559738&quot;:0,&quot;335559739&quot;:0,&quot;335559740&quot;:240}\">\u00a0<\/span><\/p>\n<p><span data-contrast=\"auto\">El evento, celebrado en el Auditorio \u201cRafael Velasco Fern\u00e1ndez\u201d de la Facultad de Psicolog\u00eda de la Universidad Veracruzana (UV) tuvo como participantes a Patricia Zamudio Grave, Pedro Gilberto Lobato Cruz y Andrea Calder\u00f3n L\u00f3pez, del Consejo Estatal de B\u00fasqueda de Personas en Veracruz, as\u00ed como Berenice Maqueo Acosta, de la Comisi\u00f3n Ejecutiva Estatal de Atenci\u00f3n Integral a V\u00edctimas, quienes fueron moderadas por Daniela Elo\u00edsa Montenegro.<\/span><\/p>\n<p>&nbsp;<\/p>\n<div id=\"attachment_140126\" style=\"width: 732px\" class=\"wp-caption aligncenter\"><img aria-describedby=\"caption-attachment-140126\" decoding=\"async\" loading=\"lazy\" class=\"size-full wp-image-140126\" src=\"https:\/\/www.uv.mx\/prensa\/files\/2024\/02\/10224-DAVID-Conversatorio-La-psicologia-aportes-desaparicion-2-100k.jpg\" alt=\"\" width=\"722\" height=\"480\" srcset=\"https:\/\/www.uv.mx\/prensa\/files\/2024\/02\/10224-DAVID-Conversatorio-La-psicologia-aportes-desaparicion-2-100k.jpg 722w, https:\/\/www.uv.mx\/prensa\/files\/2024\/02\/10224-DAVID-Conversatorio-La-psicologia-aportes-desaparicion-2-100k-300x199.jpg 300w\" sizes=\"(max-width: 722px) 100vw, 722px\" \/><p id=\"caption-attachment-140126\" class=\"wp-caption-text\">Pedro Lobato defini\u00f3 a la desaparici\u00f3n de personas como un tipo de violencia con origen multifactorial<\/p><\/div>\n<p>&nbsp;<\/p>\n<p><span data-contrast=\"auto\">Cada participante comparti\u00f3 c\u00f3mo fue su acercamiento al tema de la desaparici\u00f3n de personas; coincidieron en que como egresados de la Licenciatura en Psicolog\u00eda no fue un \u00e1rea en la cual pensaron desarrollarse profesionalmente.<\/span><span data-ccp-props=\"{&quot;134233117&quot;:false,&quot;134233118&quot;:false,&quot;201341983&quot;:0,&quot;335559731&quot;:705,&quot;335559738&quot;:0,&quot;335559739&quot;:0,&quot;335559740&quot;:240}\">\u00a0<\/span><\/p>\n<p><span data-contrast=\"auto\">Andrea Calder\u00f3n recalc\u00f3 que es una labor que tiene un fuerte impacto emocional para el que no se est\u00e1 preparado y se debe tener presente que \u201cen el tema de la desaparici\u00f3n todos estamos en riesgo y podemos vivir una situaci\u00f3n de este tipo\u201d.<\/span><span data-ccp-props=\"{&quot;134233117&quot;:false,&quot;134233118&quot;:false,&quot;201341983&quot;:0,&quot;335559731&quot;:705,&quot;335559738&quot;:0,&quot;335559739&quot;:0,&quot;335559740&quot;:240}\">\u00a0<\/span><\/p>\n<p><span data-contrast=\"auto\">Patricia Zamudio enfatiz\u00f3 la importancia de brindar atenci\u00f3n y acompa\u00f1amiento a los familiares porque, con base en su experiencia, es inspirador ver la fortaleza de estas personas cuando se sienten acompa\u00f1adas; \u201clo m\u00e1s gratificante es ver renacer a las personas que viven la desaparici\u00f3n de un familiar\u201d.<\/span><span data-ccp-props=\"{&quot;134233117&quot;:false,&quot;134233118&quot;:false,&quot;201341983&quot;:0,&quot;335559731&quot;:705,&quot;335559738&quot;:0,&quot;335559739&quot;:0,&quot;335559740&quot;:240}\">\u00a0<\/span><\/p>\n<p><span data-contrast=\"auto\">Pedro Lobato comparti\u00f3 que a partir de la ola de violencia que sufri\u00f3 Veracruz hace una d\u00e9cada comenz\u00f3 a conocer casos de personas desaparecidas, en particular el de una madre a quien daba clases y perdi\u00f3 a su hijo.<\/span><span data-ccp-props=\"{&quot;134233117&quot;:false,&quot;134233118&quot;:false,&quot;201341983&quot;:0,&quot;335559731&quot;:705,&quot;335559738&quot;:0,&quot;335559739&quot;:0,&quot;335559740&quot;:240}\">\u00a0<\/span><\/p>\n<p>&nbsp;<\/p>\n<div id=\"attachment_140127\" style=\"width: 732px\" class=\"wp-caption aligncenter\"><img aria-describedby=\"caption-attachment-140127\" decoding=\"async\" loading=\"lazy\" class=\"size-full wp-image-140127\" src=\"https:\/\/www.uv.mx\/prensa\/files\/2024\/02\/10224-DAVID-Conversatorio-La-psicologia-aportes-desaparicion-3-100k.jpg\" alt=\"\" width=\"722\" height=\"480\" srcset=\"https:\/\/www.uv.mx\/prensa\/files\/2024\/02\/10224-DAVID-Conversatorio-La-psicologia-aportes-desaparicion-3-100k.jpg 722w, https:\/\/www.uv.mx\/prensa\/files\/2024\/02\/10224-DAVID-Conversatorio-La-psicologia-aportes-desaparicion-3-100k-300x199.jpg 300w\" sizes=\"(max-width: 722px) 100vw, 722px\" \/><p id=\"caption-attachment-140127\" class=\"wp-caption-text\">Berenice Maqueo recalc\u00f3 la importancia de brindar el apoyo a las personas que lo necesitan desde las instituciones p\u00fablicas<\/p><\/div>\n<p>&nbsp;<\/p>\n<p><span data-contrast=\"auto\">El psic\u00f3logo precis\u00f3 que la desaparici\u00f3n de una persona es una forma de violencia multifactorial porque inciden elementos del contexto en el que habitan las v\u00edctimas, como la marginaci\u00f3n y discriminaci\u00f3n que sufren por parte de otros sectores de la sociedad.<\/span><span data-ccp-props=\"{&quot;134233117&quot;:false,&quot;134233118&quot;:false,&quot;201341983&quot;:0,&quot;335559731&quot;:705,&quot;335559738&quot;:0,&quot;335559739&quot;:0,&quot;335559740&quot;:240}\">\u00a0<\/span><\/p>\n<p><span data-contrast=\"auto\">Berenice Maqueo, egresada de Psicolog\u00eda de la UV, dijo que su relaci\u00f3n con el tema vino como resultado de su trabajo como voluntaria, atendiendo a mujeres que sufrieron violencia de g\u00e9nero, y a pesar de que \u201cno ten\u00eda muy claro lo que quer\u00eda hacer, s\u00ed ten\u00eda claro lo que no quer\u00eda hacer\u201d, as\u00ed que decidi\u00f3 pasar de la prevenci\u00f3n a la atenci\u00f3n.<\/span><span data-ccp-props=\"{&quot;134233117&quot;:false,&quot;134233118&quot;:false,&quot;201341983&quot;:0,&quot;335559731&quot;:705,&quot;335559738&quot;:0,&quot;335559739&quot;:0,&quot;335559740&quot;:240}\">\u00a0<\/span><\/p>\n<p><span data-contrast=\"auto\">A la fecha, como integrante de la Comisi\u00f3n Ejecutiva Estatal de Atenci\u00f3n Integral a V\u00edctimas, enfatiz\u00f3 que como servidora p\u00fablica busca que las instituciones sirvan a la sociedad y por ello tiene claro que su prop\u00f3sito es que los servicios que brindan lleguen a la poblaci\u00f3n que los necesita.<\/span><span data-ccp-props=\"{&quot;134233117&quot;:false,&quot;134233118&quot;:false,&quot;201341983&quot;:0,&quot;335559731&quot;:705,&quot;335559738&quot;:0,&quot;335559739&quot;:0,&quot;335559740&quot;:240}\">\u00a0<\/span><\/p>\n<p><span data-contrast=\"auto\">Tanto la moderadora como las participantes agradecieron a la Unidad de Intervenci\u00f3n Psicosocial de la Facultad por la invitaci\u00f3n y organizaci\u00f3n del evento que congreg\u00f3 a un vasto n\u00famero de universitarios.<\/span><\/p>\n<div id=\"attachment_140128\" style=\"width: 732px\" class=\"wp-caption aligncenter\"><img aria-describedby=\"caption-attachment-140128\" decoding=\"async\" loading=\"lazy\" class=\"size-full wp-image-140128\" src=\"https:\/\/www.uv.mx\/prensa\/files\/2024\/02\/10224-DAVID-Conversatorio-La-psicologia-aportes-desaparicion-4-100k.jpg\" alt=\"\" width=\"722\" height=\"480\" srcset=\"https:\/\/www.uv.mx\/prensa\/files\/2024\/02\/10224-DAVID-Conversatorio-La-psicologia-aportes-desaparicion-4-100k.jpg 722w, https:\/\/www.uv.mx\/prensa\/files\/2024\/02\/10224-DAVID-Conversatorio-La-psicologia-aportes-desaparicion-4-100k-300x199.jpg 300w\" sizes=\"(max-width: 722px) 100vw, 722px\" \/><p id=\"caption-attachment-140128\" class=\"wp-caption-text\">Alumnas, alumnos y acad\u00e9micos asistieron al evento en el Auditorio \u201cRafael Velasco Fern\u00e1ndez\u201d de la Facultad de Psicolog\u00eda<\/p><\/div>\n<p><span data-ccp-props=\"{&quot;134233117&quot;:false,&quot;134233118&quot;:false,&quot;201341983&quot;:0,&quot;335559731&quot;:705,&quot;335559738&quot;:0,&quot;335559739&quot;:0,&quot;335559740&quot;:240}\">\u00a0<\/span><\/p>\n","protected":false},"excerpt":{"rendered":"<p>La Unidad de Intervenci\u00f3n Psicosocial de la Facultad de Psicolog\u00eda organiz\u00f3 conversatorio con especialistas sobre el tema<\/p>\n","protected":false},"author":2349,"featured_media":140129,"comment_status":"closed","ping_status":"closed","sticky":false,"template":"","format":"standard","meta":[],"categories":[6301,61],"tags":[15500,311,15871,15870,813,4159,7164,15872,953,6462,10739,959,1791],"_links":{"self":[{"href":"https:\/\/www.uv.mx\/prensa\/wp-json\/wp\/v2\/posts\/140268"}],"collection":[{"href":"https:\/\/www.uv.mx\/prensa\/wp-json\/wp\/v2\/posts"}],"about":[{"href":"https:\/\/www.uv.mx\/prensa\/wp-json\/wp\/v2\/types\/post"}],"author":[{"embeddable":true,"href":"https:\/\/www.uv.mx\/prensa\/wp-json\/wp\/v2\/users\/2349"}],"replies":[{"embeddable":true,"href":"https:\/\/www.uv.mx\/prensa\/wp-json\/wp\/v2\/comments?post=140268"}],"version-history":[{"count":1,"href":"https:\/\/www.uv.mx\/prensa\/wp-json\/wp\/v2\/posts\/140268\/revisions"}],"predecessor-version":[{"id":140269,"href":"https:\/\/www.uv.mx\/prensa\/wp-json\/wp\/v2\/posts\/140268\/revisions\/140269"}],"wp:featuredmedia":[{"embeddable":true,"href":"https:\/\/www.uv.mx\/prensa\/wp-json\/wp\/v2\/media\/140129"}],"wp:attachment":[{"href":"https:\/\/www.uv.mx\/prensa\/wp-json\/wp\/v2\/media?parent=140268"}],"wp:term":[{"taxonomy":"category","embeddable":true,"href":"https:\/\/www.uv.mx\/prensa\/wp-json\/wp\/v2\/categories?post=140268"},{"taxonomy":"post_tag","embeddable":true,"href":"https:\/\/www.uv.mx\/prensa\/wp-json\/wp\/v2\/tags?post=140268"}],"curies":[{"name":"wp","href":"https:\/\/api.w.org\/{rel}","templated":true}]}}