{"id":140545,"date":"2024-03-04T19:16:03","date_gmt":"2024-03-05T01:16:03","guid":{"rendered":"https:\/\/www.uv.mx\/prensa\/?p=140545"},"modified":"2024-03-05T16:03:11","modified_gmt":"2024-03-05T22:03:11","slug":"obesidad-problema-de-salud-que-merece-toda-atencion","status":"publish","type":"post","link":"https:\/\/www.uv.mx\/prensa\/general\/obesidad-problema-de-salud-que-merece-toda-atencion\/","title":{"rendered":"Obesidad, problema de salud que merece toda atenci\u00f3n"},"content":{"rendered":"<ul>\n<li data-leveltext=\"\uf0b7\" data-font=\"Symbol\" data-listid=\"1\" data-list-defn-props=\"{&quot;335551671&quot;:0,&quot;335552541&quot;:1,&quot;335559684&quot;:-2,&quot;335559685&quot;:720,&quot;335559991&quot;:360,&quot;469769226&quot;:&quot;Symbol&quot;,&quot;469769242&quot;:[8226],&quot;469777803&quot;:&quot;left&quot;,&quot;469777804&quot;:&quot;\uf0b7&quot;,&quot;469777815&quot;:&quot;hybridMultilevel&quot;}\" data-aria-posinset=\"0\" data-aria-level=\"1\"><i><span data-contrast=\"auto\">Coincidieron especialistas del Instituto de Salud P\u00fablica de la Universidad Veracruzana<\/span><\/i><span data-ccp-props=\"{&quot;201341983&quot;:0,&quot;335559739&quot;:0,&quot;335559740&quot;:240}\">\u00a0<\/span><\/li>\n<li data-leveltext=\"\uf0b7\" data-font=\"Symbol\" data-listid=\"1\" data-list-defn-props=\"{&quot;335551671&quot;:0,&quot;335552541&quot;:1,&quot;335559684&quot;:-2,&quot;335559685&quot;:720,&quot;335559991&quot;:360,&quot;469769226&quot;:&quot;Symbol&quot;,&quot;469769242&quot;:[8226],&quot;469777803&quot;:&quot;left&quot;,&quot;469777804&quot;:&quot;\uf0b7&quot;,&quot;469777815&quot;:&quot;hybridMultilevel&quot;}\" data-aria-posinset=\"0\" data-aria-level=\"1\"><i><span data-contrast=\"auto\">La ayuda psicol\u00f3gica, e incluso psiqui\u00e1trica, llega a ser vital<\/span><\/i><span data-ccp-props=\"{&quot;201341983&quot;:0,&quot;335559739&quot;:0,&quot;335559740&quot;:240}\">\u00a0<\/span><\/li>\n<\/ul>\n<p><span data-ccp-props=\"{&quot;201341983&quot;:0,&quot;335559739&quot;:0,&quot;335559740&quot;:240}\">\u00a0<\/span><\/p>\n<div id=\"attachment_140523\" style=\"width: 732px\" class=\"wp-caption aligncenter\"><img aria-describedby=\"caption-attachment-140523\" decoding=\"async\" loading=\"lazy\" class=\"size-full wp-image-140523\" src=\"https:\/\/www.uv.mx\/prensa\/files\/2024\/03\/04032024-PACHECO-SAISUV-obesidad-y-emociones-Foto-6.jpg\" alt=\"\" width=\"722\" height=\"406\" srcset=\"https:\/\/www.uv.mx\/prensa\/files\/2024\/03\/04032024-PACHECO-SAISUV-obesidad-y-emociones-Foto-6.jpg 722w, https:\/\/www.uv.mx\/prensa\/files\/2024\/03\/04032024-PACHECO-SAISUV-obesidad-y-emociones-Foto-6-300x169.jpg 300w\" sizes=\"(max-width: 722px) 100vw, 722px\" \/><p id=\"caption-attachment-140523\" class=\"wp-caption-text\">La obesidad y su c\u00edrculo de efectos negativos<\/p><\/div>\n<p><span data-ccp-props=\"{&quot;201341983&quot;:0,&quot;335559739&quot;:0,&quot;335559740&quot;:240}\">\u00a0<\/span><\/p>\n<p><b><i><span data-contrast=\"auto\">Jorge V\u00e1zquez Pacheco<\/span><\/i><\/b><span data-ccp-props=\"{&quot;201341983&quot;:0,&quot;335559739&quot;:0,&quot;335559740&quot;:240}\">\u00a0<\/span><\/p>\n<p><b><i><span data-contrast=\"auto\">Fotos: Luis Fernando Fern\u00e1ndez Carrillo<\/span><\/i><\/b><span data-ccp-props=\"{&quot;201341983&quot;:0,&quot;335559739&quot;:0,&quot;335559740&quot;:240}\">\u00a0<\/span><\/p>\n<p><span data-ccp-props=\"{&quot;201341983&quot;:0,&quot;335559739&quot;:0,&quot;335559740&quot;:240}\">\u00a0<\/span><\/p>\n<p><b><i><span data-contrast=\"auto\">04\/03\/2024, Xalapa, Ver.-<\/span><\/i><\/b><span data-contrast=\"auto\"> La obesidad es un problema de salud que merece toda atenci\u00f3n y debe abordarse de forma profesional porque la estigmatizaci\u00f3n y otros factores negativos se traducen en sufrimiento extremo, comentaron especialistas durante la jornada \u201cHablemos de obesidad y emociones\u201d, coordinada por el Sistema de Atenci\u00f3n Integral a la Salud de la Universidad Veracruzana (SAISUV).<\/span><span data-ccp-props=\"{&quot;201341983&quot;:0,&quot;335559739&quot;:0,&quot;335559740&quot;:240}\">\u00a0<\/span><\/p>\n<p>&nbsp;<\/p>\n<div id=\"attachment_140518\" style=\"width: 732px\" class=\"wp-caption aligncenter\"><img aria-describedby=\"caption-attachment-140518\" decoding=\"async\" loading=\"lazy\" class=\"size-full wp-image-140518\" src=\"https:\/\/www.uv.mx\/prensa\/files\/2024\/03\/04032024-PACHECO-SAISUV-obesidad-y-emociones-Foto-1.jpg\" alt=\"\" width=\"722\" height=\"407\" srcset=\"https:\/\/www.uv.mx\/prensa\/files\/2024\/03\/04032024-PACHECO-SAISUV-obesidad-y-emociones-Foto-1.jpg 722w, https:\/\/www.uv.mx\/prensa\/files\/2024\/03\/04032024-PACHECO-SAISUV-obesidad-y-emociones-Foto-1-300x169.jpg 300w\" sizes=\"(max-width: 722px) 100vw, 722px\" \/><p id=\"caption-attachment-140518\" class=\"wp-caption-text\">Vianey Guadalupe Arg\u00fcelles, especialista en nutrici\u00f3n<\/p><\/div>\n<p>&nbsp;<\/p>\n<p><span data-contrast=\"auto\">Vianey Arg\u00fcelles Nava y Yolanda Campos Uscanga, ambas asignadas al Instituto de Salud P\u00fablica de la Universidad Veracruzana (UV), y Carlos Manuel Chac\u00f3n Rodr\u00edguez, maestro en Ciencias Aplicadas al Deporte, fueron los participantes del evento.<\/span><\/p>\n<p><span data-contrast=\"auto\">Arg\u00fcelles Nava defini\u00f3 la obesidad como \u201cla interacci\u00f3n compleja de diferentes factores que no tiene una estrategia universal como soluci\u00f3n\u201d. Respecto a la diferencia entre los tipos de hambre, mostr\u00f3 los centros nerviosos que la regulan, as\u00ed como los factores que inciden, y dijo que existen variedades de hambre: ambiental, emocional, hormonal y habitual. Esta \u00faltima es el \u201chambre de verdad\u201d, la que responde a la necesidad del organismo.<\/span><span data-ccp-props=\"{&quot;201341983&quot;:0,&quot;335559731&quot;:708,&quot;335559739&quot;:0,&quot;335559740&quot;:240}\">\u00a0<\/span><\/p>\n<p>&nbsp;<\/p>\n<div id=\"attachment_140519\" style=\"width: 732px\" class=\"wp-caption aligncenter\"><img aria-describedby=\"caption-attachment-140519\" decoding=\"async\" loading=\"lazy\" class=\"size-full wp-image-140519\" src=\"https:\/\/www.uv.mx\/prensa\/files\/2024\/03\/04032024-PACHECO-SAISUV-obesidad-y-emociones-Foto-2.jpg\" alt=\"\" width=\"722\" height=\"406\" srcset=\"https:\/\/www.uv.mx\/prensa\/files\/2024\/03\/04032024-PACHECO-SAISUV-obesidad-y-emociones-Foto-2.jpg 722w, https:\/\/www.uv.mx\/prensa\/files\/2024\/03\/04032024-PACHECO-SAISUV-obesidad-y-emociones-Foto-2-300x169.jpg 300w\" sizes=\"(max-width: 722px) 100vw, 722px\" \/><p id=\"caption-attachment-140519\" class=\"wp-caption-text\">Factores que inciden en las diversas formas de hambre<\/p><\/div>\n<p>&nbsp;<\/p>\n<p><span data-contrast=\"auto\">Recomend\u00f3 diversas medidas, entre ellas la ingesta de fibras con suficientes prote\u00ednas, hidrataci\u00f3n saludable, evitar alimentos procesados, as\u00ed como ejercicio y dormir bien.<\/span><\/p>\n<p><span data-contrast=\"auto\">En tanto, Campos Uscanga aludi\u00f3 a los estados emocionales y la relaci\u00f3n que guardan con la obesidad. \u201cCiertamente es una percepci\u00f3n consciente, agradable y deseable, pero se tiene en contra la tendencia natural de repetir lo que nos proporcionan placer\u201d, de modo que ello impacta de manera negativa en nuestra alimentaci\u00f3n.<\/span><span data-ccp-props=\"{&quot;201341983&quot;:0,&quot;335559731&quot;:708,&quot;335559739&quot;:0,&quot;335559740&quot;:240}\">\u00a0<\/span><\/p>\n<p>&nbsp;<\/p>\n<div id=\"attachment_140520\" style=\"width: 732px\" class=\"wp-caption aligncenter\"><img aria-describedby=\"caption-attachment-140520\" decoding=\"async\" loading=\"lazy\" class=\"size-full wp-image-140520\" src=\"https:\/\/www.uv.mx\/prensa\/files\/2024\/03\/04032024-PACHECO-SAISUV-obesidad-y-emociones-Foto-3.jpg\" alt=\"\" width=\"722\" height=\"369\" srcset=\"https:\/\/www.uv.mx\/prensa\/files\/2024\/03\/04032024-PACHECO-SAISUV-obesidad-y-emociones-Foto-3.jpg 722w, https:\/\/www.uv.mx\/prensa\/files\/2024\/03\/04032024-PACHECO-SAISUV-obesidad-y-emociones-Foto-3-300x153.jpg 300w\" sizes=\"(max-width: 722px) 100vw, 722px\" \/><p id=\"caption-attachment-140520\" class=\"wp-caption-text\">Yolanda Campos Uscanga coment\u00f3 en torno de los estados emocionales<\/p><\/div>\n<p>&nbsp;<\/p>\n<p><span data-contrast=\"auto\">Los efectos de la obesidad son diversos y van desde la estigmatizaci\u00f3n hasta la afectividad negativa que se refleja en estados de ansiedad y depresi\u00f3n.<\/span><span data-ccp-props=\"{&quot;201341983&quot;:0,&quot;335559731&quot;:708,&quot;335559739&quot;:0,&quot;335559740&quot;:240}\">\u00a0<\/span><\/p>\n<p><span data-contrast=\"auto\">Yolanda Campos subray\u00f3 las respuestas fisiol\u00f3gicas y conductuales relacionadas con la emoci\u00f3n, de modo que se hace necesario implementar estrategias para el logro de una respuesta ajustada al contexto, as\u00ed como organizaci\u00f3n personal para el logro de metas a nivel social.<\/span><span data-ccp-props=\"{&quot;201341983&quot;:0,&quot;335559731&quot;:708,&quot;335559739&quot;:0,&quot;335559740&quot;:240}\">\u00a0<\/span><\/p>\n<p>&nbsp;<\/p>\n<div id=\"attachment_140521\" style=\"width: 732px\" class=\"wp-caption aligncenter\"><img aria-describedby=\"caption-attachment-140521\" decoding=\"async\" loading=\"lazy\" class=\"size-full wp-image-140521\" src=\"https:\/\/www.uv.mx\/prensa\/files\/2024\/03\/04032024-PACHECO-SAISUV-obesidad-y-emociones-Foto-4.jpg\" alt=\"\" width=\"722\" height=\"408\" srcset=\"https:\/\/www.uv.mx\/prensa\/files\/2024\/03\/04032024-PACHECO-SAISUV-obesidad-y-emociones-Foto-4.jpg 722w, https:\/\/www.uv.mx\/prensa\/files\/2024\/03\/04032024-PACHECO-SAISUV-obesidad-y-emociones-Foto-4-300x170.jpg 300w\" sizes=\"(max-width: 722px) 100vw, 722px\" \/><p id=\"caption-attachment-140521\" class=\"wp-caption-text\">Importante la regulaci\u00f3n de las emociones en el control de la ingesta desmedida<\/p><\/div>\n<p>&nbsp;<\/p>\n<p><span data-contrast=\"auto\">Bajo el tema de \u201cevidencias actuales\u201d, Campos Uscanga ilustr\u00f3 que las mujeres tienden m\u00e1s a reflejar los estados de estr\u00e9s y depresi\u00f3n en el comer descontrolado, de modo que la regulaci\u00f3n ineficiente de las emociones conlleva la asociaci\u00f3n con el comer emocional, \u201cpor lo que el acompa\u00f1amiento psicol\u00f3gico y muchas veces psiqui\u00e1trico es vital\u201d.<\/span><span data-ccp-props=\"{&quot;201341983&quot;:0,&quot;335559731&quot;:708,&quot;335559739&quot;:0,&quot;335559740&quot;:240}\">\u00a0<\/span><\/p>\n<p><span data-contrast=\"auto\">Finalmente, Carlos Manuel Chac\u00f3n\u00a0mencion\u00f3 que el ejercicio f\u00edsico es una actividad que aporta m\u00faltiples beneficios, como el aliviar los s\u00edntomas de la depresi\u00f3n y la ansiedad, dos trastornos que afectan a muchas personas con obesidad. El ejercicio f\u00edsico ayuda a liberar sustancias qu\u00edmicas que producen una sensaci\u00f3n de bienestar y que influyen en el estado de \u00e1nimo, las emociones y el estr\u00e9s. Adem\u00e1s, mejora la autoestima, la confianza y la interacci\u00f3n social, y permite enfrentar el tratamiento de la depresi\u00f3n y la ansiedad en personas con obesidad, siempre bajo la supervisi\u00f3n de un profesional de la salud.<\/span><\/p>\n<div id=\"attachment_140522\" style=\"width: 732px\" class=\"wp-caption aligncenter\"><img aria-describedby=\"caption-attachment-140522\" decoding=\"async\" loading=\"lazy\" class=\"size-full wp-image-140522\" src=\"https:\/\/www.uv.mx\/prensa\/files\/2024\/03\/04032024-PACHECO-SAISUV-obesidad-y-emociones-Foto-5.jpg\" alt=\"\" width=\"722\" height=\"341\" srcset=\"https:\/\/www.uv.mx\/prensa\/files\/2024\/03\/04032024-PACHECO-SAISUV-obesidad-y-emociones-Foto-5.jpg 722w, https:\/\/www.uv.mx\/prensa\/files\/2024\/03\/04032024-PACHECO-SAISUV-obesidad-y-emociones-Foto-5-300x142.jpg 300w\" sizes=\"(max-width: 722px) 100vw, 722px\" \/><p id=\"caption-attachment-140522\" class=\"wp-caption-text\">Carlos Manuel Chac\u00f3n Rodr\u00edguez aport\u00f3 consejos en torno al ejercicio para control de obesidad<\/p><\/div>\n<p><span data-ccp-props=\"{&quot;201341983&quot;:0,&quot;335559731&quot;:708,&quot;335559739&quot;:0,&quot;335559740&quot;:240}\">\u00a0<\/span><\/p>\n","protected":false},"excerpt":{"rendered":"<p>Especialistas coinciden en que existen diversas formas de hambre y obedecen a factores que la persona afectada har\u00eda bien en tratar de contrarrestar mediante ejercicio y buena nutrici\u00f3n<\/p>\n","protected":false},"author":2349,"featured_media":140539,"comment_status":"closed","ping_status":"closed","sticky":false,"template":"","format":"standard","meta":[],"categories":[1],"tags":[],"_links":{"self":[{"href":"https:\/\/www.uv.mx\/prensa\/wp-json\/wp\/v2\/posts\/140545"}],"collection":[{"href":"https:\/\/www.uv.mx\/prensa\/wp-json\/wp\/v2\/posts"}],"about":[{"href":"https:\/\/www.uv.mx\/prensa\/wp-json\/wp\/v2\/types\/post"}],"author":[{"embeddable":true,"href":"https:\/\/www.uv.mx\/prensa\/wp-json\/wp\/v2\/users\/2349"}],"replies":[{"embeddable":true,"href":"https:\/\/www.uv.mx\/prensa\/wp-json\/wp\/v2\/comments?post=140545"}],"version-history":[{"count":1,"href":"https:\/\/www.uv.mx\/prensa\/wp-json\/wp\/v2\/posts\/140545\/revisions"}],"predecessor-version":[{"id":140598,"href":"https:\/\/www.uv.mx\/prensa\/wp-json\/wp\/v2\/posts\/140545\/revisions\/140598"}],"wp:featuredmedia":[{"embeddable":true,"href":"https:\/\/www.uv.mx\/prensa\/wp-json\/wp\/v2\/media\/140539"}],"wp:attachment":[{"href":"https:\/\/www.uv.mx\/prensa\/wp-json\/wp\/v2\/media?parent=140545"}],"wp:term":[{"taxonomy":"category","embeddable":true,"href":"https:\/\/www.uv.mx\/prensa\/wp-json\/wp\/v2\/categories?post=140545"},{"taxonomy":"post_tag","embeddable":true,"href":"https:\/\/www.uv.mx\/prensa\/wp-json\/wp\/v2\/tags?post=140545"}],"curies":[{"name":"wp","href":"https:\/\/api.w.org\/{rel}","templated":true}]}}