{"id":140782,"date":"2024-03-08T17:03:53","date_gmt":"2024-03-08T23:03:53","guid":{"rendered":"https:\/\/www.uv.mx\/prensa\/?p=140782"},"modified":"2024-03-08T17:29:31","modified_gmt":"2024-03-08T23:29:31","slug":"la-practica-odontologica-es-liderada-por-mujeres","status":"publish","type":"post","link":"https:\/\/www.uv.mx\/prensa\/eventos\/la-practica-odontologica-es-liderada-por-mujeres\/","title":{"rendered":"La pr\u00e1ctica odontol\u00f3gica es liderada por mujeres"},"content":{"rendered":"<ul>\n<li data-leveltext=\"\uf0b7\" data-font=\"Symbol\" data-listid=\"1\" data-list-defn-props=\"{&quot;335551671&quot;:0,&quot;335552541&quot;:1,&quot;335559685&quot;:720,&quot;335559991&quot;:360,&quot;469769226&quot;:&quot;Symbol&quot;,&quot;469769242&quot;:[8226],&quot;469777803&quot;:&quot;left&quot;,&quot;469777804&quot;:&quot;\uf0b7&quot;,&quot;469777815&quot;:&quot;hybridMultilevel&quot;}\" data-aria-posinset=\"0\" data-aria-level=\"1\"><i><span data-contrast=\"auto\">\u201cEs importante visualizar los grandes cambios que se han dado en el rol de la mujer\u201d: Alicia Mart\u00ednez Flores, secretaria Acad\u00e9mica de la Facultad de Odontolog\u00eda UV<\/span><\/i><span data-ccp-props=\"{&quot;201341983&quot;:0,&quot;335557856&quot;:16777215,&quot;335559739&quot;:0,&quot;335559740&quot;:240}\">\u00a0<\/span><\/li>\n<li data-leveltext=\"\uf0b7\" data-font=\"Symbol\" data-listid=\"1\" data-list-defn-props=\"{&quot;335551671&quot;:0,&quot;335552541&quot;:1,&quot;335559685&quot;:720,&quot;335559991&quot;:360,&quot;469769226&quot;:&quot;Symbol&quot;,&quot;469769242&quot;:[8226],&quot;469777803&quot;:&quot;left&quot;,&quot;469777804&quot;:&quot;\uf0b7&quot;,&quot;469777815&quot;:&quot;hybridMultilevel&quot;}\" data-aria-posinset=\"0\" data-aria-level=\"1\"><i><span data-contrast=\"auto\">Karen Ang\u00e9lica Landero Cansino, alumna del octavo semestre, destac\u00f3 que no est\u00e1n solas en la lucha por sus derechos<\/span><\/i><span data-ccp-props=\"{&quot;201341983&quot;:0,&quot;335557856&quot;:16777215,&quot;335559739&quot;:0,&quot;335559740&quot;:240}\">\u00a0<\/span><\/li>\n<\/ul>\n<p><span data-ccp-props=\"{&quot;201341983&quot;:0,&quot;335557856&quot;:16777215,&quot;335559739&quot;:0,&quot;335559740&quot;:240}\">\u00a0<\/span><\/p>\n<div id=\"attachment_140766\" style=\"width: 732px\" class=\"wp-caption aligncenter\"><img aria-describedby=\"caption-attachment-140766\" decoding=\"async\" loading=\"lazy\" class=\"size-full wp-image-140766\" src=\"https:\/\/www.uv.mx\/prensa\/files\/2024\/03\/080324-COUTTOLENC-Odontologia-8M-1-100k.jpg\" alt=\"\" width=\"722\" height=\"482\" srcset=\"https:\/\/www.uv.mx\/prensa\/files\/2024\/03\/080324-COUTTOLENC-Odontologia-8M-1-100k.jpg 722w, https:\/\/www.uv.mx\/prensa\/files\/2024\/03\/080324-COUTTOLENC-Odontologia-8M-1-100k-300x200.jpg 300w\" sizes=\"(max-width: 722px) 100vw, 722px\" \/><p id=\"caption-attachment-140766\" class=\"wp-caption-text\">Alumnas de la Facultad de Odontolog\u00eda se sumaron a las actividades del D\u00eda Internacional de la Mujer<\/p><\/div>\n<p><span data-ccp-props=\"{&quot;201341983&quot;:0,&quot;335557856&quot;:16777215,&quot;335559739&quot;:0,&quot;335559740&quot;:240}\">\u00a0<\/span><\/p>\n<p><b><i><span data-contrast=\"auto\">Jos\u00e9 Luis Couttolenc Soto<\/span><\/i><\/b><span data-ccp-props=\"{&quot;201341983&quot;:0,&quot;335557856&quot;:16777215,&quot;335559739&quot;:0,&quot;335559740&quot;:240}\">\u00a0<\/span><\/p>\n<p><b><i><span data-contrast=\"auto\">Fotos: Luis Fernando Fern\u00e1ndez<\/span><\/i><\/b><span data-ccp-props=\"{&quot;201341983&quot;:0,&quot;335557856&quot;:16777215,&quot;335559739&quot;:0,&quot;335559740&quot;:240}\">\u00a0<\/span><\/p>\n<p><span data-ccp-props=\"{&quot;201341983&quot;:0,&quot;335557856&quot;:16777215,&quot;335559739&quot;:0,&quot;335559740&quot;:240}\">\u00a0<\/span><\/p>\n<p><b><i><span data-contrast=\"auto\">08\/03\/2024, Xalapa, Ver.-<\/span><\/i><\/b> <span data-contrast=\"auto\">Acad\u00e9micas y estudiantes<span class=\"TextRun SCXW108353509 BCX0\" lang=\"ES-MX\" xml:lang=\"ES-MX\" data-contrast=\"auto\"><span class=\"NormalTextRun SCXW108353509 BCX0\">\u00a0de la <\/span><span class=\"NormalTextRun SCXW108353509 BCX0\">F<\/span><span class=\"NormalTextRun SCXW108353509 BCX0\">acultad de Odontolog\u00eda <\/span><\/span>de la Universidad Veracruzana (UV) se sumaron este d\u00eda a las actividades conmemorativas del D\u00eda Internacional de la Mujer, en donde Alicia Mart\u00ednez Flores, secretaria Acad\u00e9mica de la entidad universitaria, destac\u00f3 que en la actualidad la pr\u00e1ctica de esta disciplina es liderada por mujeres.<\/span><\/p>\n<p><span data-contrast=\"auto\">Indic\u00f3 que a\u00f1os atr\u00e1s la odontolog\u00eda era una profesi\u00f3n destinada principalmente a los hombres, sin embargo, hoy en d\u00eda el 70% de la matr\u00edcula en la Facultad corresponde al g\u00e9nero femenino.<\/span><\/p>\n<p>&nbsp;<\/p>\n<div id=\"attachment_140767\" style=\"width: 732px\" class=\"wp-caption aligncenter\"><img aria-describedby=\"caption-attachment-140767\" decoding=\"async\" loading=\"lazy\" class=\"size-full wp-image-140767\" src=\"https:\/\/www.uv.mx\/prensa\/files\/2024\/03\/080324-COUTTOLENC-Odontologia-8M-2-100k.jpg\" alt=\"\" width=\"722\" height=\"482\" srcset=\"https:\/\/www.uv.mx\/prensa\/files\/2024\/03\/080324-COUTTOLENC-Odontologia-8M-2-100k.jpg 722w, https:\/\/www.uv.mx\/prensa\/files\/2024\/03\/080324-COUTTOLENC-Odontologia-8M-2-100k-300x200.jpg 300w\" sizes=\"(max-width: 722px) 100vw, 722px\" \/><p id=\"caption-attachment-140767\" class=\"wp-caption-text\">A un costado de la Facultad de Odontolog\u00eda crearon un mural en el que plasmaron las palmas de sus manos<\/p><\/div>\n<p>&nbsp;<\/p>\n<p><span data-contrast=\"auto\">Record\u00f3 que Margarita Chorn\u00e9 fue la primera odont\u00f3loga profesional no s\u00f3lo en M\u00e9xico, sino en Am\u00e9rica Latina, \u201cy eso nos identifica ahora como formadores de recursos humanos en este campo, en donde es importante visualizar el papel de la mujer\u201d.<\/span><span data-ccp-props=\"{&quot;201341983&quot;:0,&quot;335557856&quot;:16777215,&quot;335559739&quot;:0,&quot;335559740&quot;:240}\">\u00a0<\/span><\/p>\n<p><span data-contrast=\"auto\">A un costado de la Facultad, en el \u00e1rea de jardines, Karen Ang\u00e9lica Landero Cansino, estudiante del d\u00e9cimo semestre, coordin\u00f3 la elaboraci\u00f3n de un mural en el que alumnas y docentes plasmaron la palma de una de sus manos e inscribieron mensajes alusivos a la fecha, con la finalidad de visualizar el papel de la mujer tanto en la academia como en la sociedad y posteriormente elaboraron carteles con los que participaron por la tarde en la marcha conmemorativa del 8 de marzo (8M).<\/span><\/p>\n<p>&nbsp;<\/p>\n<div id=\"attachment_140768\" style=\"width: 732px\" class=\"wp-caption aligncenter\"><img aria-describedby=\"caption-attachment-140768\" decoding=\"async\" loading=\"lazy\" class=\"size-full wp-image-140768\" src=\"https:\/\/www.uv.mx\/prensa\/files\/2024\/03\/080324-COUTTOLENC-Odontologia-8M-3-100k.jpg\" alt=\"\" width=\"722\" height=\"482\" srcset=\"https:\/\/www.uv.mx\/prensa\/files\/2024\/03\/080324-COUTTOLENC-Odontologia-8M-3-100k.jpg 722w, https:\/\/www.uv.mx\/prensa\/files\/2024\/03\/080324-COUTTOLENC-Odontologia-8M-3-100k-300x200.jpg 300w\" sizes=\"(max-width: 722px) 100vw, 722px\" \/><p id=\"caption-attachment-140768\" class=\"wp-caption-text\">Que las mujeres sepan que no est\u00e1n solas en su lucha, dijo Karen Ang\u00e9lica Landero Cansino, estudiante del d\u00e9cimo semestre<\/p><\/div>\n<p><span data-ccp-props=\"{&quot;201341983&quot;:0,&quot;335557856&quot;:16777215,&quot;335559739&quot;:0,&quot;335559740&quot;:240}\">\u00a0<\/span><\/p>\n<p><span data-contrast=\"auto\">\u201cEs importante dar a conocer este tipo de temas, buscamos concientizar a la poblaci\u00f3n sobre la importancia de las mujeres, de c\u00f3mo es nuestra lucha d\u00eda a d\u00eda, porque sabemos que hay mucho machismo en la ciudad y en el estado en general; por eso, queremos que un mayor n\u00famero de mujeres sepan que no est\u00e1n solas, que las acompa\u00f1amos en la lucha por nuestros derechos\u201d, dijo la joven universitaria.<\/span><span data-ccp-props=\"{&quot;201341983&quot;:0,&quot;335557856&quot;:16777215,&quot;335559739&quot;:0,&quot;335559740&quot;:240}\">\u00a0<\/span><\/p>\n<div id=\"attachment_140769\" style=\"width: 732px\" class=\"wp-caption aligncenter\"><img aria-describedby=\"caption-attachment-140769\" decoding=\"async\" loading=\"lazy\" class=\"size-full wp-image-140769\" src=\"https:\/\/www.uv.mx\/prensa\/files\/2024\/03\/080324-COUTTOLENC-Odontologia-8M-4-100k.jpg\" alt=\"\" width=\"722\" height=\"482\" srcset=\"https:\/\/www.uv.mx\/prensa\/files\/2024\/03\/080324-COUTTOLENC-Odontologia-8M-4-100k.jpg 722w, https:\/\/www.uv.mx\/prensa\/files\/2024\/03\/080324-COUTTOLENC-Odontologia-8M-4-100k-300x200.jpg 300w\" sizes=\"(max-width: 722px) 100vw, 722px\" \/><p id=\"caption-attachment-140769\" class=\"wp-caption-text\">Alicia Mart\u00ednez Flores, secretaria Acad\u00e9mica de la Facultad de Odontolog\u00eda, destac\u00f3 que en la actualidad la pr\u00e1ctica de esta disciplina es liderada por mujeres<\/p><\/div>\n","protected":false},"excerpt":{"rendered":"<p>Alrededor del 70% de la matr\u00edcula de la Facultad de Odontolog\u00eda, en Xalapa, son alumnas\u00a0<\/p>\n","protected":false},"author":2349,"featured_media":140770,"comment_status":"closed","ping_status":"closed","sticky":false,"template":"","format":"standard","meta":[],"categories":[6301,47,8445,61],"tags":[15500,16125,3305,1723,196,527,4162,11216,6592,2457,4572,3737,619],"_links":{"self":[{"href":"https:\/\/www.uv.mx\/prensa\/wp-json\/wp\/v2\/posts\/140782"}],"collection":[{"href":"https:\/\/www.uv.mx\/prensa\/wp-json\/wp\/v2\/posts"}],"about":[{"href":"https:\/\/www.uv.mx\/prensa\/wp-json\/wp\/v2\/types\/post"}],"author":[{"embeddable":true,"href":"https:\/\/www.uv.mx\/prensa\/wp-json\/wp\/v2\/users\/2349"}],"replies":[{"embeddable":true,"href":"https:\/\/www.uv.mx\/prensa\/wp-json\/wp\/v2\/comments?post=140782"}],"version-history":[{"count":1,"href":"https:\/\/www.uv.mx\/prensa\/wp-json\/wp\/v2\/posts\/140782\/revisions"}],"predecessor-version":[{"id":140789,"href":"https:\/\/www.uv.mx\/prensa\/wp-json\/wp\/v2\/posts\/140782\/revisions\/140789"}],"wp:featuredmedia":[{"embeddable":true,"href":"https:\/\/www.uv.mx\/prensa\/wp-json\/wp\/v2\/media\/140770"}],"wp:attachment":[{"href":"https:\/\/www.uv.mx\/prensa\/wp-json\/wp\/v2\/media?parent=140782"}],"wp:term":[{"taxonomy":"category","embeddable":true,"href":"https:\/\/www.uv.mx\/prensa\/wp-json\/wp\/v2\/categories?post=140782"},{"taxonomy":"post_tag","embeddable":true,"href":"https:\/\/www.uv.mx\/prensa\/wp-json\/wp\/v2\/tags?post=140782"}],"curies":[{"name":"wp","href":"https:\/\/api.w.org\/{rel}","templated":true}]}}