{"id":140786,"date":"2024-03-08T17:26:29","date_gmt":"2024-03-08T23:26:29","guid":{"rendered":"https:\/\/www.uv.mx\/prensa\/?p=140786"},"modified":"2024-03-08T17:26:29","modified_gmt":"2024-03-08T23:26:29","slug":"mostrar-labor-y-retos-de-gestoras-culturales-es-esencial-artistas","status":"publish","type":"post","link":"https:\/\/www.uv.mx\/prensa\/cultura\/mostrar-labor-y-retos-de-gestoras-culturales-es-esencial-artistas\/","title":{"rendered":"Mostrar labor y retos de gestoras culturales es esencial: artistas"},"content":{"rendered":"<ul>\n<li data-leveltext=\"\uf0b7\" data-font=\"Symbol\" data-listid=\"6\" data-list-defn-props=\"{&quot;335552541&quot;:1,&quot;335559685&quot;:720,&quot;335559991&quot;:360,&quot;469769226&quot;:&quot;Symbol&quot;,&quot;469769242&quot;:[8226],&quot;469777803&quot;:&quot;left&quot;,&quot;469777804&quot;:&quot;\uf0b7&quot;,&quot;469777815&quot;:&quot;hybridMultilevel&quot;}\" data-aria-posinset=\"1\" data-aria-level=\"1\"><i><span data-contrast=\"auto\">Expertas en el \u00e1mbito de la producci\u00f3n art\u00edstica participaron en una mesa de di\u00e1logo en el primer d\u00eda de actividades del Segundo Simposio Internacional de Universitarias<\/span><\/i><span data-ccp-props=\"{}\">\u00a0<\/span><\/li>\n<li data-leveltext=\"\uf0b7\" data-font=\"Symbol\" data-listid=\"6\" data-list-defn-props=\"{&quot;335552541&quot;:1,&quot;335559685&quot;:720,&quot;335559991&quot;:360,&quot;469769226&quot;:&quot;Symbol&quot;,&quot;469769242&quot;:[8226],&quot;469777803&quot;:&quot;left&quot;,&quot;469777804&quot;:&quot;\uf0b7&quot;,&quot;469777815&quot;:&quot;hybridMultilevel&quot;}\" data-aria-posinset=\"2\" data-aria-level=\"1\"><i><span data-contrast=\"auto\">Afirmaron que la mujer ya no representa el papel de musa y ahora se pone al frente de los proyectos creativos<\/span><\/i><span data-ccp-props=\"{}\">\u00a0<\/span><\/li>\n<\/ul>\n<p><span data-ccp-props=\"{}\">\u00a0<\/span><\/p>\n<div id=\"attachment_140736\" style=\"width: 732px\" class=\"wp-caption aligncenter\"><img aria-describedby=\"caption-attachment-140736\" decoding=\"async\" loading=\"lazy\" class=\"size-full wp-image-140736\" src=\"https:\/\/www.uv.mx\/prensa\/files\/2024\/03\/080324-CARLOS-SIUV-2024-1.jpg\" alt=\"\" width=\"722\" height=\"481\" srcset=\"https:\/\/www.uv.mx\/prensa\/files\/2024\/03\/080324-CARLOS-SIUV-2024-1.jpg 722w, https:\/\/www.uv.mx\/prensa\/files\/2024\/03\/080324-CARLOS-SIUV-2024-1-300x200.jpg 300w\" sizes=\"(max-width: 722px) 100vw, 722px\" \/><p id=\"caption-attachment-140736\" class=\"wp-caption-text\">Elizabeth Ocampo junto con Tania Ch\u00e1vez y Guadalupe Colorado, docentes organizadoras del evento<\/p><\/div>\n<p><span data-ccp-props=\"{}\">\u00a0<\/span><\/p>\n<p><b><i><span data-contrast=\"auto\">Carlos Hugo Hermida Rosales<\/span><\/i><\/b><span data-ccp-props=\"{}\">\u00a0<\/span><\/p>\n<p><b><i><span data-contrast=\"auto\">Fotos: Luis Fernando Fern\u00e1ndez\u00a0<\/span><\/i><\/b><span data-ccp-props=\"{}\">\u00a0<\/span><\/p>\n<p><span data-ccp-props=\"{}\">\u00a0<\/span><\/p>\n<p><b><i><span data-contrast=\"auto\">08\/03\/2024, Xalapa, Ver.-<\/span><\/i><\/b><span data-contrast=\"auto\"> Expertas en el \u00e1mbito de la producci\u00f3n art\u00edstica coincidieron en la necesidad de visibilizar la labor y los retos a las que se enfrentan las gestoras culturales, en una mesa de di\u00e1logo que ocurri\u00f3 en el primer d\u00eda de actividades del Segundo Simposio Internacional de Universitarias (<\/span><i><span data-contrast=\"auto\">Siuv<\/span><\/i><span data-contrast=\"auto\">) 2024.<\/span><span data-ccp-props=\"{}\">\u00a0<\/span><\/p>\n<p><span data-contrast=\"auto\">En la inauguraci\u00f3n de este evento, realizado en la Facultad de M\u00fasica de la Universidad Veracruzana (UV), Elizabeth Ocampo G\u00f3mez, titular de la Direcci\u00f3n General de Desarrollo Acad\u00e9mico e Innovaci\u00f3n Educativa (DGDAIE), expres\u00f3 que el <\/span><i><span data-contrast=\"auto\">Siuv es <\/span><\/i><span data-contrast=\"auto\">un espacio propio para fomentar la sororidad y repensar el rol femenino en los campos acad\u00e9mico, de las artes y la m\u00fasica.\u00a0<\/span><span data-ccp-props=\"{&quot;335559731&quot;:708}\">\u00a0<\/span><\/p>\n<p><span data-contrast=\"auto\">Comparti\u00f3 que a lo largo de tres d\u00edas se llevar\u00e1n a cabo ponencias que incitar\u00e1n reflexiones nutridas, sugerentes y provocadoras sobre docencia, ejecuci\u00f3n, canto, gesti\u00f3n y composici\u00f3n.<\/span><\/p>\n<p>&nbsp;<\/p>\n<div id=\"attachment_140735\" style=\"width: 491px\" class=\"wp-caption aligncenter\"><img aria-describedby=\"caption-attachment-140735\" decoding=\"async\" loading=\"lazy\" class=\"size-full wp-image-140735\" src=\"https:\/\/www.uv.mx\/prensa\/files\/2024\/03\/080324-CARLOS-SIUV-2024-2.jpg\" alt=\"\" width=\"481\" height=\"321\" srcset=\"https:\/\/www.uv.mx\/prensa\/files\/2024\/03\/080324-CARLOS-SIUV-2024-2.jpg 481w, https:\/\/www.uv.mx\/prensa\/files\/2024\/03\/080324-CARLOS-SIUV-2024-2-300x200.jpg 300w\" sizes=\"(max-width: 481px) 100vw, 481px\" \/><p id=\"caption-attachment-140735\" class=\"wp-caption-text\">La mesa de di\u00e1logo congreg\u00f3 a estudiantes y acad\u00e9micos<\/p><\/div>\n<p>&nbsp;<\/p>\n<p><span data-contrast=\"auto\">\u201cLa mujer ya no representa el papel de musa en el \u00e1mbito art\u00edstico, pues ahora se pone al frente de los procesos creativos, donde sobresale por su car\u00e1cter, talento y preparaci\u00f3n\u201d, asegur\u00f3.<\/span><span data-ccp-props=\"{&quot;335559731&quot;:708}\">\u00a0<\/span><\/p>\n<p><span data-contrast=\"auto\">En su intervenci\u00f3n, Laura Jayme Barrientos, de la Direcci\u00f3n de Cultura del Ayuntamiento de Xalapa, enfatiz\u00f3 en la necesidad de que las mujeres levanten sus voces como gestoras culturales y hablen entre ellas, no para felicitarse por sus trayectorias, sino a fin de puntualizar los problemas de g\u00e9nero que enfrentan.<\/span><span data-ccp-props=\"{&quot;335559731&quot;:708}\">\u00a0<\/span><\/p>\n<p><span data-contrast=\"auto\">Lament\u00f3 que en la administraci\u00f3n p\u00fablica a\u00fan existen profundas estructuras verticales que no han modificado sus bases de operaci\u00f3n en cuanto al papel femenino.<\/span><span data-ccp-props=\"{&quot;335559731&quot;:708}\">\u00a0<\/span><\/p>\n<p><span data-contrast=\"auto\">\u201cLas mujeres debemos ocupar espacios, arrancarlos y mostrar que la gesti\u00f3n cultural es un reto para asumir\u201d, enunci\u00f3.<\/span><span data-ccp-props=\"{&quot;335559731&quot;:708}\">\u00a0<\/span><\/p>\n<p><span data-contrast=\"auto\">Declar\u00f3 que es fundamental sacar del anonimato a quienes realizan esta actividad, pues pese a que su presencia siempre es constante en el \u00e1mbito art\u00edstico, tradicionalmente han sido invisibilizadas.<\/span><\/p>\n<p>&nbsp;<\/p>\n<div id=\"attachment_140734\" style=\"width: 732px\" class=\"wp-caption aligncenter\"><img aria-describedby=\"caption-attachment-140734\" decoding=\"async\" loading=\"lazy\" class=\"size-full wp-image-140734\" src=\"https:\/\/www.uv.mx\/prensa\/files\/2024\/03\/080324-CARLOS-SIUV-2024-3.jpg\" alt=\"\" width=\"722\" height=\"481\" srcset=\"https:\/\/www.uv.mx\/prensa\/files\/2024\/03\/080324-CARLOS-SIUV-2024-3.jpg 722w, https:\/\/www.uv.mx\/prensa\/files\/2024\/03\/080324-CARLOS-SIUV-2024-3-300x200.jpg 300w\" sizes=\"(max-width: 722px) 100vw, 722px\" \/><p id=\"caption-attachment-140734\" class=\"wp-caption-text\">Laura Jayme Barrientos<\/p><\/div>\n<p>&nbsp;<\/p>\n<p><span data-contrast=\"auto\">\u201cLas artistas no s\u00f3lo existimos el 8 de marzo, y seguiremos alzando la voz por nuestros derechos\u201d, asegur\u00f3.\u00a0<\/span><span data-ccp-props=\"{&quot;335559731&quot;:708}\">\u00a0<\/span><\/p>\n<p><span data-contrast=\"auto\">Mar\u00eda Altagracia Fraustro, coordinadora general del Festival Internacional Cultural San Jer\u00f3nimo, mencion\u00f3 que la gesti\u00f3n cultural no es una labor f\u00e1cil, pues se deben enfrentar muchas situaciones adversas, que son m\u00e1s complicadas para el g\u00e9nero femenino.\u00a0<\/span><span data-ccp-props=\"{&quot;335559731&quot;:708}\">\u00a0<\/span><\/p>\n<p><span data-contrast=\"auto\">Explic\u00f3 que para crear cultura en una comunidad es indispensable armar un equipo fuerte y forjar alianzas integrales que den oportunidad de proyectarse a los j\u00f3venes talentos.<\/span><span data-ccp-props=\"{&quot;335559731&quot;:708}\">\u00a0<\/span><\/p>\n<p><span data-contrast=\"auto\">\u201cLas gestoras culturales no debemos claudicar, porque un pueblo sin arte muere, y es nuestra responsabilidad darle esperanza de vida y no dejarlo solo\u201d, mencion\u00f3.<\/span><\/p>\n<p>&nbsp;<\/p>\n<div id=\"attachment_140733\" style=\"width: 732px\" class=\"wp-caption aligncenter\"><img aria-describedby=\"caption-attachment-140733\" decoding=\"async\" loading=\"lazy\" class=\"size-full wp-image-140733\" src=\"https:\/\/www.uv.mx\/prensa\/files\/2024\/03\/080324-CARLOS-SIUV-2024-4.jpg\" alt=\"\" width=\"722\" height=\"481\" srcset=\"https:\/\/www.uv.mx\/prensa\/files\/2024\/03\/080324-CARLOS-SIUV-2024-4.jpg 722w, https:\/\/www.uv.mx\/prensa\/files\/2024\/03\/080324-CARLOS-SIUV-2024-4-300x200.jpg 300w\" sizes=\"(max-width: 722px) 100vw, 722px\" \/><p id=\"caption-attachment-140733\" class=\"wp-caption-text\">Mar\u00eda Altagracia Fraustro<\/p><\/div>\n<p><span data-ccp-props=\"{&quot;335559731&quot;:708}\">\u00a0<\/span><\/p>\n<p><span data-contrast=\"auto\">Al participar, Rosa Camps Claveria, fundadora del festival \u201cM\u00fasica a casa\u201d, coment\u00f3 que todav\u00eda falta mucho camino por recorrer para lograr la igualdad de g\u00e9nero, en un mundo donde las mujeres son m\u00e1s del 50% de la poblaci\u00f3n.\u00a0<\/span><span data-ccp-props=\"{&quot;335559731&quot;:708}\">\u00a0<\/span><\/p>\n<p><span data-contrast=\"auto\">Puntualiz\u00f3 que la gesti\u00f3n cultural va m\u00e1s all\u00e1 de responder <\/span><i><span data-contrast=\"auto\">e-mails<\/span><\/i><span data-contrast=\"auto\"> y realizar propuestas, porque tambi\u00e9n implica una adecuada administraci\u00f3n de recursos, cuestiones de <\/span><i><span data-contrast=\"auto\">marketing<\/span><\/i><span data-contrast=\"auto\"> y preparaci\u00f3n constante en nuevas tecnolog\u00edas.<\/span><span data-ccp-props=\"{&quot;335559731&quot;:708}\">\u00a0<\/span><\/p>\n<p><span data-contrast=\"auto\">Enfatiz\u00f3 en la importancia de pedir ayuda, lo cual no es signo de debilidad, y por el contrario, el trabajo conjunto es necesario para que la cultura llegue a todos.<\/span><\/p>\n<div id=\"attachment_140732\" style=\"width: 732px\" class=\"wp-caption aligncenter\"><img aria-describedby=\"caption-attachment-140732\" decoding=\"async\" loading=\"lazy\" class=\"size-full wp-image-140732\" src=\"https:\/\/www.uv.mx\/prensa\/files\/2024\/03\/080324-CARLOS-SIUV-2024-5.jpg\" alt=\"\" width=\"722\" height=\"525\" srcset=\"https:\/\/www.uv.mx\/prensa\/files\/2024\/03\/080324-CARLOS-SIUV-2024-5.jpg 722w, https:\/\/www.uv.mx\/prensa\/files\/2024\/03\/080324-CARLOS-SIUV-2024-5-300x218.jpg 300w\" sizes=\"(max-width: 722px) 100vw, 722px\" \/><p id=\"caption-attachment-140732\" class=\"wp-caption-text\">Rosa Camps Claveria<\/p><\/div>\n<p><span data-contrast=\"auto\">\u00a0<\/span><span data-ccp-props=\"{&quot;335559731&quot;:708}\">\u00a0<\/span><\/p>\n","protected":false},"excerpt":{"rendered":"<p>Es fundamental sacarlas del anonimato, pues tradicionalmente han sido invisibilizadas\u00a0<\/p>\n","protected":false},"author":2349,"featured_media":140736,"comment_status":"closed","ping_status":"closed","sticky":false,"template":"","format":"standard","meta":[],"categories":[11,47,8445,61],"tags":[722,10450,4161,15414,7281,2537,16132,730,13691,16133,14274,10668,6592,4572,340,16131],"_links":{"self":[{"href":"https:\/\/www.uv.mx\/prensa\/wp-json\/wp\/v2\/posts\/140786"}],"collection":[{"href":"https:\/\/www.uv.mx\/prensa\/wp-json\/wp\/v2\/posts"}],"about":[{"href":"https:\/\/www.uv.mx\/prensa\/wp-json\/wp\/v2\/types\/post"}],"author":[{"embeddable":true,"href":"https:\/\/www.uv.mx\/prensa\/wp-json\/wp\/v2\/users\/2349"}],"replies":[{"embeddable":true,"href":"https:\/\/www.uv.mx\/prensa\/wp-json\/wp\/v2\/comments?post=140786"}],"version-history":[{"count":1,"href":"https:\/\/www.uv.mx\/prensa\/wp-json\/wp\/v2\/posts\/140786\/revisions"}],"predecessor-version":[{"id":140788,"href":"https:\/\/www.uv.mx\/prensa\/wp-json\/wp\/v2\/posts\/140786\/revisions\/140788"}],"wp:featuredmedia":[{"embeddable":true,"href":"https:\/\/www.uv.mx\/prensa\/wp-json\/wp\/v2\/media\/140736"}],"wp:attachment":[{"href":"https:\/\/www.uv.mx\/prensa\/wp-json\/wp\/v2\/media?parent=140786"}],"wp:term":[{"taxonomy":"category","embeddable":true,"href":"https:\/\/www.uv.mx\/prensa\/wp-json\/wp\/v2\/categories?post=140786"},{"taxonomy":"post_tag","embeddable":true,"href":"https:\/\/www.uv.mx\/prensa\/wp-json\/wp\/v2\/tags?post=140786"}],"curies":[{"name":"wp","href":"https:\/\/api.w.org\/{rel}","templated":true}]}}