{"id":14085,"date":"2016-08-15T15:33:47","date_gmt":"2016-08-15T20:33:47","guid":{"rendered":"https:\/\/www.uv.mx\/prensa\/?p=14085"},"modified":"2016-08-15T15:33:47","modified_gmt":"2016-08-15T20:33:47","slug":"se-presento-en-la-uv-la-consulta-ciudadana-para-plan-veracruzano-de-desarrollo","status":"publish","type":"post","link":"https:\/\/www.uv.mx\/prensa\/general\/se-presento-en-la-uv-la-consulta-ciudadana-para-plan-veracruzano-de-desarrollo\/","title":{"rendered":"Se present\u00f3 en la UV la consulta ciudadana para Plan Veracruzano de Desarrollo"},"content":{"rendered":"<ul>\n<li><em>Se efectuar\u00e1n cinco foros en las respectivas regiones universitarias y uno en P\u00e1nuco<\/em><\/li>\n<li><em>A partir del 17 de agosto podr\u00e1 enviarse informaci\u00f3n al portal oficial del Plan Veracruzano de Desarrollo:<\/em> <a href=\"http:\/\/consultapvd.uv.mx\/\"><em>http:\/\/consultapvd.uv.mx\/<\/em><\/a><\/li>\n<\/ul>\n<p>&nbsp;<\/p>\n<div id=\"attachment_14086\" style=\"width: 634px\" class=\"wp-caption aligncenter\"><a href=\"https:\/\/www.uv.mx\/prensa\/files\/2016\/08\/imagen-desddddd.jpg\"><img aria-describedby=\"caption-attachment-14086\" decoding=\"async\" loading=\"lazy\" class=\"wp-image-14086 size-full\" src=\"https:\/\/www.uv.mx\/prensa\/files\/2016\/08\/imagen-desddddd.jpg\" alt=\"imagen-desddddd\" width=\"624\" height=\"320\" srcset=\"https:\/\/www.uv.mx\/prensa\/files\/2016\/08\/imagen-desddddd.jpg 624w, https:\/\/www.uv.mx\/prensa\/files\/2016\/08\/imagen-desddddd-300x154.jpg 300w\" sizes=\"(max-width: 624px) 100vw, 624px\" \/><\/a><p id=\"caption-attachment-14086\" class=\"wp-caption-text\">En este link aporta al Plan Veracruzano de Desarollo http:\/\/consultapvd.uv.mx\/<\/p><\/div>\n<p>&nbsp;<\/p>\n<p><strong><em>David Sandoval Rodr\u00edguez<\/em><\/strong><\/p>\n<p>&nbsp;<\/p>\n<p><strong><em>Xalapa, Ver. 15\/08\/2016.-<\/em><\/strong><em>\u00a0<\/em>La Universidad Veracruzana (UV), en apoyo al Comit\u00e9 Rector del Plan Veracruzano de Desarrollo (PVD), lanz\u00f3 este lunes 15 de agosto la convocatoria a participar en los Foros de Consulta Ciudadana para el PVD en una rueda de prensa encabezada por la rectora de esta casa de estudios, Sara Ladr\u00f3n de Guevara, y el gobernador electo de Veracruz, Miguel \u00c1ngel Yunes Linares.<\/p>\n<p>La Rectora de la UV precis\u00f3 que el apoyo a esta iniciativa por parte de la m\u00e1xima casa de estudios de Veracruz viene tras recibir la solicitud al respecto por parte del gobernador electo y del comit\u00e9 rector del PVD, instalado formalmente el 1 de agosto en ceremonia realizada en el Museo de Antropolog\u00eda de Xalapa (MAX).<\/p>\n<p>&nbsp;<\/p>\n<div id=\"attachment_14087\" style=\"width: 732px\" class=\"wp-caption aligncenter\"><a href=\"https:\/\/www.uv.mx\/prensa\/files\/2016\/08\/Fitutut.jpg\"><img aria-describedby=\"caption-attachment-14087\" decoding=\"async\" loading=\"lazy\" class=\"wp-image-14087 size-full\" src=\"https:\/\/www.uv.mx\/prensa\/files\/2016\/08\/Fitutut.jpg\" alt=\"Fitutut\" width=\"722\" height=\"250\" srcset=\"https:\/\/www.uv.mx\/prensa\/files\/2016\/08\/Fitutut.jpg 722w, https:\/\/www.uv.mx\/prensa\/files\/2016\/08\/Fitutut-300x104.jpg 300w\" sizes=\"(max-width: 722px) 100vw, 722px\" \/><\/a><p id=\"caption-attachment-14087\" class=\"wp-caption-text\">La rectora Sara Ladr\u00f3n de Guevara y el gobernador electo Miguel \u00c1ngel Yunes Linares anunciaron foros de consulta ciudadana<\/p><\/div>\n<p>&nbsp;<\/p>\n<p>Ladr\u00f3n de Guevara manifest\u00f3 que los foros de consulta significan la realizaci\u00f3n de un ejercicio para \u201cguiar y sistematizar la participaci\u00f3n democr\u00e1tica a fin de generar y recoger propuestas de la sociedad veracruzana para que se utilicen en la formulaci\u00f3n del proyecto de dicho plan\u201d.<\/p>\n<p>Al respecto, Miguel \u00c1ngel Yunes Linares expres\u00f3 un reconocimiento a la instituci\u00f3n educativa, as\u00ed como a la Rectora por su \u201cextraordinaria disposici\u00f3n para que el PVD sea elaborado con la participaci\u00f3n de todos los veracruzanos que deseen participar y en particular de los universitarios, quienes tienen conocimientos serios acerca de la situaci\u00f3n de Veracruz\u201d.<\/p>\n<p>Con este hecho in\u00e9dito, apunt\u00f3, se busca una aut\u00e9ntica planeaci\u00f3n democr\u00e1tica del desarrollo de la entidad para los pr\u00f3ximos dos a\u00f1os, por ello es una convocatoria incluyente y plural.<\/p>\n<p>&nbsp;<\/p>\n<div id=\"attachment_14088\" style=\"width: 610px\" class=\"wp-caption aligncenter\"><a href=\"https:\/\/www.uv.mx\/prensa\/files\/2016\/08\/PVD-portal-prensa.jpg\"><img aria-describedby=\"caption-attachment-14088\" decoding=\"async\" loading=\"lazy\" class=\"size-full wp-image-14088\" src=\"https:\/\/www.uv.mx\/prensa\/files\/2016\/08\/PVD-portal-prensa.jpg\" alt=\"Sara Ladr\u00f3n de Guevara destac\u00f3 el compromiso de la UV con la sociedad veracruzana\" width=\"600\" height=\"783\" srcset=\"https:\/\/www.uv.mx\/prensa\/files\/2016\/08\/PVD-portal-prensa.jpg 600w, https:\/\/www.uv.mx\/prensa\/files\/2016\/08\/PVD-portal-prensa-230x300.jpg 230w\" sizes=\"(max-width: 600px) 100vw, 600px\" \/><\/a><p id=\"caption-attachment-14088\" class=\"wp-caption-text\">Sara Ladr\u00f3n de Guevara destac\u00f3 el compromiso de la UV con la sociedad veracruzana<\/p><\/div>\n<p>&nbsp;<\/p>\n<p>\u201cLa Universidad Veracruzana acept\u00f3 participar de manera decidida en este ejercicio y en la formulaci\u00f3n del proyecto, tarea que ha asumido como un compromiso institucional, atendiendo a su larga tradici\u00f3n de car\u00e1cter humanista\u201d, puntualiz\u00f3 la Rectora.<\/p>\n<p>Atiende, adem\u00e1s, \u201csu compromiso con los veracruzanos de generar y propiciar la discusi\u00f3n y el debate sobre la realidad del estado y del pa\u00eds, en un \u00e1mbito que privilegia la libertad de expresi\u00f3n y el respeto absoluto a la manifestaci\u00f3n de las ideas\u201d.<\/p>\n<p>Actualmente se labora con especialistas en cada campo del conocimiento con la finalidad de elaborar e integrar un documento realista y objetivo, abund\u00f3.<\/p>\n<p>Los foros de consulta ciudadana se abrir\u00e1n a trav\u00e9s de medios electr\u00f3nicos con un portal de Internet para informaci\u00f3n y registro en la direcci\u00f3n: <a href=\"http:\/\/consultapvd.uv.mx\/\"><em>http:\/\/consultapvd.uv.mx\/<\/em><\/a>; asimismo, habr\u00e1 un foro p\u00fablico en la Unidad de Servicios Bibliogr\u00e1ficos y de Informaci\u00f3n de cada una de las cinco regiones universitarias: en Xalapa, del 29 al 31 de agosto; en Boca del R\u00edo, del 1 al 3 de septiembre; en Ixtaczoquitl\u00e1n, del 7 al 8 de septiembre; en Poza Rica, el 9 y 10 de septiembre; en Coatzacoalcos, del 12 al 13 de septiembre; y en la localidad de P\u00e1nuco, el 17 de septiembre en un lugar a\u00fan por definir.<\/p>\n<p>&nbsp;<\/p>\n<div id=\"attachment_14089\" style=\"width: 732px\" class=\"wp-caption aligncenter\"><a href=\"https:\/\/www.uv.mx\/prensa\/files\/2016\/08\/Fmiutu4.jpg\"><img aria-describedby=\"caption-attachment-14089\" decoding=\"async\" loading=\"lazy\" class=\"size-full wp-image-14089\" src=\"https:\/\/www.uv.mx\/prensa\/files\/2016\/08\/Fmiutu4.jpg\" alt=\"Miguel \u00c1ngel Yunes Linares reconoci\u00f3 la disposici\u00f3n de los universitarios para elaborar el PVD \" width=\"722\" height=\"481\" srcset=\"https:\/\/www.uv.mx\/prensa\/files\/2016\/08\/Fmiutu4.jpg 722w, https:\/\/www.uv.mx\/prensa\/files\/2016\/08\/Fmiutu4-300x200.jpg 300w\" sizes=\"(max-width: 722px) 100vw, 722px\" \/><\/a><p id=\"caption-attachment-14089\" class=\"wp-caption-text\">Miguel \u00c1ngel Yunes Linares reconoci\u00f3 la disposici\u00f3n de los universitarios para elaborar el PVD<\/p><\/div>\n<p>&nbsp;<\/p>\n<p>\u201cHemos creado un portal y un sistema de informaci\u00f3n para que todos los ciudadanos realicen propuestas y participen en los foros de consulta\u201d, explic\u00f3 Ladr\u00f3n de Guevara. Aunado a lo anterior, se contar\u00e1 con redes sociales para la libre discusi\u00f3n de ideas en 19 tem\u00e1ticas diferentes.<\/p>\n<p>Yunes Linares recalc\u00f3 que la UV juega un papel sumamente relevante en este ejercicio democr\u00e1tico que tendr\u00e1 la participaci\u00f3n de miles de veracruzanos y busca generar un debate p\u00fablico, amplio, sobre la realidad del estado.<\/p>\n<p>Al concluir su mensaje, Sara Ladr\u00f3n de Guevara enfatiz\u00f3 que \u201ces por el compromiso social de la Universidad Veracruzana por lo que aceptamos esta propuesta, \u00e9ste es un tema institucional y no personal, no hay inter\u00e9s en mi persona por ning\u00fan cargo en el gabinete del futuro gobernador, el compromiso es institucional ante un tema estrat\u00e9gico para el desarrollo de Veracruz y de la misma Universidad\u201d.<\/p>\n<p>&nbsp;<\/p>\n","protected":false},"excerpt":{"rendered":"<p><strong><em>David Sandoval.-<\/em><\/strong>La Universidad Veracruzana (UV), en apoyo al Comit\u00e9 Rector del Plan Veracruzano de Desarrollo (PVD), lanz\u00f3 este lunes 15 de agosto la convocatoria a participar en los Foros de Consulta Ciudadana para el PVD en una rueda de prensa encabezada por la rectora de esta casa de estudios, Sara Ladr\u00f3n de Guevara, y el gobernador electo de Veracruz, Miguel \u00c1ngel Yunes Linares.<\/p>\n","protected":false},"author":1810,"featured_media":14086,"comment_status":"closed","ping_status":"closed","sticky":false,"template":"","format":"standard","meta":[],"categories":[1],"tags":[2],"_links":{"self":[{"href":"https:\/\/www.uv.mx\/prensa\/wp-json\/wp\/v2\/posts\/14085"}],"collection":[{"href":"https:\/\/www.uv.mx\/prensa\/wp-json\/wp\/v2\/posts"}],"about":[{"href":"https:\/\/www.uv.mx\/prensa\/wp-json\/wp\/v2\/types\/post"}],"author":[{"embeddable":true,"href":"https:\/\/www.uv.mx\/prensa\/wp-json\/wp\/v2\/users\/1810"}],"replies":[{"embeddable":true,"href":"https:\/\/www.uv.mx\/prensa\/wp-json\/wp\/v2\/comments?post=14085"}],"version-history":[{"count":0,"href":"https:\/\/www.uv.mx\/prensa\/wp-json\/wp\/v2\/posts\/14085\/revisions"}],"wp:featuredmedia":[{"embeddable":true,"href":"https:\/\/www.uv.mx\/prensa\/wp-json\/wp\/v2\/media\/14086"}],"wp:attachment":[{"href":"https:\/\/www.uv.mx\/prensa\/wp-json\/wp\/v2\/media?parent=14085"}],"wp:term":[{"taxonomy":"category","embeddable":true,"href":"https:\/\/www.uv.mx\/prensa\/wp-json\/wp\/v2\/categories?post=14085"},{"taxonomy":"post_tag","embeddable":true,"href":"https:\/\/www.uv.mx\/prensa\/wp-json\/wp\/v2\/tags?post=14085"}],"curies":[{"name":"wp","href":"https:\/\/api.w.org\/{rel}","templated":true}]}}