{"id":140933,"date":"2024-03-12T16:11:13","date_gmt":"2024-03-12T22:11:13","guid":{"rendered":"https:\/\/www.uv.mx\/prensa\/?p=140933"},"modified":"2024-03-12T16:11:13","modified_gmt":"2024-03-12T22:11:13","slug":"facultad-de-musica-inicio-actividades-por-su-80-aniversario","status":"publish","type":"post","link":"https:\/\/www.uv.mx\/prensa\/cultura\/facultad-de-musica-inicio-actividades-por-su-80-aniversario\/","title":{"rendered":"Facultad de M\u00fasica inici\u00f3 actividades por su 80 aniversario"},"content":{"rendered":"<ul>\n<li data-leveltext=\"\uf0b7\" data-font=\"Symbol\" data-listid=\"1\" data-list-defn-props=\"{&quot;335551671&quot;:80,&quot;335552541&quot;:1,&quot;335559685&quot;:720,&quot;335559991&quot;:360,&quot;469769226&quot;:&quot;Symbol&quot;,&quot;469769242&quot;:[8226],&quot;469777803&quot;:&quot;left&quot;,&quot;469777804&quot;:&quot;\uf0b7&quot;,&quot;469777815&quot;:&quot;hybridMultilevel&quot;}\" data-aria-posinset=\"80\" data-aria-level=\"1\"><i><span data-contrast=\"auto\">El Ensamble de Guitarras, dirigido por Alfonso Moreno, se present\u00f3 en la inauguraci\u00f3n del programa conmemorativo<\/span><\/i><span data-ccp-props=\"{&quot;201341983&quot;:0,&quot;335559739&quot;:0,&quot;335559740&quot;:240}\">\u00a0<\/span><\/li>\n<li data-leveltext=\"\uf0b7\" data-font=\"Symbol\" data-listid=\"1\" data-list-defn-props=\"{&quot;335551671&quot;:80,&quot;335552541&quot;:1,&quot;335559685&quot;:720,&quot;335559991&quot;:360,&quot;469769226&quot;:&quot;Symbol&quot;,&quot;469769242&quot;:[8226],&quot;469777803&quot;:&quot;left&quot;,&quot;469777804&quot;:&quot;\uf0b7&quot;,&quot;469777815&quot;:&quot;hybridMultilevel&quot;}\" data-aria-posinset=\"80\" data-aria-level=\"1\"><i><span data-contrast=\"auto\">Se llev\u00f3 a cabo el conversatorio \u201cEl comp\u00e1s anterior\u201d, con la participaci\u00f3n de Laura Sosa, Beatriz Olmos, Reyna Capilla, Anna Maklakiewicz y Ernesto Tarrag\u00f3<\/span><\/i><span data-ccp-props=\"{&quot;201341983&quot;:0,&quot;335559739&quot;:0,&quot;335559740&quot;:240}\">\u00a0<\/span><\/li>\n<\/ul>\n<p><span data-ccp-props=\"{&quot;201341983&quot;:0,&quot;335559739&quot;:0,&quot;335559740&quot;:240}\">\u00a0<\/span><\/p>\n<div id=\"attachment_140897\" style=\"width: 732px\" class=\"wp-caption aligncenter\"><img aria-describedby=\"caption-attachment-140897\" decoding=\"async\" loading=\"lazy\" class=\"size-full wp-image-140897\" src=\"https:\/\/www.uv.mx\/prensa\/files\/2024\/03\/11-03-2024-PACHECO-Fac.jpg\" alt=\"\" width=\"722\" height=\"437\" srcset=\"https:\/\/www.uv.mx\/prensa\/files\/2024\/03\/11-03-2024-PACHECO-Fac.jpg 722w, https:\/\/www.uv.mx\/prensa\/files\/2024\/03\/11-03-2024-PACHECO-Fac-300x182.jpg 300w\" sizes=\"(max-width: 722px) 100vw, 722px\" \/><p id=\"caption-attachment-140897\" class=\"wp-caption-text\">\u00c1lvaro Hern\u00e1ndez Jarqu\u00edn, director de la Facultad de M\u00fasica UV, inaugur\u00f3 los festejos conmemorativos<\/p><\/div>\n<p><span data-ccp-props=\"{&quot;201341983&quot;:0,&quot;335559739&quot;:0,&quot;335559740&quot;:240}\">\u00a0<\/span><\/p>\n<p><b><i><span data-contrast=\"auto\">Jorge V\u00e1zquez Pacheco<\/span><\/i><\/b><span data-ccp-props=\"{&quot;201341983&quot;:0,&quot;335559739&quot;:0,&quot;335559740&quot;:240}\">\u00a0<\/span><\/p>\n<p><b><i><span data-contrast=\"auto\">Fotos: Omar Portilla Palacios<\/span><\/i><\/b><span data-ccp-props=\"{&quot;201341983&quot;:0,&quot;335559739&quot;:0,&quot;335559740&quot;:240}\">\u00a0<\/span><\/p>\n<p><span data-ccp-props=\"{&quot;201341983&quot;:0,&quot;335559739&quot;:0,&quot;335559740&quot;:240}\">\u00a0<\/span><\/p>\n<p><b><i><span data-contrast=\"auto\">12\/03\/2024, Xalapa, Ver.-<\/span><\/i><\/b> <span data-contrast=\"auto\">Las actividades para conmemorar el 80 aniversario de la Facultad de M\u00fasica de la Universidad Veracruzana (UV) se extender\u00e1n durante todo el a\u00f1o, inform\u00f3 \u00c1lvaro Hern\u00e1ndez Jarqu\u00edn, director de la entidad universitaria.<\/span><span data-ccp-props=\"{&quot;201341983&quot;:0,&quot;335559739&quot;:0,&quot;335559740&quot;:240}\">\u00a0<\/span><\/p>\n<p><span data-contrast=\"auto\">En ceremonia efectuada en el auditorio de la Facultad, coment\u00f3 que el objetivo de la instituci\u00f3n ha sido \u201cuna preparaci\u00f3n acad\u00e9mica intachable y de gran calidad\u201d, la forja de m\u00fasicos y educadores de alto nivel profesional con capacidad de promoci\u00f3n, as\u00ed como plena conciencia de su responsabilidad como parte activa en el desarrollo cultural de la sociedad.<\/span><\/p>\n<p>&nbsp;<\/p>\n<div id=\"attachment_140895\" style=\"width: 732px\" class=\"wp-caption aligncenter\"><img aria-describedby=\"caption-attachment-140895\" decoding=\"async\" loading=\"lazy\" class=\"size-full wp-image-140895\" src=\"https:\/\/www.uv.mx\/prensa\/files\/2024\/03\/11-03-2024-PACHECO-Fac.-de-Musica-Foto-2.jpg\" alt=\"\" width=\"722\" height=\"438\" srcset=\"https:\/\/www.uv.mx\/prensa\/files\/2024\/03\/11-03-2024-PACHECO-Fac.-de-Musica-Foto-2.jpg 722w, https:\/\/www.uv.mx\/prensa\/files\/2024\/03\/11-03-2024-PACHECO-Fac.-de-Musica-Foto-2-300x182.jpg 300w\" sizes=\"(max-width: 722px) 100vw, 722px\" \/><p id=\"caption-attachment-140895\" class=\"wp-caption-text\">El Ensamble de Guitarras de la Facultad, con su director Alfonso Moreno<\/p><\/div>\n<p>&nbsp;<\/p>\n<p><span data-contrast=\"auto\">\u00c1lvaro Hern\u00e1ndez agradeci\u00f3 al personal docente que particip\u00f3 en la organizaci\u00f3n del programa art\u00edstico y tuvo menci\u00f3n especial para Alfonso Moreno, artista importante en el contexto nacional, quien posteriormente tuvo una presentaci\u00f3n con el Ensamble de Guitarras, del cual es fundador.<\/span><span data-ccp-props=\"{&quot;201341983&quot;:0,&quot;335559731&quot;:708,&quot;335559739&quot;:0,&quot;335559740&quot;:240}\">\u00a0<\/span><\/p>\n<p><span data-contrast=\"auto\">Despu\u00e9s se llev\u00f3 a cabo el conversatorio \u201cEl comp\u00e1s anterior\u201d, as\u00ed como una amplia consideraci\u00f3n en torno de temas relacionados con el historial de la escuela, a cargo de acad\u00e9micos ya retirados de la actividad docente: las pianistas Laura Sosa, Beatriz Olmos, Reyna Capilla, la violonchelista de origen polaco Anna Maklakiewicz y el violinista Ernesto Tarrag\u00f3.<\/span><\/p>\n<div id=\"attachment_140896\" style=\"width: 732px\" class=\"wp-caption aligncenter\"><img aria-describedby=\"caption-attachment-140896\" decoding=\"async\" loading=\"lazy\" class=\"wp-image-140896 size-full\" src=\"https:\/\/www.uv.mx\/prensa\/files\/2024\/03\/11-03-2024-PACHECO-Fac.-de-Musica-Foto-3.jpg\" alt=\"Aspecto del conversatorio \u201cEl comp\u00e1s anterior\u201d, en el auditorio de la Facultad de M\u00fasica \" width=\"722\" height=\"317\" srcset=\"https:\/\/www.uv.mx\/prensa\/files\/2024\/03\/11-03-2024-PACHECO-Fac.-de-Musica-Foto-3.jpg 722w, https:\/\/www.uv.mx\/prensa\/files\/2024\/03\/11-03-2024-PACHECO-Fac.-de-Musica-Foto-3-300x132.jpg 300w\" sizes=\"(max-width: 722px) 100vw, 722px\" \/><p id=\"caption-attachment-140896\" class=\"wp-caption-text\">Aspecto del conversatorio \u201cEl comp\u00e1s anterior\u201d, en el auditorio de la Facultad de M\u00fasica<\/p><\/div>\n","protected":false},"excerpt":{"rendered":"<p>Con la consigna permanente de forjar m\u00fasicos de primer nivel, el Director de la Facultad de M\u00fasica refrend\u00f3 el compromiso de formar parte activa en el desarrollo cultural de la sociedad\u00a0<\/p>\n","protected":false},"author":2349,"featured_media":140898,"comment_status":"closed","ping_status":"closed","sticky":false,"template":"","format":"standard","meta":[],"categories":[11,47,15424,61],"tags":[15715,813,15553,16165,730,2644,1738,13071,4158,7487,6462,1280],"_links":{"self":[{"href":"https:\/\/www.uv.mx\/prensa\/wp-json\/wp\/v2\/posts\/140933"}],"collection":[{"href":"https:\/\/www.uv.mx\/prensa\/wp-json\/wp\/v2\/posts"}],"about":[{"href":"https:\/\/www.uv.mx\/prensa\/wp-json\/wp\/v2\/types\/post"}],"author":[{"embeddable":true,"href":"https:\/\/www.uv.mx\/prensa\/wp-json\/wp\/v2\/users\/2349"}],"replies":[{"embeddable":true,"href":"https:\/\/www.uv.mx\/prensa\/wp-json\/wp\/v2\/comments?post=140933"}],"version-history":[{"count":1,"href":"https:\/\/www.uv.mx\/prensa\/wp-json\/wp\/v2\/posts\/140933\/revisions"}],"predecessor-version":[{"id":140938,"href":"https:\/\/www.uv.mx\/prensa\/wp-json\/wp\/v2\/posts\/140933\/revisions\/140938"}],"wp:featuredmedia":[{"embeddable":true,"href":"https:\/\/www.uv.mx\/prensa\/wp-json\/wp\/v2\/media\/140898"}],"wp:attachment":[{"href":"https:\/\/www.uv.mx\/prensa\/wp-json\/wp\/v2\/media?parent=140933"}],"wp:term":[{"taxonomy":"category","embeddable":true,"href":"https:\/\/www.uv.mx\/prensa\/wp-json\/wp\/v2\/categories?post=140933"},{"taxonomy":"post_tag","embeddable":true,"href":"https:\/\/www.uv.mx\/prensa\/wp-json\/wp\/v2\/tags?post=140933"}],"curies":[{"name":"wp","href":"https:\/\/api.w.org\/{rel}","templated":true}]}}