{"id":140952,"date":"2024-03-12T20:16:16","date_gmt":"2024-03-13T02:16:16","guid":{"rendered":"https:\/\/www.uv.mx\/prensa\/?p=140952"},"modified":"2024-03-12T20:16:16","modified_gmt":"2024-03-13T02:16:16","slug":"uv-poza-rica-promueve-igualdad-de-genero","status":"publish","type":"post","link":"https:\/\/www.uv.mx\/prensa\/regiones\/uv-poza-rica-promueve-igualdad-de-genero\/","title":{"rendered":"UV Poza Rica promueve igualdad de g\u00e9nero"},"content":{"rendered":"<ul>\n<li data-leveltext=\"\uf0b7\" data-font=\"Symbol\" data-listid=\"1\" data-list-defn-props=\"{&quot;335552541&quot;:1,&quot;335559685&quot;:720,&quot;335559991&quot;:360,&quot;469769226&quot;:&quot;Symbol&quot;,&quot;469769242&quot;:[8226],&quot;469777803&quot;:&quot;left&quot;,&quot;469777804&quot;:&quot;\uf0b7&quot;,&quot;469777815&quot;:&quot;hybridMultilevel&quot;}\" data-aria-posinset=\"1\" data-aria-level=\"1\"><i><span data-contrast=\"auto\">La Universidad Veracruzana reconoce la importancia de garantizarla, destac\u00f3 la vicerrectora Liliana Cuervo L\u00f3pez<\/span><\/i><span data-ccp-props=\"{&quot;201341983&quot;:0,&quot;335559739&quot;:0,&quot;335559740&quot;:240}\">\u00a0<\/span><\/li>\n<\/ul>\n<p><span data-ccp-props=\"{&quot;201341983&quot;:0,&quot;335559739&quot;:0,&quot;335559740&quot;:240}\">\u00a0<\/span><\/p>\n<div id=\"attachment_140934\" style=\"width: 732px\" class=\"wp-caption aligncenter\"><img aria-describedby=\"caption-attachment-140934\" decoding=\"async\" loading=\"lazy\" class=\"size-full wp-image-140934\" src=\"https:\/\/www.uv.mx\/prensa\/files\/2024\/03\/080324-1Celia-Dia-Int-Mujer.jpg\" alt=\"\" width=\"722\" height=\"386\" srcset=\"https:\/\/www.uv.mx\/prensa\/files\/2024\/03\/080324-1Celia-Dia-Int-Mujer.jpg 722w, https:\/\/www.uv.mx\/prensa\/files\/2024\/03\/080324-1Celia-Dia-Int-Mujer-300x160.jpg 300w\" sizes=\"(max-width: 722px) 100vw, 722px\" \/><p id=\"caption-attachment-140934\" class=\"wp-caption-text\">Indira Broca Rosas y Adriana Rodr\u00edguez San Mart\u00edn, de Marea Verde Totonacapan, charlaron sobre la historia de feminismos mexicanos<\/p><\/div>\n<p><span data-ccp-props=\"{&quot;134233279&quot;:true,&quot;201341983&quot;:0,&quot;335559739&quot;:0,&quot;335559740&quot;:240}\">\u00a0<\/span><\/p>\n<p><b><i><span data-contrast=\"auto\">Redacci\u00f3n Universo<\/span><\/i><\/b><span data-ccp-props=\"{&quot;134233279&quot;:true,&quot;201341983&quot;:0,&quot;335559739&quot;:0,&quot;335559740&quot;:240}\">\u00a0<\/span><\/p>\n<p><b><i><span data-contrast=\"auto\">Fotos: Alma Celia San Mart\u00edn Cruz y Sime\u00f3n II L\u00f3pez Cruz<\/span><\/i><\/b><span data-ccp-props=\"{&quot;134233279&quot;:true,&quot;201341983&quot;:0,&quot;335559739&quot;:0,&quot;335559740&quot;:240}\">\u00a0<\/span><\/p>\n<p><span data-ccp-props=\"{&quot;134233279&quot;:true,&quot;201341983&quot;:0,&quot;335559739&quot;:0,&quot;335559740&quot;:240}\">\u00a0<\/span><\/p>\n<p><b><i><span data-contrast=\"auto\">12\/03\/2024, Poza Rica, Ver.-<\/span><\/i><\/b><span data-contrast=\"auto\"> La Universidad Veracruzana (UV) en la regi\u00f3n Poza Rica-Tuxpan efectu\u00f3 una serie de actividades conmemorativas en el marco del D\u00eda Internacional de la Mujer, con el objetivo de generar un espacio de reflexi\u00f3n, di\u00e1logo y escucha para promover la igualdad de g\u00e9nero.<\/span><span data-ccp-props=\"{&quot;134233279&quot;:true,&quot;201341983&quot;:0,&quot;335559739&quot;:0,&quot;335559740&quot;:240}\">\u00a0<\/span><\/p>\n<p><span data-contrast=\"auto\">Durante el arranque de las actividades, la vicerrectora Liliana Cuervo L\u00f3pez enfatiz\u00f3 que esta casa de estudios reconoce la importancia de garantizar la igualdad de g\u00e9nero y la no discriminaci\u00f3n en todos los espacios de la instituci\u00f3n.<\/span><span data-ccp-props=\"{&quot;134233279&quot;:true,&quot;201341983&quot;:0,&quot;335559731&quot;:708,&quot;335559739&quot;:0,&quot;335559740&quot;:240}\">\u00a0<\/span><\/p>\n<p><span data-contrast=\"auto\">Igualmente, coment\u00f3 que la iniciativa, organizada por la Coordinaci\u00f3n Regional de la Unidad de G\u00e9nero, a cargo de Nimbe Eunise Vargas Zaleta, tiene como finalidad promover y visibilizar la necesidad de proteger y garantizar el ejercicio de los derechos de las mujeres, as\u00ed como los espacios de igualdad, 100% libres de violencia para ellas.<\/span><\/p>\n<p>&nbsp;<\/p>\n<div id=\"attachment_140935\" style=\"width: 1610px\" class=\"wp-caption aligncenter\"><img aria-describedby=\"caption-attachment-140935\" decoding=\"async\" loading=\"lazy\" class=\"size-full wp-image-140935\" src=\"https:\/\/www.uv.mx\/prensa\/files\/2024\/03\/080324-2Celia-Dia-Int-Mujer.jpg.jpg\" alt=\"\" width=\"1600\" height=\"901\" srcset=\"https:\/\/www.uv.mx\/prensa\/files\/2024\/03\/080324-2Celia-Dia-Int-Mujer.jpg.jpg 1600w, https:\/\/www.uv.mx\/prensa\/files\/2024\/03\/080324-2Celia-Dia-Int-Mujer.jpg-300x169.jpg 300w, https:\/\/www.uv.mx\/prensa\/files\/2024\/03\/080324-2Celia-Dia-Int-Mujer.jpg-1024x577.jpg 1024w, https:\/\/www.uv.mx\/prensa\/files\/2024\/03\/080324-2Celia-Dia-Int-Mujer.jpg-768x432.jpg 768w, https:\/\/www.uv.mx\/prensa\/files\/2024\/03\/080324-2Celia-Dia-Int-Mujer.jpg-1536x865.jpg 1536w, https:\/\/www.uv.mx\/prensa\/files\/2024\/03\/080324-2Celia-Dia-Int-Mujer.jpg-1200x676.jpg 1200w\" sizes=\"(max-width: 1600px) 100vw, 1600px\" \/><p id=\"caption-attachment-140935\" class=\"wp-caption-text\">Se imparti\u00f3 el taller \u201c\u00bfQu\u00e9 sabemos de la educaci\u00f3n sexual integral?\u201d a enlaces de g\u00e9nero y funcionarios universitarios<\/p><\/div>\n<p>&nbsp;<\/p>\n<p><span data-contrast=\"auto\">Refiri\u00f3 que la conmemoraci\u00f3n del D\u00eda Internacional de la Mujer se ha convertido en un espacio de reflexi\u00f3n, di\u00e1logo y escucha para promover la igualdad de g\u00e9nero y los derechos de las mujeres.<\/span><span data-ccp-props=\"{&quot;134233279&quot;:true,&quot;201341983&quot;:0,&quot;335559731&quot;:708,&quot;335559739&quot;:0,&quot;335559740&quot;:240}\">\u00a0<\/span><\/p>\n<p><span data-contrast=\"auto\">Por su parte, Anabel Ojeda Guti\u00e9rrez, coordinadora de la Unidad de G\u00e9nero de la UV, celebr\u00f3 el trabajo que autoridades universitarias realizan en la regi\u00f3n Poza Rica-Tuxpan en beneficio de la comunidad universitaria, promoviendo la igualdad de g\u00e9nero y los derechos humanos.<\/span><span data-ccp-props=\"{&quot;134233279&quot;:true,&quot;201341983&quot;:0,&quot;335559731&quot;:708,&quot;335559739&quot;:0,&quot;335559740&quot;:240}\">\u00a0<\/span><\/p>\n<p><span data-contrast=\"auto\">Dentro de las actividades realizadas se encuentran la conferencia \u201cDerechos humanos de las mujeres\u201d, a cargo de Salma Esther Salom\u00f3n Castillo, colaboradora de la Oficina de Derechos Humanos del Ayuntamiento de Poza Rica; la charla \u201cPor el derecho a existir: breve historia de los feminismos mexicanos\u201d, de Adriana Rodr\u00edguez San Mart\u00edn e Indira Broca Rosas, integrantes del colectivo Marea Verde Totonacapan.<\/span><\/p>\n<p>&nbsp;<\/p>\n<div id=\"attachment_140936\" style=\"width: 732px\" class=\"wp-caption aligncenter\"><img aria-describedby=\"caption-attachment-140936\" decoding=\"async\" loading=\"lazy\" class=\"size-full wp-image-140936\" src=\"https:\/\/www.uv.mx\/prensa\/files\/2024\/03\/080324-Celia-3-Celia-Dia-IInt-Mujer.jpg.jpg\" alt=\"\" width=\"722\" height=\"546\" srcset=\"https:\/\/www.uv.mx\/prensa\/files\/2024\/03\/080324-Celia-3-Celia-Dia-IInt-Mujer.jpg.jpg 722w, https:\/\/www.uv.mx\/prensa\/files\/2024\/03\/080324-Celia-3-Celia-Dia-IInt-Mujer.jpg-300x227.jpg 300w\" sizes=\"(max-width: 722px) 100vw, 722px\" \/><p id=\"caption-attachment-140936\" class=\"wp-caption-text\">Salma Esther Salom\u00f3n Castillo habl\u00f3 sobre los derechos humanos de las mujeres<\/p><\/div>\n<p>&nbsp;<\/p>\n<p><span data-contrast=\"auto\">Asimismo, se realiz\u00f3 un taller dirigido a directores, secretarios y enlaces de g\u00e9nero en la regi\u00f3n sobre el tema \u201c\u00bfQu\u00e9 sabemos de la educaci\u00f3n sexual integral?\u201d, a cargo de Alba Hortensia Gonz\u00e1lez Reyes, acad\u00e9mica de la Facultad de Trabajo Social.<\/span><span data-ccp-props=\"{&quot;134233279&quot;:true,&quot;201341983&quot;:0,&quot;335559731&quot;:708,&quot;335559739&quot;:0,&quot;335559740&quot;:240}\">\u00a0<\/span><\/p>\n<p><span data-contrast=\"auto\">Al concluir el ciclo de charlas se inaugur\u00f3 la exposici\u00f3n <\/span><i><span data-contrast=\"auto\">Carteles para la equidad de g\u00e9nero y la diversidad sexual<\/span><\/i><span data-contrast=\"auto\">, en el acceso principal de la Unidad de Servicios Bibliotecarios y de Informaci\u00f3n, en donde los asistentes pudieron admirar los trabajos realizados por estudiantes y profesores del \u00c1rea de Artes.<\/span><span data-ccp-props=\"{&quot;134233279&quot;:true,&quot;201341983&quot;:0,&quot;335559731&quot;:708,&quot;335559739&quot;:0,&quot;335559740&quot;:240}\">\u00a0<\/span><\/p>\n<p><span data-contrast=\"auto\">En otros espacios como los Talleres Libres de Arte de Poza Rica y Papantla se cont\u00f3 con exposiciones alusivas, as\u00ed como charlas en la comunidad Puente de Piedra, municipio de Papantla, por parte de estudiantes de Psicolog\u00eda. Tambi\u00e9n, integrantes del Cap\u00edtulo Estudiantil de Ingenier\u00eda Petrolera organizaron conferencias ofrecidas por egresadas que hoy laboran en empresas petroleras.<\/span><\/p>\n<div id=\"attachment_140937\" style=\"width: 732px\" class=\"wp-caption aligncenter\"><img aria-describedby=\"caption-attachment-140937\" decoding=\"async\" loading=\"lazy\" class=\"size-full wp-image-140937\" src=\"https:\/\/www.uv.mx\/prensa\/files\/2024\/03\/080324-Celia-4-Celia-Dia-IInt-Mujer.jpg.jpg\" alt=\"\" width=\"722\" height=\"431\" srcset=\"https:\/\/www.uv.mx\/prensa\/files\/2024\/03\/080324-Celia-4-Celia-Dia-IInt-Mujer.jpg.jpg 722w, https:\/\/www.uv.mx\/prensa\/files\/2024\/03\/080324-Celia-4-Celia-Dia-IInt-Mujer.jpg-300x179.jpg 300w\" sizes=\"(max-width: 722px) 100vw, 722px\" \/><p id=\"caption-attachment-140937\" class=\"wp-caption-text\">La vicerrectora Liliana Cuervo L\u00f3pez inaugur\u00f3 las actividades de la conmemoraci\u00f3n del D\u00eda Internacional de la Mujer en la regi\u00f3n Poza Rica-Tuxpan<\/p><\/div>\n","protected":false},"excerpt":{"rendered":"<p>Se realizaron charlas, exposiciones, conferencias y talleres<\/p>\n","protected":false},"author":2349,"featured_media":0,"comment_status":"closed","ping_status":"closed","sticky":false,"template":"","format":"standard","meta":[],"categories":[47,8445,54,32],"tags":[4339,4606,9924,1723,11798,800,6638,7356,7494,4464,4572,622,2251,3682,5134],"_links":{"self":[{"href":"https:\/\/www.uv.mx\/prensa\/wp-json\/wp\/v2\/posts\/140952"}],"collection":[{"href":"https:\/\/www.uv.mx\/prensa\/wp-json\/wp\/v2\/posts"}],"about":[{"href":"https:\/\/www.uv.mx\/prensa\/wp-json\/wp\/v2\/types\/post"}],"author":[{"embeddable":true,"href":"https:\/\/www.uv.mx\/prensa\/wp-json\/wp\/v2\/users\/2349"}],"replies":[{"embeddable":true,"href":"https:\/\/www.uv.mx\/prensa\/wp-json\/wp\/v2\/comments?post=140952"}],"version-history":[{"count":1,"href":"https:\/\/www.uv.mx\/prensa\/wp-json\/wp\/v2\/posts\/140952\/revisions"}],"predecessor-version":[{"id":140953,"href":"https:\/\/www.uv.mx\/prensa\/wp-json\/wp\/v2\/posts\/140952\/revisions\/140953"}],"wp:attachment":[{"href":"https:\/\/www.uv.mx\/prensa\/wp-json\/wp\/v2\/media?parent=140952"}],"wp:term":[{"taxonomy":"category","embeddable":true,"href":"https:\/\/www.uv.mx\/prensa\/wp-json\/wp\/v2\/categories?post=140952"},{"taxonomy":"post_tag","embeddable":true,"href":"https:\/\/www.uv.mx\/prensa\/wp-json\/wp\/v2\/tags?post=140952"}],"curies":[{"name":"wp","href":"https:\/\/api.w.org\/{rel}","templated":true}]}}