{"id":141065,"date":"2024-03-14T19:29:46","date_gmt":"2024-03-15T01:29:46","guid":{"rendered":"https:\/\/www.uv.mx\/prensa\/?p=141065"},"modified":"2024-03-14T19:29:46","modified_gmt":"2024-03-15T01:29:46","slug":"facultad-de-ciencias-agricolas-abrio-sus-puertas-a-productoras-locales","status":"publish","type":"post","link":"https:\/\/www.uv.mx\/prensa\/eventos\/facultad-de-ciencias-agricolas-abrio-sus-puertas-a-productoras-locales\/","title":{"rendered":"Facultad de Ciencias Agr\u00edcolas abri\u00f3 sus puertas a productoras locales"},"content":{"rendered":"<ul>\n<li data-leveltext=\"\uf0b7\" data-font=\"Symbol\" data-listid=\"6\" data-list-defn-props=\"{&quot;335552541&quot;:1,&quot;335559685&quot;:720,&quot;335559991&quot;:360,&quot;469769226&quot;:&quot;Symbol&quot;,&quot;469769242&quot;:[8226],&quot;469777803&quot;:&quot;left&quot;,&quot;469777804&quot;:&quot;\uf0b7&quot;,&quot;469777815&quot;:&quot;hybridMultilevel&quot;}\" data-aria-posinset=\"1\" data-aria-level=\"1\"><i><span data-contrast=\"auto\">Comercializaron caf\u00e9, hortalizas, bordados, jabones, plantas arom\u00e1ticas, tamales, dulces t\u00edpicos, salsas, cosm\u00e9ticos naturales y artesan\u00edas<\/span><\/i><span data-ccp-props=\"{}\">\u00a0<\/span><\/li>\n<\/ul>\n<p><span data-ccp-props=\"{}\">\u00a0<\/span><\/p>\n<div id=\"attachment_141041\" style=\"width: 732px\" class=\"wp-caption aligncenter\"><img aria-describedby=\"caption-attachment-141041\" decoding=\"async\" loading=\"lazy\" class=\"size-full wp-image-141041\" src=\"https:\/\/www.uv.mx\/prensa\/files\/2024\/03\/140324-CARLOS-Semillas-de-Cambio-1.jpg\" alt=\"\" width=\"722\" height=\"482\" srcset=\"https:\/\/www.uv.mx\/prensa\/files\/2024\/03\/140324-CARLOS-Semillas-de-Cambio-1.jpg 722w, https:\/\/www.uv.mx\/prensa\/files\/2024\/03\/140324-CARLOS-Semillas-de-Cambio-1-300x200.jpg 300w\" sizes=\"(max-width: 722px) 100vw, 722px\" \/><p id=\"caption-attachment-141041\" class=\"wp-caption-text\">La Facultad de Ciencias Agr\u00edcolas aloj\u00f3 la muestra \u201cSemillas de cambio: encuentro de mujeres emprendedoras agr\u00edcolas\u201d<\/p><\/div>\n<p><span data-ccp-props=\"{}\">\u00a0<\/span><\/p>\n<p><b><i><span data-contrast=\"auto\">Carlos Hugo Hermida Rosales<\/span><\/i><\/b><span data-ccp-props=\"{}\">\u00a0<\/span><\/p>\n<p><b><i><span data-contrast=\"auto\">Fotos: C\u00e9sar Pisil Ramos<\/span><\/i><\/b><span data-ccp-props=\"{}\">\u00a0<\/span><\/p>\n<p><span data-ccp-props=\"{}\">\u00a0<\/span><\/p>\n<p><b><i><span data-contrast=\"auto\">14\/03\/2024, Xalapa, Ver.-<\/span><\/i><\/b><span data-contrast=\"auto\"> La Facultad de Ciencias Agr\u00edcolas de la Universidad Veracruzana (UV) abri\u00f3 sus puertas a vendedoras locales, quienes expusieron productos como caf\u00e9, hortalizas, bordados, jabones, plantas arom\u00e1ticas, tamales, dulces t\u00edpicos, salsas, cosm\u00e9ticos naturales y artesan\u00edas, en el evento \u201cSemillas de cambio: encuentro de mujeres emprendedoras agr\u00edcolas\u201d.<\/span><span data-ccp-props=\"{}\">\u00a0<\/span><\/p>\n<p><span data-contrast=\"auto\">Gabriela S\u00e1nchez Viveros, directora de la entidad acad\u00e9mica, dijo que la iniciativa fue organizada por la Coordinaci\u00f3n de Equidad de G\u00e9nero, en conmemoraci\u00f3n del D\u00eda Internacional de la Mujer.<\/span><span data-ccp-props=\"{&quot;335559731&quot;:708}\">\u00a0<\/span><\/p>\n<p><span data-contrast=\"auto\">\u201cEs fundamental que los estudiantes universitarios tengan contacto directo con productoras y artesanas, pues conocen realidades ajenas al aula y acceden a un intercambio de saberes\u201d, asegur\u00f3.<\/span><\/p>\n<p>&nbsp;<\/p>\n<div id=\"attachment_141040\" style=\"width: 732px\" class=\"wp-caption aligncenter\"><img aria-describedby=\"caption-attachment-141040\" decoding=\"async\" loading=\"lazy\" class=\"size-full wp-image-141040\" src=\"https:\/\/www.uv.mx\/prensa\/files\/2024\/03\/140324-CARLOS-Semillas-de-Cambio-2.jpg\" alt=\"\" width=\"722\" height=\"482\" srcset=\"https:\/\/www.uv.mx\/prensa\/files\/2024\/03\/140324-CARLOS-Semillas-de-Cambio-2.jpg 722w, https:\/\/www.uv.mx\/prensa\/files\/2024\/03\/140324-CARLOS-Semillas-de-Cambio-2-300x200.jpg 300w\" sizes=\"(max-width: 722px) 100vw, 722px\" \/><p id=\"caption-attachment-141040\" class=\"wp-caption-text\">Gabriela S\u00e1nchez y Yajaira Baeza<\/p><\/div>\n<p>&nbsp;<\/p>\n<p><span data-contrast=\"auto\">Yajaira Baeza Guzm\u00e1n, enlace de Equidad de G\u00e9nero en la Facultad de Ciencias Agr\u00edcolas y organizadora del evento, declar\u00f3 que las mujeres son pilar de la producci\u00f3n de alimentos, por lo cual es indispensable visibilizar el papel que tienen en el tema.\u00a0<\/span><span data-ccp-props=\"{&quot;335559731&quot;:708}\">\u00a0<\/span><\/p>\n<p><span data-contrast=\"auto\">Las participantes agradecieron a la Universidad Veracruzana por darles un lugar para mostrar sus art\u00edculos.\u00a0<\/span><span data-ccp-props=\"{&quot;335559731&quot;:708}\">\u00a0<\/span><\/p>\n<p><span data-contrast=\"auto\">Laura Barradas, quien fabrica jabones, cremas, pomadas, champ\u00fa y desodorantes naturales, destac\u00f3 que con este tipo de iniciativas se aprovechan los espacios de la casa de estudios y dan la oportunidad a la comunidad universitaria de acceder a productos que no se encuentran f\u00e1cilmente en el mercado.<\/span><\/p>\n<p>&nbsp;<\/p>\n<div id=\"attachment_141039\" style=\"width: 732px\" class=\"wp-caption aligncenter\"><img aria-describedby=\"caption-attachment-141039\" decoding=\"async\" loading=\"lazy\" class=\"size-full wp-image-141039\" src=\"https:\/\/www.uv.mx\/prensa\/files\/2024\/03\/140324-CARLOS-Semillas-de-Cambio-3.jpg\" alt=\"\" width=\"722\" height=\"482\" srcset=\"https:\/\/www.uv.mx\/prensa\/files\/2024\/03\/140324-CARLOS-Semillas-de-Cambio-3.jpg 722w, https:\/\/www.uv.mx\/prensa\/files\/2024\/03\/140324-CARLOS-Semillas-de-Cambio-3-300x200.jpg 300w\" sizes=\"(max-width: 722px) 100vw, 722px\" \/><p id=\"caption-attachment-141039\" class=\"wp-caption-text\">Laura Barradas, productora de jabones, cremas y desodorantes naturales<\/p><\/div>\n<p>&nbsp;<\/p>\n<p><span data-contrast=\"auto\">Floriberta C\u00f3rdova P\u00e9rez, agricultora de la localidad de Tlalchi, comercializ\u00f3 r\u00e1banos, queso de cabra, tortillas, huevos de rancho y frijol.<\/span><span data-ccp-props=\"{&quot;335559731&quot;:708}\">\u00a0<\/span><\/p>\n<p><span data-contrast=\"auto\">\u201cEs muy bueno que la Universidad nos invite a estos eventos, pues podemos vender hortalizas cultivadas de forma org\u00e1nica y apoyamos nuestra econom\u00eda\u201d, coment\u00f3.\u00a0<\/span><span data-ccp-props=\"{&quot;335559731&quot;:708}\">\u00a0<\/span><\/p>\n<p><span data-contrast=\"auto\">Por su parte, Luc\u00eda C\u00f3rdova Ruiz expuso plantas con peque\u00f1as macetas elaboradas con fibra de c\u00e1scara de coco, entre las que estaban suculentas, bromelias y cactus.<\/span><\/p>\n<p>&nbsp;<\/p>\n<div id=\"attachment_141038\" style=\"width: 732px\" class=\"wp-caption aligncenter\"><img aria-describedby=\"caption-attachment-141038\" decoding=\"async\" loading=\"lazy\" class=\"size-full wp-image-141038\" src=\"https:\/\/www.uv.mx\/prensa\/files\/2024\/03\/140324-CARLOS-Semillas-de-Cambio-4.jpg\" alt=\"\" width=\"722\" height=\"482\" srcset=\"https:\/\/www.uv.mx\/prensa\/files\/2024\/03\/140324-CARLOS-Semillas-de-Cambio-4.jpg 722w, https:\/\/www.uv.mx\/prensa\/files\/2024\/03\/140324-CARLOS-Semillas-de-Cambio-4-300x200.jpg 300w\" sizes=\"(max-width: 722px) 100vw, 722px\" \/><p id=\"caption-attachment-141038\" class=\"wp-caption-text\">Luc\u00eda C\u00f3rdova Ruiz<\/p><\/div>\n<p>&nbsp;<\/p>\n<p><span data-contrast=\"auto\">\u201cLa t\u00e9cnica evita el uso de pl\u00e1stico y no genera residuos; tiene una vida \u00fatil que llega a los cinco a\u00f1os\u201d, asegur\u00f3.\u00a0<\/span><span data-ccp-props=\"{&quot;335559731&quot;:708}\">\u00a0<\/span><\/p>\n<p><span data-contrast=\"auto\">Finalmente, Luz Mar\u00eda Bola\u00f1os L\u00f3pez particip\u00f3 con la venta de chocolate blanco, oscuro y con leche, fabricado con cacao de la variedad forastero.\u00a0<\/span><span data-ccp-props=\"{&quot;335559731&quot;:708}\">\u00a0<\/span><\/p>\n<p><span data-contrast=\"auto\">\u201cProceso mis productos desde la semilla hasta el refinado, y es excelente que la UV me permita promocionarlos\u201d, manifest\u00f3.<\/span><\/p>\n<div id=\"attachment_141042\" style=\"width: 732px\" class=\"wp-caption aligncenter\"><img aria-describedby=\"caption-attachment-141042\" decoding=\"async\" loading=\"lazy\" class=\"size-full wp-image-141042\" src=\"https:\/\/www.uv.mx\/prensa\/files\/2024\/03\/140324-CARLOS-Semillas-de-Cambio-5.jpg\" alt=\"\" width=\"722\" height=\"482\" srcset=\"https:\/\/www.uv.mx\/prensa\/files\/2024\/03\/140324-CARLOS-Semillas-de-Cambio-5.jpg 722w, https:\/\/www.uv.mx\/prensa\/files\/2024\/03\/140324-CARLOS-Semillas-de-Cambio-5-300x200.jpg 300w\" sizes=\"(max-width: 722px) 100vw, 722px\" \/><p id=\"caption-attachment-141042\" class=\"wp-caption-text\">Floriberta C\u00f3rdova P\u00e9rez<\/p><\/div>\n<p><span data-ccp-props=\"{&quot;335559731&quot;:708}\">\u00a0<\/span><\/p>\n","protected":false},"excerpt":{"rendered":"<p>En el evento \u201cSemillas de cambio: encuentro de mujeres emprendedoras agr\u00edcolas\u201d<\/p>\n","protected":false},"author":2349,"featured_media":141037,"comment_status":"closed","ping_status":"closed","sticky":false,"template":"","format":"standard","meta":[],"categories":[47,8445,61,6299],"tags":[16217,10309,8118,4161,6263,10678,1723,7371,645,4572,16218,14091],"_links":{"self":[{"href":"https:\/\/www.uv.mx\/prensa\/wp-json\/wp\/v2\/posts\/141065"}],"collection":[{"href":"https:\/\/www.uv.mx\/prensa\/wp-json\/wp\/v2\/posts"}],"about":[{"href":"https:\/\/www.uv.mx\/prensa\/wp-json\/wp\/v2\/types\/post"}],"author":[{"embeddable":true,"href":"https:\/\/www.uv.mx\/prensa\/wp-json\/wp\/v2\/users\/2349"}],"replies":[{"embeddable":true,"href":"https:\/\/www.uv.mx\/prensa\/wp-json\/wp\/v2\/comments?post=141065"}],"version-history":[{"count":1,"href":"https:\/\/www.uv.mx\/prensa\/wp-json\/wp\/v2\/posts\/141065\/revisions"}],"predecessor-version":[{"id":141066,"href":"https:\/\/www.uv.mx\/prensa\/wp-json\/wp\/v2\/posts\/141065\/revisions\/141066"}],"wp:featuredmedia":[{"embeddable":true,"href":"https:\/\/www.uv.mx\/prensa\/wp-json\/wp\/v2\/media\/141037"}],"wp:attachment":[{"href":"https:\/\/www.uv.mx\/prensa\/wp-json\/wp\/v2\/media?parent=141065"}],"wp:term":[{"taxonomy":"category","embeddable":true,"href":"https:\/\/www.uv.mx\/prensa\/wp-json\/wp\/v2\/categories?post=141065"},{"taxonomy":"post_tag","embeddable":true,"href":"https:\/\/www.uv.mx\/prensa\/wp-json\/wp\/v2\/tags?post=141065"}],"curies":[{"name":"wp","href":"https:\/\/api.w.org\/{rel}","templated":true}]}}