{"id":14135,"date":"2016-08-17T12:21:03","date_gmt":"2016-08-17T17:21:03","guid":{"rendered":"https:\/\/www.uv.mx\/prensa\/?p=14135"},"modified":"2016-08-18T09:31:47","modified_gmt":"2016-08-18T14:31:47","slug":"entre-recuerdos-y-llanto-la-comunidad-universitaria-despidio-a-hosme-israel","status":"publish","type":"post","link":"https:\/\/www.uv.mx\/prensa\/general\/entre-recuerdos-y-llanto-la-comunidad-universitaria-despidio-a-hosme-israel\/","title":{"rendered":"Entre recuerdos y llanto la comunidad universitaria despidi\u00f3 a Hosm\u00e9 Israel"},"content":{"rendered":"<ul>\n<li><em>\u201cSe ha perdido una parte fundamental del teatro en M\u00e9xico\u201d: Enrique Pineda<\/em><\/li>\n<li><em>\u201cSe fue un buen amigo dentro y fuera de escena, con aquella enorme chispa que contagiaba a todos\u201d: Francisco Beverido<\/em><\/li>\n<\/ul>\n<p>&nbsp;<\/p>\n<div id=\"attachment_14143\" style=\"width: 732px\" class=\"wp-caption aligncenter\"><a href=\"https:\/\/www.uv.mx\/prensa\/files\/2016\/08\/05845.jpg\"><img aria-describedby=\"caption-attachment-14143\" decoding=\"async\" loading=\"lazy\" class=\"size-full wp-image-14143\" src=\"https:\/\/www.uv.mx\/prensa\/files\/2016\/08\/05845.jpg\" alt=\"Hosm\u00e9 Israel recibi\u00f3 un homenaje de cuerpo presente en el Teatro del Estado\" width=\"722\" height=\"574\" srcset=\"https:\/\/www.uv.mx\/prensa\/files\/2016\/08\/05845.jpg 722w, https:\/\/www.uv.mx\/prensa\/files\/2016\/08\/05845-300x239.jpg 300w\" sizes=\"(max-width: 722px) 100vw, 722px\" \/><\/a><p id=\"caption-attachment-14143\" class=\"wp-caption-text\">Hosm\u00e9 Israel recibi\u00f3 un homenaje de cuerpo presente en el Teatro del Estado<\/p><\/div>\n<p>&nbsp;<\/p>\n<p><strong><em>Jorge V\u00e1zquez Pacheco<\/em><\/strong><\/p>\n<p>&nbsp;<\/p>\n<p><strong><em>Xalapa, Ver. 17\/08\/2016.-<\/em><\/strong><em>\u00a0<\/em>En la personalidad profesional de Hosm\u00e9 Israel se dio la sorprendente simbiosis de \u00e9l mismo con el personaje al que dio vida sobre la escena. Hosm\u00e9 era <em>La virgen loca<\/em> y sin \u00e9l, la torturada solterona seguramente ser\u00e1 incapaz de regresar al proscenio.<\/p>\n<p>Con estas palabras inici\u00f3 el acto de homenaje a uno de los actores fundamentales en la historia del teatro universitario, en la Sala \u201cDagoberto Guillaumin\u201d del Teatro del Estado, y su foro dispuesto con los mismos elementos escenogr\u00e1ficos del drama estrenado en 1974. S\u00f3lo que este 16 de agosto, en el escenario no se vio a la mujer de blanco sino el f\u00e9retro de un artista en toda la extensi\u00f3n de la palabra.<\/p>\n<p>El evento fue encabezado por la rectora de la Universidad Veracruzana (UV), Sara Ladr\u00f3n de Guevara, y funcionarios de la propia instituci\u00f3n adscritos a la Rector\u00eda, direcciones generales de Difusi\u00f3n Cultural, del \u00c1rea Acad\u00e9mica de Artes y de Comunicaci\u00f3n Universitaria, entre muchos otros, adem\u00e1s del director del Instituto Veracruzano de la Cultura, Rodolfo Mendoza Rosendo.<\/p>\n<p>El director de la Compa\u00f1\u00eda Titular de Teatro UV, Luis Mario Moncada, expres\u00f3 que es un dolor inmenso la sorpresiva partida de Hosm\u00e9 y, a la vez, la enorme satisfacci\u00f3n de haber compartido experiencias con el generador de un fen\u00f3meno \u2013la materializaci\u00f3n de un personaje que muchos confundimos con alguien conocido\u2013 que ha establecido precedentes importantes a nivel nacional e internacional, entre ellos un r\u00e9cord de permanencia en cartelera dif\u00edcil siquiera de igualar.<\/p>\n<p>Por su parte, Esther Hern\u00e1ndez Palacios, directora general de Difusi\u00f3n Cultural, dio lectura a un texto redactado por Luis Enrique Guti\u00e9rrez Ortiz Monasterio (mejor conocido como LEGOM) en torno de los \u00faltimos d\u00edas de Hosm\u00e9 y la coincidencia de ambos en la sala de hospital al que acud\u00edan al procedimiento m\u00e9dico de di\u00e1lisis. LEGOM aludi\u00f3 a la fortuna de contar con la cercan\u00eda de alguien poseedor de charla tan amena, el de la m\u00e1quina 4, y que ya nunca volver\u00e1 a estar all\u00ed.<\/p>\n<p>Despu\u00e9s de diversas guardias ante el f\u00e9retro, el cuerpo del actor fue conducido hacia su \u00faltima morada, al tiempo que quienes trabajaron con \u00e9l lamentaban tan sorpresiva partida.<\/p>\n<p>&nbsp;<\/p>\n<div id=\"attachment_14145\" style=\"width: 732px\" class=\"wp-caption aligncenter\"><a href=\"https:\/\/www.uv.mx\/prensa\/files\/2016\/08\/17054.jpg\"><img aria-describedby=\"caption-attachment-14145\" decoding=\"async\" loading=\"lazy\" class=\"wp-image-14145 size-full\" src=\"https:\/\/www.uv.mx\/prensa\/files\/2016\/08\/17054.jpg\" alt=\"Enrique Pineda, uno de los creadores de La virgen loca\" width=\"722\" height=\"482\" srcset=\"https:\/\/www.uv.mx\/prensa\/files\/2016\/08\/17054.jpg 722w, https:\/\/www.uv.mx\/prensa\/files\/2016\/08\/17054-300x200.jpg 300w\" sizes=\"(max-width: 722px) 100vw, 722px\" \/><\/a><p id=\"caption-attachment-14145\" class=\"wp-caption-text\">Luis Mario Moncada, director del Orteuv<\/p><\/div>\n<p>&nbsp;<\/p>\n<p>\u201cSe ha perdido una parte fundamental del teatro en M\u00e9xico\u201d, indic\u00f3 Enrique Pineda, director de <em>La virgen loca <\/em>y junto con Hosm\u00e9, creador de este emblem\u00e1tico libreto teatral. \u201cCon Hosm\u00e9 se va una parte de la pasi\u00f3n por hacer teatro que comienza a perderse en esta Universidad. No fueron pocos quienes descubrieron su vocaci\u00f3n teatral con <em>La virgen loca<\/em>, adem\u00e1s de marcar un par\u00e9ntesis important\u00edsimo. La vieron abuelos, padres e hijos; muchas generaciones la recomendaban de viva voz. \u00bfQu\u00e9 inici\u00f3 como un juego? El teatro mismo es un juego que llamamos actuaci\u00f3n.\u201d<\/p>\n<p>Francisco Beverido coment\u00f3 amargamente la partida de un humano imaginativo, creativo y con entusiasmo amoroso por su trabajo. \u201cUn buen amigo dentro y fuera de escena, con aquella enorme chispa que nos contagiaba a todos\u201d.<\/p>\n<p>\u201cNo s\u00f3lo era su trabajo, tambi\u00e9n su calidad humana\u201d, mencion\u00f3 Guillermo Barclay. \u201cAunque es una l\u00e1stima que se haya ido, nos deja un recuerdo hermoso\u201d.<\/p>\n<p>Carlos Torralba, director de la Facultad de Artes Pl\u00e1sticas, se\u00f1al\u00f3 que \u201cm\u00e1s all\u00e1 de ser un excelente actor, era un hombre que bien sab\u00eda vivir y que cada d\u00eda crec\u00eda art\u00edsticamente. El teatro de la UV pierde un gran talento\u201d.<\/p>\n<p>El actor y director Jorge Castillo resalt\u00f3 las virtudes de un drama a la vez divertido y amargo, que fue la m\u00e1xima creaci\u00f3n de Hosm\u00e9 y que \u00e9ste represent\u00f3 siempre con renovados \u00e1nimos durante m\u00e1s de 40 a\u00f1os. Finalmente, el m\u00fasico Ren\u00e9 Baruch mencion\u00f3 la conveniencia de un festival o concurso de teatro que lleve el nombre del desaparecido, lo que fundamentar\u00e1 de mejor forma la tradici\u00f3n universitaria.<\/p>\n","protected":false},"excerpt":{"rendered":"<p><strong><em>Jorge V\u00e1zquez.-<\/em><\/strong>En la personalidad profesional de Hosm\u00e9 Israel se dio la sorprendente simbiosis de \u00e9l mismo con el personaje al que dio vida sobre la escena. Hosm\u00e9 era La virgen loca y sin \u00e9l, la torturada solterona seguramente ser\u00e1 incapaz de regresar al proscenio.<\/p>\n","protected":false},"author":1810,"featured_media":14139,"comment_status":"closed","ping_status":"closed","sticky":false,"template":"","format":"standard","meta":[],"categories":[1],"tags":[2],"_links":{"self":[{"href":"https:\/\/www.uv.mx\/prensa\/wp-json\/wp\/v2\/posts\/14135"}],"collection":[{"href":"https:\/\/www.uv.mx\/prensa\/wp-json\/wp\/v2\/posts"}],"about":[{"href":"https:\/\/www.uv.mx\/prensa\/wp-json\/wp\/v2\/types\/post"}],"author":[{"embeddable":true,"href":"https:\/\/www.uv.mx\/prensa\/wp-json\/wp\/v2\/users\/1810"}],"replies":[{"embeddable":true,"href":"https:\/\/www.uv.mx\/prensa\/wp-json\/wp\/v2\/comments?post=14135"}],"version-history":[{"count":0,"href":"https:\/\/www.uv.mx\/prensa\/wp-json\/wp\/v2\/posts\/14135\/revisions"}],"wp:featuredmedia":[{"embeddable":true,"href":"https:\/\/www.uv.mx\/prensa\/wp-json\/wp\/v2\/media\/14139"}],"wp:attachment":[{"href":"https:\/\/www.uv.mx\/prensa\/wp-json\/wp\/v2\/media?parent=14135"}],"wp:term":[{"taxonomy":"category","embeddable":true,"href":"https:\/\/www.uv.mx\/prensa\/wp-json\/wp\/v2\/categories?post=14135"},{"taxonomy":"post_tag","embeddable":true,"href":"https:\/\/www.uv.mx\/prensa\/wp-json\/wp\/v2\/tags?post=14135"}],"curies":[{"name":"wp","href":"https:\/\/api.w.org\/{rel}","templated":true}]}}