{"id":142289,"date":"2024-04-26T15:09:45","date_gmt":"2024-04-26T20:09:45","guid":{"rendered":"https:\/\/www.uv.mx\/prensa\/?p=142289"},"modified":"2024-04-26T15:09:45","modified_gmt":"2024-04-26T20:09:45","slug":"analizan-en-la-uv-migracion-femenina-en-los-siglos-xviii-y-xix","status":"publish","type":"post","link":"https:\/\/www.uv.mx\/prensa\/general\/analizan-en-la-uv-migracion-femenina-en-los-siglos-xviii-y-xix\/","title":{"rendered":"Analizan en la UV migraci\u00f3n femenina en los siglos XVIII y XIX"},"content":{"rendered":"<ul style=\"font-weight: 400\">\n<li data-leveltext=\"\uf0b7\" data-font=\"Symbol\" data-listid=\"1\" data-list-defn-props=\"{&quot;335552541&quot;:1,&quot;335559685&quot;:720,&quot;335559991&quot;:360,&quot;469769226&quot;:&quot;Symbol&quot;,&quot;469769242&quot;:[8226],&quot;469777803&quot;:&quot;left&quot;,&quot;469777804&quot;:&quot;\uf0b7&quot;,&quot;469777815&quot;:&quot;hybridMultilevel&quot;}\" data-aria-posinset=\"1\" data-aria-level=\"1\"><i><span data-contrast=\"auto\">Adriana Gil<\/span><\/i><i><span data-contrast=\"auto\">, investigadora del INAH, <\/span><\/i><i><span data-contrast=\"auto\">se\u00f1al\u00f3 que uno de los picos m\u00e1s altos se registr\u00f3 en la segunda mitad del siglo XVIII, debido a la crisis en los campos<\/span><\/i><span data-ccp-props=\"{&quot;201341983&quot;:0,&quot;335559739&quot;:0,&quot;335559740&quot;:240}\">\u00a0<\/span><\/li>\n<li data-leveltext=\"\uf0b7\" data-font=\"Symbol\" data-listid=\"1\" data-list-defn-props=\"{&quot;335552541&quot;:1,&quot;335559685&quot;:720,&quot;335559991&quot;:360,&quot;469769226&quot;:&quot;Symbol&quot;,&quot;469769242&quot;:[8226],&quot;469777803&quot;:&quot;left&quot;,&quot;469777804&quot;:&quot;\uf0b7&quot;,&quot;469777815&quot;:&quot;hybridMultilevel&quot;}\" data-aria-posinset=\"2\" data-aria-level=\"1\"><i><span data-contrast=\"auto\">Para la segunda mitad del siglo XIX, el 59% de las mujeres migrantes proven\u00edan del campo y rancher\u00edas del estado<\/span><\/i><span data-ccp-props=\"{&quot;201341983&quot;:0,&quot;335559739&quot;:0,&quot;335559740&quot;:240}\">\u00a0<\/span><\/li>\n<\/ul>\n<div id=\"attachment_142254\" style=\"width: 732px\" class=\"wp-caption aligncenter\"><img aria-describedby=\"caption-attachment-142254\" decoding=\"async\" loading=\"lazy\" class=\"size-full wp-image-142254\" src=\"https:\/\/www.uv.mx\/prensa\/files\/2024\/04\/250424-PAOLA-Conferencia-IIH-S-1-100k.jpg\" alt=\"\" width=\"722\" height=\"542\" srcset=\"https:\/\/www.uv.mx\/prensa\/files\/2024\/04\/250424-PAOLA-Conferencia-IIH-S-1-100k.jpg 722w, https:\/\/www.uv.mx\/prensa\/files\/2024\/04\/250424-PAOLA-Conferencia-IIH-S-1-100k-300x225.jpg 300w\" sizes=\"(max-width: 722px) 100vw, 722px\" \/><p id=\"caption-attachment-142254\" class=\"wp-caption-text\">Adriana Gil, investigadora del INAH-Veracruz<\/p><\/div>\n<p><b><i><span data-contrast=\"auto\">Texto y Fotos: Paola Cort\u00e9s P\u00e9rez<\/span><\/i><\/b><span data-ccp-props=\"{&quot;201341983&quot;:0,&quot;335559739&quot;:0,&quot;335559740&quot;:240}\">\u00a0<\/span><\/p>\n<p><b><i><span data-contrast=\"auto\">25\/04\/2024, Xalapa, Ver.-<\/span><\/i><\/b><span data-contrast=\"auto\"> Adriana Gil Maro\u00f1o, investigadora del Instituto Nacional de Antropolog\u00eda e Historia (INAH), Delegaci\u00f3n Veracruz, coment\u00f3 que siempre ha existido migraci\u00f3n femenina, aunque uno de sus picos m\u00e1s altos se registr\u00f3 durante la segunda mitad del siglo XVIII, debido a la crisis en los campos novohispanos por los cambios climatol\u00f3gicos.<\/span><span data-ccp-props=\"{&quot;201341983&quot;:0,&quot;335559739&quot;:0,&quot;335559740&quot;:240}\">\u00a0<\/span><\/p>\n<p><span data-contrast=\"auto\">La especialista imparti\u00f3 la conferencia \u201cEspacio, h\u00e1bitat urbano y g\u00e9nero en diferentes momentos de la historia de Veracruz\u201d, organizada por la Maestr\u00eda en Estudios de Espacio, Territorio y Paisaje (METP) y la experiencia educativa Espacio y G\u00e9nero, del Instituto de Investigaciones Hist\u00f3rico-Sociales (IIH-S) de la Universidad Veracruzana (UV).<\/span><span data-ccp-props=\"{&quot;201341983&quot;:0,&quot;335559731&quot;:708,&quot;335559739&quot;:0,&quot;335559740&quot;:240}\">\u00a0<\/span><\/p>\n<p><span data-contrast=\"auto\">En las \u00faltimas tres d\u00e9cadas del siglo XVIII se vivi\u00f3 un clima inestable que ocasion\u00f3 la p\u00e9rdida de cosechas, as\u00ed como la escasez de alimento y hambruna, propici\u00e1ndose una migraci\u00f3n hacia el puerto de Veracruz por el auge de la comercializaci\u00f3n y el tr\u00e1fico de mercanc\u00eda, mencion\u00f3.<\/span><span data-ccp-props=\"{&quot;201341983&quot;:0,&quot;335559731&quot;:708,&quot;335559739&quot;:0,&quot;335559740&quot;:240}\">\u00a0<\/span><\/p>\n<p><span data-contrast=\"auto\">El puerto fue fundado para responder al incremento del comercio intercontinental que proced\u00eda de Europa, Las Antillas y El Caribe, de tal manera que se ampli\u00f3 y creci\u00f3.<\/span><span data-ccp-props=\"{&quot;201341983&quot;:0,&quot;335559731&quot;:708,&quot;335559739&quot;:0,&quot;335559740&quot;:240}\">\u00a0<\/span><\/p>\n<p><span data-contrast=\"auto\">De acuerdo con el padr\u00f3n o censo de finales del siglo XVIII, la ciudad porte\u00f1a fue divida en cuatro partes, en las cuales se asentaron comerciantes, posaderos, gremios artesanales, vendedores de comida, mineros, sastres, carpinteros, alba\u00f1iles, zapateros, m\u00fasicos y una diversidad de oficios.<\/span><span data-ccp-props=\"{&quot;201341983&quot;:0,&quot;335559731&quot;:708,&quot;335559739&quot;:0,&quot;335559740&quot;:240}\">\u00a0<\/span><\/p>\n<div id=\"attachment_142255\" style=\"width: 732px\" class=\"wp-caption aligncenter\"><img aria-describedby=\"caption-attachment-142255\" decoding=\"async\" loading=\"lazy\" class=\"size-full wp-image-142255\" src=\"https:\/\/www.uv.mx\/prensa\/files\/2024\/04\/250424-PAOLA-Conferencia-IIH-S-2-100k.jpg\" alt=\"\" width=\"722\" height=\"542\" srcset=\"https:\/\/www.uv.mx\/prensa\/files\/2024\/04\/250424-PAOLA-Conferencia-IIH-S-2-100k.jpg 722w, https:\/\/www.uv.mx\/prensa\/files\/2024\/04\/250424-PAOLA-Conferencia-IIH-S-2-100k-300x225.jpg 300w\" sizes=\"(max-width: 722px) 100vw, 722px\" \/><p id=\"caption-attachment-142255\" class=\"wp-caption-text\">Las mujeres migrantes se desempe\u00f1aron como empleadas dom\u00e9sticas y lavanderas<\/p><\/div>\n<p><span data-contrast=\"auto\">Para la segunda mitad del siglo XIX, seg\u00fan el padr\u00f3n de 1864, el 59% de las mujeres migrantes proven\u00edan del campo y rancher\u00edas del estado, mientras que el 41% restante eran de diversas partes del pa\u00eds.<\/span><span data-ccp-props=\"{&quot;201341983&quot;:0,&quot;335559731&quot;:708,&quot;335559739&quot;:0,&quot;335559740&quot;:240}\">\u00a0<\/span><\/p>\n<p><span data-contrast=\"auto\">\u201cAunque para esta \u00e9poca el modelo ideal era que las mujeres estuvieran en sus casas, lo cierto es que en la pr\u00e1ctica social no era posible, porque la mayor\u00eda de ellas ten\u00eda que trabajar: el 66% de las que llegaban a la ciudad porte\u00f1a se desempe\u00f1aron como empleadas dom\u00e9sticas y lavanderas, y el resto fueron costureras, modistas, maestras y vendedoras de comida.\u201d<\/span><span data-ccp-props=\"{&quot;201341983&quot;:0,&quot;335559731&quot;:708,&quot;335559739&quot;:0,&quot;335559740&quot;:240}\">\u00a0<\/span><\/p>\n<p><b><span data-contrast=\"auto\">\u00bfC\u00f3mo se viv\u00eda en el puerto de Veracruz del siglo XVIII?<\/span><\/b><span data-ccp-props=\"{&quot;201341983&quot;:0,&quot;335559739&quot;:0,&quot;335559740&quot;:240}\">\u00a0<\/span><\/p>\n<p><span data-contrast=\"auto\">De acuerdo con el padr\u00f3n de la segunda mitad del siglo XVIII, el puerto de Veracruz se dividi\u00f3 en cuatro \u00e1reas, donde converg\u00edan la vida dom\u00e9stica, la laboral y la p\u00fablica.<\/span><span data-ccp-props=\"{&quot;201341983&quot;:0,&quot;335559739&quot;:0,&quot;335559740&quot;:240}\">\u00a0<\/span><\/p>\n<p><span data-contrast=\"auto\">\u201cLa vida era p\u00fablica y corporativa, no hab\u00eda limitaciones en la sociabilidad, hab\u00eda muchas festividades \u2013p\u00fablicas, pol\u00edticas y religiosas\u2013 en las que participaban todos los estamentos sociales.\u201d<\/span><span data-ccp-props=\"{&quot;201341983&quot;:0,&quot;335559731&quot;:708,&quot;335559739&quot;:0,&quot;335559740&quot;:240}\">\u00a0<\/span><\/p>\n<p><span data-contrast=\"auto\">En una parte de la ciudad viv\u00edan los comerciantes, generalmente en enormes casonas porque en ellas cohabitan esposa, hijos, nietos, suegros, hermanos, cu\u00f1ados, cu\u00f1adas con sus respectivas familias, as\u00ed como sus sirvientes y animales.<\/span><span data-ccp-props=\"{&quot;201341983&quot;:0,&quot;335559731&quot;:708,&quot;335559739&quot;:0,&quot;335559740&quot;:240}\">\u00a0<\/span><\/p>\n<p><span data-contrast=\"auto\">En otro punto se ubicaban los artesanos, sus unidades dom\u00e9sticas eran m\u00e1s peque\u00f1as, no exist\u00eda distinci\u00f3n entre el taller y el espacio dom\u00e9stico, y los roles de g\u00e9nero no estaban definidos como sucedi\u00f3 a partir del siglo XIX, esto permiti\u00f3 que las mujeres trabajar\u00e1n a la par del var\u00f3n.<\/span><span data-ccp-props=\"{&quot;201341983&quot;:0,&quot;335559731&quot;:708,&quot;335559739&quot;:0,&quot;335559740&quot;:240}\">\u00a0<\/span><\/p>\n<div id=\"attachment_142256\" style=\"width: 732px\" class=\"wp-caption aligncenter\"><img aria-describedby=\"caption-attachment-142256\" decoding=\"async\" loading=\"lazy\" class=\"size-full wp-image-142256\" src=\"https:\/\/www.uv.mx\/prensa\/files\/2024\/04\/250424-PAOLA-Conferencia-IIH-S-3-100k.jpg\" alt=\"\" width=\"722\" height=\"542\" srcset=\"https:\/\/www.uv.mx\/prensa\/files\/2024\/04\/250424-PAOLA-Conferencia-IIH-S-3-100k.jpg 722w, https:\/\/www.uv.mx\/prensa\/files\/2024\/04\/250424-PAOLA-Conferencia-IIH-S-3-100k-300x225.jpg 300w\" sizes=\"(max-width: 722px) 100vw, 722px\" \/><p id=\"caption-attachment-142256\" class=\"wp-caption-text\">La conferencia la imparti\u00f3 en instalaciones del IIH-S de esta casa de estudios<\/p><\/div>\n<p><span data-contrast=\"auto\">Tambi\u00e9n estaban los patios de vecindad, que eran grandes casas divididas en espacios para rentar. La poblaci\u00f3n que viv\u00eda en ellas era diversa: matrimonios de espa\u00f1oles y de africanos, as\u00ed como solteros; las divisiones eran demasiado ligeras, no exist\u00eda la noci\u00f3n de vida privada e intimidad, especialmente en una ciudad en crecimiento.<\/span><span data-ccp-props=\"{&quot;201341983&quot;:0,&quot;335559731&quot;:708,&quot;335559739&quot;:0,&quot;335559740&quot;:240}\">\u00a0<\/span><\/p>\n<p><span data-contrast=\"auto\">Asimismo, hubo unidades dom\u00e9sticas conformadas s\u00f3lo por mujeres que se agrupaban para vivir porque la mayor\u00eda eran viudas, pero en realidad fueron seducidas y abandonadas con hijos, lo cual era mal visto, de ah\u00ed que fueran llamadas viudas ficticias.<\/span><span data-ccp-props=\"{&quot;201341983&quot;:0,&quot;335559731&quot;:708,&quot;335559739&quot;:0,&quot;335559740&quot;:240}\">\u00a0<\/span><\/p>\n<p><span data-contrast=\"auto\">En el sur de la ciudad estaban los panaderos, carniceros, zapateros, sastres, peluqueros, m\u00fasicos, labradores, alba\u00f1iles, pescadores, aguaderos, talabarteros, entre otros.<\/span><span data-ccp-props=\"{&quot;201341983&quot;:0,&quot;335559731&quot;:708,&quot;335559739&quot;:0,&quot;335559740&quot;:240}\">\u00a0<\/span><\/p>\n<p><span data-contrast=\"auto\">\u201cSe trata de sociedades corporativas en las que no exist\u00eda la conciencia del yo, sino que se deb\u00edan a la funci\u00f3n de un grupo, atr\u00e1s de la acci\u00f3n individual estaba la asociaci\u00f3n a un grupo ya sea familiar (a trav\u00e9s de alianzas matrimoniales y\/o compadrazgos), laboral, pol\u00edtico o eclesi\u00e1stico.\u201d<\/span><span data-ccp-props=\"{&quot;201341983&quot;:0,&quot;335559731&quot;:708,&quot;335559739&quot;:0,&quot;335559740&quot;:240}\">\u00a0<\/span><\/p>\n<p><span data-contrast=\"auto\">En tanto, en el siglo XIX la sociedad se volvi\u00f3 restringida a nivel familiar e individual, lo que contribuy\u00f3 a la creaci\u00f3n del concepto de pudor y a la conciencia del yo. Se consider\u00f3 que el espacio dom\u00e9stico \u2013lo privado\u2013 era exclusivo para las mujeres, al considerarlas \u201cel \u00e1ngel del hogar\u201d, mientras que lo p\u00fablico s\u00f3lo era para los varones.<\/span><span data-ccp-props=\"{&quot;201341983&quot;:0,&quot;335559731&quot;:708,&quot;335559739&quot;:0,&quot;335559740&quot;:240}\">\u00a0<\/span><\/p>\n","protected":false},"excerpt":{"rendered":"<p>La mayor\u00eda de las mujeres que llegaron a vivir al puerto de Veracruz trabajaron como lavanderas y empleadas dom\u00e9sticas <\/p>\n","protected":false},"author":1810,"featured_media":142257,"comment_status":"closed","ping_status":"closed","sticky":false,"template":"","format":"standard","meta":[],"categories":[50,1,61],"tags":[16688,852,10649,16197,4164,13517],"_links":{"self":[{"href":"https:\/\/www.uv.mx\/prensa\/wp-json\/wp\/v2\/posts\/142289"}],"collection":[{"href":"https:\/\/www.uv.mx\/prensa\/wp-json\/wp\/v2\/posts"}],"about":[{"href":"https:\/\/www.uv.mx\/prensa\/wp-json\/wp\/v2\/types\/post"}],"author":[{"embeddable":true,"href":"https:\/\/www.uv.mx\/prensa\/wp-json\/wp\/v2\/users\/1810"}],"replies":[{"embeddable":true,"href":"https:\/\/www.uv.mx\/prensa\/wp-json\/wp\/v2\/comments?post=142289"}],"version-history":[{"count":1,"href":"https:\/\/www.uv.mx\/prensa\/wp-json\/wp\/v2\/posts\/142289\/revisions"}],"predecessor-version":[{"id":142293,"href":"https:\/\/www.uv.mx\/prensa\/wp-json\/wp\/v2\/posts\/142289\/revisions\/142293"}],"wp:featuredmedia":[{"embeddable":true,"href":"https:\/\/www.uv.mx\/prensa\/wp-json\/wp\/v2\/media\/142257"}],"wp:attachment":[{"href":"https:\/\/www.uv.mx\/prensa\/wp-json\/wp\/v2\/media?parent=142289"}],"wp:term":[{"taxonomy":"category","embeddable":true,"href":"https:\/\/www.uv.mx\/prensa\/wp-json\/wp\/v2\/categories?post=142289"},{"taxonomy":"post_tag","embeddable":true,"href":"https:\/\/www.uv.mx\/prensa\/wp-json\/wp\/v2\/tags?post=142289"}],"curies":[{"name":"wp","href":"https:\/\/api.w.org\/{rel}","templated":true}]}}