{"id":142863,"date":"2024-05-11T21:33:41","date_gmt":"2024-05-12T02:33:41","guid":{"rendered":"https:\/\/www.uv.mx\/prensa\/?p=142863"},"modified":"2024-05-11T21:33:41","modified_gmt":"2024-05-12T02:33:41","slug":"ximena-santaolalla-presento-a-veces-despierto-temblando","status":"publish","type":"post","link":"https:\/\/www.uv.mx\/prensa\/cultura\/ximena-santaolalla-presento-a-veces-despierto-temblando\/","title":{"rendered":"Ximena Santaolalla present\u00f3 <i>A veces despierto temblando<\/i>"},"content":{"rendered":"<ul>\n<li data-leveltext=\"\u2022\" data-font=\"Arial\" data-listid=\"2\" data-list-defn-props=\"{&quot;335552541&quot;:1,&quot;469769242&quot;:[8226],&quot;469777804&quot;:&quot;\u2022&quot;}\" data-aria-posinset=\"1\" data-aria-level=\"1\"><i><span data-contrast=\"auto\">En esta novela, la escritora aborda la guerra civil guatemalteca durante la presidencia de Efra\u00edn R\u00edos Montt<\/span><\/i><span data-ccp-props=\"{&quot;201341983&quot;:0,&quot;335551550&quot;:1,&quot;335551620&quot;:1,&quot;335559685&quot;:720,&quot;335559737&quot;:0,&quot;335559738&quot;:0,&quot;335559739&quot;:0,&quot;335559740&quot;:240,&quot;335559991&quot;:360}\">\u00a0<\/span><\/li>\n<\/ul>\n<p><span data-ccp-props=\"{&quot;201341983&quot;:0,&quot;335551550&quot;:1,&quot;335551620&quot;:1,&quot;335559685&quot;:0,&quot;335559731&quot;:0,&quot;335559737&quot;:0,&quot;335559738&quot;:0,&quot;335559739&quot;:0,&quot;335559740&quot;:240}\">\u00a0<\/span><\/p>\n<div id=\"attachment_142860\" style=\"width: 749px\" class=\"wp-caption aligncenter\"><img aria-describedby=\"caption-attachment-142860\" decoding=\"async\" loading=\"lazy\" class=\"wp-image-142860 \" src=\"https:\/\/www.uv.mx\/prensa\/files\/2024\/05\/RRSS-110524-CARLOS-A-veces-despierto-temblando-4-y-BANNER-1024x545.jpg\" alt=\"\" width=\"739\" height=\"393\" srcset=\"https:\/\/www.uv.mx\/prensa\/files\/2024\/05\/RRSS-110524-CARLOS-A-veces-despierto-temblando-4-y-BANNER-1024x545.jpg 1024w, https:\/\/www.uv.mx\/prensa\/files\/2024\/05\/RRSS-110524-CARLOS-A-veces-despierto-temblando-4-y-BANNER-300x160.jpg 300w, https:\/\/www.uv.mx\/prensa\/files\/2024\/05\/RRSS-110524-CARLOS-A-veces-despierto-temblando-4-y-BANNER-768x409.jpg 768w, https:\/\/www.uv.mx\/prensa\/files\/2024\/05\/RRSS-110524-CARLOS-A-veces-despierto-temblando-4-y-BANNER-1200x639.jpg 1200w, https:\/\/www.uv.mx\/prensa\/files\/2024\/05\/RRSS-110524-CARLOS-A-veces-despierto-temblando-4-y-BANNER.jpg 1300w\" sizes=\"(max-width: 739px) 100vw, 739px\" \/><p id=\"caption-attachment-142860\" class=\"wp-caption-text\">Ximena Santaolalla y Alberto Mendoza Berber conversaron sobre la novela que versa sobre la dictadura en Guatemala<\/p><\/div>\n<p><span data-ccp-props=\"{&quot;201341983&quot;:0,&quot;335551550&quot;:1,&quot;335551620&quot;:1,&quot;335559685&quot;:0,&quot;335559731&quot;:0,&quot;335559737&quot;:0,&quot;335559738&quot;:0,&quot;335559739&quot;:0,&quot;335559740&quot;:240}\">\u00a0<\/span><\/p>\n<p><b><i><span data-contrast=\"auto\">Carlos Hugo Hermida Rosales<\/span><\/i><\/b><span data-ccp-props=\"{&quot;201341983&quot;:0,&quot;335551550&quot;:1,&quot;335551620&quot;:1,&quot;335559685&quot;:0,&quot;335559731&quot;:0,&quot;335559737&quot;:0,&quot;335559738&quot;:0,&quot;335559739&quot;:0,&quot;335559740&quot;:240}\">\u00a0<\/span><\/p>\n<p><b><i><span data-contrast=\"auto\">Fotos: Omar Portilla Palacios<\/span><\/i><\/b><span data-ccp-props=\"{&quot;201341983&quot;:0,&quot;335551550&quot;:1,&quot;335551620&quot;:1,&quot;335559685&quot;:0,&quot;335559731&quot;:0,&quot;335559737&quot;:0,&quot;335559738&quot;:0,&quot;335559739&quot;:0,&quot;335559740&quot;:240}\">\u00a0<\/span><\/p>\n<p><span data-ccp-props=\"{&quot;201341983&quot;:0,&quot;335551550&quot;:1,&quot;335551620&quot;:1,&quot;335559685&quot;:0,&quot;335559731&quot;:0,&quot;335559737&quot;:0,&quot;335559738&quot;:0,&quot;335559739&quot;:0,&quot;335559740&quot;:240}\">\u00a0<\/span><\/p>\n<p><b><i><span data-contrast=\"auto\">11\/05\/2024, Xalapa, Ver.- <\/span><\/i><\/b><span data-contrast=\"auto\">Ximena Santaolalla Abd\u00f3, escritora, abogada y psicoterapeuta para sobrevivientes de violencia temprana, present\u00f3 la obra <\/span><i><span data-contrast=\"auto\">A veces despierto temblando<\/span><\/i><span data-contrast=\"auto\">, en el segundo d\u00eda de actividades de la Feria Internacional del Libro Universitario (FILU) 2024 de la Universidad Veracruzana (UV).<\/span><\/p>\n<p>&nbsp;<\/p>\n<div id=\"attachment_142869\" style=\"width: 732px\" class=\"wp-caption aligncenter\"><img aria-describedby=\"caption-attachment-142869\" decoding=\"async\" loading=\"lazy\" class=\"size-full wp-image-142869\" src=\"https:\/\/www.uv.mx\/prensa\/files\/2024\/05\/110524-CARLOS-A-veces-despierto-temblando-1.jpg\" alt=\"\" width=\"722\" height=\"449\" srcset=\"https:\/\/www.uv.mx\/prensa\/files\/2024\/05\/110524-CARLOS-A-veces-despierto-temblando-1.jpg 722w, https:\/\/www.uv.mx\/prensa\/files\/2024\/05\/110524-CARLOS-A-veces-despierto-temblando-1-300x187.jpg 300w, https:\/\/www.uv.mx\/prensa\/files\/2024\/05\/110524-CARLOS-A-veces-despierto-temblando-1-200x125.jpg 200w\" sizes=\"(max-width: 722px) 100vw, 722px\" \/><p id=\"caption-attachment-142869\" class=\"wp-caption-text\">Ximena Santaolalla<\/p><\/div>\n<p><span data-ccp-props=\"{&quot;201341983&quot;:0,&quot;335551550&quot;:1,&quot;335551620&quot;:1,&quot;335559685&quot;:0,&quot;335559731&quot;:0,&quot;335559737&quot;:0,&quot;335559738&quot;:0,&quot;335559739&quot;:0,&quot;335559740&quot;:240}\">\u00a0<\/span><\/p>\n<p><span data-contrast=\"auto\">En el texto aborda la guerra civil guatemalteca durante el mandato de Efra\u00edn R\u00edos Montt, quien lleg\u00f3 al poder por medio de un golpe de Estado.<\/span><\/p>\n<p><span data-contrast=\"auto\">La autora mencion\u00f3 que esta obra ha sido bien recibida por el p\u00fablico y adem\u00e1s ha tenido buenas cr\u00edticas; destac\u00f3 que, a trav\u00e9s de ella, ha logrado visibilizar la dictadura en Guatemala, poco conocida en comparaci\u00f3n a las sucedidas en pa\u00edses como Chile y Argentina.<\/span><\/p>\n<p>&nbsp;<\/p>\n<div id=\"attachment_142868\" style=\"width: 732px\" class=\"wp-caption aligncenter\"><img aria-describedby=\"caption-attachment-142868\" decoding=\"async\" loading=\"lazy\" class=\"size-full wp-image-142868\" src=\"https:\/\/www.uv.mx\/prensa\/files\/2024\/05\/110524-CARLOS-A-veces-despierto-temblando-2.jpg\" alt=\"\" width=\"722\" height=\"424\" srcset=\"https:\/\/www.uv.mx\/prensa\/files\/2024\/05\/110524-CARLOS-A-veces-despierto-temblando-2.jpg 722w, https:\/\/www.uv.mx\/prensa\/files\/2024\/05\/110524-CARLOS-A-veces-despierto-temblando-2-300x176.jpg 300w\" sizes=\"(max-width: 722px) 100vw, 722px\" \/><p id=\"caption-attachment-142868\" class=\"wp-caption-text\">La escritora fue moderada por Alberto Mendoza Berber de la FILU<\/p><\/div>\n<p>&nbsp;<\/p>\n<p><span data-contrast=\"auto\">Manifest\u00f3 que la escritura le da la oportunidad de mostrar su postura a favor de la humanidad, la vida y la no violencia.\u00a0<\/span><\/p>\n<div id=\"attachment_142867\" style=\"width: 732px\" class=\"wp-caption aligncenter\"><img aria-describedby=\"caption-attachment-142867\" decoding=\"async\" loading=\"lazy\" class=\"size-full wp-image-142867\" src=\"https:\/\/www.uv.mx\/prensa\/files\/2024\/05\/110524-CARLOS-A-veces-despierto-temblando-3.jpg\" alt=\"\" width=\"722\" height=\"546\" srcset=\"https:\/\/www.uv.mx\/prensa\/files\/2024\/05\/110524-CARLOS-A-veces-despierto-temblando-3.jpg 722w, https:\/\/www.uv.mx\/prensa\/files\/2024\/05\/110524-CARLOS-A-veces-despierto-temblando-3-300x227.jpg 300w\" sizes=\"(max-width: 722px) 100vw, 722px\" \/><p id=\"caption-attachment-142867\" class=\"wp-caption-text\">El libro fue ganador del premio \u201cMauricio Achar\u201d 2021<\/p><\/div>\n","protected":false},"excerpt":{"rendered":"<p>En la Feria Internacional del Libro Universitario (FILU) de la Universidad Veracruzana<\/p>\n","protected":false},"author":2349,"featured_media":142861,"comment_status":"closed","ping_status":"closed","sticky":false,"template":"","format":"standard","meta":[],"categories":[11,47,16833,61],"tags":[1631,649,12340,14694,3830,586,1471,9393,5079],"_links":{"self":[{"href":"https:\/\/www.uv.mx\/prensa\/wp-json\/wp\/v2\/posts\/142863"}],"collection":[{"href":"https:\/\/www.uv.mx\/prensa\/wp-json\/wp\/v2\/posts"}],"about":[{"href":"https:\/\/www.uv.mx\/prensa\/wp-json\/wp\/v2\/types\/post"}],"author":[{"embeddable":true,"href":"https:\/\/www.uv.mx\/prensa\/wp-json\/wp\/v2\/users\/2349"}],"replies":[{"embeddable":true,"href":"https:\/\/www.uv.mx\/prensa\/wp-json\/wp\/v2\/comments?post=142863"}],"version-history":[{"count":1,"href":"https:\/\/www.uv.mx\/prensa\/wp-json\/wp\/v2\/posts\/142863\/revisions"}],"predecessor-version":[{"id":142871,"href":"https:\/\/www.uv.mx\/prensa\/wp-json\/wp\/v2\/posts\/142863\/revisions\/142871"}],"wp:featuredmedia":[{"embeddable":true,"href":"https:\/\/www.uv.mx\/prensa\/wp-json\/wp\/v2\/media\/142861"}],"wp:attachment":[{"href":"https:\/\/www.uv.mx\/prensa\/wp-json\/wp\/v2\/media?parent=142863"}],"wp:term":[{"taxonomy":"category","embeddable":true,"href":"https:\/\/www.uv.mx\/prensa\/wp-json\/wp\/v2\/categories?post=142863"},{"taxonomy":"post_tag","embeddable":true,"href":"https:\/\/www.uv.mx\/prensa\/wp-json\/wp\/v2\/tags?post=142863"}],"curies":[{"name":"wp","href":"https:\/\/api.w.org\/{rel}","templated":true}]}}