{"id":142899,"date":"2024-05-12T17:06:16","date_gmt":"2024-05-12T22:06:16","guid":{"rendered":"https:\/\/www.uv.mx\/prensa\/?p=142899"},"modified":"2024-05-12T17:06:16","modified_gmt":"2024-05-12T22:06:16","slug":"investigadores-uv-analizan-sistema-europeo-de-proteccion-a-los-ddhh","status":"publish","type":"post","link":"https:\/\/www.uv.mx\/prensa\/eventos\/investigadores-uv-analizan-sistema-europeo-de-proteccion-a-los-ddhh\/","title":{"rendered":"Investigadores UV analizan sistema europeo de protecci\u00f3n a los DDHH"},"content":{"rendered":"<ul>\n<li data-leveltext=\"\uf0b7\" data-font=\"Symbol\" data-listid=\"2\" data-list-defn-props=\"{&quot;335551671&quot;:0,&quot;335552541&quot;:1,&quot;335559685&quot;:720,&quot;335559991&quot;:360,&quot;469769226&quot;:&quot;Symbol&quot;,&quot;469769242&quot;:[8226],&quot;469777803&quot;:&quot;left&quot;,&quot;469777804&quot;:&quot;\uf0b7&quot;,&quot;469777815&quot;:&quot;hybridMultilevel&quot;}\" data-aria-posinset=\"0\" data-aria-level=\"1\"><i><span data-contrast=\"none\">Mar\u00eda Isabel Arredondo Icardo y C\u00e9sar Armando Cruz Espino presentaron en la FILU su libro <\/span><\/i><span data-contrast=\"none\">Sistema Europeo de Protecci\u00f3n de los Derechos Humanos y Libertades Fundamentales. Expectativas y desaf\u00edos en el siglo XXI<\/span><span data-ccp-props=\"{&quot;201341983&quot;:0,&quot;335557856&quot;:16777215,&quot;335559739&quot;:0,&quot;335559740&quot;:240}\">\u00a0<\/span><\/li>\n<\/ul>\n<p><span data-ccp-props=\"{&quot;201341983&quot;:0,&quot;335557856&quot;:16777215,&quot;335559739&quot;:0,&quot;335559740&quot;:240}\">\u00a0<\/span><\/p>\n<div id=\"attachment_142895\" style=\"width: 732px\" class=\"wp-caption aligncenter\"><img aria-describedby=\"caption-attachment-142895\" decoding=\"async\" loading=\"lazy\" class=\"size-full wp-image-142895\" src=\"https:\/\/www.uv.mx\/prensa\/files\/2024\/05\/120524-COUTTOLENC-Sistema-Europeo-DDHH-1-ok.jpg\" alt=\"\" width=\"722\" height=\"481\" srcset=\"https:\/\/www.uv.mx\/prensa\/files\/2024\/05\/120524-COUTTOLENC-Sistema-Europeo-DDHH-1-ok.jpg 722w, https:\/\/www.uv.mx\/prensa\/files\/2024\/05\/120524-COUTTOLENC-Sistema-Europeo-DDHH-1-ok-300x200.jpg 300w\" sizes=\"(max-width: 722px) 100vw, 722px\" \/><p id=\"caption-attachment-142895\" class=\"wp-caption-text\">Denisse de los \u00c1ngeles Uribe, Yolanda Gonz\u00e1lez Molohua, Mar\u00eda Isabel Arredondo y C\u00e9sar Armando Cruz, en la presentaci\u00f3n del libro<\/p><\/div>\n<p><span data-ccp-props=\"{&quot;201341983&quot;:0,&quot;335557856&quot;:16777215,&quot;335559739&quot;:0,&quot;335559740&quot;:240}\">\u00a0<\/span><\/p>\n<p><b><i><span data-contrast=\"none\">Jos\u00e9 Luis Couttolenc Soto<\/span><\/i><\/b><span data-ccp-props=\"{&quot;201341983&quot;:0,&quot;335557856&quot;:16777215,&quot;335559739&quot;:0,&quot;335559740&quot;:240}\">\u00a0<\/span><\/p>\n<p><b><i><span data-contrast=\"none\">Fotos: Luis Fernando Fern\u00e1ndez<\/span><\/i><\/b><span data-ccp-props=\"{&quot;201341983&quot;:0,&quot;335557856&quot;:16777215,&quot;335559739&quot;:0,&quot;335559740&quot;:240}\">\u00a0<\/span><\/p>\n<p><span data-ccp-props=\"{&quot;201341983&quot;:0,&quot;335557856&quot;:16777215,&quot;335559739&quot;:0,&quot;335559740&quot;:240}\">\u00a0<\/span><\/p>\n<p><b><i><span data-contrast=\"none\">12\/05\/24, Xalapa, Ver.-<\/span><\/i><\/b> <span data-contrast=\"none\">Resultado de su estad\u00eda de investigaci\u00f3n en la Universidad de Castilla-La Mancha, Espa\u00f1a, Mar\u00eda Isabel Arredondo Icardo y C\u00e9sar Armando Cruz Espino, investigadores adscritos al Centro de Estudios sobre Derecho, Globalizaci\u00f3n y Seguridad (CEDEGS) de la Universidad Veracruzana (UV), escribieron el libro <\/span><i><span data-contrast=\"none\">Sistema Europeo de Protecci\u00f3n de los Derechos Humanos y Libertades Fundamentales. Expectativas y desaf\u00edos en el siglo XXI.<\/span><\/i><span data-ccp-props=\"{&quot;201341983&quot;:0,&quot;335557856&quot;:16777215,&quot;335559739&quot;:0,&quot;335559740&quot;:240}\">\u00a0<\/span><\/p>\n<p><span data-contrast=\"none\">En la obra, que fue presentada en el auditorio de la Universidad Veracruzana Intercultural como parte de las actividades de la Feria Internacional del Libro Universitario (FILU) 2024, los autores hacen una introducci\u00f3n general al an\u00e1lisis de protecci\u00f3n de los derechos humanos y las libertades fundamentales dentro del proceso formativo del sistema europeo en la materia.<\/span><\/p>\n<p>&nbsp;<\/p>\n<div id=\"attachment_142896\" style=\"width: 732px\" class=\"wp-caption aligncenter\"><img aria-describedby=\"caption-attachment-142896\" decoding=\"async\" loading=\"lazy\" class=\"size-full wp-image-142896\" src=\"https:\/\/www.uv.mx\/prensa\/files\/2024\/05\/120524-COUTTOLENC-Sistema-Europeo-DDHH-2-ok.jpg\" alt=\"\" width=\"722\" height=\"469\" srcset=\"https:\/\/www.uv.mx\/prensa\/files\/2024\/05\/120524-COUTTOLENC-Sistema-Europeo-DDHH-2-ok.jpg 722w, https:\/\/www.uv.mx\/prensa\/files\/2024\/05\/120524-COUTTOLENC-Sistema-Europeo-DDHH-2-ok-300x195.jpg 300w\" sizes=\"(max-width: 722px) 100vw, 722px\" \/><p id=\"caption-attachment-142896\" class=\"wp-caption-text\">El auditorio de la UV Intercultural fue sede para la presentaci\u00f3n de <em>Sistema Europeo de Protecci\u00f3n de los Derechos Humanos y Libertades Fundamentales. Expectativas y desaf\u00edos en el siglo XXI<\/em><\/p><\/div>\n<p><span data-contrast=\"none\">\u00a0<\/span><span data-ccp-props=\"{&quot;201341983&quot;:0,&quot;335559739&quot;:0,&quot;335559740&quot;:240}\">\u00a0<\/span><\/p>\n<p><span data-contrast=\"none\">Ante la presencia de Yolanda Gonz\u00e1lez Molohua, directora general del \u00c1rea Acad\u00e9mica de Humanidades, Arredondo Icardo dijo que el prop\u00f3sito del trabajo es desarrollar un instrumento de apoyo educativo respecto al estudio de diversas cuestiones y desaf\u00edos que se pueden derivar del tratamiento de los distintos cap\u00edtulos dise\u00f1ados para este fin, que van desde la b\u00fasqueda y examinaci\u00f3n de la posici\u00f3n que mantiene el Estado-Naci\u00f3n frente al derecho interno y el internacional, hasta el tratamiento de la concepci\u00f3n material y formal de los derechos fundamentales.\u00a0<\/span><span data-ccp-props=\"{&quot;201341983&quot;:0,&quot;335559739&quot;:0,&quot;335559740&quot;:240}\">\u00a0<\/span><\/p>\n<p><span data-contrast=\"none\">Por su parte, Cruz Espino expres\u00f3 que la exploraci\u00f3n relativa a la unificaci\u00f3n de la comunidad europea y su fuerte posici\u00f3n en el establecimiento de un sistema europeo basado en la protecci\u00f3n de los derechos humanos y las libertades fundamentales, representa una especie de introducci\u00f3n de car\u00e1cter prospectivo, a fin de favorecer el estudio comparativo entre otros sistemas equidistantes sobre la materia.<\/span><span data-ccp-props=\"{&quot;201341983&quot;:0,&quot;335559739&quot;:0,&quot;335559740&quot;:240}\">\u00a0<\/span><\/p>\n<p>&nbsp;<\/p>\n<div id=\"attachment_142897\" style=\"width: 732px\" class=\"wp-caption aligncenter\"><img aria-describedby=\"caption-attachment-142897\" decoding=\"async\" loading=\"lazy\" class=\"size-full wp-image-142897\" src=\"https:\/\/www.uv.mx\/prensa\/files\/2024\/05\/120524-COUTTOLENC-Sistema-Europeo-DDHH-3-ok.jpg\" alt=\"\" width=\"722\" height=\"481\" srcset=\"https:\/\/www.uv.mx\/prensa\/files\/2024\/05\/120524-COUTTOLENC-Sistema-Europeo-DDHH-3-ok.jpg 722w, https:\/\/www.uv.mx\/prensa\/files\/2024\/05\/120524-COUTTOLENC-Sistema-Europeo-DDHH-3-ok-300x200.jpg 300w\" sizes=\"(max-width: 722px) 100vw, 722px\" \/><p id=\"caption-attachment-142897\" class=\"wp-caption-text\">En el libro se analiza la protecci\u00f3n de los derechos humanos en el proceso formativo del sistema europeo<\/p><\/div>\n","protected":false},"excerpt":{"rendered":"<p>La obra es resultado de su estad\u00eda de investigaci\u00f3n en la Universidad de Castilla-La Mancha, Espa\u00f1a\u00a0<\/p>\n","protected":false},"author":2349,"featured_media":142898,"comment_status":"closed","ping_status":"closed","sticky":false,"template":"","format":"standard","meta":[],"categories":[6301,47,16833,61,8444],"tags":[16981,10679,16980,543,12577,4162,16982,586,6592,9393,435,6833],"_links":{"self":[{"href":"https:\/\/www.uv.mx\/prensa\/wp-json\/wp\/v2\/posts\/142899"}],"collection":[{"href":"https:\/\/www.uv.mx\/prensa\/wp-json\/wp\/v2\/posts"}],"about":[{"href":"https:\/\/www.uv.mx\/prensa\/wp-json\/wp\/v2\/types\/post"}],"author":[{"embeddable":true,"href":"https:\/\/www.uv.mx\/prensa\/wp-json\/wp\/v2\/users\/2349"}],"replies":[{"embeddable":true,"href":"https:\/\/www.uv.mx\/prensa\/wp-json\/wp\/v2\/comments?post=142899"}],"version-history":[{"count":1,"href":"https:\/\/www.uv.mx\/prensa\/wp-json\/wp\/v2\/posts\/142899\/revisions"}],"predecessor-version":[{"id":142900,"href":"https:\/\/www.uv.mx\/prensa\/wp-json\/wp\/v2\/posts\/142899\/revisions\/142900"}],"wp:featuredmedia":[{"embeddable":true,"href":"https:\/\/www.uv.mx\/prensa\/wp-json\/wp\/v2\/media\/142898"}],"wp:attachment":[{"href":"https:\/\/www.uv.mx\/prensa\/wp-json\/wp\/v2\/media?parent=142899"}],"wp:term":[{"taxonomy":"category","embeddable":true,"href":"https:\/\/www.uv.mx\/prensa\/wp-json\/wp\/v2\/categories?post=142899"},{"taxonomy":"post_tag","embeddable":true,"href":"https:\/\/www.uv.mx\/prensa\/wp-json\/wp\/v2\/tags?post=142899"}],"curies":[{"name":"wp","href":"https:\/\/api.w.org\/{rel}","templated":true}]}}