{"id":14298,"date":"2016-08-21T07:00:25","date_gmt":"2016-08-21T12:00:25","guid":{"rendered":"https:\/\/www.uv.mx\/prensa\/?p=14298"},"modified":"2016-08-19T12:30:31","modified_gmt":"2016-08-19T17:30:31","slug":"uv-realiza-campana-de-prevencion-y-control-de-la-prediabetes","status":"publish","type":"post","link":"https:\/\/www.uv.mx\/prensa\/general\/uv-realiza-campana-de-prevencion-y-control-de-la-prediabetes\/","title":{"rendered":"UV realiza campa\u00f1a de prevenci\u00f3n y control de la prediabetes"},"content":{"rendered":"<ul>\n<li><em>Es un proyecto conjunto entre el Instituto de Investigaciones Biol\u00f3gicas y la Direcci\u00f3n General del \u00c1rea Acad\u00e9mica de Ciencias de la Salud<\/em><\/li>\n<li><em>Contempla el monitoreo de un grupo de estudiantes para detectar su propensi\u00f3n a la diabetes<\/em><\/li>\n<\/ul>\n<p>&nbsp;<\/p>\n<div id=\"attachment_14300\" style=\"width: 732px\" class=\"wp-caption aligncenter\"><a href=\"https:\/\/www.uv.mx\/prensa\/files\/2016\/08\/Preve-1.jpg\"><img aria-describedby=\"caption-attachment-14300\" decoding=\"async\" loading=\"lazy\" class=\"size-full wp-image-14300\" src=\"https:\/\/www.uv.mx\/prensa\/files\/2016\/08\/Preve-1.jpg\" alt=\"Mar\u00eda Luisa Moreno Cort\u00e9s\" width=\"722\" height=\"481\" srcset=\"https:\/\/www.uv.mx\/prensa\/files\/2016\/08\/Preve-1.jpg 722w, https:\/\/www.uv.mx\/prensa\/files\/2016\/08\/Preve-1-300x200.jpg 300w\" sizes=\"(max-width: 722px) 100vw, 722px\" \/><\/a><p id=\"caption-attachment-14300\" class=\"wp-caption-text\">Mar\u00eda Luisa Moreno Cort\u00e9s<\/p><\/div>\n<p>&nbsp;<\/p>\n<p><strong><em>Carlos Hugo Hermida Rosales<\/em><\/strong><\/p>\n<p><strong><em>\u00a0<\/em><\/strong><\/p>\n<p><strong><em>Xalapa, Ver. 21\/08\/2016.-<\/em><\/strong><em>\u00a0<\/em>La Universidad Veracruzana (UV), a trav\u00e9s del Instituto de Investigaciones Biol\u00f3gicas (IIB) y la Direcci\u00f3n General del \u00c1rea Acad\u00e9mica de Ciencias de la Salud, lleva a cabo el programa \u201cPrevenci\u00f3n y control de la prediabetes\u201d, el cual tiene como prop\u00f3sito el diagn\u00f3stico oportuno y manejo de diabetes y prediabetes en j\u00f3venes universitarios, a trav\u00e9s de la promoci\u00f3n de estilos de vida saludables.<\/p>\n<p>Mar\u00eda Luisa Moreno Cort\u00e9s, investigadora del IIB, explic\u00f3 que la prediabetes es un estado de alto riesgo para el desarrollo del padecimiento y que antecede a \u00e9ste en un periodo que va de los siete a los 10 a\u00f1os. Principalmente, se caracteriza por la alteraci\u00f3n de glucosa en ayuno y tolerancia a la misma.<\/p>\n<p>Mencion\u00f3 que cuando los niveles de glucosa en la sangre se encuentran entre 100 y 125 miligramos por decilitro, es un indicador de que la persona tiene un alto riesgo de desarrollar diabetes a futuro, seg\u00fan datos de la Federaci\u00f3n Internacional de la Diabetes.<\/p>\n<p>Moreno Cort\u00e9s a\u00f1adi\u00f3 que, seg\u00fan estudios estad\u00edsticos realizados por la UV, se ha detectado que m\u00e1s del 10 por ciento de los chicos que ingresan a esta casa de estudios est\u00e1 en riesgo, principalmente por la falta de actividad f\u00edsica, malos h\u00e1bitos alimenticios y ausencia de una buena higiene de sue\u00f1o, adem\u00e1s de que la carga gen\u00e9tica del mexicano predispone a la diabetes.<\/p>\n<p>La investigadora manifest\u00f3 que una de las metas de este programa \u2013que es la primera cl\u00ednica de diabetes de la UV\u2013 es promover entre los universitarios estilos de vida saludables, para as\u00ed evitar que la prediabetes progrese a diabetes mellitus tipo 2.<\/p>\n<p>\u201cLas actividades del programa se llevan a cabo con estudiantes de nuevo ingreso, pues el plan es darles seguimiento a trav\u00e9s de toda su formaci\u00f3n universitaria.\u201d<\/p>\n<p>Detall\u00f3 que el programa incluye an\u00e1lisis de laboratorio diagn\u00f3sticos y de monitoreo, los cuales son pruebas de glucosa en ayuno, tolerancia a la glucosa, perfil de l\u00edpidos, hemoglobina glucosilada y determinaci\u00f3n de resistencia insul\u00ednica; tambi\u00e9n se realizan <em>test<\/em> psicol\u00f3gicos para detectar tipos de personalidad y cronotipos.<\/p>\n<p>Coment\u00f3 que de acuerdo al diagn\u00f3stico de cada estudiante, se establecer\u00e1n medidas adecuadas para mejorar su salud con base en sus necesidades f\u00edsicas y de personalidad, como planes de actividad f\u00edsica y mejora de h\u00e1bitos alimentarios con asesor\u00eda de nutri\u00f3logos profesionales.<\/p>\n<p>&nbsp;<\/p>\n<div id=\"attachment_14301\" style=\"width: 732px\" class=\"wp-caption aligncenter\"><a href=\"https:\/\/www.uv.mx\/prensa\/files\/2016\/08\/Pretes-2.jpg\"><img aria-describedby=\"caption-attachment-14301\" decoding=\"async\" loading=\"lazy\" class=\"size-full wp-image-14301\" src=\"https:\/\/www.uv.mx\/prensa\/files\/2016\/08\/Pretes-2.jpg\" alt=\"Tania Romo Gonz\u00e1lez de la Parra\" width=\"722\" height=\"481\" srcset=\"https:\/\/www.uv.mx\/prensa\/files\/2016\/08\/Pretes-2.jpg 722w, https:\/\/www.uv.mx\/prensa\/files\/2016\/08\/Pretes-2-300x200.jpg 300w\" sizes=\"(max-width: 722px) 100vw, 722px\" \/><\/a><p id=\"caption-attachment-14301\" class=\"wp-caption-text\">Tania Romo Gonz\u00e1lez de la Parra<\/p><\/div>\n<p>&nbsp;<\/p>\n<p><strong>La importancia de la prevenci\u00f3n<\/strong><\/p>\n<p>Tania Romo Gonz\u00e1lez de la Parra, investigadora del IIB, comparti\u00f3 que a pesar de que en la actualidad hay una epidemia de diabetes mellitus tipo 2 a nivel mundial, no se hace mucho para prevenir la enfermedad.<\/p>\n<p>La investigadora asever\u00f3 que en un futuro pr\u00f3ximo los servicios de salud no ser\u00e1n suficientes para contrarrestar los efectos de este\u00a0 padecimiento, que genera costos econ\u00f3micos y hace que el cuerpo empiece a colapsar en sus \u00f3rganos y sistemas.<\/p>\n<p>Aunado a lo anterior, la diabetes en estados avanzados tiene repercusiones irreversibles, como da\u00f1os renales, ceguera o amputaciones.<\/p>\n<p>Romo Gonz\u00e1lez asegur\u00f3 que los programas de salud rara vez son basados en evidencia cient\u00edfica, por lo que la idea de esta cl\u00ednica es monitorear un grupo de al menos 250 estudiantes y, con base en los resultados de las observaciones, probar qu\u00e9 medidas funcionan para revertir la enfermedad y a partir de all\u00ed generar mayores acciones.<\/p>\n<p>La especialista agreg\u00f3 que si la prediabetes se detecta a tiempo, por medio de h\u00e1bitos saludables puede ser revertido hasta un 42 por ciento el riesgo de progresi\u00f3n a diabetes mellitus tipo 2, y que existen evidencias gen\u00e9ticas de que cuando se revierte la fisiolog\u00eda en una persona, estos beneficios se heredan, por lo que con una carga gen\u00e9tica saludable generaci\u00f3n tras generaci\u00f3n, la propensi\u00f3n a padecer diabetes puede ser disminuida en el pa\u00eds.<\/p>\n<p>Los estudiantes que deseen formar parte del programa deben comunicarse al IIB con Mar\u00eda Luisa Moreno Cort\u00e9s, tel\u00e9fono (228) 8418900, extensi\u00f3n 13401; acudir al consultorio de la Facultad de Nutrici\u00f3n, ubicado en la Unidad de Ciencias de la Salud; dirigirse al correo electr\u00f3nico: <a href=\"mailto:pervenci\u00f3n_prediabetes@hotmail.com\">prevencion_prediabetes@hotmail.com<\/a>; o revisar la p\u00e1gina de <em>Facebook<\/em>: Cl\u00ednica de Prediabetes.<\/p>\n<p>Otro punto a considerar es que participar en este programa les otorgar\u00e1 cr\u00e9ditos \u00fatiles en su formaci\u00f3n acad\u00e9mica.<\/p>\n","protected":false},"excerpt":{"rendered":"<p><strong><em>Carlos Hugo Hermida.-<\/em><\/strong>La Universidad Veracruzana (UV), a trav\u00e9s del Instituto de Investigaciones Biol\u00f3gicas (IIB) y la Direcci\u00f3n General del \u00c1rea Acad\u00e9mica de Ciencias de la Salud, lleva a cabo el programa \u201cPrevenci\u00f3n y control de la prediabetes\u201d, el cual tiene como prop\u00f3sito el diagn\u00f3stico oportuno y manejo de diabetes y prediabetes en j\u00f3venes universitarios, a trav\u00e9s de la promoci\u00f3n de estilos de vida saludables.<\/p>\n","protected":false},"author":1810,"featured_media":14299,"comment_status":"closed","ping_status":"closed","sticky":false,"template":"","format":"standard","meta":[],"categories":[1],"tags":[2],"_links":{"self":[{"href":"https:\/\/www.uv.mx\/prensa\/wp-json\/wp\/v2\/posts\/14298"}],"collection":[{"href":"https:\/\/www.uv.mx\/prensa\/wp-json\/wp\/v2\/posts"}],"about":[{"href":"https:\/\/www.uv.mx\/prensa\/wp-json\/wp\/v2\/types\/post"}],"author":[{"embeddable":true,"href":"https:\/\/www.uv.mx\/prensa\/wp-json\/wp\/v2\/users\/1810"}],"replies":[{"embeddable":true,"href":"https:\/\/www.uv.mx\/prensa\/wp-json\/wp\/v2\/comments?post=14298"}],"version-history":[{"count":0,"href":"https:\/\/www.uv.mx\/prensa\/wp-json\/wp\/v2\/posts\/14298\/revisions"}],"wp:featuredmedia":[{"embeddable":true,"href":"https:\/\/www.uv.mx\/prensa\/wp-json\/wp\/v2\/media\/14299"}],"wp:attachment":[{"href":"https:\/\/www.uv.mx\/prensa\/wp-json\/wp\/v2\/media?parent=14298"}],"wp:term":[{"taxonomy":"category","embeddable":true,"href":"https:\/\/www.uv.mx\/prensa\/wp-json\/wp\/v2\/categories?post=14298"},{"taxonomy":"post_tag","embeddable":true,"href":"https:\/\/www.uv.mx\/prensa\/wp-json\/wp\/v2\/tags?post=14298"}],"curies":[{"name":"wp","href":"https:\/\/api.w.org\/{rel}","templated":true}]}}