{"id":143102,"date":"2024-05-14T14:58:21","date_gmt":"2024-05-14T19:58:21","guid":{"rendered":"https:\/\/www.uv.mx\/prensa\/?p=143102"},"modified":"2024-05-14T15:23:01","modified_gmt":"2024-05-14T20:23:01","slug":"alumnos-de-fca-coatza-destacaron-en-xvii-maraton-regional-2024-anfeca","status":"publish","type":"post","link":"https:\/\/www.uv.mx\/prensa\/regiones\/alumnos-de-fca-coatza-destacaron-en-xvii-maraton-regional-2024-anfeca\/","title":{"rendered":"Alumnos de FCA Coatza destacaron en XVII Marat\u00f3n Regional 2024 ANFECA"},"content":{"rendered":"<ul>\n<li data-leveltext=\"\uf0b7\" data-font=\"Symbol\" data-listid=\"1\" data-list-defn-props=\"{&quot;335552541&quot;:1,&quot;335559685&quot;:720,&quot;335559991&quot;:360,&quot;469769226&quot;:&quot;Symbol&quot;,&quot;469769242&quot;:[8226],&quot;469777803&quot;:&quot;left&quot;,&quot;469777804&quot;:&quot;\uf0b7&quot;,&quot;469777815&quot;:&quot;hybridMultilevel&quot;}\" data-aria-posinset=\"1\" data-aria-level=\"1\"><i><span data-contrast=\"auto\">Ganaron segundo lugar en las \u00e1reas de Mercadotecnia e Inform\u00e1tica Administrativa<\/span><\/i><span data-ccp-props=\"{&quot;201341983&quot;:0,&quot;335559739&quot;:0,&quot;335559740&quot;:240}\">\u00a0<\/span><\/li>\n<li data-leveltext=\"\uf0b7\" data-font=\"Symbol\" data-listid=\"1\" data-list-defn-props=\"{&quot;335552541&quot;:1,&quot;335559685&quot;:720,&quot;335559991&quot;:360,&quot;469769226&quot;:&quot;Symbol&quot;,&quot;469769242&quot;:[8226],&quot;469777803&quot;:&quot;left&quot;,&quot;469777804&quot;:&quot;\uf0b7&quot;,&quot;469777815&quot;:&quot;hybridMultilevel&quot;}\" data-aria-posinset=\"2\" data-aria-level=\"1\"><i><span data-contrast=\"auto\">Competir\u00e1n en el evento nacional, a realizarse en octubre<\/span><\/i><span data-ccp-props=\"{&quot;201341983&quot;:0,&quot;335559739&quot;:0,&quot;335559740&quot;:240}\">\u00a0<\/span><\/li>\n<\/ul>\n<p><span data-ccp-props=\"{&quot;201341983&quot;:0,&quot;335559739&quot;:0,&quot;335559740&quot;:240}\">\u00a0<\/span><\/p>\n<div id=\"attachment_143016\" style=\"width: 732px\" class=\"wp-caption aligncenter\"><img aria-describedby=\"caption-attachment-143016\" decoding=\"async\" loading=\"lazy\" class=\"size-full wp-image-143016\" src=\"https:\/\/www.uv.mx\/prensa\/files\/2024\/05\/130524-Carla-Coatza-Maraton-ANFECA-1.jpg\" alt=\"\" width=\"722\" height=\"541\" srcset=\"https:\/\/www.uv.mx\/prensa\/files\/2024\/05\/130524-Carla-Coatza-Maraton-ANFECA-1.jpg 722w, https:\/\/www.uv.mx\/prensa\/files\/2024\/05\/130524-Carla-Coatza-Maraton-ANFECA-1-300x225.jpg 300w\" sizes=\"(max-width: 722px) 100vw, 722px\" \/><p id=\"caption-attachment-143016\" class=\"wp-caption-text\">El equipo de Mercadotecnia estuvo compuesto por estudiantes de Gesti\u00f3n y Direcci\u00f3n de Negocios<\/p><\/div>\n<p><span data-ccp-props=\"{&quot;201341983&quot;:0,&quot;335559739&quot;:0,&quot;335559740&quot;:240}\">\u00a0<\/span><\/p>\n<p><b><i><span data-contrast=\"auto\">Carla Janeth Carmona Padilla<\/span><\/i><\/b><span data-ccp-props=\"{&quot;201341983&quot;:0,&quot;335559739&quot;:0,&quot;335559740&quot;:240}\">\u00a0<\/span><\/p>\n<p><b><i><span data-contrast=\"auto\">Fotos: <\/span><\/i><\/b><b><span data-contrast=\"auto\">Facebook<\/span><\/b><b><i><span data-contrast=\"auto\"> de Facultad de Contadur\u00eda y Administraci\u00f3n<\/span><\/i><\/b><span data-ccp-props=\"{&quot;201341983&quot;:0,&quot;335559739&quot;:0,&quot;335559740&quot;:240}\">\u00a0<\/span><\/p>\n<p><span data-ccp-props=\"{&quot;201341983&quot;:0,&quot;335559739&quot;:0,&quot;335559740&quot;:240}\">\u00a0<\/span><\/p>\n<p><b><i><span data-contrast=\"auto\">14\/05\/2024, Coatzacoalcos, Ver.-<\/span><\/i><\/b><span data-contrast=\"auto\"> Estudiantes de la <a href=\"https:\/\/www.uv.mx\/coatza\/admon\/\" target=\"_blank\" rel=\"noopener\">Facultad de Contadur\u00eda y Administraci\u00f3n<\/a> (FCA) de la Universidad Veracruzana (UV), regi\u00f3n Coatzacoalcos-Minatitl\u00e1n, ganaron el segundo lugar en las \u00e1reas de Mercadotecnia e Inform\u00e1tica Administrativa en el XVII Marat\u00f3n Regional 2024 de la Asociaci\u00f3n Nacional de Facultades y Escuelas de Contadur\u00eda y Administraci\u00f3n (ANFECA).<\/span><span data-ccp-props=\"{&quot;201341983&quot;:0,&quot;335559739&quot;:0,&quot;335559740&quot;:240}\">\u00a0<\/span><\/p>\n<p><span data-contrast=\"auto\">El evento, realizado en Chetumal, Quintana Roo, consisti\u00f3 en un examen en una computadora para los cuatro integrantes, con una persona encargada de responder por todos; realizando un consenso por cada pregunta, se determinaba la respuesta y se ofrec\u00eda la opci\u00f3n de verificarla.<\/span><span data-ccp-props=\"{&quot;201341983&quot;:0,&quot;335559731&quot;:708,&quot;335559739&quot;:0,&quot;335559740&quot;:240}\">\u00a0<\/span><\/p>\n<p><span data-contrast=\"auto\">La evaluaci\u00f3n comprend\u00eda dos rondas, la primera consist\u00eda en 50 preguntas con valor de un punto cada una, la segunda estaba integrada por 40, con valor de dos puntos cada una. \u00c9stas aparec\u00edan una sola vez, sin poder regresar a la misma posteriormente, por lo que ten\u00edan que dividir su tiempo estrat\u00e9gicamente.<\/span><span data-ccp-props=\"{&quot;201341983&quot;:0,&quot;335559731&quot;:708,&quot;335559739&quot;:0,&quot;335559740&quot;:240}\">\u00a0<\/span><\/p>\n<p><span data-contrast=\"auto\">El equipo de Mercadotecnia destac\u00f3 que el evento les permiti\u00f3 observar qu\u00e9 tan preparados estaban, profundizar sus conocimientos y fomentar el trabajo en equipo.<\/span><\/p>\n<p>&nbsp;<\/p>\n<div id=\"attachment_143015\" style=\"width: 732px\" class=\"wp-caption aligncenter\"><img aria-describedby=\"caption-attachment-143015\" decoding=\"async\" loading=\"lazy\" class=\"size-full wp-image-143015\" src=\"https:\/\/www.uv.mx\/prensa\/files\/2024\/05\/130524-Carla-Coatza-Maraton-ANFECA-2.jpg\" alt=\"\" width=\"722\" height=\"542\" srcset=\"https:\/\/www.uv.mx\/prensa\/files\/2024\/05\/130524-Carla-Coatza-Maraton-ANFECA-2.jpg 722w, https:\/\/www.uv.mx\/prensa\/files\/2024\/05\/130524-Carla-Coatza-Maraton-ANFECA-2-300x225.jpg 300w\" sizes=\"(max-width: 722px) 100vw, 722px\" \/><p id=\"caption-attachment-143015\" class=\"wp-caption-text\">Alumnos de Ingenier\u00eda de Software integraron el equipo de Inform\u00e1tica Administrativa<\/p><\/div>\n<p>&nbsp;<\/p>\n<p><span data-contrast=\"auto\">Comentaron que estudian Gesti\u00f3n y Direcci\u00f3n de Negocios y este tipo de actividades les auxiliar\u00e1 en la elecci\u00f3n de dedicarse a este rubro o no; adem\u00e1s, su carrera abarca todas las \u00e1reas de una empresa, por lo que es bueno estar preparado y conocer toda esa relaci\u00f3n cliente-empresa.<\/span><span data-ccp-props=\"{&quot;201341983&quot;:0,&quot;335559731&quot;:708,&quot;335559739&quot;:0,&quot;335559740&quot;:240}\">\u00a0<\/span><\/p>\n<p><span data-contrast=\"auto\">El evento les permiti\u00f3 poner en pr\u00e1ctica temas como: mercadotecnia de servicios, productos, investigaci\u00f3n de mercados, conceptos b\u00e1sicos de la mercadotecnia, administraci\u00f3n y <\/span><i><span data-contrast=\"auto\">marketing<\/span><\/i><span data-contrast=\"auto\"> digital.<\/span><span data-ccp-props=\"{&quot;201341983&quot;:0,&quot;335559731&quot;:708,&quot;335559739&quot;:0,&quot;335559740&quot;:240}\">\u00a0<\/span><\/p>\n<p><span data-contrast=\"auto\">Por otro lado, en Inform\u00e1tica Administrativa pudieron aplicar sus conocimientos acerca de: sistemas de informaci\u00f3n, bases de datos, proceso de <\/span><i><span data-contrast=\"auto\">software<\/span><\/i><span data-contrast=\"auto\">, programaci\u00f3n, redes, ciberseguridad y est\u00e1ndares de calidad del <\/span><i><span data-contrast=\"auto\">software<\/span><\/i><span data-contrast=\"auto\">.<\/span><span data-ccp-props=\"{&quot;201341983&quot;:0,&quot;335559731&quot;:708,&quot;335559739&quot;:0,&quot;335559740&quot;:240}\">\u00a0<\/span><\/p>\n<p><span data-contrast=\"auto\">\u201cIngenier\u00eda de <\/span><i><span data-contrast=\"auto\">Software<\/span><\/i><span data-contrast=\"auto\"> e Inform\u00e1tica Administrativa van de la mano, abordaron conceptos b\u00e1sicos que ya hab\u00edamos visto en clases y eso nos permiti\u00f3 saber identificar los tipos de sistemas que se utilizan\u201d, mencion\u00f3 Jos\u00e9 Juli\u00e1n Ventura Uscanga, miembro del equipo de Inform\u00e1tica.<\/span><\/p>\n<p>&nbsp;<\/p>\n<div id=\"attachment_143017\" style=\"width: 732px\" class=\"wp-caption aligncenter\"><img aria-describedby=\"caption-attachment-143017\" decoding=\"async\" loading=\"lazy\" class=\"size-full wp-image-143017\" src=\"https:\/\/www.uv.mx\/prensa\/files\/2024\/05\/130524-Carla-Coatza-Maraton-ANFECA-3.jpg\" alt=\"\" width=\"722\" height=\"542\" srcset=\"https:\/\/www.uv.mx\/prensa\/files\/2024\/05\/130524-Carla-Coatza-Maraton-ANFECA-3.jpg 722w, https:\/\/www.uv.mx\/prensa\/files\/2024\/05\/130524-Carla-Coatza-Maraton-ANFECA-3-300x225.jpg 300w\" sizes=\"(max-width: 722px) 100vw, 722px\" \/><p id=\"caption-attachment-143017\" class=\"wp-caption-text\">Ambos equipos pasaron a la ronda nacional<\/p><\/div>\n<p>&nbsp;<\/p>\n<p><span data-contrast=\"auto\">Los universitarios agradecieron a sus asesores Yesenia Janeth Ju\u00e1rez Ju\u00e1rez (Mercadotecnia); y Javier Pino Herrera, Luis Antonio Morales Vel\u00e1zquez e Irwing Alejandro Ib\u00e1\u00f1ez Castillo (Inform\u00e1tica Administrativa), por su apoyo y preparaci\u00f3n brindada para el concurso.<\/span><span data-ccp-props=\"{&quot;201341983&quot;:0,&quot;335559731&quot;:708,&quot;335559739&quot;:0,&quot;335559740&quot;:240}\">\u00a0<\/span><\/p>\n<p><span data-contrast=\"auto\">El equipo de Mercadotecnia estuvo conformado por las estudiantes de Gesti\u00f3n y Direcci\u00f3n de Negocios: Ang\u00e9lica Wood Covarrubias, F\u00e1tima Jim\u00e9nez Ruiz, Siul Michelle Cruz Arias y Daneli Cristell Cruz Fern\u00e1ndez.<\/span><span data-ccp-props=\"{&quot;201341983&quot;:0,&quot;335559731&quot;:708,&quot;335559739&quot;:0,&quot;335559740&quot;:240}\">\u00a0<\/span><\/p>\n<p><span data-contrast=\"auto\">El equipo de Inform\u00e1tica Administrativa, por los alumnos de Ingenier\u00eda de <\/span><i><span data-contrast=\"auto\">Software<\/span><\/i><span data-contrast=\"auto\">: Jos\u00e9 Juli\u00e1n Ventura Uscanga, Alejandra Bautista Ortiz, Adri\u00e1n Herrera Ger\u00f3nimo y Sebasti\u00e1n de Jes\u00fas Hern\u00e1ndez Montero.<\/span><span data-ccp-props=\"{&quot;201341983&quot;:0,&quot;335559731&quot;:708,&quot;335559739&quot;:0,&quot;335559740&quot;:240}\">\u00a0<\/span><\/p>\n<p><span data-contrast=\"auto\">Ambos equipos, al obtener segundo lugar en el marat\u00f3n, clasificaron a la ronda nacional que se desarrollar\u00e1 en Aguascalientes en octubre.<\/span><span data-ccp-props=\"{&quot;201341983&quot;:0,&quot;335559731&quot;:708,&quot;335559739&quot;:0,&quot;335559740&quot;:240}\">\u00a0<\/span><\/p>\n","protected":false},"excerpt":{"rendered":"<p>Les permiti\u00f3 profundizar conocimientos y trabajar en equipo a trav\u00e9s del an\u00e1lisis de casos pr\u00e1cticos\u00a0<\/p>\n","protected":false},"author":2349,"featured_media":143014,"comment_status":"closed","ping_status":"closed","sticky":false,"template":"","format":"standard","meta":[],"categories":[52,15423,61,32],"tags":[6739,14099,222,8351,17070,1175,17069,3967,16878],"_links":{"self":[{"href":"https:\/\/www.uv.mx\/prensa\/wp-json\/wp\/v2\/posts\/143102"}],"collection":[{"href":"https:\/\/www.uv.mx\/prensa\/wp-json\/wp\/v2\/posts"}],"about":[{"href":"https:\/\/www.uv.mx\/prensa\/wp-json\/wp\/v2\/types\/post"}],"author":[{"embeddable":true,"href":"https:\/\/www.uv.mx\/prensa\/wp-json\/wp\/v2\/users\/2349"}],"replies":[{"embeddable":true,"href":"https:\/\/www.uv.mx\/prensa\/wp-json\/wp\/v2\/comments?post=143102"}],"version-history":[{"count":1,"href":"https:\/\/www.uv.mx\/prensa\/wp-json\/wp\/v2\/posts\/143102\/revisions"}],"predecessor-version":[{"id":143107,"href":"https:\/\/www.uv.mx\/prensa\/wp-json\/wp\/v2\/posts\/143102\/revisions\/143107"}],"wp:featuredmedia":[{"embeddable":true,"href":"https:\/\/www.uv.mx\/prensa\/wp-json\/wp\/v2\/media\/143014"}],"wp:attachment":[{"href":"https:\/\/www.uv.mx\/prensa\/wp-json\/wp\/v2\/media?parent=143102"}],"wp:term":[{"taxonomy":"category","embeddable":true,"href":"https:\/\/www.uv.mx\/prensa\/wp-json\/wp\/v2\/categories?post=143102"},{"taxonomy":"post_tag","embeddable":true,"href":"https:\/\/www.uv.mx\/prensa\/wp-json\/wp\/v2\/tags?post=143102"}],"curies":[{"name":"wp","href":"https:\/\/api.w.org\/{rel}","templated":true}]}}