{"id":143202,"date":"2024-05-15T19:04:47","date_gmt":"2024-05-16T00:04:47","guid":{"rendered":"https:\/\/www.uv.mx\/prensa\/?p=143202"},"modified":"2024-05-16T11:59:39","modified_gmt":"2024-05-16T16:59:39","slug":"uv-honra-a-su-comunidad-academica","status":"publish","type":"post","link":"https:\/\/www.uv.mx\/prensa\/regiones\/uv-honra-a-su-comunidad-academica\/","title":{"rendered":"UV honra a su comunidad acad\u00e9mica"},"content":{"rendered":"<ul>\n<li data-leveltext=\"\uf0b7\" data-font=\"Symbol\" data-listid=\"6\" data-list-defn-props=\"{&quot;335552541&quot;:1,&quot;335559685&quot;:720,&quot;335559991&quot;:360,&quot;469769226&quot;:&quot;Symbol&quot;,&quot;469769242&quot;:[8226],&quot;469777803&quot;:&quot;left&quot;,&quot;469777804&quot;:&quot;\uf0b7&quot;,&quot;469777815&quot;:&quot;hybridMultilevel&quot;}\" data-aria-posinset=\"1\" data-aria-level=\"1\"><i><span data-contrast=\"auto\">Con la entrega de reconocimientos a jubilados, al desempe\u00f1o docente y el Premio al Decano<\/span><\/i><span data-ccp-props=\"{}\">\u00a0<\/span><\/li>\n<li data-leveltext=\"\uf0b7\" data-font=\"Symbol\" data-listid=\"6\" data-list-defn-props=\"{&quot;335552541&quot;:1,&quot;335559685&quot;:720,&quot;335559991&quot;:360,&quot;469769226&quot;:&quot;Symbol&quot;,&quot;469769242&quot;:[8226],&quot;469777803&quot;:&quot;left&quot;,&quot;469777804&quot;:&quot;\uf0b7&quot;,&quot;469777815&quot;:&quot;hybridMultilevel&quot;}\" data-aria-posinset=\"2\" data-aria-level=\"1\"><i><span data-contrast=\"auto\">El rector Mart\u00edn Aguilar S\u00e1nchez destac\u00f3 las aportaciones fundamentales de las y los maestros universitarios, quienes con su quehacer transforman vidas y fortalecen a la instituci\u00f3n\u00a0<\/span><\/i><span data-ccp-props=\"{}\">\u00a0<\/span><\/li>\n<\/ul>\n<p><span data-ccp-props=\"{&quot;335559685&quot;:720}\">\u00a0<\/span><\/p>\n<div id=\"attachment_143193\" style=\"width: 732px\" class=\"wp-caption aligncenter\"><img aria-describedby=\"caption-attachment-143193\" decoding=\"async\" loading=\"lazy\" class=\"size-full wp-image-143193\" src=\"https:\/\/www.uv.mx\/prensa\/files\/2024\/05\/150524-CARLOS-Premio-al-Decano-2024-2-100k.jpg\" alt=\"El Rector declar\u00f3 que, a lo largo de la historia, las y los maestros han rescatado m\u00e1s vidas que cualquier otro colectivo \" width=\"722\" height=\"482\" srcset=\"https:\/\/www.uv.mx\/prensa\/files\/2024\/05\/150524-CARLOS-Premio-al-Decano-2024-2-100k.jpg 722w, https:\/\/www.uv.mx\/prensa\/files\/2024\/05\/150524-CARLOS-Premio-al-Decano-2024-2-100k-300x200.jpg 300w\" sizes=\"(max-width: 722px) 100vw, 722px\" \/><p id=\"caption-attachment-143193\" class=\"wp-caption-text\">El Rector declar\u00f3 que, a lo largo de la historia, las y los maestros han rescatado m\u00e1s vidas que cualquier otro colectivo<\/p><\/div>\n<p>&nbsp;<\/p>\n<p><b><i><span data-contrast=\"auto\">Carlos Hugo Hermida Rosales y Paola Cort\u00e9s P\u00e9rez\u00a0<\/span><\/i><\/b><span data-ccp-props=\"{}\">\u00a0<\/span><\/p>\n<p><b><i><span data-contrast=\"auto\">Fotos: Luis Fernando Fern\u00e1ndez y C\u00e9sar Pisil Ramos<\/span><\/i><\/b><\/p>\n<p><b><i><span data-contrast=\"auto\">15\/04\/2024, Xalapa, <\/span><\/i><\/b><span data-contrast=\"auto\">Ver.-En una ceremonia encabezada por el rector, Mart\u00edn Aguilar S\u00e1nchez, la Universidad Veracruzana (UV) laure\u00f3 a su comunidad acad\u00e9mica de las cinco regiones, con la entrega de reconocimientos a jubilados, al desempe\u00f1o docente, y el Premio al Decano a Manuel de Jes\u00fas Vel\u00e1zquez Torres, en el \u00c1rea Acad\u00e9mica de Artes; Julia Aurora Montano Rivas, en la Econ\u00f3mico-Administrativa, y Jorge Manzo Denes, en Investigaciones.<\/span><span data-ccp-props=\"{}\">\u00a0<\/span><\/p>\n<p><span data-contrast=\"auto\">En la sala anexa de Tlaqn\u00e1, Centro Cultural, el Rector de la UV destac\u00f3 las aportaciones fundamentales de las y los catedr\u00e1ticos universitarios, quienes con su quehacer transforman vidas y fortalecen a la instituci\u00f3n.<\/span><span data-ccp-props=\"{&quot;335559731&quot;:708}\">\u00a0<\/span><\/p>\n<p><span data-contrast=\"auto\">\u201cLa figura de educadores y el arte sutil de la docencia y del magisterio tienen un papel indispensable, pues a lo largo de la historia, los maestros han rescatado m\u00e1s vidas que cualquier colectivo, porque lo hacen d\u00eda a d\u00eda, persona a persona, siempre a tiempo de abrir rumbos, ampliar miradas, enlazar deseos, combatir opresiones y liberar caminos no previstos\u201d, manifest\u00f3.\u00a0<\/span><span data-ccp-props=\"{&quot;335559731&quot;:708}\">\u00a0<\/span><\/p>\n<p><span data-contrast=\"auto\">Asimismo, Mart\u00edn Aguilar S\u00e1nchez felicit\u00f3 a la comunidad acad\u00e9mica de todas las regiones universitarias, e insisti\u00f3 en los impactos saludables que sus intervenciones han tenido para la prosperidad de los programas educativos.<\/span><span data-ccp-props=\"{&quot;335559731&quot;:708}\">\u00a0<\/span><\/p>\n<p><span data-contrast=\"auto\">Reconoci\u00f3 a todas las personas galardonadas: jubiladas y jubilados que dedicaron su vida a la ense\u00f1anza, a quienes se distinguieron por su desempe\u00f1o, y a quienes su trayectoria profesional les hizo acreedores del Premio al Decano.<\/span><\/p>\n<div id=\"attachment_143194\" style=\"width: 732px\" class=\"wp-caption aligncenter\"><img aria-describedby=\"caption-attachment-143194\" decoding=\"async\" loading=\"lazy\" class=\"size-full wp-image-143194\" src=\"https:\/\/www.uv.mx\/prensa\/files\/2024\/05\/150524-CARLOS-Premio-al-Decano-2024-3-100k.jpg\" alt=\"Juan Ortiz expres\u00f3 que la UV reconoce la responsabilidad de la tarea docente \" width=\"722\" height=\"481\" srcset=\"https:\/\/www.uv.mx\/prensa\/files\/2024\/05\/150524-CARLOS-Premio-al-Decano-2024-3-100k.jpg 722w, https:\/\/www.uv.mx\/prensa\/files\/2024\/05\/150524-CARLOS-Premio-al-Decano-2024-3-100k-300x200.jpg 300w\" sizes=\"(max-width: 722px) 100vw, 722px\" \/><p id=\"caption-attachment-143194\" class=\"wp-caption-text\">Juan Ortiz expres\u00f3 que la UV reconoce la responsabilidad de la tarea docente<\/p><\/div>\n<p>&nbsp;<\/p>\n<p><b><span data-contrast=\"auto\">Ceremonia en el D\u00eda del Maestro<\/span><\/b><span data-ccp-props=\"{}\"><br \/>\n<\/span><span data-contrast=\"auto\">Durante celebraci\u00f3n por el D\u00eda del Maestro, fueron distinguidos con la entrega de reconocimientos al Desempe\u00f1o Docente 66 profesores y profesoras de las cinco regiones universitarias, de las seis \u00e1reas acad\u00e9micas, Direcci\u00f3n General de Investigaciones y del Sistema de Ense\u00f1anza Abierta.<\/span><span data-ccp-props=\"{}\">\u00a0<\/span><\/p>\n<p><span data-contrast=\"auto\">De igual manera, se reconoci\u00f3 a 114 acad\u00e9micas y acad\u00e9micos jubilados de esta instituci\u00f3n, tras haber coadyuvado al cambio del mundo mediante la formaci\u00f3n integral de varias generaciones de profesionistas.<\/span><span data-ccp-props=\"{&quot;335559731&quot;:708}\">\u00a0<\/span><\/p>\n<p><span data-contrast=\"auto\">En su participaci\u00f3n, Juan Ortiz Escamilla, secretario Acad\u00e9mico, expres\u00f3 que es en el marco del 80 aniversario que la UV reconoce la compleja responsabilidad de la tarea docente.<\/span><span data-ccp-props=\"{&quot;335559731&quot;:708}\">\u00a0<\/span><\/p>\n<p><span data-contrast=\"auto\">Record\u00f3 que el Premio al Decano se entreg\u00f3 por primera vez en 2013 y hasta ahora han sido 109 galardonados.<\/span><\/p>\n<div id=\"attachment_143195\" style=\"width: 732px\" class=\"wp-caption aligncenter\"><img aria-describedby=\"caption-attachment-143195\" decoding=\"async\" loading=\"lazy\" class=\"size-full wp-image-143195\" src=\"https:\/\/www.uv.mx\/prensa\/files\/2024\/05\/150524-CARLOS-Premio-al-Decano-2024-4-100k.jpg\" alt=\"La UV entreg\u00f3 el reconocimiento al Desempe\u00f1o Docente a 66 profesores y agradecimientos a 114 acad\u00e9micas y acad\u00e9micos jubilados\u202f \" width=\"722\" height=\"410\" \/><p id=\"caption-attachment-143195\" class=\"wp-caption-text\">La UV entreg\u00f3 el reconocimiento al Desempe\u00f1o Docente a 66 profesores y agradecimientos a 114 acad\u00e9micas y acad\u00e9micos jubilados<\/p><\/div>\n<p>&nbsp;<\/p>\n<p><span data-contrast=\"auto\">\u201cSon ejemplo de esos acad\u00e9micos que aprendieron, no para acumular conocimientos como un tesoro personal, sino para emplearlo al servicio del mundo estudiantil.\u201d<\/span><span data-ccp-props=\"{&quot;335559731&quot;:708}\">\u00a0<\/span><\/p>\n<p><span data-contrast=\"auto\">Con respecto al Reconocimiento al Desempe\u00f1o Docente, explic\u00f3 que la Universidad lo entrega a quienes realizan una invaluable aportaci\u00f3n en la formaci\u00f3n de estudiantes y son destacados por su dedicaci\u00f3n y contribuci\u00f3n para el logro de metas institucionales.<\/span><span data-ccp-props=\"{&quot;335559731&quot;:708}\">\u00a0<\/span><\/p>\n<p><span data-contrast=\"auto\">Con un video <\/span><i><span data-contrast=\"auto\">In Memoriam<\/span><\/i><span data-contrast=\"auto\"> se conmemor\u00f3 a quienes han partido de este mundo, pero que sus ideales, recuerdos y conocimientos perdurar\u00e1n en la Universidad.<\/span><span data-ccp-props=\"{&quot;335559731&quot;:708}\">\u00a0<\/span><\/p>\n<p><span data-contrast=\"auto\">A nombre de las y los galardonados con el Reconocimiento al Desempe\u00f1o Docente, la profesora Patricia Mart\u00ednez Moreno, de la regi\u00f3n Coatzacoalcos-Minatitl\u00e1n, comparti\u00f3 con los asistentes que realiz\u00f3 una breve consulta con algunos de sus colegas y estudiantes sobre lo que m\u00e1s se valora sobre la docencia y qu\u00e9 se valora m\u00e1s de un maestro.<\/span><\/p>\n<div id=\"attachment_143196\" style=\"width: 732px\" class=\"wp-caption aligncenter\"><img aria-describedby=\"caption-attachment-143196\" decoding=\"async\" loading=\"lazy\" class=\"size-full wp-image-143196\" src=\"https:\/\/www.uv.mx\/prensa\/files\/2024\/05\/150524-CARLOS-Premio-al-Decano-2024-5-100k.jpg\" alt=\"Patricia Mart\u00ednez Moreno dijo que el reconocimiento los impulsa y motiva a ser mejores profesores\u202f \" width=\"722\" height=\"482\" srcset=\"https:\/\/www.uv.mx\/prensa\/files\/2024\/05\/150524-CARLOS-Premio-al-Decano-2024-5-100k.jpg 722w, https:\/\/www.uv.mx\/prensa\/files\/2024\/05\/150524-CARLOS-Premio-al-Decano-2024-5-100k-300x200.jpg 300w\" sizes=\"(max-width: 722px) 100vw, 722px\" \/><p id=\"caption-attachment-143196\" class=\"wp-caption-text\">Patricia Mart\u00ednez Moreno dijo que el reconocimiento los impulsa y motiva a ser mejores profesores<\/p><\/div>\n<p>&nbsp;<\/p>\n<p><span data-contrast=\"auto\">\u201cEl sentir de las y los profesores es el hecho de poder contribuir, apoyar, transformar vidas y ayudar a los estudiantes, por ende, a la sociedad; todo es gratificante y nos genera satisfacci\u00f3n.<\/span><span data-ccp-props=\"{&quot;335559731&quot;:708}\">\u00a0<\/span><\/p>\n<p><span data-contrast=\"auto\">\u201dLos alumnos opinaron sentirse satisfechos si sus profesores muestran pasi\u00f3n, paciencia, dinamismo, interacci\u00f3n, confianza y claro, todo esto con el dominio y conocimiento de los temas; pero lo que valoran sobremanera es la parte humana.\u201d<\/span><span data-ccp-props=\"{&quot;335559731&quot;:708}\">\u00a0<\/span><\/p>\n<p><span data-contrast=\"auto\">Por \u00faltimo, dijo a las autoridades universitarias que este reconocimiento les impulsa y motiva a ser mejores, y al mismo tiempo invito a sus colegas a reflexionar sobre la pr\u00e1ctica docente.<\/span><\/p>\n<p><b><span data-contrast=\"auto\">Premio al Decano 2024<\/span><\/b><span data-ccp-props=\"{}\"><br \/>\n<\/span><span data-contrast=\"auto\">El Premio al Decano se otorga al personal docente en funciones, que adem\u00e1s de su antig\u00fcedad, se distingue por sus m\u00e9ritos reconocidos de liderazgo acad\u00e9mico y desarrollo profesional, as\u00ed como por su destacada participaci\u00f3n en las actividades universitarias.<\/span><\/p>\n<div id=\"attachment_143197\" style=\"width: 732px\" class=\"wp-caption aligncenter\"><img aria-describedby=\"caption-attachment-143197\" decoding=\"async\" loading=\"lazy\" class=\"size-full wp-image-143197\" src=\"https:\/\/www.uv.mx\/prensa\/files\/2024\/05\/150524-CARLOS-Premio-al-Decano-2024-6-100k.jpg\" alt=\"Docentes galardonados con el Premio al Decano\" width=\"722\" height=\"482\" srcset=\"https:\/\/www.uv.mx\/prensa\/files\/2024\/05\/150524-CARLOS-Premio-al-Decano-2024-6-100k.jpg 722w, https:\/\/www.uv.mx\/prensa\/files\/2024\/05\/150524-CARLOS-Premio-al-Decano-2024-6-100k-300x200.jpg 300w\" sizes=\"(max-width: 722px) 100vw, 722px\" \/><p id=\"caption-attachment-143197\" class=\"wp-caption-text\">Docentes galardonados con el Premio al Decano<\/p><\/div>\n<p>&nbsp;<\/p>\n<p><span data-contrast=\"auto\">Beatriz S\u00e1nchez Zurita, directora general del \u00c1rea Acad\u00e9mica de Artes, mencion\u00f3 que hablar de Manuel Vel\u00e1zquez, es hacerlo de producci\u00f3n art\u00edstica de calidad, cultura, gesti\u00f3n de proyectos, y de un ser generoso, c\u00e1lido, bromista y bondadoso que ama a sus mascotas.<\/span><span data-ccp-props=\"{&quot;335559731&quot;:708}\">\u00a0<\/span><\/p>\n<p><span data-contrast=\"auto\">Comparti\u00f3 que es Licenciado en Artes pl\u00e1sticas por la UV y Maestro en Estudios de Artes por la Universidad Iberoamericana, adem\u00e1s de un interesado en las posibilidades esc\u00e9nicas de la escultura, pues busca un encuentro corporal con el espectador.\u00a0<\/span><span data-ccp-props=\"{&quot;335559731&quot;:708}\">\u00a0<\/span><\/p>\n<p><span data-contrast=\"auto\">Ha participado en exposiciones en pa\u00edses como Cuba, Ghana, Canad\u00e1, Austria, B\u00e9lgica, Chile, Cuba, Ecuador, Estados Unidos y Eslovaquia.\u00a0<\/span><span data-ccp-props=\"{&quot;335559731&quot;:708}\">\u00a0<\/span><\/p>\n<p><span data-contrast=\"auto\">\u201cEs un promotor de sue\u00f1os de sus alumnos y dedica parte de su tiempo a la investigaci\u00f3n sobre arte contempor\u00e1neo\u201d, coment\u00f3 la directiva.<\/span><\/p>\n<div id=\"attachment_143198\" style=\"width: 732px\" class=\"wp-caption aligncenter\"><img aria-describedby=\"caption-attachment-143198\" decoding=\"async\" loading=\"lazy\" class=\"size-full wp-image-143198\" src=\"https:\/\/www.uv.mx\/prensa\/files\/2024\/05\/150524-CARLOS-Premio-al-Decano-2024-7-100k.jpg\" alt=\"Manuel de Jes\u00fas Vel\u00e1zquez Torres \" width=\"722\" height=\"481\" srcset=\"https:\/\/www.uv.mx\/prensa\/files\/2024\/05\/150524-CARLOS-Premio-al-Decano-2024-7-100k.jpg 722w, https:\/\/www.uv.mx\/prensa\/files\/2024\/05\/150524-CARLOS-Premio-al-Decano-2024-7-100k-300x200.jpg 300w\" sizes=\"(max-width: 722px) 100vw, 722px\" \/><p id=\"caption-attachment-143198\" class=\"wp-caption-text\">Manuel de Jes\u00fas Vel\u00e1zquez Torres<\/p><\/div>\n<p>&nbsp;<\/p>\n<p><span data-contrast=\"auto\">A su vez, Jos\u00e9 Luis S\u00e1nchez Leyva, titular de la Direcci\u00f3n General del \u00c1rea Acad\u00e9mica Econ\u00f3mico-Administrativa, destac\u00f3 que Aurora Montano es Licenciada en Estad\u00edstica, Maestra en Ciencias en Estad\u00edstica Experimental, Especialista en M\u00e9todos Estad\u00edsticos y Doctora en Matem\u00e1ticas.\u00a0<\/span><span data-ccp-props=\"{&quot;335559731&quot;:708}\">\u00a0<\/span><\/p>\n<p><span data-contrast=\"auto\">Manifest\u00f3 que la catedr\u00e1tica, xalape\u00f1a de nacimiento, ha iluminado con su sabidur\u00eda al estudiantado de la UV durante 34 a\u00f1os de trayectoria acad\u00e9mica.<\/span><span data-ccp-props=\"{&quot;335559731&quot;:708}\">\u00a0<\/span><\/p>\n<p><span data-contrast=\"auto\">\u201cEs una gu\u00eda para generaciones de alumnos \u00e1vidos de conocimiento, y su dedicaci\u00f3n y entrega son un impulso determinante en el camino de aquellos j\u00f3venes que desean aprender y crecer\u201d, asever\u00f3.\u00a0<\/span><span data-ccp-props=\"{&quot;335559731&quot;:708}\">\u00a0<\/span><\/p>\n<p><span data-contrast=\"auto\">Por su parte, Roberto Zenteno Cuevas, director general de Investigaciones, coment\u00f3 que Jorge Manzo se encuentra adscrito de tiempo completo al Instituto de Investigaciones Cerebrales de la UV, y su formaci\u00f3n acad\u00e9mica se reforz\u00f3 con estancias en Estados Unidos, Canad\u00e1 y Espa\u00f1a.<\/span><\/p>\n<div id=\"attachment_143199\" style=\"width: 732px\" class=\"wp-caption aligncenter\"><img aria-describedby=\"caption-attachment-143199\" decoding=\"async\" loading=\"lazy\" class=\"size-full wp-image-143199\" src=\"https:\/\/www.uv.mx\/prensa\/files\/2024\/05\/150524-CARLOS-Premio-al-Decano-2024-8-100k.jpg\" alt=\"Julia Aurora Montano Rivas \" width=\"722\" height=\"482\" srcset=\"https:\/\/www.uv.mx\/prensa\/files\/2024\/05\/150524-CARLOS-Premio-al-Decano-2024-8-100k.jpg 722w, https:\/\/www.uv.mx\/prensa\/files\/2024\/05\/150524-CARLOS-Premio-al-Decano-2024-8-100k-300x200.jpg 300w\" sizes=\"(max-width: 722px) 100vw, 722px\" \/><p id=\"caption-attachment-143199\" class=\"wp-caption-text\">Julia Aurora Montano Rivas<\/p><\/div>\n<p>&nbsp;<\/p>\n<p><span data-contrast=\"auto\">\u201cHa impartido docencia desde 1983 en distintos programas de licenciatura y posgrado, y dirigido medio centenar de tesis\u201d, resalt\u00f3.<\/span><span data-ccp-props=\"{&quot;335559731&quot;:708}\">\u00a0<\/span><\/p>\n<p><span data-contrast=\"auto\">Actualmente es vicepresidente de la Sociedad Mexicana de Ciencias Fisiol\u00f3gicas, y miembro del \u201cComit\u00e9 Miledi\u201d para la instauraci\u00f3n de la Escuela Latinoamericana de Neurociencias, Society for Neuroscience y The Grass Foundation, as\u00ed como de diversas asociaciones que estudian las neurociencias.\u00a0<\/span><span data-ccp-props=\"{&quot;335559731&quot;:708}\">\u00a0<\/span><\/p>\n<p><span data-contrast=\"auto\">En nombre de las personas galardonadas, Manuel Vel\u00e1zquez agradeci\u00f3 los reconocimientos recibidos, y a los integrantes del jurado deliberador que les otorg\u00f3 los premios despu\u00e9s de un proceso de an\u00e1lisis riguroso.<\/span><span data-ccp-props=\"{&quot;335559731&quot;:708}\">\u00a0<\/span><\/p>\n<p><span data-contrast=\"auto\">Declar\u00f3 que las Instituciones de Educaci\u00f3n Superior son espacios vitales donde la c\u00e1tedra e investigaci\u00f3n convergen, para dar forma a la comprensi\u00f3n del mundo, desarrollar v\u00ednculos y crear comunidad.<\/span><\/p>\n<div id=\"attachment_143200\" style=\"width: 732px\" class=\"wp-caption aligncenter\"><img aria-describedby=\"caption-attachment-143200\" decoding=\"async\" loading=\"lazy\" class=\"size-full wp-image-143200\" src=\"https:\/\/www.uv.mx\/prensa\/files\/2024\/05\/150524-CARLOS-Premio-al-Decano-2024-9-100k.jpg\" alt=\"Jorge Manzo Denes \" width=\"722\" height=\"482\" srcset=\"https:\/\/www.uv.mx\/prensa\/files\/2024\/05\/150524-CARLOS-Premio-al-Decano-2024-9-100k.jpg 722w, https:\/\/www.uv.mx\/prensa\/files\/2024\/05\/150524-CARLOS-Premio-al-Decano-2024-9-100k-300x200.jpg 300w\" sizes=\"(max-width: 722px) 100vw, 722px\" \/><p id=\"caption-attachment-143200\" class=\"wp-caption-text\">Jorge Manzo Denes<\/p><\/div>\n<p>&nbsp;<\/p>\n<p><span data-contrast=\"auto\">El catedr\u00e1tico invit\u00f3 a repensar el proceso educativo para imaginar un futuro, en el que el intercambio de conocimientos trascienda las barreras f\u00edsicas y sociales, donde la innovaci\u00f3n se una a la tradici\u00f3n de las culturas.<\/span><span data-ccp-props=\"{&quot;335559731&quot;:708}\">\u00a0<\/span><\/p>\n<p><span data-contrast=\"auto\">\u201cDocentes y estudiantes debemos ser capaces de redefinir nuestro papel en la sociedad del conocimiento\u201d, enunci\u00f3.\u00a0<\/span><span data-ccp-props=\"{&quot;335559731&quot;:708}\">\u00a0<\/span><\/p>\n<p><span data-contrast=\"auto\">El rector estuvo acompa\u00f1ado en la ceremonia de Lizbeth Viveros Cancino y Jaqueline Jongitud Zamora, secretarias de Administraci\u00f3n y Finanzas, y de Desarrollo Institucional, respectivamente, y Enrique Levet Gorozpe, secretario general del Sindicato de Acad\u00e9micos de la Universidad Veracruzana (<\/span><i><span data-contrast=\"auto\">Fesapauv<\/span><\/i><span data-contrast=\"auto\">).<\/span><span data-ccp-props=\"{&quot;201341983&quot;:0,&quot;335559731&quot;:708,&quot;335559740&quot;:259}\">\u00a0<\/span><\/p>\n<p><span data-contrast=\"auto\">Adem\u00e1s de los vicerrectores de las regiones Coatzacoalcos-Minatitl\u00e1n, Orizaba-C\u00f3rdoba, Poza Rica-Tuxpan y Veracruz, directivos universitarios, catedr\u00e1ticos e investigadores.<\/span><span data-ccp-props=\"{&quot;335559731&quot;:708}\">\u00a0<\/span><\/p>\n<p><span data-contrast=\"auto\">En el p\u00fablico acompa\u00f1aron a las y los homenajeados sus familiares, amistades, acad\u00e9micos, estudiantes e integrantes de la comunidad egresada, quienes les brindaron aplausos en reconocimiento.<\/span><span data-ccp-props=\"{&quot;335559731&quot;:708}\">\u00a0<\/span><\/p>\n","protected":false},"excerpt":{"rendered":"<p>En el marco del D\u00eda del Maestro, con una ceremonia efectuada en la sala anexa de Tlaqn\u00e1, Centro Cultural  <\/p>\n","protected":false},"author":1775,"featured_media":143201,"comment_status":"closed","ping_status":"closed","sticky":false,"template":"","format":"standard","meta":[],"categories":[15424,61,5174,32],"tags":[4161,681,4448,6263,7509,2870,914,1340,1822,6592,4164,633,1280,6255,5771,96],"_links":{"self":[{"href":"https:\/\/www.uv.mx\/prensa\/wp-json\/wp\/v2\/posts\/143202"}],"collection":[{"href":"https:\/\/www.uv.mx\/prensa\/wp-json\/wp\/v2\/posts"}],"about":[{"href":"https:\/\/www.uv.mx\/prensa\/wp-json\/wp\/v2\/types\/post"}],"author":[{"embeddable":true,"href":"https:\/\/www.uv.mx\/prensa\/wp-json\/wp\/v2\/users\/1775"}],"replies":[{"embeddable":true,"href":"https:\/\/www.uv.mx\/prensa\/wp-json\/wp\/v2\/comments?post=143202"}],"version-history":[{"count":1,"href":"https:\/\/www.uv.mx\/prensa\/wp-json\/wp\/v2\/posts\/143202\/revisions"}],"predecessor-version":[{"id":143245,"href":"https:\/\/www.uv.mx\/prensa\/wp-json\/wp\/v2\/posts\/143202\/revisions\/143245"}],"wp:featuredmedia":[{"embeddable":true,"href":"https:\/\/www.uv.mx\/prensa\/wp-json\/wp\/v2\/media\/143201"}],"wp:attachment":[{"href":"https:\/\/www.uv.mx\/prensa\/wp-json\/wp\/v2\/media?parent=143202"}],"wp:term":[{"taxonomy":"category","embeddable":true,"href":"https:\/\/www.uv.mx\/prensa\/wp-json\/wp\/v2\/categories?post=143202"},{"taxonomy":"post_tag","embeddable":true,"href":"https:\/\/www.uv.mx\/prensa\/wp-json\/wp\/v2\/tags?post=143202"}],"curies":[{"name":"wp","href":"https:\/\/api.w.org\/{rel}","templated":true}]}}