{"id":143785,"date":"2024-05-24T13:39:47","date_gmt":"2024-05-24T18:39:47","guid":{"rendered":"https:\/\/www.uv.mx\/prensa\/?p=143785"},"modified":"2024-05-24T13:39:47","modified_gmt":"2024-05-24T18:39:47","slug":"plantas-epifitas-impactadas-y-presionadas-por-el-cambio-climatico","status":"publish","type":"post","link":"https:\/\/www.uv.mx\/prensa\/banner\/plantas-epifitas-impactadas-y-presionadas-por-el-cambio-climatico\/","title":{"rendered":"Plantas ep\u00edfitas, impactadas y presionadas por el cambio clim\u00e1tico"},"content":{"rendered":"<ul>\n<li data-leveltext=\"\uf0b7\" data-font=\"Symbol\" data-listid=\"2\" data-list-defn-props=\"{&quot;335552541&quot;:1,&quot;335559685&quot;:720,&quot;335559991&quot;:360,&quot;469769226&quot;:&quot;Symbol&quot;,&quot;469769242&quot;:[8226],&quot;469777803&quot;:&quot;left&quot;,&quot;469777804&quot;:&quot;\uf0b7&quot;,&quot;469777815&quot;:&quot;hybridMultilevel&quot;}\" data-aria-posinset=\"1\" data-aria-level=\"1\"><i><span data-contrast=\"auto\">En la UV, expertos intercambian conocimientos en el III Foro sobre Diversidad y Conservaci\u00f3n de Plantas Ep\u00edfitas<\/span><\/i><span data-ccp-props=\"{&quot;201341983&quot;:0,&quot;335559739&quot;:0,&quot;335559740&quot;:240}\">\u00a0<\/span><\/li>\n<li data-leveltext=\"\uf0b7\" data-font=\"Symbol\" data-listid=\"1\" data-list-defn-props=\"{&quot;335552541&quot;:1,&quot;335559685&quot;:720,&quot;335559991&quot;:360,&quot;469769226&quot;:&quot;Symbol&quot;,&quot;469769242&quot;:[8226],&quot;469777803&quot;:&quot;left&quot;,&quot;469777804&quot;:&quot;\uf0b7&quot;,&quot;469777815&quot;:&quot;hybridMultilevel&quot;}\" data-aria-posinset=\"2\" data-aria-level=\"1\"><i><span data-contrast=\"auto\">Es organizado por el <\/span><\/i><span data-contrast=\"auto\">Citro<\/span><i><span data-contrast=\"auto\"> y la Facultad de Ciencias Biol\u00f3gicas y Agropecuarias, regi\u00f3n Poza Rica-Tuxpan<\/span><\/i><span data-ccp-props=\"{&quot;201341983&quot;:0,&quot;335559739&quot;:0,&quot;335559740&quot;:240}\">\u00a0<\/span><\/li>\n<\/ul>\n<p><span data-ccp-props=\"{&quot;201341983&quot;:0,&quot;335559739&quot;:0,&quot;335559740&quot;:240}\">\u00a0<\/span><\/p>\n<div id=\"attachment_143702\" style=\"width: 732px\" class=\"wp-caption aligncenter\"><img aria-describedby=\"caption-attachment-143702\" decoding=\"async\" loading=\"lazy\" class=\"size-full wp-image-143702\" src=\"https:\/\/www.uv.mx\/prensa\/files\/2024\/05\/220524-PLANTAS-EPIFITAS-1.jpg\" alt=\"\" width=\"722\" height=\"397\" srcset=\"https:\/\/www.uv.mx\/prensa\/files\/2024\/05\/220524-PLANTAS-EPIFITAS-1.jpg 722w, https:\/\/www.uv.mx\/prensa\/files\/2024\/05\/220524-PLANTAS-EPIFITAS-1-300x165.jpg 300w\" sizes=\"(max-width: 722px) 100vw, 722px\" \/><p id=\"caption-attachment-143702\" class=\"wp-caption-text\">El III Foro sobre Diversidad y Conservaci\u00f3n de Plantas Ep\u00edfitas fue organizado por el Citro y la FCBA, regi\u00f3n Poza Rica-Tuxpan<\/p><\/div>\n<p><span data-ccp-props=\"{&quot;201341983&quot;:0,&quot;335559739&quot;:0,&quot;335559740&quot;:240}\">\u00a0<\/span><\/p>\n<p>&nbsp;<\/p>\n<p><b><i><span data-contrast=\"auto\">Claudia Peralta V\u00e1zquez<\/span><\/i><\/b><span data-ccp-props=\"{&quot;201341983&quot;:0,&quot;335559739&quot;:0,&quot;335559740&quot;:240}\">\u00a0<\/span><\/p>\n<p><b><i><span data-contrast=\"auto\">Fotos: Luis Fernando Fern\u00e1ndez<\/span><\/i><\/b><span data-ccp-props=\"{&quot;201341983&quot;:0,&quot;335559739&quot;:0,&quot;335559740&quot;:240}\">\u00a0<\/span><\/p>\n<p><span data-ccp-props=\"{&quot;201341983&quot;:0,&quot;335559739&quot;:0,&quot;335559740&quot;:240}\">\u00a0<\/span><\/p>\n<p><b><i><span data-contrast=\"auto\">24\/05\/2024, Xalapa, Ver.- <\/span><\/i><\/b><span data-contrast=\"auto\">El cambio clim\u00e1tico impacta y presiona los ecosistemas y bosques donde crecen una gran diversidad de especies, problem\u00e1tica a la que se suma la extracci\u00f3n de plantas silvestres para su comercializaci\u00f3n. Este y otros temas relacionados fueron abordados por especialistas en el III Foro sobre Diversidad y Conservaci\u00f3n de Plantas Ep\u00edfitas, del 22 al 24 de mayo en la Universidad Veracruzana (UV).<\/span><span data-ccp-props=\"{&quot;201341983&quot;:0,&quot;335559739&quot;:0,&quot;335559740&quot;:240}\">\u00a0<\/span><\/p>\n<p><span data-contrast=\"auto\">El evento fue convocado por los cuerpos acad\u00e9micos (CA) Conservaci\u00f3n Biol\u00f3gica, y Preservaci\u00f3n y Conservaci\u00f3n de Ecosistemas Tropicales, adscritos al Centro de Investigaciones Tropicales (<\/span><i><span data-contrast=\"auto\">Citro<\/span><\/i><span data-contrast=\"auto\">) y la Facultad de Ciencias Biol\u00f3gicas y Agropecuarias (FCBA), regi\u00f3n Poza Rica-Tuxpan, en el marco del 80 aniversario de la UV de esta casa de estudios.\u00a0<\/span><span data-ccp-props=\"{&quot;201341983&quot;:0,&quot;335559731&quot;:708,&quot;335559739&quot;:0,&quot;335559740&quot;:240}\">\u00a0<\/span><\/p>\n<p><span data-contrast=\"auto\">La inauguraci\u00f3n estuvo a cargo de Roberto Zenteno Cuevas, director general de Investigaciones, en la sala de videoconferencias de la Unidad de Servicios Bibliotecarios y de Informaci\u00f3n (USBI) de Xalapa, donde Citlalli L\u00f3pez Binnq\u00fcist, coordinadora del <\/span><i><span data-contrast=\"auto\">Citro, <\/span><\/i><span data-contrast=\"auto\">hizo hincapi\u00e9 en la necesidad del estudio, conservaci\u00f3n y preservaci\u00f3n de las epifitas.<\/span><\/p>\n<p><span data-contrast=\"auto\">Por tal motivo, se realizaron sesiones acad\u00e9micas, encuentros, exposici\u00f3n de carteles, pl\u00e1ticas y un taller sobre germinaci\u00f3n de ep\u00edfitas, desarrollado en el Orquidario UV.<\/span><\/p>\n<p>&nbsp;<\/p>\n<div id=\"attachment_143701\" style=\"width: 732px\" class=\"wp-caption aligncenter\"><img aria-describedby=\"caption-attachment-143701\" decoding=\"async\" loading=\"lazy\" class=\"size-full wp-image-143701\" src=\"https:\/\/www.uv.mx\/prensa\/files\/2024\/05\/220524-PLANTAS-EPIFITAS-2.jpg\" alt=\"\" width=\"722\" height=\"481\" srcset=\"https:\/\/www.uv.mx\/prensa\/files\/2024\/05\/220524-PLANTAS-EPIFITAS-2.jpg 722w, https:\/\/www.uv.mx\/prensa\/files\/2024\/05\/220524-PLANTAS-EPIFITAS-2-300x200.jpg 300w\" sizes=\"(max-width: 722px) 100vw, 722px\" \/><p id=\"caption-attachment-143701\" class=\"wp-caption-text\">En M\u00e9xico, el 70% de orqu\u00eddeas son ep\u00edfitas<\/p><\/div>\n<p>&nbsp;<\/p>\n<p><span data-contrast=\"auto\">Al subrayar el trabajo de investigaci\u00f3n y docencia desarrollado en el <\/span><i><span data-contrast=\"auto\">Citro<\/span><\/i><span data-contrast=\"auto\">, L\u00f3pez Binnq\u00fcist consider\u00f3 fundamental el abordaje de este tema pues las plantas ep\u00edfitas no s\u00f3lo son reconocidas como un elemento biol\u00f3gico vital, tambi\u00e9n por sus valores sociales, culturales, simb\u00f3licos y ornamentales, principalmente en el centro del estado de Veracruz.<\/span><span data-ccp-props=\"{&quot;201341983&quot;:0,&quot;335559731&quot;:708,&quot;335559739&quot;:0,&quot;335559740&quot;:240}\">\u00a0<\/span><\/p>\n<p><span data-contrast=\"auto\">Posterior a la inauguraci\u00f3n, en la que tambi\u00e9n estuvo Elizabeth G\u00f3mez Ocampo, directora general de Desarrollo Acad\u00e9mico e Innovaci\u00f3n Educativa, y Odil\u00f3n Manuel S\u00e1nchez S\u00e1nchez, coordinador del CA Conservaci\u00f3n Biol\u00f3gica, iniciaron las actividades del encuentro, enmarcado en el Seminario Diversidad, Ecolog\u00eda y Conservaci\u00f3n de Plantas Ep\u00edfitas.<\/span><span data-ccp-props=\"{&quot;201341983&quot;:0,&quot;335559731&quot;:708,&quot;335559739&quot;:0,&quot;335559740&quot;:240}\">\u00a0<\/span><\/p>\n<p><span data-ccp-props=\"{&quot;201341983&quot;:0,&quot;335559739&quot;:0,&quot;335559740&quot;:240}\">\u00a0<\/span><\/p>\n<div id=\"attachment_143700\" style=\"width: 732px\" class=\"wp-caption aligncenter\"><img aria-describedby=\"caption-attachment-143700\" decoding=\"async\" loading=\"lazy\" class=\"size-full wp-image-143700\" src=\"https:\/\/www.uv.mx\/prensa\/files\/2024\/05\/220524-PLANTAS-EPIFITAS-3.jpg\" alt=\"\" width=\"722\" height=\"499\" srcset=\"https:\/\/www.uv.mx\/prensa\/files\/2024\/05\/220524-PLANTAS-EPIFITAS-3.jpg 722w, https:\/\/www.uv.mx\/prensa\/files\/2024\/05\/220524-PLANTAS-EPIFITAS-3-300x207.jpg 300w\" sizes=\"(max-width: 722px) 100vw, 722px\" \/><p id=\"caption-attachment-143700\" class=\"wp-caption-text\">Citlalli L\u00f3pez Binnq\u00fcist, coordinadora del Centro de Investigaciones Tropicales<\/p><\/div>\n<p>&nbsp;<\/p>\n<p><b><span data-contrast=\"auto\">70% de orqu\u00eddeas en M\u00e9xico son ep\u00edfitas<\/span><\/b><span data-ccp-props=\"{&quot;201341983&quot;:0,&quot;335559739&quot;:0,&quot;335559740&quot;:240}\">\u00a0<\/span><\/p>\n<p><span data-contrast=\"auto\">La primera ponencia magistral, \u201cUsos tradicionales de orqu\u00eddeas mexicanas: m\u00e1s all\u00e1 de su valor ornamental\u201d, fue impartida por Rodolfo Solano, investigador del Centro Interdisciplinario de Investigaci\u00f3n para el Desarrollo Integral Regional Oaxaca, perteneciente al Instituto Polit\u00e9cnico Nacional.<\/span><span data-ccp-props=\"{&quot;201341983&quot;:0,&quot;335559739&quot;:0,&quot;335559740&quot;:240}\">\u00a0<\/span><\/p>\n<p><span data-contrast=\"auto\">Ante estudiantes, acad\u00e9micos, investigadores y comunidad universitaria, dio a conocer que el 70% de especies de orqu\u00eddeas en M\u00e9xico son consideradas como ep\u00edfitas.<\/span><span data-ccp-props=\"{&quot;201341983&quot;:0,&quot;335559731&quot;:708,&quot;335559739&quot;:0,&quot;335559740&quot;:240}\">\u00a0<\/span><\/p>\n<p><span data-contrast=\"auto\">Pese a su gran valor ornamental, tambi\u00e9n se les ha dado otros usos, tanto medicinales como alimenticios, sobre todo si se considera que hay una larga tradici\u00f3n cultural sobre los usos de la flora y fauna.<\/span><span data-ccp-props=\"{&quot;201341983&quot;:0,&quot;335559731&quot;:708,&quot;335559739&quot;:0,&quot;335559740&quot;:240}\">\u00a0<\/span><\/p>\n<p><span data-contrast=\"auto\">\u201cPosiblemente, junto con algunas regiones de Sudam\u00e9rica, particularmente Per\u00fa, en M\u00e9xico es donde se manifiestan m\u00e1s estas tradiciones en cuanto al uso de dichos recursos, quiz\u00e1 s\u00f3lo sean superados por pa\u00edses como China o India.\u201d<\/span><span data-ccp-props=\"{&quot;201341983&quot;:0,&quot;335559731&quot;:708,&quot;335559739&quot;:0,&quot;335559740&quot;:240}\">\u00a0<\/span><\/p>\n<p><span data-contrast=\"auto\">Por medio de diapositivas detall\u00f3 los usos de las orqu\u00eddeas desde tiempos remotos, espec\u00edficamente en manifestaciones art\u00edsticas y arquitect\u00f3nicas en la antigua Roma, hace m\u00e1s de dos mil a\u00f1os.<\/span><span data-ccp-props=\"{&quot;201341983&quot;:0,&quot;335559731&quot;:708,&quot;335559739&quot;:0,&quot;335559740&quot;:240}\">\u00a0<\/span><\/p>\n<p><span data-ccp-props=\"{&quot;201341983&quot;:0,&quot;335559739&quot;:0,&quot;335559740&quot;:240}\">\u00a0<\/span><\/p>\n<div id=\"attachment_143699\" style=\"width: 732px\" class=\"wp-caption aligncenter\"><img aria-describedby=\"caption-attachment-143699\" decoding=\"async\" loading=\"lazy\" class=\"size-full wp-image-143699\" src=\"https:\/\/www.uv.mx\/prensa\/files\/2024\/05\/220524-PLANTAS-EPIFITAS-4.jpg\" alt=\"\" width=\"722\" height=\"481\" srcset=\"https:\/\/www.uv.mx\/prensa\/files\/2024\/05\/220524-PLANTAS-EPIFITAS-4.jpg 722w, https:\/\/www.uv.mx\/prensa\/files\/2024\/05\/220524-PLANTAS-EPIFITAS-4-300x200.jpg 300w\" sizes=\"(max-width: 722px) 100vw, 722px\" \/><p id=\"caption-attachment-143699\" class=\"wp-caption-text\">Rodolfo Solano, del IPN, imparti\u00f3 la ponencia \u201cUsos tradicionales de orqu\u00eddeas mexicanas: m\u00e1s all\u00e1 de su valor ornamental\u201d<\/p><\/div>\n<p>&nbsp;<\/p>\n<p><b><span data-contrast=\"auto\">64% han sido usadas en la medicina tradicional mexicana<\/span><\/b><span data-ccp-props=\"{&quot;201341983&quot;:0,&quot;335559739&quot;:0,&quot;335559740&quot;:240}\">\u00a0<\/span><\/p>\n<p><span data-contrast=\"auto\">Rodolfo Solano explic\u00f3 que aparte del ornamental, el medicinal ha sido el uso m\u00e1s importante de estas plantas, desde antes de la llegada de los espa\u00f1oles.<\/span><span data-ccp-props=\"{&quot;201341983&quot;:0,&quot;335559739&quot;:0,&quot;335559740&quot;:240}\">\u00a0<\/span><\/p>\n<p><span data-contrast=\"auto\">Seg\u00fan la literatura, se refiere que el 64 % se han usado en la medicina tradicional mexicana por lo que \u201ccasi todas son plantas ep\u00edfitas\u201d. Actualmente, 15 especies han sido estudiadas para validar su potencial farmacol\u00f3gico.<\/span><span data-ccp-props=\"{&quot;201341983&quot;:0,&quot;335559739&quot;:0,&quot;335559740&quot;:240}\">\u00a0<\/span><\/p>\n<p><span data-contrast=\"auto\">Algunos de los problemas de salud para los cuales se usan son: asma, conjuntivitis, infecciones gastrointestinales, inflamaciones, hemorragias vaginales, inflamaciones, c\u00f3licos abdominales y diabetes.<\/span><span data-ccp-props=\"{&quot;201341983&quot;:0,&quot;335559739&quot;:0,&quot;335559740&quot;:240}\">\u00a0<\/span><\/p>\n<p><span data-contrast=\"auto\">En general, lament\u00f3 que la mayor\u00eda se extraigan de su h\u00e1bitat, actividad que pone en riesgo a varias especies y las coloca en esa categor\u00eda. Aunque hay propuestas para hacer una regulaci\u00f3n de esta actividad, los resultados han sido m\u00ednimos y la demanda se ve favorecida por la extracci\u00f3n de plantas silvestres.<\/span><span data-ccp-props=\"{&quot;201341983&quot;:0,&quot;335559739&quot;:0,&quot;335559740&quot;:240}\">\u00a0<\/span><\/p>\n<p><span data-contrast=\"auto\">Es importante mencionar que, como parte del III Foro sobre Diversidad y Conservaci\u00f3n de Plantas Ep\u00edfitas, artesanas y artesanos de colectivos que impulsan la conservaci\u00f3n y protecci\u00f3n de dichas especies, participaron con una exhibici\u00f3n de productos en los pasillos de la USBI.<\/span><span data-ccp-props=\"{&quot;201341983&quot;:0,&quot;335559731&quot;:708,&quot;335559739&quot;:0,&quot;335559740&quot;:240}\">\u00a0<\/span><\/p>\n<p>&nbsp;<\/p>\n<div id=\"attachment_143703\" style=\"width: 732px\" class=\"wp-caption aligncenter\"><img aria-describedby=\"caption-attachment-143703\" decoding=\"async\" loading=\"lazy\" class=\"size-full wp-image-143703\" src=\"https:\/\/www.uv.mx\/prensa\/files\/2024\/05\/220524-PLANTAS-EPIFITAS-5.jpg\" alt=\"\" width=\"722\" height=\"492\" srcset=\"https:\/\/www.uv.mx\/prensa\/files\/2024\/05\/220524-PLANTAS-EPIFITAS-5.jpg 722w, https:\/\/www.uv.mx\/prensa\/files\/2024\/05\/220524-PLANTAS-EPIFITAS-5-300x204.jpg 300w\" sizes=\"(max-width: 722px) 100vw, 722px\" \/><p id=\"caption-attachment-143703\" class=\"wp-caption-text\">Artesanos y artesanas participaron con una muestra de diversas especies de ep\u00edfitas y de otros productos<\/p><\/div>\n","protected":false},"excerpt":{"rendered":"<p>No s\u00f3lo son reconocidas como un elemento biol\u00f3gico vital, tambi\u00e9n por sus valores sociales, culturales, simb\u00f3licos y ornamentales, sobre todo en la zona centro del estado de Veracruz\u00a0<\/p>\n","protected":false},"author":2349,"featured_media":143698,"comment_status":"closed","ping_status":"closed","sticky":false,"template":"","format":"standard","meta":[],"categories":[15424,61,6299],"tags":[12548,1269,6477,4163,2943,8081,10780,9767,17363,9150,8296,17364],"_links":{"self":[{"href":"https:\/\/www.uv.mx\/prensa\/wp-json\/wp\/v2\/posts\/143785"}],"collection":[{"href":"https:\/\/www.uv.mx\/prensa\/wp-json\/wp\/v2\/posts"}],"about":[{"href":"https:\/\/www.uv.mx\/prensa\/wp-json\/wp\/v2\/types\/post"}],"author":[{"embeddable":true,"href":"https:\/\/www.uv.mx\/prensa\/wp-json\/wp\/v2\/users\/2349"}],"replies":[{"embeddable":true,"href":"https:\/\/www.uv.mx\/prensa\/wp-json\/wp\/v2\/comments?post=143785"}],"version-history":[{"count":1,"href":"https:\/\/www.uv.mx\/prensa\/wp-json\/wp\/v2\/posts\/143785\/revisions"}],"predecessor-version":[{"id":143786,"href":"https:\/\/www.uv.mx\/prensa\/wp-json\/wp\/v2\/posts\/143785\/revisions\/143786"}],"wp:featuredmedia":[{"embeddable":true,"href":"https:\/\/www.uv.mx\/prensa\/wp-json\/wp\/v2\/media\/143698"}],"wp:attachment":[{"href":"https:\/\/www.uv.mx\/prensa\/wp-json\/wp\/v2\/media?parent=143785"}],"wp:term":[{"taxonomy":"category","embeddable":true,"href":"https:\/\/www.uv.mx\/prensa\/wp-json\/wp\/v2\/categories?post=143785"},{"taxonomy":"post_tag","embeddable":true,"href":"https:\/\/www.uv.mx\/prensa\/wp-json\/wp\/v2\/tags?post=143785"}],"curies":[{"name":"wp","href":"https:\/\/api.w.org\/{rel}","templated":true}]}}