{"id":143933,"date":"2024-05-28T13:22:15","date_gmt":"2024-05-28T18:22:15","guid":{"rendered":"https:\/\/www.uv.mx\/prensa\/?p=143933"},"modified":"2024-05-28T13:22:15","modified_gmt":"2024-05-28T18:22:15","slug":"en-mis-cuentos-recojo-anecdotas-de-la-infancia-tamara-silva","status":"publish","type":"post","link":"https:\/\/www.uv.mx\/prensa\/entrevista\/en-mis-cuentos-recojo-anecdotas-de-la-infancia-tamara-silva\/","title":{"rendered":"En mis cuentos recojo an\u00e9cdotas de la infancia: Tamara Silva"},"content":{"rendered":"<ul style=\"font-weight: 400\">\n<li data-leveltext=\"\uf0b7\" data-font=\"Symbol\" data-listid=\"6\" data-list-defn-props=\"{&quot;335552541&quot;:1,&quot;335559685&quot;:720,&quot;335559991&quot;:360,&quot;469769226&quot;:&quot;Symbol&quot;,&quot;469769242&quot;:[8226],&quot;469777803&quot;:&quot;left&quot;,&quot;469777804&quot;:&quot;\uf0b7&quot;,&quot;469777815&quot;:&quot;hybridMultilevel&quot;}\" data-aria-posinset=\"1\" data-aria-level=\"1\"><i><span data-contrast=\"auto\">La joven escritora present\u00f3 <\/span><\/i><span data-contrast=\"auto\">Desastres naturales <\/span><i><span data-contrast=\"auto\">en la Feria Internacional del Libro Universitario 2024 de la Universidad Veracruzana<\/span><\/i><span data-ccp-props=\"{}\">\u00a0<\/span><\/li>\n<li data-leveltext=\"\uf0b7\" data-font=\"Symbol\" data-listid=\"6\" data-list-defn-props=\"{&quot;335552541&quot;:1,&quot;335559685&quot;:720,&quot;335559991&quot;:360,&quot;469769226&quot;:&quot;Symbol&quot;,&quot;469769242&quot;:[8226],&quot;469777803&quot;:&quot;left&quot;,&quot;469777804&quot;:&quot;\uf0b7&quot;,&quot;469777815&quot;:&quot;hybridMultilevel&quot;}\" data-aria-posinset=\"2\" data-aria-level=\"1\"><i><span data-contrast=\"auto\">La muerte tiene un papel fundamental en sus relatos, pero no s\u00f3lo relacionada con el fin de la existencia, sino como una oportunidad de abrirse a nuevas formas de pensar<\/span><\/i><span data-ccp-props=\"{}\">\u00a0<\/span><\/li>\n<\/ul>\n<p>&nbsp;<\/p>\n<div id=\"attachment_143917\" style=\"width: 732px\" class=\"wp-caption aligncenter\"><a href=\"https:\/\/www.uv.mx\/prensa\/files\/2024\/05\/270524-CARLOS-Tamara-Silva-1.jpg\"><img aria-describedby=\"caption-attachment-143917\" decoding=\"async\" loading=\"lazy\" class=\"size-full wp-image-143917\" src=\"https:\/\/www.uv.mx\/prensa\/files\/2024\/05\/270524-CARLOS-Tamara-Silva-1.jpg\" alt=\"\" width=\"722\" height=\"407\" srcset=\"https:\/\/www.uv.mx\/prensa\/files\/2024\/05\/270524-CARLOS-Tamara-Silva-1.jpg 722w, https:\/\/www.uv.mx\/prensa\/files\/2024\/05\/270524-CARLOS-Tamara-Silva-1-300x169.jpg 300w\" sizes=\"(max-width: 722px) 100vw, 722px\" \/><\/a><p id=\"caption-attachment-143917\" class=\"wp-caption-text\">Tamara Silva Bernaschina<\/p><\/div>\n<p>&nbsp;<\/p>\n<p><b><i><span data-contrast=\"auto\">Carlos Hugo Hermida Rosales<\/span><\/i><\/b><span data-ccp-props=\"{}\">\u00a0<\/span><\/p>\n<p><b><i><span data-contrast=\"auto\">28\/05\/2024, Xalapa, Ver.-<\/span><\/i><\/b><span data-contrast=\"auto\"> \u201cAunque me gusta pensar que escribo cuentos de ficci\u00f3n, realmente en ellos recojo an\u00e9cdotas de mi infancia, tradiciones y descripciones de paisajes ubicados en Maldonado y Lavalleja, departamentos de mi pa\u00eds\u201d, relat\u00f3 Tamara Silva Bernaschina, escritora uruguaya autora del libro <\/span><i><span data-contrast=\"auto\">Desastres naturales<\/span><\/i><span data-contrast=\"auto\">.<\/span><span data-ccp-props=\"{}\">\u00a0<\/span><\/p>\n<p><span data-contrast=\"auto\">La joven, quien se present\u00f3 en la Feria Internacional del Libro Universitario (FILU) 2024 de la Universidad Veracruzana (UV), comparti\u00f3 que comenz\u00f3 a redactar desde muy peque\u00f1a, y la obra citada surgi\u00f3 de un taller literario que tom\u00f3 con el poeta Horacio Cavallo.<\/span><span data-ccp-props=\"{&quot;335559731&quot;:708}\">\u00a0<\/span><\/p>\n<p><span data-contrast=\"auto\">Con ella gan\u00f3 en 2023 el Premio \u201cBartolom\u00e9 Hidalgo\u201d en su pa\u00eds natal y los recursos econ\u00f3micos que obtuvo los utiliz\u00f3 para publicarla; le fue muy bien, la primera edici\u00f3n se agot\u00f3 en poco tiempo y cada reimpresi\u00f3n le produce una gran alegr\u00eda.\u00a0<\/span><span data-ccp-props=\"{&quot;335559731&quot;:708}\">\u00a0<\/span><\/p>\n<p><span data-contrast=\"auto\">Tamara Silva mencion\u00f3 que los 14 cuentos de <\/span><i><span data-contrast=\"auto\">Desastres naturales <\/span><\/i><span data-contrast=\"auto\">abordan historias infantiles, de abuelos y animales, mezcladas en tramas con peligro en torno a situaciones que no siempre ocurren.\u00a0<\/span><span data-ccp-props=\"{&quot;335559731&quot;:708}\">\u00a0<\/span><\/p>\n<p><span data-contrast=\"auto\">La muerte tiene un papel fundamental en sus relatos, pero no s\u00f3lo relacionada con el fin de la vida, sino como una oportunidad de abrirse a nuevas formas de comprensi\u00f3n.\u00a0<\/span><span data-ccp-props=\"{&quot;335559731&quot;:708}\">\u00a0<\/span><\/p>\n<p><span data-contrast=\"auto\">\u201cEl deceso de una mascota o alguien lejano no precisamente debe significar una tristeza absoluta, pues simplemente deja de existir y se transforma\u201d, puntualiz\u00f3.\u00a0<\/span><span data-ccp-props=\"{&quot;335559731&quot;:708}\">\u00a0<\/span><\/p>\n<p><span data-contrast=\"auto\">La escritora coment\u00f3 que sus textos muestran el pensamiento m\u00e1gico de creer en determinadas tradiciones, y un folclor que, aunque muchas veces permanece como una simple superstici\u00f3n, en su libro adquiere una fuerza inusitada.\u00a0<\/span><span data-ccp-props=\"{&quot;335559731&quot;:708}\">\u00a0<\/span><\/p>\n<p>&nbsp;<\/p>\n<div id=\"attachment_143918\" style=\"width: 732px\" class=\"wp-caption aligncenter\"><a href=\"https:\/\/www.uv.mx\/prensa\/files\/2024\/05\/270524-CARLOS-Tamara-Silva-2.jpg\"><img aria-describedby=\"caption-attachment-143918\" decoding=\"async\" loading=\"lazy\" class=\"size-full wp-image-143918\" src=\"https:\/\/www.uv.mx\/prensa\/files\/2024\/05\/270524-CARLOS-Tamara-Silva-2.jpg\" alt=\"\" width=\"722\" height=\"407\" srcset=\"https:\/\/www.uv.mx\/prensa\/files\/2024\/05\/270524-CARLOS-Tamara-Silva-2.jpg 722w, https:\/\/www.uv.mx\/prensa\/files\/2024\/05\/270524-CARLOS-Tamara-Silva-2-300x169.jpg 300w\" sizes=\"(max-width: 722px) 100vw, 722px\" \/><\/a><p id=\"caption-attachment-143918\" class=\"wp-caption-text\">En sus cuentos, la autora describe paisajes caracter\u00edsticos de un entorno rural<\/p><\/div>\n<p>&nbsp;<\/p>\n<p><span data-contrast=\"auto\">Explic\u00f3 que en <\/span><i><span data-contrast=\"auto\">Desastres naturales <\/span><\/i><span data-contrast=\"auto\">describe un paisaje muy particular con sierras, cuerpos de agua y minas, sitios caracter\u00edsticos de un entorno rural.<\/span><span data-ccp-props=\"{&quot;335559731&quot;:708}\">\u00a0<\/span><\/p>\n<p><span data-contrast=\"auto\">No obstante, enfatiz\u00f3 que, aunque la forma de expresi\u00f3n de los personajes es propia de Uruguay, las historias incluyen algo que transciende e invita a imaginar que podr\u00edan ocurrir en muchas partes del mundo; los animales tienen un papel primordial en sus escritos, pues \u00e9stos marcan la vida de las infancias en varios aspectos.\u00a0<\/span><span data-ccp-props=\"{&quot;335559731&quot;:708}\">\u00a0<\/span><\/p>\n<p><span data-contrast=\"auto\">\u201cLa muerte de una mascota es de suma gravedad para un peque\u00f1o de cinco a\u00f1os en cualquier lugar, y las familias fragmentadas debido a la migraci\u00f3n es una realidad compartida por los ni\u00f1os de Latinoam\u00e9rica\u201d, asegur\u00f3.\u00a0<\/span><span data-ccp-props=\"{&quot;335559731&quot;:708}\">\u00a0<\/span><\/p>\n<p><span data-contrast=\"auto\">Tamara Silva mencion\u00f3 que s\u00f3lo hab\u00eda salido de su pa\u00eds un par de veces \u2013ambas a Argentina\u2013, por lo cual visitar M\u00e9xico para participar en la FILU le result\u00f3 maravilloso.\u00a0<\/span><span data-ccp-props=\"{&quot;335559731&quot;:708}\">\u00a0<\/span><\/p>\n<p><span data-contrast=\"auto\">\u201cEs una locura que alguien quiera leer mi libro ac\u00e1 y despu\u00e9s lo recomiende a otras personas porque le gust\u00f3, pues nunca imagin\u00e9 fuera a conocerse tras las fronteras de Uruguay\u201d, manifest\u00f3.\u00a0<\/span><span data-ccp-props=\"{&quot;335559731&quot;:708}\">\u00a0<\/span><\/p>\n<p><span data-contrast=\"auto\">La joven autora expres\u00f3 un profundo agradecimiento a la Universidad Veracruzana y a todos quienes hicieron agradable su estancia en Xalapa.\u00a0<\/span><span data-ccp-props=\"{&quot;335559731&quot;:708}\">\u00a0<\/span><\/p>\n","protected":false},"excerpt":{"rendered":"<p>Los textos de la autora abordan historias de abuelos y animales, que se mezclan en tramas que encierran un poco de peligro<\/p>\n","protected":false},"author":1809,"featured_media":143916,"comment_status":"closed","ping_status":"closed","sticky":false,"template":"","format":"standard","meta":[],"categories":[13,16833,61],"tags":[8297,4161,2673,1918,17406,11912,586,14807,4578,17081,9393,11646,2342],"_links":{"self":[{"href":"https:\/\/www.uv.mx\/prensa\/wp-json\/wp\/v2\/posts\/143933"}],"collection":[{"href":"https:\/\/www.uv.mx\/prensa\/wp-json\/wp\/v2\/posts"}],"about":[{"href":"https:\/\/www.uv.mx\/prensa\/wp-json\/wp\/v2\/types\/post"}],"author":[{"embeddable":true,"href":"https:\/\/www.uv.mx\/prensa\/wp-json\/wp\/v2\/users\/1809"}],"replies":[{"embeddable":true,"href":"https:\/\/www.uv.mx\/prensa\/wp-json\/wp\/v2\/comments?post=143933"}],"version-history":[{"count":1,"href":"https:\/\/www.uv.mx\/prensa\/wp-json\/wp\/v2\/posts\/143933\/revisions"}],"predecessor-version":[{"id":143934,"href":"https:\/\/www.uv.mx\/prensa\/wp-json\/wp\/v2\/posts\/143933\/revisions\/143934"}],"wp:featuredmedia":[{"embeddable":true,"href":"https:\/\/www.uv.mx\/prensa\/wp-json\/wp\/v2\/media\/143916"}],"wp:attachment":[{"href":"https:\/\/www.uv.mx\/prensa\/wp-json\/wp\/v2\/media?parent=143933"}],"wp:term":[{"taxonomy":"category","embeddable":true,"href":"https:\/\/www.uv.mx\/prensa\/wp-json\/wp\/v2\/categories?post=143933"},{"taxonomy":"post_tag","embeddable":true,"href":"https:\/\/www.uv.mx\/prensa\/wp-json\/wp\/v2\/tags?post=143933"}],"curies":[{"name":"wp","href":"https:\/\/api.w.org\/{rel}","templated":true}]}}