{"id":143971,"date":"2024-05-28T20:40:29","date_gmt":"2024-05-29T01:40:29","guid":{"rendered":"https:\/\/www.uv.mx\/prensa\/?p=143971"},"modified":"2024-05-28T20:40:29","modified_gmt":"2024-05-29T01:40:29","slug":"desinformacion-sobre-autismo-provoca-diagnostico-tardio","status":"publish","type":"post","link":"https:\/\/www.uv.mx\/prensa\/ciencia\/desinformacion-sobre-autismo-provoca-diagnostico-tardio\/","title":{"rendered":"Desinformaci\u00f3n sobre autismo provoca diagn\u00f3stico tard\u00edo"},"content":{"rendered":"<ul>\n<li data-leveltext=\"\uf0b7\" data-font=\"Symbol\" data-listid=\"1\" data-list-defn-props=\"{&quot;335552541&quot;:1,&quot;335559685&quot;:720,&quot;335559991&quot;:360,&quot;469769226&quot;:&quot;Symbol&quot;,&quot;469769242&quot;:[8226],&quot;469777803&quot;:&quot;left&quot;,&quot;469777804&quot;:&quot;\uf0b7&quot;,&quot;469777815&quot;:&quot;hybridMultilevel&quot;}\" data-aria-posinset=\"1\" data-aria-level=\"1\"><i><span data-contrast=\"auto\">Si se detecta a tiempo se pueden garantizar resultados y evoluci\u00f3n \u00f3ptima en el tratamiento, indic\u00f3 Roberto Lagunes C\u00f3rdoba, del Instituto de Investigaciones Psicol\u00f3gicas de la UV<\/span><\/i><span data-ccp-props=\"{&quot;201341983&quot;:0,&quot;335559739&quot;:0,&quot;335559740&quot;:240}\">\u00a0<\/span><\/li>\n<li data-leveltext=\"\uf0b7\" data-font=\"Symbol\" data-listid=\"1\" data-list-defn-props=\"{&quot;335552541&quot;:1,&quot;335559685&quot;:720,&quot;335559991&quot;:360,&quot;469769226&quot;:&quot;Symbol&quot;,&quot;469769242&quot;:[8226],&quot;469777803&quot;:&quot;left&quot;,&quot;469777804&quot;:&quot;\uf0b7&quot;,&quot;469777815&quot;:&quot;hybridMultilevel&quot;}\" data-aria-posinset=\"2\" data-aria-level=\"1\"><i><span data-contrast=\"auto\">Seg\u00fan la Organizaci\u00f3n Mundial de la Salud (OMS), es un trastorno prevalente en el 67% de la poblaci\u00f3n<\/span><\/i><span data-ccp-props=\"{&quot;201341983&quot;:0,&quot;335559739&quot;:0,&quot;335559740&quot;:240}\">\u00a0<\/span><\/li>\n<\/ul>\n<p><span data-ccp-props=\"{&quot;201341983&quot;:0,&quot;335559739&quot;:0,&quot;335559740&quot;:240}\">\u00a0<\/span><\/p>\n<div id=\"attachment_143966\" style=\"width: 732px\" class=\"wp-caption aligncenter\"><img aria-describedby=\"caption-attachment-143966\" decoding=\"async\" loading=\"lazy\" class=\"size-full wp-image-143966\" src=\"https:\/\/www.uv.mx\/prensa\/files\/2024\/05\/280524-AUTISMO-1-100k.jpg\" alt=\"Roberto Lagunes C\u00f3rdoba, investigador del Instituto de Investigaciones Psicol\u00f3gicas de la UV \" width=\"722\" height=\"482\" srcset=\"https:\/\/www.uv.mx\/prensa\/files\/2024\/05\/280524-AUTISMO-1-100k.jpg 722w, https:\/\/www.uv.mx\/prensa\/files\/2024\/05\/280524-AUTISMO-1-100k-300x200.jpg 300w\" sizes=\"(max-width: 722px) 100vw, 722px\" \/><p id=\"caption-attachment-143966\" class=\"wp-caption-text\">Roberto Lagunes C\u00f3rdoba, investigador del Instituto de Investigaciones Psicol\u00f3gicas de la UV<\/p><\/div>\n<p>&nbsp;<\/p>\n<p><b><i><span data-contrast=\"auto\">Claudia Peralta V\u00e1zquez<\/span><\/i><\/b><span data-ccp-props=\"{&quot;201341983&quot;:0,&quot;335559739&quot;:0,&quot;335559740&quot;:240}\">\u00a0<\/span><\/p>\n<p><b><i><span data-contrast=\"auto\">Fotos: C\u00e9sar Pisil Ramos<\/span><\/i><\/b><\/p>\n<p><b><i><span data-contrast=\"auto\">28\/05\/2024, Xalapa, Ver.- <\/span><\/i><\/b><span data-contrast=\"auto\">El trastorno del espectro autista (TEA) es una afectaci\u00f3n del desarrollo cerebral cuyo tratamiento garantiza mejores resultados cuando la intervenci\u00f3n terap\u00e9utica se da de forma temprana, es decir, alrededor de los 18 o 24 meses de edad, dio a conocer Roberto Lagunes C\u00f3rdoba, investigador del Instituto de Investigaciones Psicol\u00f3gicas (IIP) de la Universidad Veracruzana (UV).<\/span><span data-ccp-props=\"{&quot;201341983&quot;:0,&quot;335559739&quot;:0,&quot;335559740&quot;:240}\">\u00a0<\/span><\/p>\n<p><span data-contrast=\"auto\">La estimulaci\u00f3n y una terapia psicol\u00f3gica complementada con medicamentos para el control de la ansiedad, dijo, son factores que inciden en una mejor atenci\u00f3n y progreso del paciente, pero de inicio se requiere de un diagn\u00f3stico certero para determinar las \u00e1reas cerebrales m\u00e1s afectadas.<\/span><span data-ccp-props=\"{&quot;201341983&quot;:0,&quot;335559739&quot;:0,&quot;335559740&quot;:240}\">\u00a0<\/span><\/p>\n<p><span data-contrast=\"auto\">Roberto Lagunes, quien actualmente trabaja en la construcci\u00f3n y desarrollo de instrumentos de evaluaci\u00f3n y medici\u00f3n, con una l\u00ednea secundaria de psicolog\u00eda de la salud, en la que se incluye el TEA, se\u00f1al\u00f3 que este t\u00e9rmino proviene de la palabra griega <\/span><i><span data-contrast=\"auto\">eaftismos<\/span><\/i><span data-contrast=\"auto\">, cuyo significado es \u201cencerrado en uno mismo\u201d, y siempre ha sido dif\u00edcil de definir.<\/span><span data-ccp-props=\"{&quot;201341983&quot;:0,&quot;335559731&quot;:708,&quot;335559739&quot;:0,&quot;335559740&quot;:240}\">\u00a0<\/span><\/p>\n<p><span data-contrast=\"auto\">Tradicionalmente, ha sido complicado, porque prevalecen aspectos diferentes en cada persona, aunque el consenso actual es que la mayor\u00eda presenta dificultades en la comunicaci\u00f3n, es decir, les cuesta trabajo hablar y expresar sus necesidades, deseos y temores.<\/span><\/p>\n<p><span data-contrast=\"auto\">Tambi\u00e9n hay trastornos en la socializaci\u00f3n, pues muchos de ellos, aunque no todos, prefieren estar solos porque les cuesta trabajo acercarse a los dem\u00e1s y confiar en ellos. Inclusive, dirigir la mirada hacia otras personas puede representar una experiencia estresante.<\/span><span data-ccp-props=\"{&quot;201341983&quot;:0,&quot;335559731&quot;:708,&quot;335559739&quot;:0,&quot;335559740&quot;:240}\">\u00a0<\/span><\/p>\n<p><span data-contrast=\"auto\">Tienen conductas estereotipadas o repetitivas, por ejemplo: el aleteo, movimiento constante, repetici\u00f3n de una palabra de forma insistente, o tomar y golpear un objeto. \u201cEn casos m\u00e1s serios, pueden golpearse la cabeza contra la pared o en el piso\u201d.<\/span><span data-ccp-props=\"{&quot;201341983&quot;:0,&quot;335559731&quot;:708,&quot;335559739&quot;:0,&quot;335559740&quot;:240}\">\u00a0<\/span><\/p>\n<p><span data-contrast=\"auto\">En s\u00edntesis, estas situaciones se consideran y analizan para poder llegar a un diagn\u00f3stico, pues cada autista es diferente.<\/span><span data-ccp-props=\"{&quot;201341983&quot;:0,&quot;335559731&quot;:708,&quot;335559739&quot;:0,&quot;335559740&quot;:240}\">\u00a0<\/span><\/p>\n<p><span data-contrast=\"auto\">\u201cCuando alguna o todas estas manifestaciones influyen y dificultan la vida cotidiana y la relaci\u00f3n con los dem\u00e1s,<\/span> <span data-contrast=\"auto\">podr\u00edamos estar hablando propiamente de un TEA\u201d, destac\u00f3 el investigador del IIP.<\/span><span data-ccp-props=\"{&quot;201341983&quot;:0,&quot;335559731&quot;:708,&quot;335559739&quot;:0,&quot;335559740&quot;:240}\">\u00a0<\/span><\/p>\n<p><span data-contrast=\"auto\">De acuerdo con la Organizaci\u00f3n Mundial de la Salud (OMS), se trata de un trastorno prevalente en alrededor del 67% de la poblaci\u00f3n, y se reporta un caso de autismo en cada 160 ni\u00f1os.<\/span><\/p>\n<div id=\"attachment_143967\" style=\"width: 732px\" class=\"wp-caption aligncenter\"><img aria-describedby=\"caption-attachment-143967\" decoding=\"async\" loading=\"lazy\" class=\"size-full wp-image-143967\" src=\"https:\/\/www.uv.mx\/prensa\/files\/2024\/05\/280524-AUTISMO-2-100k.jpg\" alt=\"En M\u00e9xico, uno entre cada 120 o 130 ni\u00f1os y ni\u00f1as padecen autismo \" width=\"722\" height=\"476\" srcset=\"https:\/\/www.uv.mx\/prensa\/files\/2024\/05\/280524-AUTISMO-2-100k.jpg 722w, https:\/\/www.uv.mx\/prensa\/files\/2024\/05\/280524-AUTISMO-2-100k-300x198.jpg 300w\" sizes=\"(max-width: 722px) 100vw, 722px\" \/><p id=\"caption-attachment-143967\" class=\"wp-caption-text\">En M\u00e9xico, uno entre cada 120 o 130 ni\u00f1os y ni\u00f1as padecen autismo<\/p><\/div>\n<p>&nbsp;<\/p>\n<p><span data-contrast=\"auto\">En M\u00e9xico no hay datos viables; sin embargo, una investigaci\u00f3n de 2016 habla de una prevalencia de 0.87%. \u201cEstar\u00edamos hablando de uno entre cada 120 o 130 ni\u00f1os y ni\u00f1as, que coincidir\u00eda con estad\u00edsticas mundiales, mientras que en Estados Unidos se habla de uno entre cada 59 ni\u00f1os\u201d.<\/span><span data-ccp-props=\"{&quot;201341983&quot;:0,&quot;335559731&quot;:708,&quot;335559739&quot;:0,&quot;335559740&quot;:240}\">\u00a0<\/span><\/p>\n<p><span data-contrast=\"auto\">Roberto Lagunes expres\u00f3 que hoy en d\u00eda se visibiliza m\u00e1s el autismo porque vivimos en una \u00e9poca donde se tiene acceso a informaci\u00f3n, redes sociales y solemos percatarnos f\u00e1cilmente de lo at\u00edpico en las personas.<\/span><span data-ccp-props=\"{&quot;201341983&quot;:0,&quot;335559731&quot;:708,&quot;335559739&quot;:0,&quot;335559740&quot;:240}\">\u00a0<\/span><\/p>\n<p><span data-contrast=\"auto\">A pesar de ello, diversas situaciones, como carecer de una definici\u00f3n precisa del trastorno, provocan que su diagn\u00f3stico sea tard\u00edo.<\/span><span data-ccp-props=\"{&quot;201341983&quot;:0,&quot;335559731&quot;:708,&quot;335559739&quot;:0,&quot;335559740&quot;:240}\">\u00a0<\/span><\/p>\n<p><span data-contrast=\"auto\">Se puede decir que profesores, cuidadores o dem\u00e1s personas que intervienen con ni\u00f1os no est\u00e1n capacitados para valorarlo.<\/span><span data-ccp-props=\"{&quot;201341983&quot;:0,&quot;335559731&quot;:708,&quot;335559739&quot;:0,&quot;335559740&quot;:240}\">\u00a0<\/span><\/p>\n<p><span data-contrast=\"auto\">\u201cInsisto, muchas veces la justificaci\u00f3n para estas conductas enmascara la posibilidad de diagn\u00f3stico, de tal manera que se hace tard\u00edamente, en muchos casos cuando los periodos m\u00e1s sensibles para la ayuda ya pasaron.\u201d<\/span><\/p>\n<p><b><span data-contrast=\"auto\">Autismo en mujeres es m\u00e1s dif\u00edcil diagnosticar<\/span><\/b><span data-ccp-props=\"{&quot;201341983&quot;:0,&quot;335559739&quot;:0,&quot;335559740&quot;:240}\"><br \/>\n<\/span><span data-contrast=\"auto\">En el caso de las mujeres es todav\u00eda m\u00e1s complicado debido a los roles tradicionales o patrones culturales persistentes, por eso suelen justificarse ciertas pautas de comportamiento como el aislamiento o dificultad comunicativa.<\/span><span data-ccp-props=\"{&quot;201341983&quot;:0,&quot;335559739&quot;:0,&quot;335559740&quot;:240}\">\u00a0<\/span><\/p>\n<p><span data-contrast=\"auto\">\u201cSe presta para justificar que una ni\u00f1a no quiera jugar pesado o sea m\u00e1s aislada, por eso el diagn\u00f3stico se hace tard\u00edamente; a veces llegan a la universidad teniendo la idea de que pasa algo con ellas, sus deseos de aislamiento, dificultades de comunicaci\u00f3n y conductas repetitivas.\u201d<\/span><span data-ccp-props=\"{&quot;201341983&quot;:0,&quot;335559731&quot;:708,&quot;335559739&quot;:0,&quot;335559740&quot;:240}\">\u00a0<\/span><\/p>\n<p><span data-contrast=\"auto\">Primero, se requiere un diagn\u00f3stico de un especialista debidamente calificado. Se puede hablar de paidopsiquiatras, psicofisi\u00f3logos o neur\u00f3logos pediatras, todos ellos con capacitaci\u00f3n espec\u00edfica para diagnosticar el autismo y determinar las esferas cerebrales m\u00e1s afectadas.<\/span><span data-ccp-props=\"{&quot;201341983&quot;:0,&quot;335559731&quot;:708,&quot;335559739&quot;:0,&quot;335559740&quot;:240}\">\u00a0<\/span><\/p>\n<p><span data-contrast=\"auto\">En muchas ocasiones, los pacientes necesitar\u00e1n apoyo farmacol\u00f3gico para controlar la ansiedad, concentrarse y ser m\u00e1s receptivos a la terapia, pero eso s\u00f3lo es una parte.<\/span><\/p>\n<div id=\"attachment_143968\" style=\"width: 732px\" class=\"wp-caption aligncenter\"><img aria-describedby=\"caption-attachment-143968\" decoding=\"async\" loading=\"lazy\" class=\"size-full wp-image-143968\" src=\"https:\/\/www.uv.mx\/prensa\/files\/2024\/05\/280524-AUTISMO-3-100k.jpg\" alt=\"La desinformaci\u00f3n origina un diagn\u00f3stico tard\u00edo de autismo \" width=\"722\" height=\"549\" srcset=\"https:\/\/www.uv.mx\/prensa\/files\/2024\/05\/280524-AUTISMO-3-100k.jpg 722w, https:\/\/www.uv.mx\/prensa\/files\/2024\/05\/280524-AUTISMO-3-100k-300x228.jpg 300w\" sizes=\"(max-width: 722px) 100vw, 722px\" \/><p id=\"caption-attachment-143968\" class=\"wp-caption-text\">La desinformaci\u00f3n origina un diagn\u00f3stico tard\u00edo de autismo<\/p><\/div>\n<p>&nbsp;<\/p>\n<p><span data-contrast=\"auto\">La psicoeducaci\u00f3n juega un papel importante con apoyo de los padres y familiares, puesto que supervisar\u00e1n una serie de ejercicios, normas de comportamiento, t\u00e9cnicas para el control de la respiraci\u00f3n y de la ansiedad que les permitan controlarse y funcionar de la manera m\u00e1s adecuada.<\/span><span data-ccp-props=\"{&quot;201341983&quot;:0,&quot;335559731&quot;:708,&quot;335559739&quot;:0,&quot;335559740&quot;:240}\">\u00a0<\/span><\/p>\n<p><span data-contrast=\"auto\">De igual forma, ni\u00f1os y ni\u00f1as deben aprender a mirar a las personas a los ojos, y a expresar sus necesidades.<\/span><span data-ccp-props=\"{&quot;201341983&quot;:0,&quot;335559731&quot;:708,&quot;335559739&quot;:0,&quot;335559740&quot;:240}\">\u00a0<\/span><\/p>\n<p><span data-contrast=\"auto\">\u201cHay gente sensible a los sonidos fuertes y pueden perder el control, es necesario \u2013de acuerdo con el diagn\u00f3stico\u2013 ense\u00f1arles t\u00e9cnicas de control para que no huyan y griten.\u201d<\/span><span data-ccp-props=\"{&quot;201341983&quot;:0,&quot;335559731&quot;:708,&quot;335559739&quot;:0,&quot;335559740&quot;:240}\">\u00a0<\/span><\/p>\n<p><span data-contrast=\"auto\">En los hombres, la llegada de la pubertad es otra situaci\u00f3n que debe enfrentarse por la carga hormonal, que es una condici\u00f3n perfectamente normal, pero puede exacerbar muchas cosas. Por ejemplo, si de por s\u00ed ten\u00eda conductas agresivas, las hormonas que se disparan en esa etapa contribuyen a un mayor nivel de descontrol.<\/span><\/p>\n<p><b><span data-contrast=\"auto\">Aporte desde el IIP-UV<\/span><\/b><span data-ccp-props=\"{&quot;201341983&quot;:0,&quot;335559739&quot;:0,&quot;335559740&quot;:240}\"><br \/>\n<\/span><span data-contrast=\"auto\">Coment\u00f3 que al interior del IIP, un egresado de doctorado desarroll\u00f3 un cuestionario para hacer un primer diagn\u00f3stico de ni\u00f1as y ni\u00f1os con autismo en estancias infantiles p\u00fablicas o privadas.<\/span><span data-ccp-props=\"{&quot;201341983&quot;:0,&quot;335559739&quot;:0,&quot;335559740&quot;:240}\">\u00a0<\/span><\/p>\n<p><span data-contrast=\"auto\">Fue elaborado de tal manera que las cuidadoras, con una formaci\u00f3n de nivel t\u00e9cnico, pueden responder una serie de preguntas muy sencillas y con ello tener la sospecha de que hay una situaci\u00f3n que debe ser reportada a los padres y personal de la propia estancia para hacer un estudio m\u00e1s profundo.<\/span><span data-ccp-props=\"{&quot;201341983&quot;:0,&quot;335559731&quot;:708,&quot;335559739&quot;:0,&quot;335559740&quot;:240}\">\u00a0<\/span><\/p>\n<p><span data-contrast=\"auto\">El investigador se\u00f1al\u00f3 que con frecuencia este sector de la poblaci\u00f3n sufre <\/span><i><span data-contrast=\"auto\">bullying<\/span><\/i><span data-contrast=\"auto\"> y acoso escolar. \u201cNo es que quieran tener conductas repetitivas o estar encerrados en s\u00ed mismos, su propia naturaleza les hace ser as\u00ed\u201d, observ\u00f3.<\/span><span data-ccp-props=\"{&quot;201341983&quot;:0,&quot;335559731&quot;:708,&quot;335559739&quot;:0,&quot;335559740&quot;:240}\">\u00a0<\/span><\/p>\n<p><span data-contrast=\"auto\">Por todo lo anterior, Lagunes C\u00f3rdoba extern\u00f3 un llamado a la construcci\u00f3n de una sociedad m\u00e1s inclusiva, basada en la educaci\u00f3n, respeto y apoyo a los ni\u00f1os, ni\u00f1as y poblaci\u00f3n autista.<\/span><span data-ccp-props=\"{&quot;201341983&quot;:0,&quot;335559731&quot;:708,&quot;335559739&quot;:0,&quot;335559740&quot;:240}\">\u00a0<\/span><\/p>\n","protected":false},"excerpt":{"rendered":"<p>En M\u00e9xico no hay datos viables de autismo, pero se habla de uno entre cada 120 o 130 ni\u00f1os y ni\u00f1as, lo cual coincide con estad\u00edsticas mundiales<\/p>\n","protected":false},"author":1775,"featured_media":143969,"comment_status":"closed","ping_status":"closed","sticky":false,"template":"","format":"standard","meta":[],"categories":[45,8445,61],"tags":[17428,1776,6263,4163,1429,17425,17426,17422,8326,17424,949,948,17423,4572,12242,17427,6029,7940,7939],"_links":{"self":[{"href":"https:\/\/www.uv.mx\/prensa\/wp-json\/wp\/v2\/posts\/143971"}],"collection":[{"href":"https:\/\/www.uv.mx\/prensa\/wp-json\/wp\/v2\/posts"}],"about":[{"href":"https:\/\/www.uv.mx\/prensa\/wp-json\/wp\/v2\/types\/post"}],"author":[{"embeddable":true,"href":"https:\/\/www.uv.mx\/prensa\/wp-json\/wp\/v2\/users\/1775"}],"replies":[{"embeddable":true,"href":"https:\/\/www.uv.mx\/prensa\/wp-json\/wp\/v2\/comments?post=143971"}],"version-history":[{"count":1,"href":"https:\/\/www.uv.mx\/prensa\/wp-json\/wp\/v2\/posts\/143971\/revisions"}],"predecessor-version":[{"id":143972,"href":"https:\/\/www.uv.mx\/prensa\/wp-json\/wp\/v2\/posts\/143971\/revisions\/143972"}],"wp:featuredmedia":[{"embeddable":true,"href":"https:\/\/www.uv.mx\/prensa\/wp-json\/wp\/v2\/media\/143969"}],"wp:attachment":[{"href":"https:\/\/www.uv.mx\/prensa\/wp-json\/wp\/v2\/media?parent=143971"}],"wp:term":[{"taxonomy":"category","embeddable":true,"href":"https:\/\/www.uv.mx\/prensa\/wp-json\/wp\/v2\/categories?post=143971"},{"taxonomy":"post_tag","embeddable":true,"href":"https:\/\/www.uv.mx\/prensa\/wp-json\/wp\/v2\/tags?post=143971"}],"curies":[{"name":"wp","href":"https:\/\/api.w.org\/{rel}","templated":true}]}}