{"id":144079,"date":"2024-05-30T20:17:05","date_gmt":"2024-05-31T01:17:05","guid":{"rendered":"https:\/\/www.uv.mx\/prensa\/?p=144079"},"modified":"2024-06-01T01:01:22","modified_gmt":"2024-06-01T06:01:22","slug":"alumnos-de-posgrado-de-veracruz-expresaron-necesidades-al-rector","status":"publish","type":"post","link":"https:\/\/www.uv.mx\/prensa\/regiones\/alumnos-de-posgrado-de-veracruz-expresaron-necesidades-al-rector\/","title":{"rendered":"Alumnos de posgrado de Veracruz expresaron necesidades al Rector"},"content":{"rendered":"<ul>\n<li data-leveltext=\"\uf0b7\" data-font=\"Symbol\" data-listid=\"6\" data-list-defn-props=\"{&quot;335552541&quot;:1,&quot;335559685&quot;:720,&quot;335559991&quot;:360,&quot;469769226&quot;:&quot;Symbol&quot;,&quot;469769242&quot;:[8226],&quot;469777803&quot;:&quot;left&quot;,&quot;469777804&quot;:&quot;\uf0b7&quot;,&quot;469777815&quot;:&quot;hybridMultilevel&quot;}\" data-aria-posinset=\"1\" data-aria-level=\"1\"><i><span data-contrast=\"auto\">Previo a la reuni\u00f3n, investigadores y docentes de diversas entidades acad\u00e9micas compartieron proyectos con tem\u00e1ticas como inclusi\u00f3n, vinculaci\u00f3n y protecci\u00f3n medioambiental<\/span><\/i><span data-ccp-props=\"{}\">\u00a0<\/span><\/li>\n<\/ul>\n<p><span data-ccp-props=\"{&quot;335559685&quot;:720}\">\u00a0<\/span><\/p>\n<div id=\"attachment_144070\" style=\"width: 732px\" class=\"wp-caption aligncenter\"><img aria-describedby=\"caption-attachment-144070\" decoding=\"async\" loading=\"lazy\" class=\"size-full wp-image-144070\" src=\"https:\/\/www.uv.mx\/prensa\/files\/2024\/05\/300524-CARLOS-Reunion-posgrado-y-proyectos-1.jpg\" alt=\"\" width=\"722\" height=\"482\" srcset=\"https:\/\/www.uv.mx\/prensa\/files\/2024\/05\/300524-CARLOS-Reunion-posgrado-y-proyectos-1.jpg 722w, https:\/\/www.uv.mx\/prensa\/files\/2024\/05\/300524-CARLOS-Reunion-posgrado-y-proyectos-1-300x200.jpg 300w\" sizes=\"(max-width: 722px) 100vw, 722px\" \/><p id=\"caption-attachment-144070\" class=\"wp-caption-text\">El Rector y las autoridades universitarias analizaron los proyectos presentados y escucharon las peticiones de estudiantes<\/p><\/div>\n<p><span data-ccp-props=\"{}\">\u00a0<\/span><\/p>\n<p><b><i><span data-contrast=\"auto\">Carlos Hugo Hermida Rosales<\/span><\/i><\/b><span data-ccp-props=\"{}\">\u00a0<\/span><\/p>\n<p><b><i><span data-contrast=\"auto\">Fotos: C\u00e9sar Pisil Ramos<\/span><\/i><\/b><span data-ccp-props=\"{}\">\u00a0<\/span><\/p>\n<p><span data-ccp-props=\"{}\">\u00a0<\/span><\/p>\n<p><b><i><span data-contrast=\"auto\">30\/05\/2024, Xalapa, Ver.-<\/span><\/i><\/b><span data-contrast=\"auto\"> Estudiantes de posgrado de la regi\u00f3n Veracruz de la Universidad Veracruzana (UV) expresaron dudas e inquietudes, y compartieron ideas con el rector Mart\u00edn Aguilar S\u00e1nchez, en el segundo d\u00eda de actividades de la gira de trabajo que realiz\u00f3 acompa\u00f1ado de funcionarios de distintas dependencias.<\/span><span data-ccp-props=\"{}\">\u00a0<\/span><\/p>\n<p><span data-contrast=\"auto\">Previo a la reuni\u00f3n que se llev\u00f3 a cabo en el auditorio de la Facultad de Administraci\u00f3n, investigadores y docentes de diversas entidades acad\u00e9micas expusieron proyectos donde abordaron tem\u00e1ticas como inclusi\u00f3n, vinculaci\u00f3n y protecci\u00f3n al medio ambiente.\u00a0<\/span><span data-ccp-props=\"{&quot;335559731&quot;:708}\">\u00a0<\/span><\/p>\n<p><span data-contrast=\"auto\">Horacio P\u00e9rez Espa\u00f1a, del Instituto de Ciencias Marinas y Pesquer\u00edas, propuso la creaci\u00f3n de una base de datos del Golfo de M\u00e9xico sobre contaminaci\u00f3n por pellets de pl\u00e1stico \u2013residuos de este material inferiores a cinco mil\u00edmetros de tama\u00f1o\u2013.\u00a0\u00a0\u00a0<\/span><span data-ccp-props=\"{&quot;335559731&quot;:708}\">\u00a0<\/span><\/p>\n<p><span data-contrast=\"auto\">\u201cEs fundamental involucrar a la sociedad civil, as\u00ed como identificar la legislaci\u00f3n vigente aplicable a la producci\u00f3n, transporte y desecho de pl\u00e1sticos\u201d, enfatiz\u00f3.<\/span><span data-ccp-props=\"{&quot;335559731&quot;:708}\">\u00a0<\/span><\/p>\n<p><span data-contrast=\"auto\">En su intervenci\u00f3n, Pablo Thomas Dupont, del Instituto de Investigaciones M\u00e9dico Biol\u00f3gicas, comparti\u00f3 una iniciativa que busca estudiar la seroprevalencia \u2013presencia global de un elemento pat\u00f3geno en la sangre\u2013 de anticuerpos espec\u00edficos de enfermedad celiaca en poblaci\u00f3n de Veracruz.\u00a0<\/span><span data-ccp-props=\"{&quot;335559731&quot;:708}\">\u00a0<\/span><\/p>\n<p><span data-contrast=\"auto\">Si no es detectado a tiempo, este padecimiento genera una inflamaci\u00f3n que da\u00f1a gravemente al intestino delgado y produce complicaciones m\u00e9dicas.\u00a0<\/span><span data-ccp-props=\"{&quot;335559731&quot;:708}\">\u00a0<\/span><\/p>\n<p><span data-contrast=\"auto\">A su vez, Mar\u00eda del Pilar Anaya \u00c1vila, de la Facultad de Ciencias y T\u00e9cnicas de la Comunicaci\u00f3n, enunci\u00f3 que para la UV debe ser prioridad la inclusi\u00f3n educativa y el respeto a los derechos humanos de las personas en condici\u00f3n de discapacidad.<\/span><span data-ccp-props=\"{&quot;335559731&quot;:708}\">\u00a0<\/span><\/p>\n<p><span data-contrast=\"auto\">\u201cNuestra instituci\u00f3n es referente a nivel nacional al promover el bienestar de nueve grupos vulnerables: migrantes de retorno, madres solteras, trabajadores, poblaci\u00f3n socioecon\u00f3micamente precaria y de zonas marginadas, afrodescendiente y de pueblos originarios, g\u00e9nero femenino en distintas \u00e1reas del conocimiento y personas en condiciones de discapacidad\u201d, asever\u00f3.<\/span><\/p>\n<p>&nbsp;<\/p>\n<div id=\"attachment_144068\" style=\"width: 732px\" class=\"wp-caption aligncenter\"><img aria-describedby=\"caption-attachment-144068\" decoding=\"async\" loading=\"lazy\" class=\"size-full wp-image-144068\" src=\"https:\/\/www.uv.mx\/prensa\/files\/2024\/05\/300524-CARLOS-Reunion-posgrado-y-proyectos-3.jpg\" alt=\"\" width=\"722\" height=\"482\" srcset=\"https:\/\/www.uv.mx\/prensa\/files\/2024\/05\/300524-CARLOS-Reunion-posgrado-y-proyectos-3.jpg 722w, https:\/\/www.uv.mx\/prensa\/files\/2024\/05\/300524-CARLOS-Reunion-posgrado-y-proyectos-3-300x200.jpg 300w\" sizes=\"(max-width: 722px) 100vw, 722px\" \/><p id=\"caption-attachment-144068\" class=\"wp-caption-text\">Mar\u00eda del Pilar Anaya \u00c1vila, docente de la Facultad de Ciencias y T\u00e9cnicas de la Comunicaci\u00f3n<\/p><\/div>\n<p>&nbsp;<\/p>\n<p><span data-contrast=\"auto\">Por su parte, los estudiantes compartieron diversas inquietudes en torno a situaciones que acontecen en las entidades y disciplinas donde se forman.<\/span><span data-ccp-props=\"{&quot;335559731&quot;:708}\">\u00a0<\/span><\/p>\n<p><span data-contrast=\"auto\">V\u00edctor Alfredo L\u00f3pez Ortiz, de la Maestr\u00eda en Rehabilitaci\u00f3n Oral, expres\u00f3 la necesidad de contar con unidades m\u00e9dicas dentales en las que los odont\u00f3logos puedan atender a la poblaci\u00f3n. <\/span><span data-ccp-props=\"{&quot;335559731&quot;:708}\">\u00a0<\/span><\/p>\n<p class=\"p1\"><span class=\"s1\">Agradeci\u00f3 a las autoridades universitarias por la gesti\u00f3n para que el alumnado de este posgrado fuera beneficiado con beca del Conahcyt, y pidi\u00f3 que los recursos que ellos aportan se utilicen para la compra y mantenimiento de equipo .<\/span><\/p>\n<p><span data-contrast=\"auto\">Arantza Mir\u00f3n L\u00f3pez, de la Maestr\u00eda en Derechos Humanos y Justicia Constitucional, pidi\u00f3 reforzar las cl\u00ednicas de litigio estrat\u00e9gico, que son de suma importancia pues los alumnos de este posgrado se forman a trav\u00e9s de proyectos de intervenci\u00f3n.\u00a0<\/span><span data-ccp-props=\"{&quot;335559731&quot;:708}\">\u00a0<\/span><\/p>\n<p><span data-contrast=\"auto\">Demand\u00f3 apoyo para acceder a foros internacionales y aprender la aplicaci\u00f3n de planteamientos jur\u00eddicos que permitan innovar en derecho.<\/span><span data-ccp-props=\"{&quot;335559731&quot;:708}\">\u00a0<\/span><\/p>\n<p><span data-contrast=\"auto\">Carolina C\u00e1rdenas Amaya, del Doctorado en Ciencias Agropecuarias, solicit\u00f3 una unidad de muestreos con un logotipo que los identifique como miembros de la UV para reducir los riesgos cuando llevan a cabo trabajo de campo en distintas zonas de la entidad, e incluso en otros estados.\u00a0<\/span><span data-ccp-props=\"{&quot;335559731&quot;:708}\">\u00a0<\/span><\/p>\n<p><span data-contrast=\"auto\">Mart\u00edn Aguilar agradeci\u00f3 a los catedr\u00e1ticos e investigadores que presentaron proyectos, pues abordan tem\u00e1ticas invisibilizadas que impactan positivamente en la comunidad.<\/span><span data-ccp-props=\"{&quot;335559731&quot;:708}\">\u00a0<\/span><\/p>\n<p><span data-contrast=\"auto\">\u201cSu dedicaci\u00f3n e ingenio abona a la construcci\u00f3n de una pol\u00edtica universitaria que atiende el bienestar de la sociedad\u201d, asegur\u00f3.<\/span><\/p>\n<p>&nbsp;<\/p>\n<div id=\"attachment_144071\" style=\"width: 732px\" class=\"wp-caption aligncenter\"><img aria-describedby=\"caption-attachment-144071\" decoding=\"async\" loading=\"lazy\" class=\"size-full wp-image-144071\" src=\"https:\/\/www.uv.mx\/prensa\/files\/2024\/05\/300524-CARLOS-Reunion-posgrado-y-proyectos-4.jpg\" alt=\"\" width=\"722\" height=\"482\" srcset=\"https:\/\/www.uv.mx\/prensa\/files\/2024\/05\/300524-CARLOS-Reunion-posgrado-y-proyectos-4.jpg 722w, https:\/\/www.uv.mx\/prensa\/files\/2024\/05\/300524-CARLOS-Reunion-posgrado-y-proyectos-4-300x200.jpg 300w\" sizes=\"(max-width: 722px) 100vw, 722px\" \/><p id=\"caption-attachment-144071\" class=\"wp-caption-text\">V\u00edctor Alfredo L\u00f3pez Ortiz, alumno de la Maestr\u00eda en Rehabilitaci\u00f3n Oral<\/p><\/div>\n<p>&nbsp;<\/p>\n<p><span data-contrast=\"auto\">El Rector enfatiz\u00f3 que su administraci\u00f3n labora arduamente con el objetivo de llevar a cabo ajustes que beneficien a estudiantes y trabajadores en situaci\u00f3n de discapacidad, con la adecuaci\u00f3n de infraestructura en sus entidades.<\/span><span data-ccp-props=\"{&quot;335559731&quot;:708}\">\u00a0<\/span><\/p>\n<p><span data-contrast=\"auto\">\u201cNos enfocamos en usar recursos adecuadamente, y a la vez estar actualizados con la demanda de los avances cient\u00edficos\u201d, manifest\u00f3.<\/span><span data-ccp-props=\"{&quot;335559731&quot;:708}\">\u00a0<\/span><\/p>\n<p><span data-contrast=\"auto\">Coment\u00f3 que, igualmente, se realiza un esfuerzo a fin de implementar una trayectoria de educaci\u00f3n dual, donde los alumnos puedan tener un acercamiento a empresas que permita su integraci\u00f3n autom\u00e1tica.\u00a0<\/span><span data-ccp-props=\"{&quot;335559731&quot;:708}\">\u00a0<\/span><\/p>\n<p><span data-contrast=\"auto\">A las reuniones con estudiantes, investigadores y docentes asistieron: Juan Ortiz Escamilla, secretario Acad\u00e9mico; Rub\u00e9n Edel Navarro, vicerrector de la regi\u00f3n Veracruz; Edgar Javier Gonz\u00e1lez Gaudiano y Roberto Zenteno Cuevas, directores generales de la Unidad de Estudios de Posgrado y de Investigaciones, respectivamente, y Homero \u00c1vila Landa, coordinador universitario de Atenci\u00f3n Estudiantil, adem\u00e1s de autoridades de la unidad central y regionales.<\/span><span data-ccp-props=\"{&quot;335559731&quot;:708}\">\u00a0<\/span><\/p>\n","protected":false},"excerpt":{"rendered":"<p>En un encuentro que se llev\u00f3 a cabo en el auditorio de la Facultad de Administraci\u00f3n\u00a0\u00a0<\/p>\n","protected":false},"author":2349,"featured_media":144067,"comment_status":"closed","ping_status":"closed","sticky":false,"template":"","format":"standard","meta":[],"categories":[61,5174,32,55],"tags":[1747,4161,6263,5246,7070,11397,17471,2731,4708,11408,2110,6005,5019,17470,687,4552],"_links":{"self":[{"href":"https:\/\/www.uv.mx\/prensa\/wp-json\/wp\/v2\/posts\/144079"}],"collection":[{"href":"https:\/\/www.uv.mx\/prensa\/wp-json\/wp\/v2\/posts"}],"about":[{"href":"https:\/\/www.uv.mx\/prensa\/wp-json\/wp\/v2\/types\/post"}],"author":[{"embeddable":true,"href":"https:\/\/www.uv.mx\/prensa\/wp-json\/wp\/v2\/users\/2349"}],"replies":[{"embeddable":true,"href":"https:\/\/www.uv.mx\/prensa\/wp-json\/wp\/v2\/comments?post=144079"}],"version-history":[{"count":1,"href":"https:\/\/www.uv.mx\/prensa\/wp-json\/wp\/v2\/posts\/144079\/revisions"}],"predecessor-version":[{"id":144153,"href":"https:\/\/www.uv.mx\/prensa\/wp-json\/wp\/v2\/posts\/144079\/revisions\/144153"}],"wp:featuredmedia":[{"embeddable":true,"href":"https:\/\/www.uv.mx\/prensa\/wp-json\/wp\/v2\/media\/144067"}],"wp:attachment":[{"href":"https:\/\/www.uv.mx\/prensa\/wp-json\/wp\/v2\/media?parent=144079"}],"wp:term":[{"taxonomy":"category","embeddable":true,"href":"https:\/\/www.uv.mx\/prensa\/wp-json\/wp\/v2\/categories?post=144079"},{"taxonomy":"post_tag","embeddable":true,"href":"https:\/\/www.uv.mx\/prensa\/wp-json\/wp\/v2\/tags?post=144079"}],"curies":[{"name":"wp","href":"https:\/\/api.w.org\/{rel}","templated":true}]}}