{"id":144117,"date":"2024-05-31T17:11:16","date_gmt":"2024-05-31T22:11:16","guid":{"rendered":"https:\/\/www.uv.mx\/prensa\/?p=144117"},"modified":"2024-05-31T17:11:16","modified_gmt":"2024-05-31T22:11:16","slug":"facultad-de-odontologia-uv-participo-en-el-proyecto-sonrisas","status":"publish","type":"post","link":"https:\/\/www.uv.mx\/prensa\/banner\/facultad-de-odontologia-uv-participo-en-el-proyecto-sonrisas\/","title":{"rendered":"Facultad de Odontolog\u00eda UV particip\u00f3 en el Proyecto Sonrisas"},"content":{"rendered":"<ul>\n<li data-leveltext=\"\uf0b7\" data-font=\"Symbol\" data-listid=\"2\" data-list-defn-props=\"{&quot;335552541&quot;:1,&quot;335559685&quot;:720,&quot;335559991&quot;:360,&quot;469769226&quot;:&quot;Symbol&quot;,&quot;469769242&quot;:[8226],&quot;469777803&quot;:&quot;left&quot;,&quot;469777804&quot;:&quot;\uf0b7&quot;,&quot;469777815&quot;:&quot;hybridMultilevel&quot;}\" data-aria-posinset=\"1\" data-aria-level=\"1\"><i><span data-contrast=\"auto\">Estudiantes y acad\u00e9micos brindaron atenci\u00f3n bucodental a 300 ni\u00f1as y ni\u00f1os de los municipios de Xalapa, Banderilla y Teocelo<\/span><\/i><span data-ccp-props=\"{&quot;201341983&quot;:0,&quot;335559739&quot;:0,&quot;335559740&quot;:240}\">\u00a0<\/span><\/li>\n<li data-leveltext=\"\uf0b7\" data-font=\"Symbol\" data-listid=\"2\" data-list-defn-props=\"{&quot;335552541&quot;:1,&quot;335559685&quot;:720,&quot;335559991&quot;:360,&quot;469769226&quot;:&quot;Symbol&quot;,&quot;469769242&quot;:[8226],&quot;469777803&quot;:&quot;left&quot;,&quot;469777804&quot;:&quot;\uf0b7&quot;,&quot;469777815&quot;:&quot;hybridMultilevel&quot;}\" data-aria-posinset=\"2\" data-aria-level=\"1\"><i><span data-contrast=\"auto\">En vinculaci\u00f3n con IVOCLAR,<\/span><\/i> <i><span data-contrast=\"auto\">una de las empresas dentales l\u00edderes en el mundo<\/span><\/i><span data-ccp-props=\"{&quot;201341983&quot;:0,&quot;335559739&quot;:0,&quot;335559740&quot;:240}\">\u00a0<\/span><\/li>\n<\/ul>\n<p><span data-ccp-props=\"{&quot;201341983&quot;:0,&quot;335559739&quot;:0,&quot;335559740&quot;:240}\">\u00a0<\/span><\/p>\n<div id=\"attachment_144105\" style=\"width: 732px\" class=\"wp-caption aligncenter\"><a href=\"https:\/\/www.uv.mx\/prensa\/files\/2024\/05\/310524-PROYECTO-SONRISAS-1.jpg\"><img aria-describedby=\"caption-attachment-144105\" decoding=\"async\" loading=\"lazy\" class=\"size-full wp-image-144105\" src=\"https:\/\/www.uv.mx\/prensa\/files\/2024\/05\/310524-PROYECTO-SONRISAS-1.jpg\" alt=\"\" width=\"722\" height=\"342\" srcset=\"https:\/\/www.uv.mx\/prensa\/files\/2024\/05\/310524-PROYECTO-SONRISAS-1.jpg 722w, https:\/\/www.uv.mx\/prensa\/files\/2024\/05\/310524-PROYECTO-SONRISAS-1-300x142.jpg 300w\" sizes=\"(max-width: 722px) 100vw, 722px\" \/><\/a><p id=\"caption-attachment-144105\" class=\"wp-caption-text\">La Facultad de Odontolog\u00eda y la compa\u00f1\u00eda IVOCLAR sumaron esfuerzos en el marco del Proyecto Sonrisas<\/p><\/div>\n<p>&nbsp;<\/p>\n<p><b><i><span data-contrast=\"auto\">Claudia Peralta V\u00e1zquez<\/span><\/i><\/b><span data-ccp-props=\"{&quot;201341983&quot;:0,&quot;335559739&quot;:0,&quot;335559740&quot;:240}\">\u00a0<\/span><\/p>\n<p><b><i><span data-contrast=\"auto\">Fotos: Omar Portilla Palacios<\/span><\/i><\/b><span data-ccp-props=\"{&quot;201341983&quot;:0,&quot;335559739&quot;:0,&quot;335559740&quot;:240}\">\u00a0<\/span><\/p>\n<p><b><i><span data-contrast=\"auto\">31\/05\/2024, Xalapa, Ver.- <\/span><\/i><\/b><span data-contrast=\"auto\">Como parte del Proyecto Sonrisas, alrededor de 300 ni\u00f1as y ni\u00f1os de entre seis y 11 a\u00f1os, de los municipios de Xalapa, Banderilla y Teocelo, recibieron atenci\u00f3n bucodental por parte de la comunidad estudiantil y acad\u00e9mica de la Facultad de Odontolog\u00eda de la Universidad Veracruzana (UV).<\/span><span data-ccp-props=\"{&quot;201341983&quot;:0,&quot;335559739&quot;:0,&quot;335559740&quot;:240}\">\u00a0<\/span><\/p>\n<p><span data-contrast=\"auto\">La actividad, desarrollada en las instalaciones de esta entidad acad\u00e9mica, se logr\u00f3 gracias a la vinculaci\u00f3n con IVOCLAR, una de las compa\u00f1\u00edas dentales l\u00edderes en el mundo, con el fin de atender la salud odontol\u00f3gica de la poblaci\u00f3n infantil en condici\u00f3n de vulnerabilidad.<\/span><span data-ccp-props=\"{&quot;201341983&quot;:0,&quot;335559731&quot;:708,&quot;335559739&quot;:0,&quot;335559740&quot;:240}\">\u00a0<\/span><\/p>\n<p><span data-contrast=\"auto\">V\u00edctor Hugo Mu\u00f1oz Mu\u00f1oz, director de la Facultad de Odontolog\u00eda, celebr\u00f3 la suma de esfuerzos entre ambas instituciones y el respaldo de la Direcci\u00f3n General de Vinculaci\u00f3n (DGV) para el desarrollo de esta acci\u00f3n, enmarcada en uno de los ejes principales del Programa de Trabajo 2021-2025 \u201cPor una transformaci\u00f3n integral\u201d, en el \u00e1mbito de derechos humanos, y la segunda realizada en Latinoam\u00e9rica.<\/span><span data-ccp-props=\"{&quot;201341983&quot;:0,&quot;335559731&quot;:708,&quot;335559739&quot;:0,&quot;335559740&quot;:240}\">\u00a0<\/span><\/p>\n<p>&nbsp;<\/p>\n<div id=\"attachment_144104\" style=\"width: 732px\" class=\"wp-caption aligncenter\"><a href=\"https:\/\/www.uv.mx\/prensa\/files\/2024\/05\/310524-PROYECTO-SONRISAS-2.jpg\"><img aria-describedby=\"caption-attachment-144104\" decoding=\"async\" loading=\"lazy\" class=\"size-full wp-image-144104\" src=\"https:\/\/www.uv.mx\/prensa\/files\/2024\/05\/310524-PROYECTO-SONRISAS-2.jpg\" alt=\"\" width=\"722\" height=\"344\" srcset=\"https:\/\/www.uv.mx\/prensa\/files\/2024\/05\/310524-PROYECTO-SONRISAS-2.jpg 722w, https:\/\/www.uv.mx\/prensa\/files\/2024\/05\/310524-PROYECTO-SONRISAS-2-300x143.jpg 300w\" sizes=\"(max-width: 722px) 100vw, 722px\" \/><\/a><p id=\"caption-attachment-144104\" class=\"wp-caption-text\">La Facultad de Odontolog\u00eda fue sede de este proyecto que result\u00f3 en la atenci\u00f3n de 300 ni\u00f1as y ni\u00f1os<\/p><\/div>\n<p>&nbsp;<\/p>\n<p><span data-contrast=\"auto\">Resalt\u00f3 la colaboraci\u00f3n de alrededor de 650 estudiantes de los programas educativos de T\u00e9cnico Superior Universitario (TSU) Protesista Dental, Licenciatura en Cirujano Dentista y la Maestr\u00eda en Odontolog\u00eda Infantil, as\u00ed como 68 docentes y personal administrativo.<\/span><span data-ccp-props=\"{&quot;201341983&quot;:0,&quot;335559731&quot;:708,&quot;335559739&quot;:0,&quot;335559740&quot;:240}\">\u00a0<\/span><\/p>\n<p><span data-contrast=\"auto\">Detecci\u00f3n de caries, aplicaci\u00f3n de fl\u00faor, control de placa bacteriana, t\u00e9cnicas apropiadas de cepillado, as\u00ed como la aplicaci\u00f3n de Cention N \u2013material que ofrece una est\u00e9tica del color del diente junto con una alta resistencia a la flexi\u00f3n\u2013, fueron algunos de los servicios gratuitos otorgados a los infantes en las siete cl\u00ednicas con las que cuenta dicha entidad acad\u00e9mica.<\/span><span data-ccp-props=\"{&quot;201341983&quot;:0,&quot;335559731&quot;:708,&quot;335559739&quot;:0,&quot;335559740&quot;:240}\">\u00a0<\/span><\/p>\n<p><span data-contrast=\"auto\">Todo ello, previo diagn\u00f3stico y detecci\u00f3n de ni\u00f1as y ni\u00f1os candidatos a la aplicaci\u00f3n del material anteriormente descrito, a trav\u00e9s de 16 centros comunitarios de la Direcci\u00f3n General de Desarrollo Social del Ayuntamiento de Xalapa y personal de los DIF municipales de Banderilla y Teocelo.<\/span><span data-ccp-props=\"{&quot;201341983&quot;:0,&quot;335559731&quot;:708,&quot;335559739&quot;:0,&quot;335559740&quot;:240}\">\u00a0<\/span><\/p>\n<p>&nbsp;<\/p>\n<div id=\"attachment_144103\" style=\"width: 732px\" class=\"wp-caption aligncenter\"><a href=\"https:\/\/www.uv.mx\/prensa\/files\/2024\/05\/310524-PROYECTO-SONRISAS-3.jpg\"><img aria-describedby=\"caption-attachment-144103\" decoding=\"async\" loading=\"lazy\" class=\"size-full wp-image-144103\" src=\"https:\/\/www.uv.mx\/prensa\/files\/2024\/05\/310524-PROYECTO-SONRISAS-3.jpg\" alt=\"\" width=\"722\" height=\"413\" \/><\/a><p id=\"caption-attachment-144103\" class=\"wp-caption-text\">La atenci\u00f3n consisti\u00f3 en la detecci\u00f3n de caries, aplicaci\u00f3n de fl\u00faor, control de placa bacteriana, t\u00e9cnicas apropiadas de cepillado, etc\u00e9tera<\/p><\/div>\n<p>&nbsp;<\/p>\n<p><span data-contrast=\"auto\">Tambi\u00e9n se brindaron pl\u00e1ticas de concientizaci\u00f3n para padres de familia, con tem\u00e1tica relativa a la importancia y trascendencia de una buena salud bucal.<\/span><span data-ccp-props=\"{&quot;201341983&quot;:0,&quot;335559731&quot;:708,&quot;335559739&quot;:0,&quot;335559740&quot;:240}\">\u00a0<\/span><\/p>\n<p><span data-contrast=\"auto\">\u201cCon esta actividad, la Facultad de Odontolog\u00eda retribuye algo a la sociedad que siempre apoya acudiendo a las consultas a sus instalaciones; es de mucha importancia para nosotros porque aqu\u00ed se aterrizan los conocimientos y se conocen las necesidades existentes de colonias de escasos recursos.\u201d<\/span><span data-ccp-props=\"{&quot;201341983&quot;:0,&quot;335559731&quot;:708,&quot;335559739&quot;:0,&quot;335559740&quot;:240}\">\u00a0<\/span><\/p>\n<p><span data-contrast=\"auto\">Alicia Mart\u00ednez Flores, secretaria Acad\u00e9mica de la Facultad, coment\u00f3 que es la primera vez que docentes y estudiantes participan en una actividad macro.<\/span><span data-ccp-props=\"{&quot;201341983&quot;:0,&quot;335559739&quot;:0,&quot;335559740&quot;:240}\">\u00a0<\/span><\/p>\n<p><span data-contrast=\"auto\">\u201cUna fortaleza que tenemos como Facultad son las actividades sociales que siempre hemos brindado a lo largo de 49 a\u00f1os, brindamos servicios de atenci\u00f3n dental tanto en las instalaciones como en Ferias de la Salud de municipios que as\u00ed lo solicitan, es por eso que fuimos seleccionados para esta actividad.\u201d<\/span><span data-ccp-props=\"{&quot;201341983&quot;:0,&quot;335559739&quot;:0,&quot;335559740&quot;:240}\">\u00a0<\/span><\/p>\n<p>&nbsp;<\/p>\n<div id=\"attachment_144102\" style=\"width: 732px\" class=\"wp-caption aligncenter\"><a href=\"https:\/\/www.uv.mx\/prensa\/files\/2024\/05\/310524-PROYECTO-SONRISAS-4.jpg\"><img aria-describedby=\"caption-attachment-144102\" decoding=\"async\" loading=\"lazy\" class=\"size-full wp-image-144102\" src=\"https:\/\/www.uv.mx\/prensa\/files\/2024\/05\/310524-PROYECTO-SONRISAS-4.jpg\" alt=\"\" width=\"722\" height=\"477\" srcset=\"https:\/\/www.uv.mx\/prensa\/files\/2024\/05\/310524-PROYECTO-SONRISAS-4.jpg 722w, https:\/\/www.uv.mx\/prensa\/files\/2024\/05\/310524-PROYECTO-SONRISAS-4-300x198.jpg 300w\" sizes=\"(max-width: 722px) 100vw, 722px\" \/><\/a><p id=\"caption-attachment-144102\" class=\"wp-caption-text\">Estudiantes y acad\u00e9micos se enfocaron en la atenci\u00f3n bucodental de ni\u00f1as y ni\u00f1os de Xalapa y municipios aleda\u00f1os<\/p><\/div>\n<p>&nbsp;<\/p>\n<p><span data-contrast=\"auto\">Por medio de dicha pr\u00e1ctica, los universitarios aplican competencias, crean sentido de humanismo, \u00e9tica y compromiso social como parte del perfil de egreso de quienes se forman en esta entidad acad\u00e9mica, apunt\u00f3.<\/span><span data-ccp-props=\"{&quot;201341983&quot;:0,&quot;335559739&quot;:0,&quot;335559740&quot;:240}\">\u00a0<\/span><\/p>\n<p><span data-contrast=\"auto\">En representaci\u00f3n de IVOCLAR, Alejandra Ayala mencion\u00f3 que actualmente la compa\u00f1\u00eda tiene un proyecto enfocado en todas las comunidades alrededor del mundo mediante la donaci\u00f3n de Cention N y del fl\u00faor protector S para llevar salud bucal a los infantes.<\/span><span data-ccp-props=\"{&quot;201341983&quot;:0,&quot;335559739&quot;:0,&quot;335559740&quot;:240}\">\u00a0<\/span><\/p>\n<p><span data-contrast=\"auto\">Conocieron la labor social de la UV a trav\u00e9s de la Facultad de Odontolog\u00eda, y mediante el di\u00e1logo a inicios de 2024 se lleg\u00f3 a este acuerdo. Por tanto, no descart\u00f3 que dicho beneficio se implemente en las dem\u00e1s regiones universitarias en los pr\u00f3ximos a\u00f1os.<\/span><span data-ccp-props=\"{&quot;201341983&quot;:0,&quot;335559731&quot;:708,&quot;335559739&quot;:0,&quot;335559740&quot;:240}\">\u00a0<\/span><\/p>\n<p>&nbsp;<\/p>\n<div id=\"attachment_144106\" style=\"width: 732px\" class=\"wp-caption aligncenter\"><a href=\"https:\/\/www.uv.mx\/prensa\/files\/2024\/05\/310524-PROYECTO-SONRISAS-5.jpg\"><img aria-describedby=\"caption-attachment-144106\" decoding=\"async\" loading=\"lazy\" class=\"size-full wp-image-144106\" src=\"https:\/\/www.uv.mx\/prensa\/files\/2024\/05\/310524-PROYECTO-SONRISAS-5.jpg\" alt=\"\" width=\"722\" height=\"485\" srcset=\"https:\/\/www.uv.mx\/prensa\/files\/2024\/05\/310524-PROYECTO-SONRISAS-5.jpg 722w, https:\/\/www.uv.mx\/prensa\/files\/2024\/05\/310524-PROYECTO-SONRISAS-5-300x202.jpg 300w\" sizes=\"(max-width: 722px) 100vw, 722px\" \/><\/a><p id=\"caption-attachment-144106\" class=\"wp-caption-text\">Ad\u00e1n Jahel Ram\u00edrez Ruiz, estudiante de la Facultad de Odontolog\u00eda, expres\u00f3 su emoci\u00f3n por participar en el proyecto<\/p><\/div>\n<p>&nbsp;<\/p>\n<p><span data-contrast=\"auto\">\u201cEstamos agradecidos de formar parte de algo importante y trascendental, nos sentimos emocionados de que sea la UV quien nos abra las puertas y permita que esto se pueda llevar a cabo.\u201d<\/span><span data-ccp-props=\"{&quot;201341983&quot;:0,&quot;335559739&quot;:0,&quot;335559740&quot;:240}\">\u00a0<\/span><\/p>\n<p><span data-contrast=\"auto\">Ad\u00e1n Jahel Ram\u00edrez Ruiz, estudiante de la Facultad de Odontolog\u00eda y pasante de servicio social, se mostr\u00f3 emocionado de participar en el Proyecto Sonrisas, sobre todo de aprender algo nuevo, trabajar y mejorar el trato hacia la poblaci\u00f3n infantil, aunado a su labor con la comunidad.<\/span><span data-ccp-props=\"{&quot;201341983&quot;:0,&quot;335559739&quot;:0,&quot;335559740&quot;:240}\">\u00a0<\/span><\/p>\n<p><span data-contrast=\"auto\">\u201cEl procedimiento que realizo es la colocaci\u00f3n de Cention N, para lo cual nos capacitamos previamente v\u00eda <\/span><i><span data-contrast=\"auto\">Zoom<\/span><\/i><span data-contrast=\"auto\">, a trav\u00e9s de pl\u00e1ticas y orientaci\u00f3n proporcionada por los docentes.\u201d<\/span><span data-ccp-props=\"{&quot;201341983&quot;:0,&quot;335559731&quot;:708,&quot;335559739&quot;:0,&quot;335559740&quot;:240}\">\u00a0<\/span><\/p>\n<p><span data-contrast=\"auto\">Durante la licenciatura curs\u00f3 la experiencia educativa Odontopediatr\u00eda, por lo que no le result\u00f3 tan dif\u00edcil desarrollar esta tarea.<\/span><span data-ccp-props=\"{&quot;201341983&quot;:0,&quot;335559731&quot;:708,&quot;335559739&quot;:0,&quot;335559740&quot;:240}\">\u00a0<\/span><\/p>\n","protected":false},"excerpt":{"rendered":"<p>Colaboraron alrededor de 650 estudiantes de los programas educativos de TSU Protesista Dental, Licenciatura en Cirujano Dentista y Maestr\u00eda en Odontolog\u00eda Infantil, as\u00ed como 68 docentes y personal administrativo <\/p>\n","protected":false},"author":1809,"featured_media":144101,"comment_status":"closed","ping_status":"closed","sticky":false,"template":"","format":"standard","meta":[],"categories":[15423,61,5174],"tags":[17478,17479,4163,14293,994,10888,196,6855,13315,7676,17480,16666,15330,11360,307],"_links":{"self":[{"href":"https:\/\/www.uv.mx\/prensa\/wp-json\/wp\/v2\/posts\/144117"}],"collection":[{"href":"https:\/\/www.uv.mx\/prensa\/wp-json\/wp\/v2\/posts"}],"about":[{"href":"https:\/\/www.uv.mx\/prensa\/wp-json\/wp\/v2\/types\/post"}],"author":[{"embeddable":true,"href":"https:\/\/www.uv.mx\/prensa\/wp-json\/wp\/v2\/users\/1809"}],"replies":[{"embeddable":true,"href":"https:\/\/www.uv.mx\/prensa\/wp-json\/wp\/v2\/comments?post=144117"}],"version-history":[{"count":1,"href":"https:\/\/www.uv.mx\/prensa\/wp-json\/wp\/v2\/posts\/144117\/revisions"}],"predecessor-version":[{"id":144118,"href":"https:\/\/www.uv.mx\/prensa\/wp-json\/wp\/v2\/posts\/144117\/revisions\/144118"}],"wp:featuredmedia":[{"embeddable":true,"href":"https:\/\/www.uv.mx\/prensa\/wp-json\/wp\/v2\/media\/144101"}],"wp:attachment":[{"href":"https:\/\/www.uv.mx\/prensa\/wp-json\/wp\/v2\/media?parent=144117"}],"wp:term":[{"taxonomy":"category","embeddable":true,"href":"https:\/\/www.uv.mx\/prensa\/wp-json\/wp\/v2\/categories?post=144117"},{"taxonomy":"post_tag","embeddable":true,"href":"https:\/\/www.uv.mx\/prensa\/wp-json\/wp\/v2\/tags?post=144117"}],"curies":[{"name":"wp","href":"https:\/\/api.w.org\/{rel}","templated":true}]}}