{"id":144143,"date":"2024-05-31T20:10:50","date_gmt":"2024-06-01T01:10:50","guid":{"rendered":"https:\/\/www.uv.mx\/prensa\/?p=144143"},"modified":"2024-05-31T20:10:50","modified_gmt":"2024-06-01T01:10:50","slug":"estudiantes-uv-destacaron-en-expo-regional-emprendedora-de-anfeca","status":"publish","type":"post","link":"https:\/\/www.uv.mx\/prensa\/regiones\/estudiantes-uv-destacaron-en-expo-regional-emprendedora-de-anfeca\/","title":{"rendered":"Estudiantes UV destacaron en Expo Regional Emprendedora de ANFECA"},"content":{"rendered":"<ul>\n<li data-leveltext=\"\uf0b7\" data-font=\"Symbol\" data-listid=\"2\" data-list-defn-props=\"{&quot;335552541&quot;:1,&quot;335559685&quot;:720,&quot;335559991&quot;:360,&quot;469769226&quot;:&quot;Symbol&quot;,&quot;469769242&quot;:[8226],&quot;469777803&quot;:&quot;left&quot;,&quot;469777804&quot;:&quot;\uf0b7&quot;,&quot;469777815&quot;:&quot;hybridMultilevel&quot;}\" data-aria-posinset=\"1\" data-aria-level=\"1\"><i><span data-contrast=\"auto\">La regi\u00f3n Veracruz fue sede de la edici\u00f3n XVIII de la Zona VI Sur<\/span><\/i><span data-ccp-props=\"{&quot;201341983&quot;:0,&quot;335559739&quot;:0,&quot;335559740&quot;:240}\">\u00a0<\/span><\/li>\n<li data-leveltext=\"\uf0b7\" data-font=\"Symbol\" data-listid=\"2\" data-list-defn-props=\"{&quot;335552541&quot;:1,&quot;335559685&quot;:720,&quot;335559991&quot;:360,&quot;469769226&quot;:&quot;Symbol&quot;,&quot;469769242&quot;:[8226],&quot;469777803&quot;:&quot;left&quot;,&quot;469777804&quot;:&quot;\uf0b7&quot;,&quot;469777815&quot;:&quot;hybridMultilevel&quot;}\" data-aria-posinset=\"2\" data-aria-level=\"1\"><i><span data-contrast=\"auto\">Participaron 22 equipos de la Universidad Aut\u00f3noma de Yucat\u00e1n y las regiones Veracruz, Xalapa y Coatzacoalcos-Minatitl\u00e1n de la UV<\/span><\/i><span data-ccp-props=\"{&quot;201341983&quot;:0,&quot;335559739&quot;:0,&quot;335559740&quot;:240}\">\u00a0<\/span><\/li>\n<\/ul>\n<p><span data-ccp-props=\"{&quot;201341983&quot;:0,&quot;335559739&quot;:0,&quot;335559740&quot;:240}\">\u00a0<\/span><\/p>\n<div id=\"attachment_144138\" style=\"width: 732px\" class=\"wp-caption aligncenter\"><img aria-describedby=\"caption-attachment-144138\" decoding=\"async\" loading=\"lazy\" class=\"size-full wp-image-144138\" src=\"https:\/\/www.uv.mx\/prensa\/files\/2024\/05\/30052024_CHAIN_VERACRUZ_EXPO_ANFECA-1-100k.jpg\" alt=\"\" width=\"722\" height=\"482\" srcset=\"https:\/\/www.uv.mx\/prensa\/files\/2024\/05\/30052024_CHAIN_VERACRUZ_EXPO_ANFECA-1-100k.jpg 722w, https:\/\/www.uv.mx\/prensa\/files\/2024\/05\/30052024_CHAIN_VERACRUZ_EXPO_ANFECA-1-100k-300x200.jpg 300w\" sizes=\"(max-width: 722px) 100vw, 722px\" \/><p id=\"caption-attachment-144138\" class=\"wp-caption-text\">Boom Cool, de la Facultad de Administraci\u00f3n de Xalapa, primer lugar en categor\u00eda \u201cTradicional\u201d<\/p><\/div>\n<p><span data-ccp-props=\"{&quot;201341983&quot;:0,&quot;335559739&quot;:0,&quot;335559740&quot;:240}\">\u00a0<\/span><\/p>\n<p><b><i><span data-contrast=\"auto\">Francisco Javier Cha\u00edn Revuelta<\/span><\/i><\/b><span data-ccp-props=\"{&quot;201341983&quot;:0,&quot;335559739&quot;:0,&quot;335559740&quot;:240}\">\u00a0<\/span><\/p>\n<p><span data-ccp-props=\"{&quot;201341983&quot;:0,&quot;335559739&quot;:0,&quot;335559740&quot;:240}\">\u00a0<\/span><\/p>\n<p><b><i><span data-contrast=\"auto\">31\/05\/2024, Boca del R\u00edo, Ver.-<\/span><\/i><\/b><span data-contrast=\"auto\"> Estudiantes de la Universidad Veracruzana (UV) destacaron en la XVIII Expo Regional Emprendedora de la Asociaci\u00f3n Nacional de Facultades y Escuelas de Contadur\u00eda y Administraci\u00f3n (ANFECA), Zona VI Sur, que se realiz\u00f3 los d\u00edas 29 y 30 de mayo en la Unidad de Servicios Bibliotecarios y de Informaci\u00f3n (USBI).<\/span><span data-ccp-props=\"{&quot;201341983&quot;:0,&quot;335559739&quot;:0,&quot;335559740&quot;:240}\">\u00a0<\/span><\/p>\n<p><span data-contrast=\"auto\">El evento fue organizado por la Facultad de Administraci\u00f3n y tuvo por objetivo contribuir al desarrollo personal y profesional de los estudiantes, as\u00ed como incentivar su esp\u00edritu de competencia, creatividad, superaci\u00f3n y trabajo en equipo.<\/span><\/p>\n<p>&nbsp;<\/p>\n<div id=\"attachment_144139\" style=\"width: 732px\" class=\"wp-caption aligncenter\"><img aria-describedby=\"caption-attachment-144139\" decoding=\"async\" loading=\"lazy\" class=\"size-full wp-image-144139\" src=\"https:\/\/www.uv.mx\/prensa\/files\/2024\/05\/30052024_CHAIN_VERACRUZ_EXPO_ANFECA-2-100k.jpg\" alt=\"\" width=\"722\" height=\"482\" srcset=\"https:\/\/www.uv.mx\/prensa\/files\/2024\/05\/30052024_CHAIN_VERACRUZ_EXPO_ANFECA-2-100k.jpg 722w, https:\/\/www.uv.mx\/prensa\/files\/2024\/05\/30052024_CHAIN_VERACRUZ_EXPO_ANFECA-2-100k-300x200.jpg 300w\" sizes=\"(max-width: 722px) 100vw, 722px\" \/><p id=\"caption-attachment-144139\" class=\"wp-caption-text\">En la categor\u00eda \u201cBase tecnol\u00f3gica\u201d el ganador fue Mental Guard<\/p><\/div>\n<p>&nbsp;<\/p>\n<p><span data-contrast=\"auto\">Participaron 22 proyectos emprendedores realizados por alumnas y alumnos de la Universidad Aut\u00f3noma de Yucat\u00e1n (UADY) y de las regiones Xalapa, Coatzacoalcos-Minatitl\u00e1n y Veracruz de la UV.<\/span><span data-ccp-props=\"{&quot;201341983&quot;:0,&quot;335559731&quot;:708,&quot;335559739&quot;:0,&quot;335559740&quot;:240}\">\u00a0<\/span><\/p>\n<p><span data-contrast=\"auto\">Los equipos ganadores fueron: Boom Cool y Mental Guard, ambos de la Facultad de Contadur\u00eda y Administraci\u00f3n de la UV, regi\u00f3n Xalapa, en las categor\u00edas \u201cTradicional\u201d y \u201cBase tecnol\u00f3gica\u201d, respectivamente.<\/span><\/p>\n<p>&nbsp;<\/p>\n<div id=\"attachment_144140\" style=\"width: 732px\" class=\"wp-caption aligncenter\"><img aria-describedby=\"caption-attachment-144140\" decoding=\"async\" loading=\"lazy\" class=\"size-full wp-image-144140\" src=\"https:\/\/www.uv.mx\/prensa\/files\/2024\/05\/30052024_CHAIN_VERACRUZ_EXPO_ANFECA-3-100k.jpg\" alt=\"\" width=\"722\" height=\"482\" srcset=\"https:\/\/www.uv.mx\/prensa\/files\/2024\/05\/30052024_CHAIN_VERACRUZ_EXPO_ANFECA-3-100k.jpg 722w, https:\/\/www.uv.mx\/prensa\/files\/2024\/05\/30052024_CHAIN_VERACRUZ_EXPO_ANFECA-3-100k-300x200.jpg 300w\" sizes=\"(max-width: 722px) 100vw, 722px\" \/><p id=\"caption-attachment-144140\" class=\"wp-caption-text\">La categor\u00eda \u201cImpacto social\u201d fue para Purrfecta, de la UADY<\/p><\/div>\n<p>&nbsp;<\/p>\n<p><span data-contrast=\"auto\">Por parte de la UADY, las propuestas \u201cPurrfecta\u201d y \u201cRa\u00edces de Sabor\u201d obtuvieron los primeros lugares en las categor\u00edas \u201cTecnolog\u00eda intermedia\u201d e \u201cImpacto social\u201d, respectivamente.<\/span><span data-ccp-props=\"{&quot;201341983&quot;:0,&quot;335559731&quot;:708,&quot;335559739&quot;:0,&quot;335559740&quot;:240}\">\u00a0<\/span><\/p>\n<p><span data-contrast=\"auto\">La ceremonia de premiaci\u00f3n y clausura del evento fue presidida por Jos\u00e9 Lino Rodr\u00edguez S\u00e1nchez y Jer\u00f3nimo Domingo Ric\u00e1rdez, secretario general y director regional de la Zona VI Sur de la ANFECA, respectivamente; Dora Emilia Aguirre Bautista, directora de la Facultad de Administraci\u00f3n de la UV regi\u00f3n Veracruz; y Hugo Garc\u00eda \u00c1lvarez, coordinador regional de Universidad-Empresa, organismo perteneciente a la ANFECA.<\/span><\/p>\n<p>&nbsp;<\/p>\n<div id=\"attachment_144141\" style=\"width: 732px\" class=\"wp-caption aligncenter\"><img aria-describedby=\"caption-attachment-144141\" decoding=\"async\" loading=\"lazy\" class=\"size-full wp-image-144141\" src=\"https:\/\/www.uv.mx\/prensa\/files\/2024\/05\/30052024_CHAIN_VERACRUZ_EXPO_ANFECA-4-100k.jpg\" alt=\"\" width=\"722\" height=\"482\" srcset=\"https:\/\/www.uv.mx\/prensa\/files\/2024\/05\/30052024_CHAIN_VERACRUZ_EXPO_ANFECA-4-100k.jpg 722w, https:\/\/www.uv.mx\/prensa\/files\/2024\/05\/30052024_CHAIN_VERACRUZ_EXPO_ANFECA-4-100k-300x200.jpg 300w\" sizes=\"(max-width: 722px) 100vw, 722px\" \/><p id=\"caption-attachment-144141\" class=\"wp-caption-text\">Ra\u00edces de Sabor, ganadores de la categor\u00eda \u201cTecnolog\u00eda intermedia\u201d<\/p><\/div>\n","protected":false},"excerpt":{"rendered":"<p>La regi\u00f3n Veracruz fue sede del evento, con participaci\u00f3n de 22 equipos de la Zona VI Sur de la Asociaci\u00f3n Nacional de Facultades y Escuelas de Contadur\u00eda y Administraci\u00f3n\u00a0<\/p>\n","protected":false},"author":2349,"featured_media":144142,"comment_status":"closed","ping_status":"closed","sticky":false,"template":"","format":"standard","meta":[],"categories":[15423,61,32,55],"tags":[6739,7670,12768,2731,699,4239,17488,10109,17487,17486],"_links":{"self":[{"href":"https:\/\/www.uv.mx\/prensa\/wp-json\/wp\/v2\/posts\/144143"}],"collection":[{"href":"https:\/\/www.uv.mx\/prensa\/wp-json\/wp\/v2\/posts"}],"about":[{"href":"https:\/\/www.uv.mx\/prensa\/wp-json\/wp\/v2\/types\/post"}],"author":[{"embeddable":true,"href":"https:\/\/www.uv.mx\/prensa\/wp-json\/wp\/v2\/users\/2349"}],"replies":[{"embeddable":true,"href":"https:\/\/www.uv.mx\/prensa\/wp-json\/wp\/v2\/comments?post=144143"}],"version-history":[{"count":1,"href":"https:\/\/www.uv.mx\/prensa\/wp-json\/wp\/v2\/posts\/144143\/revisions"}],"predecessor-version":[{"id":144145,"href":"https:\/\/www.uv.mx\/prensa\/wp-json\/wp\/v2\/posts\/144143\/revisions\/144145"}],"wp:featuredmedia":[{"embeddable":true,"href":"https:\/\/www.uv.mx\/prensa\/wp-json\/wp\/v2\/media\/144142"}],"wp:attachment":[{"href":"https:\/\/www.uv.mx\/prensa\/wp-json\/wp\/v2\/media?parent=144143"}],"wp:term":[{"taxonomy":"category","embeddable":true,"href":"https:\/\/www.uv.mx\/prensa\/wp-json\/wp\/v2\/categories?post=144143"},{"taxonomy":"post_tag","embeddable":true,"href":"https:\/\/www.uv.mx\/prensa\/wp-json\/wp\/v2\/tags?post=144143"}],"curies":[{"name":"wp","href":"https:\/\/api.w.org\/{rel}","templated":true}]}}