{"id":144188,"date":"2024-06-03T17:51:52","date_gmt":"2024-06-03T22:51:52","guid":{"rendered":"https:\/\/www.uv.mx\/prensa\/?p=144188"},"modified":"2024-06-05T12:34:24","modified_gmt":"2024-06-05T17:34:24","slug":"esencial-sensibilizarse-en-torno-a-la-discapacidad-maribel-dominguez","status":"publish","type":"post","link":"https:\/\/www.uv.mx\/prensa\/banner\/esencial-sensibilizarse-en-torno-a-la-discapacidad-maribel-dominguez\/","title":{"rendered":"Esencial sensibilizarse en torno a la discapacidad: Maribel Dom\u00ednguez\u00a0"},"content":{"rendered":"<ul>\n<li data-leveltext=\"\uf0b7\" data-font=\"Symbol\" data-listid=\"6\" data-list-defn-props=\"{&quot;335552541&quot;:1,&quot;335559685&quot;:720,&quot;335559991&quot;:360,&quot;469769226&quot;:&quot;Symbol&quot;,&quot;469769242&quot;:[8226],&quot;469777803&quot;:&quot;left&quot;,&quot;469777804&quot;:&quot;\uf0b7&quot;,&quot;469777815&quot;:&quot;hybridMultilevel&quot;}\" data-aria-posinset=\"1\" data-aria-level=\"1\"><i><span data-contrast=\"auto\">La Directora de la Facultad de Pedagog\u00eda de la Universidad Veracruzana enfatiz\u00f3 en la necesidad de promover una cultura inclusiva en estudiantes, docentes y p\u00fablico en general\u00a0<\/span><\/i><span data-ccp-props=\"{}\">\u00a0<\/span><\/li>\n<li data-leveltext=\"\uf0b7\" data-font=\"Symbol\" data-listid=\"6\" data-list-defn-props=\"{&quot;335552541&quot;:1,&quot;335559685&quot;:720,&quot;335559991&quot;:360,&quot;469769226&quot;:&quot;Symbol&quot;,&quot;469769242&quot;:[8226],&quot;469777803&quot;:&quot;left&quot;,&quot;469777804&quot;:&quot;\uf0b7&quot;,&quot;469777815&quot;:&quot;hybridMultilevel&quot;}\" data-aria-posinset=\"2\" data-aria-level=\"1\"><i><span data-contrast=\"auto\">La entidad acad\u00e9mica realiza, hasta el mi\u00e9rcoles 5, la segunda edici\u00f3n de una jornada internacional dedicada a estos temas<\/span><\/i><span data-ccp-props=\"{}\">\u00a0<\/span><\/li>\n<\/ul>\n<p><span data-ccp-props=\"{}\">\u00a0<\/span><\/p>\n<div id=\"attachment_144185\" style=\"width: 732px\" class=\"wp-caption aligncenter\"><img aria-describedby=\"caption-attachment-144185\" decoding=\"async\" loading=\"lazy\" class=\"size-full wp-image-144185\" src=\"https:\/\/www.uv.mx\/prensa\/files\/2024\/06\/030624-CARLOS-Jornada-discapacidad-1.jpg\" alt=\"\" width=\"722\" height=\"482\" srcset=\"https:\/\/www.uv.mx\/prensa\/files\/2024\/06\/030624-CARLOS-Jornada-discapacidad-1.jpg 722w, https:\/\/www.uv.mx\/prensa\/files\/2024\/06\/030624-CARLOS-Jornada-discapacidad-1-300x200.jpg 300w\" sizes=\"(max-width: 722px) 100vw, 722px\" \/><p id=\"caption-attachment-144185\" class=\"wp-caption-text\">Maribel Dom\u00ednguez inaugur\u00f3 la II Jornada Internacional \u201cSensibilizaci\u00f3n sobre la discapacidad. Un acercamiento a la inclusi\u00f3n\u201d<\/p><\/div>\n<p><span data-ccp-props=\"{}\">\u00a0<\/span><\/p>\n<p><b><i><span data-contrast=\"auto\">Carlos Hugo Hermida Rosales<\/span><\/i><\/b><span data-ccp-props=\"{}\">\u00a0<\/span><\/p>\n<p><b><i><span data-contrast=\"auto\">03\/06\/2024, Xalapa, Ver.-<\/span><\/i><\/b><span data-contrast=\"auto\"> Es fundamental que las instituciones de educaci\u00f3n superior fomenten entre su comunidad y la sociedad en general una cultura de sensibilizaci\u00f3n en torno a la discapacidad, plante\u00f3 Maribel Dom\u00ednguez Basurto, directora de la <a href=\"https:\/\/www.uv.mx\/pedagogia\/\" target=\"_blank\" rel=\"noopener\">Facultad de Pedagog\u00eda<\/a> de la Universidad Veracruzana (UV).\u00a0<\/span><span data-ccp-props=\"{}\">\u00a0<\/span><\/p>\n<p><span data-contrast=\"auto\">La docente inaugur\u00f3 la II Jornada Internacional \u201cSensibilizaci\u00f3n sobre la discapacidad. Un acercamiento a la inclusi\u00f3n\u201d, que se realizar\u00e1 hasta el 5 de junio y tendr\u00e1 conferencias, conversatorios, talleres y un foro de presentaci\u00f3n de proyectos.<\/span><span data-ccp-props=\"{&quot;335559731&quot;:708}\">\u00a0<\/span><\/p>\n<p><span data-contrast=\"auto\">Maribel Dom\u00ednguez mencion\u00f3 que este evento ser\u00e1 de gran utilidad para promover el derecho humano a la inclusi\u00f3n, pues en cuesti\u00f3n de discapacidad las limitantes muchas veces las ponen quienes no padecen alguna condici\u00f3n discapacitante.<\/span><span data-ccp-props=\"{&quot;335559731&quot;:708}\">\u00a0<\/span><\/p>\n<p><span data-contrast=\"auto\">Mar\u00eda de los \u00c1ngeles Pe\u00f1a Hern\u00e1ndez, jefa de carrera de la Licenciatura en Desarrollo Integral de las Personas con Discapacidad, coment\u00f3 que la jornada ocurre en el marco del 80 aniversario de la fundaci\u00f3n de la UV y el 70 de la Facultad de Pedagog\u00eda.<\/span><\/p>\n<p>&nbsp;<\/p>\n<div id=\"attachment_144184\" style=\"width: 732px\" class=\"wp-caption aligncenter\"><img aria-describedby=\"caption-attachment-144184\" decoding=\"async\" loading=\"lazy\" class=\"size-full wp-image-144184\" src=\"https:\/\/www.uv.mx\/prensa\/files\/2024\/06\/030624-CARLOS-Jornada-discapacidad-2.jpg\" alt=\"\" width=\"722\" height=\"337\" srcset=\"https:\/\/www.uv.mx\/prensa\/files\/2024\/06\/030624-CARLOS-Jornada-discapacidad-2.jpg 722w, https:\/\/www.uv.mx\/prensa\/files\/2024\/06\/030624-CARLOS-Jornada-discapacidad-2-300x140.jpg 300w\" sizes=\"(max-width: 722px) 100vw, 722px\" \/><p id=\"caption-attachment-144184\" class=\"wp-caption-text\">J\u00fanio Hora Conceicao particip\u00f3 de manera virtual<\/p><\/div>\n<p>&nbsp;<\/p>\n<p><span data-contrast=\"auto\">Est\u00e1 dirigida a docentes, estudiantes y p\u00fablico en general, pues busca promover una cultura inclusiva y la creaci\u00f3n de actitudes positivas de respeto, solidaridad y tolerancia frente a la discapacidad, fomentar la convivencia y desarrollar la empat\u00eda.<\/span><span data-ccp-props=\"{&quot;335559731&quot;:708}\">\u00a0<\/span><\/p>\n<p><span data-contrast=\"auto\">La catedr\u00e1tica asegur\u00f3 que el evento permitir\u00e1 realizar actividades complementarias de la licenciatura nombrada, a trav\u00e9s de acciones formativas y culturales que contribuyan a la formaci\u00f3n de los estudiantes universitarios.<\/span><span data-ccp-props=\"{&quot;335559731&quot;:708}\">\u00a0<\/span><\/p>\n<p><span data-contrast=\"auto\">Enunci\u00f3 que la inclusi\u00f3n es importante no s\u00f3lo para alumnos, profesores y personas con discapacidad, sino para las sociedades en que viven, porque ayuda a combatir la discriminaci\u00f3n y a promover tanto la diversidad como la participaci\u00f3n.<\/span><span data-ccp-props=\"{&quot;335559731&quot;:708}\">\u00a0<\/span><\/p>\n<p><span data-ccp-props=\"{}\">\u00a0<\/span><\/p>\n<div id=\"attachment_144186\" style=\"width: 732px\" class=\"wp-caption aligncenter\"><img aria-describedby=\"caption-attachment-144186\" decoding=\"async\" loading=\"lazy\" class=\"size-full wp-image-144186\" src=\"https:\/\/www.uv.mx\/prensa\/files\/2024\/06\/030624-CARLOS-Jornada-discapacidad-3.jpg\" alt=\"\" width=\"722\" height=\"482\" srcset=\"https:\/\/www.uv.mx\/prensa\/files\/2024\/06\/030624-CARLOS-Jornada-discapacidad-3.jpg 722w, https:\/\/www.uv.mx\/prensa\/files\/2024\/06\/030624-CARLOS-Jornada-discapacidad-3-300x200.jpg 300w\" sizes=\"(max-width: 722px) 100vw, 722px\" \/><p id=\"caption-attachment-144186\" class=\"wp-caption-text\">La conferencia magistral cont\u00f3 con una traductora de Lengua de Se\u00f1as Mexicana<\/p><\/div>\n<p>&nbsp;<\/p>\n<p><b><span data-contrast=\"auto\">Inclusi\u00f3n debe permear en todos los niveles educativos<\/span><\/b><span data-ccp-props=\"{}\">\u00a0<\/span><\/p>\n<p><span data-contrast=\"auto\">Al impartir una conferencia virtual, J\u00fanio Hora Conceicao, de la Universidade Federal do Esp\u00edrito Santo, Brasil, declar\u00f3 que es primordial que la inclusi\u00f3n de personas con discapacidad perme\u00e9 en todos los niveles educativos, desde el preescolar hasta el posgrado.<\/span><span data-ccp-props=\"{}\">\u00a0<\/span><\/p>\n<p><span data-contrast=\"auto\">\u201cEs fundamental la implementaci\u00f3n de pol\u00edticas p\u00fablicas internacionales que ayuden a la consecuci\u00f3n de esta meta\u201d, mencion\u00f3.\u00a0<\/span><span data-ccp-props=\"{&quot;335559731&quot;:708}\">\u00a0<\/span><\/p>\n<p><span data-contrast=\"auto\">Puntualiz\u00f3 que la pedagog\u00eda libertadora abona a este fin, pues en ella los maestros construyen el conocimiento de la mano con sus alumnos, en vez de verles como individuos receptores de ense\u00f1anza.<\/span><\/p>\n<p>&nbsp;<\/p>\n<div id=\"attachment_144187\" style=\"width: 732px\" class=\"wp-caption aligncenter\"><img aria-describedby=\"caption-attachment-144187\" decoding=\"async\" loading=\"lazy\" class=\"size-full wp-image-144187\" src=\"https:\/\/www.uv.mx\/prensa\/files\/2024\/06\/030624-CARLOS-Jornada-discapacidad-4.jpg\" alt=\"\" width=\"722\" height=\"482\" srcset=\"https:\/\/www.uv.mx\/prensa\/files\/2024\/06\/030624-CARLOS-Jornada-discapacidad-4.jpg 722w, https:\/\/www.uv.mx\/prensa\/files\/2024\/06\/030624-CARLOS-Jornada-discapacidad-4-300x200.jpg 300w\" sizes=\"(max-width: 722px) 100vw, 722px\" \/><p id=\"caption-attachment-144187\" class=\"wp-caption-text\">Estudiantes de la Licenciatura en Desarrollo Integral de las Personas con Discapacidad atendieron al evento<\/p><\/div>\n<p><span data-contrast=\"auto\">\u00a0<\/span><span data-ccp-props=\"{&quot;335559731&quot;:708}\">\u00a0<\/span><\/p>\n<p><span data-contrast=\"auto\">\u201cEl desarrollo humano requiere plasticidad, independencia y autonom\u00eda, y ante ello es complicado evaluarlo con par\u00e1metros estandarizados\u201d, asegur\u00f3.\u00a0<\/span><span data-ccp-props=\"{&quot;335559731&quot;:708}\">\u00a0<\/span><\/p>\n<p><span data-contrast=\"auto\">El investigador coment\u00f3 que la inclusi\u00f3n a personas con alguna condici\u00f3n de discapacidad en el sector educativo se debe realizar por medio de un proyecto de civilizaci\u00f3n que respete la condici\u00f3n de existencia y se centre en el aspecto humano.<\/span><span data-ccp-props=\"{&quot;335559731&quot;:708}\">\u00a0<\/span><\/p>\n<p><span data-contrast=\"auto\">\u201cEs necesario reconocer a cada individuo como parte de la naturaleza y el entorno, porque la retroalimentaci\u00f3n que se obtiene de ellos es fundamental para su proceso de aprendizaje\u201d, enunci\u00f3.<\/span><\/p>\n","protected":false},"excerpt":{"rendered":"<p>Es indispensable fomentar actitudes positivas de respeto, solidaridad y empat\u00eda\u00a0<\/p>\n","protected":false},"author":1869,"featured_media":144183,"comment_status":"closed","ping_status":"closed","sticky":false,"template":"","format":"standard","meta":[],"categories":[6301,15423,8445,61],"tags":[15715,1747,2344,4161,13839,1372,8999,7070,637,17508,17507,7862,2999,2291,17509],"_links":{"self":[{"href":"https:\/\/www.uv.mx\/prensa\/wp-json\/wp\/v2\/posts\/144188"}],"collection":[{"href":"https:\/\/www.uv.mx\/prensa\/wp-json\/wp\/v2\/posts"}],"about":[{"href":"https:\/\/www.uv.mx\/prensa\/wp-json\/wp\/v2\/types\/post"}],"author":[{"embeddable":true,"href":"https:\/\/www.uv.mx\/prensa\/wp-json\/wp\/v2\/users\/1869"}],"replies":[{"embeddable":true,"href":"https:\/\/www.uv.mx\/prensa\/wp-json\/wp\/v2\/comments?post=144188"}],"version-history":[{"count":1,"href":"https:\/\/www.uv.mx\/prensa\/wp-json\/wp\/v2\/posts\/144188\/revisions"}],"predecessor-version":[{"id":144279,"href":"https:\/\/www.uv.mx\/prensa\/wp-json\/wp\/v2\/posts\/144188\/revisions\/144279"}],"wp:featuredmedia":[{"embeddable":true,"href":"https:\/\/www.uv.mx\/prensa\/wp-json\/wp\/v2\/media\/144183"}],"wp:attachment":[{"href":"https:\/\/www.uv.mx\/prensa\/wp-json\/wp\/v2\/media?parent=144188"}],"wp:term":[{"taxonomy":"category","embeddable":true,"href":"https:\/\/www.uv.mx\/prensa\/wp-json\/wp\/v2\/categories?post=144188"},{"taxonomy":"post_tag","embeddable":true,"href":"https:\/\/www.uv.mx\/prensa\/wp-json\/wp\/v2\/tags?post=144188"}],"curies":[{"name":"wp","href":"https:\/\/api.w.org\/{rel}","templated":true}]}}