{"id":144238,"date":"2024-06-04T15:03:04","date_gmt":"2024-06-04T20:03:04","guid":{"rendered":"https:\/\/www.uv.mx\/prensa\/?p=144238"},"modified":"2024-06-05T12:19:54","modified_gmt":"2024-06-05T17:19:54","slug":"bioarqueologia-ayuda-a-entender-estilos-de-vida-de-antiguos-pobladores","status":"publish","type":"post","link":"https:\/\/www.uv.mx\/prensa\/ciencia\/bioarqueologia-ayuda-a-entender-estilos-de-vida-de-antiguos-pobladores\/","title":{"rendered":"Bioarqueolog\u00eda ayuda a entender estilos de vida de antiguos pobladores"},"content":{"rendered":"<ul>\n<li data-leveltext=\"\uf0b7\" data-font=\"Symbol\" data-listid=\"1\" data-list-defn-props=\"{&quot;335552541&quot;:1,&quot;335559685&quot;:720,&quot;335559991&quot;:360,&quot;469769226&quot;:&quot;Symbol&quot;,&quot;469769242&quot;:[8226],&quot;469777803&quot;:&quot;left&quot;,&quot;469777804&quot;:&quot;\uf0b7&quot;,&quot;469777815&quot;:&quot;hybridMultilevel&quot;}\" data-aria-posinset=\"1\" data-aria-level=\"1\"><i><span data-contrast=\"auto\">Alfredo Jos\u00e9 Altamirano, docente de la Universidad Nacional Mayor de San Marcos, Per\u00fa, dict\u00f3 conferencia en la UV<\/span><\/i><span data-ccp-props=\"{&quot;201341983&quot;:0,&quot;335559739&quot;:0,&quot;335559740&quot;:240}\">\u00a0<\/span><\/li>\n<li data-leveltext=\"\uf0b7\" data-font=\"Symbol\" data-listid=\"1\" data-list-defn-props=\"{&quot;335552541&quot;:1,&quot;335559685&quot;:720,&quot;335559991&quot;:360,&quot;469769226&quot;:&quot;Symbol&quot;,&quot;469769242&quot;:[8226],&quot;469777803&quot;:&quot;left&quot;,&quot;469777804&quot;:&quot;\uf0b7&quot;,&quot;469777815&quot;:&quot;hybridMultilevel&quot;}\" data-aria-posinset=\"2\" data-aria-level=\"1\"><i><span data-contrast=\"auto\">Como parte del curso \u201cBioarqueolog\u00eda y antropolog\u00eda forense: metodolog\u00edas b\u00e1sicas\u201d<\/span><\/i><span data-ccp-props=\"{&quot;201341983&quot;:0,&quot;335559739&quot;:0,&quot;335559740&quot;:240}\">\u00a0<\/span><\/li>\n<li data-leveltext=\"\uf0b7\" data-font=\"Symbol\" data-listid=\"1\" data-list-defn-props=\"{&quot;335552541&quot;:1,&quot;335559685&quot;:720,&quot;335559991&quot;:360,&quot;469769226&quot;:&quot;Symbol&quot;,&quot;469769242&quot;:[8226],&quot;469777803&quot;:&quot;left&quot;,&quot;469777804&quot;:&quot;\uf0b7&quot;,&quot;469777815&quot;:&quot;hybridMultilevel&quot;}\" data-aria-posinset=\"3\" data-aria-level=\"1\"><i><span data-contrast=\"auto\">La actividad concluye el 18 de junio y est\u00e1 enfocada a estudiantes y profesionales del \u00e1rea de antropolog\u00eda, medicina y ciencias forenses<\/span><\/i><span data-ccp-props=\"{&quot;201341983&quot;:0,&quot;335559739&quot;:0,&quot;335559740&quot;:240}\">\u00a0<\/span><\/li>\n<\/ul>\n<p><span data-ccp-props=\"{&quot;201341983&quot;:0,&quot;335559739&quot;:0,&quot;335559740&quot;:240}\">\u00a0<\/span><\/p>\n<div id=\"attachment_144222\" style=\"width: 732px\" class=\"wp-caption aligncenter\"><img aria-describedby=\"caption-attachment-144222\" decoding=\"async\" loading=\"lazy\" class=\"size-full wp-image-144222\" src=\"https:\/\/www.uv.mx\/prensa\/files\/2024\/06\/040624-PAOLA-Conferencia-Bioarqueologia-1.jpg\" alt=\"\" width=\"722\" height=\"392\" srcset=\"https:\/\/www.uv.mx\/prensa\/files\/2024\/06\/040624-PAOLA-Conferencia-Bioarqueologia-1.jpg 722w, https:\/\/www.uv.mx\/prensa\/files\/2024\/06\/040624-PAOLA-Conferencia-Bioarqueologia-1-300x163.jpg 300w\" sizes=\"(max-width: 722px) 100vw, 722px\" \/><p id=\"caption-attachment-144222\" class=\"wp-caption-text\">Alfredo Jos\u00e9 Altamirano, docente de la Universidad Nacional Mayor de San Marcos<\/p><\/div>\n<p><span data-ccp-props=\"{&quot;201341983&quot;:0,&quot;335559739&quot;:0,&quot;335559740&quot;:240}\">\u00a0<\/span><\/p>\n<p><b><i><span data-contrast=\"auto\">Paola Cort\u00e9s P\u00e9rez<\/span><\/i><\/b><span data-ccp-props=\"{&quot;201341983&quot;:0,&quot;335559739&quot;:0,&quot;335559740&quot;:240}\">\u00a0<\/span><\/p>\n<p><span data-ccp-props=\"{&quot;201341983&quot;:0,&quot;335559739&quot;:0,&quot;335559740&quot;:240}\">\u00a0<\/span><\/p>\n<p><b><i><span data-contrast=\"auto\">04\/06\/2024, Xalapa, Ver.-<\/span><\/i><\/b><span data-contrast=\"auto\"> La bioarqueolog\u00eda ha permitido entender y describir los estilos de vida de los antiguos pobladores, si se trataron de cazadores, pescadores o recolectores, destac\u00f3 Alfredo Jos\u00e9 Altamirano Enciso, docente de la Universidad Nacional Mayor de San Marcos, Per\u00fa.<\/span><span data-ccp-props=\"{&quot;201341983&quot;:0,&quot;335559739&quot;:0,&quot;335559740&quot;:240}\">\u00a0<\/span><\/p>\n<p><span data-contrast=\"auto\">El especialista en paleopatolog\u00eda, zooarqueolog\u00eda y antropolog\u00eda forense, dict\u00f3 la conferencia inaugural del curso te\u00f3rico-pr\u00e1ctico \u201cBioarqueolog\u00eda y antropolog\u00eda forense: metodolog\u00edas b\u00e1sicas\u201d, impartido por el <a href=\"https:\/\/www.uv.mx\/ida\/\" target=\"_blank\" rel=\"noopener\">Instituto de Antropolog\u00eda<\/a> de la Universidad Veracruzana (UV), el cual concluir\u00e1 el 18 de junio.<\/span><span data-ccp-props=\"{&quot;201341983&quot;:0,&quot;335559731&quot;:708,&quot;335559739&quot;:0,&quot;335559740&quot;:240}\">\u00a0<\/span><\/p>\n<p><span data-contrast=\"auto\">Dicha actividad acad\u00e9mica es organizada por el Laboratorio de Bioarqueolog\u00eda-UV y el Cuerpo Acad\u00e9mico (CA) Estudios Antropol\u00f3gicos sobre Patrimonio Cultural, del Instituto de Antropolog\u00eda; est\u00e1 dirigida a estudiantes y profesionales del \u00e1rea de antropolog\u00eda, medicina y ciencias forenses.<\/span><\/p>\n<p>&nbsp;<\/p>\n<div id=\"attachment_144224\" style=\"width: 732px\" class=\"wp-caption aligncenter\"><img aria-describedby=\"caption-attachment-144224\" decoding=\"async\" loading=\"lazy\" class=\"size-full wp-image-144224\" src=\"https:\/\/www.uv.mx\/prensa\/files\/2024\/06\/040624-PAOLA-Conferencia-Bioarqueologia-2.jpg\" alt=\"\" width=\"722\" height=\"406\" srcset=\"https:\/\/www.uv.mx\/prensa\/files\/2024\/06\/040624-PAOLA-Conferencia-Bioarqueologia-2.jpg 722w, https:\/\/www.uv.mx\/prensa\/files\/2024\/06\/040624-PAOLA-Conferencia-Bioarqueologia-2-300x169.jpg 300w\" sizes=\"(max-width: 722px) 100vw, 722px\" \/><p id=\"caption-attachment-144224\" class=\"wp-caption-text\">En la conferencia habl\u00f3 sobre el trabajo de bioarqueolog\u00eda en entierros peruanos<\/p><\/div>\n<p>&nbsp;<\/p>\n<p><span data-contrast=\"auto\">Sof\u00eda Larios Le\u00f3n, coordinadora del CA, y Margarita Meza Manzanilla, instructora del curso, dieron la bienvenida a las y los participantes, as\u00ed como al conferencista, v\u00eda plataforma <\/span><i><span data-contrast=\"auto\">Teams<\/span><\/i><span data-contrast=\"auto\">.<\/span><span data-ccp-props=\"{&quot;201341983&quot;:0,&quot;335559731&quot;:708,&quot;335559739&quot;:0,&quot;335559740&quot;:240}\">\u00a0<\/span><\/p>\n<p><span data-contrast=\"auto\">El especialista peruano dijo que por medio de la bioarqueolog\u00eda (estudio de los restos \u00f3seos humanos en sitios arqueol\u00f3gicos) es posible conocer algunos de los padecimientos que afectaron a los antiguos pobladores.<\/span><span data-ccp-props=\"{&quot;201341983&quot;:0,&quot;335559731&quot;:708,&quot;335559739&quot;:0,&quot;335559740&quot;:240}\">\u00a0<\/span><\/p>\n<p><span data-contrast=\"auto\">Mediante la muestra de una diversidad de im\u00e1genes de entierros funerarios encontrados en zonas arqueol\u00f3gicas de Per\u00fa, expres\u00f3 que, al ser estudiados por la bioarqueolog\u00eda <\/span><i><span data-contrast=\"auto\">in situ<\/span><\/i><span data-contrast=\"auto\"> les ha permitido entender los estilos de vida de estas poblaciones, los cambios que sufrieron y c\u00f3mo \u00e9stos afectaron su salud.<\/span><\/p>\n<p>&nbsp;<\/p>\n<div id=\"attachment_144221\" style=\"width: 732px\" class=\"wp-caption aligncenter\"><img aria-describedby=\"caption-attachment-144221\" decoding=\"async\" loading=\"lazy\" class=\"size-full wp-image-144221\" src=\"https:\/\/www.uv.mx\/prensa\/files\/2024\/06\/040624-PAOLA-Conferencia-Bioarqueologia-3.jpg\" alt=\"\" width=\"722\" height=\"363\" srcset=\"https:\/\/www.uv.mx\/prensa\/files\/2024\/06\/040624-PAOLA-Conferencia-Bioarqueologia-3.jpg 722w, https:\/\/www.uv.mx\/prensa\/files\/2024\/06\/040624-PAOLA-Conferencia-Bioarqueologia-3-300x151.jpg 300w\" sizes=\"(max-width: 722px) 100vw, 722px\" \/><p id=\"caption-attachment-144221\" class=\"wp-caption-text\">La bioarqueolog\u00eda cuenta con tres ramas: zooarqueolog\u00eda, paleobot\u00e1nica y bioantropolog\u00eda<\/p><\/div>\n<p>&nbsp;<\/p>\n<p><span data-contrast=\"auto\">\u201cPresentamos algunos avances de las investigaciones bioarqueol\u00f3gicas del Per\u00fa. Nosotros estamos aprendiendo de los mensajes que dejaron los hombres antiguos, de los pescadores y pastores, a trav\u00e9s de sus huesos\u201d, subray\u00f3.<\/span><span data-ccp-props=\"{&quot;201341983&quot;:0,&quot;335559731&quot;:708,&quot;335559739&quot;:0,&quot;335559740&quot;:240}\">\u00a0<\/span><\/p>\n<p><span data-contrast=\"auto\">Alfredo Jos\u00e9 Altamirano plante\u00f3 que ya no puede hablarse de una antropolog\u00eda f\u00edsica antigua basada s\u00f3lo en las medidas, sino en una disciplina enfocada en los estilos de vida, marcas, formas de muerte, perfiles biol\u00f3gicos (edad, talla, estatura, patolog\u00edas, traumas).<\/span><span data-ccp-props=\"{&quot;201341983&quot;:0,&quot;335559731&quot;:708,&quot;335559739&quot;:0,&quot;335559740&quot;:240}\">\u00a0<\/span><\/p>\n<p><span data-contrast=\"auto\">\u201cSe requiere de todo un equipo especializado (odont\u00f3logos, forenses, m\u00e9dicos, pat\u00f3logos, bi\u00f3logos); el arque\u00f3logo ya no est\u00e1 solo\u201d, enfatiz\u00f3 el conferencista.<\/span><\/p>\n<p>&nbsp;<\/p>\n<div id=\"attachment_144225\" style=\"width: 732px\" class=\"wp-caption aligncenter\"><img aria-describedby=\"caption-attachment-144225\" decoding=\"async\" loading=\"lazy\" class=\"size-full wp-image-144225\" src=\"https:\/\/www.uv.mx\/prensa\/files\/2024\/06\/040624-PAOLA-Conferencia-Bioarqueologia-4.jpg\" alt=\"\" width=\"722\" height=\"253\" srcset=\"https:\/\/www.uv.mx\/prensa\/files\/2024\/06\/040624-PAOLA-Conferencia-Bioarqueologia-4.jpg 722w, https:\/\/www.uv.mx\/prensa\/files\/2024\/06\/040624-PAOLA-Conferencia-Bioarqueologia-4-300x105.jpg 300w\" sizes=\"(max-width: 722px) 100vw, 722px\" \/><p id=\"caption-attachment-144225\" class=\"wp-caption-text\">\u201cEstamos aprendiendo de los mensajes que dejaron los hombres antiguos a trav\u00e9s de sus huesos\u201d, expres\u00f3<\/p><\/div>\n<p><span data-ccp-props=\"{&quot;201341983&quot;:0,&quot;335559731&quot;:708,&quot;335559739&quot;:0,&quot;335559740&quot;:240}\">\u00a0<\/span><\/p>\n","protected":false},"excerpt":{"rendered":"<p>Alfredo Jos\u00e9 Altamirano plante\u00f3 que la antropolog\u00eda debe estar enfocada en los estilos de vida, marcas, formas de muerte y perfiles biol\u00f3gicos\u00a0<\/p>\n","protected":false},"author":2349,"featured_media":144223,"comment_status":"closed","ping_status":"closed","sticky":false,"template":"","format":"standard","meta":[],"categories":[45,47,61],"tags":[17527,7127,17536,17526,10530,17529,15321,17534,17532,17530,73,17528,17531,9086,15331,4164,17535,17533,1407,14329,78,5697],"_links":{"self":[{"href":"https:\/\/www.uv.mx\/prensa\/wp-json\/wp\/v2\/posts\/144238"}],"collection":[{"href":"https:\/\/www.uv.mx\/prensa\/wp-json\/wp\/v2\/posts"}],"about":[{"href":"https:\/\/www.uv.mx\/prensa\/wp-json\/wp\/v2\/types\/post"}],"author":[{"embeddable":true,"href":"https:\/\/www.uv.mx\/prensa\/wp-json\/wp\/v2\/users\/2349"}],"replies":[{"embeddable":true,"href":"https:\/\/www.uv.mx\/prensa\/wp-json\/wp\/v2\/comments?post=144238"}],"version-history":[{"count":1,"href":"https:\/\/www.uv.mx\/prensa\/wp-json\/wp\/v2\/posts\/144238\/revisions"}],"predecessor-version":[{"id":144265,"href":"https:\/\/www.uv.mx\/prensa\/wp-json\/wp\/v2\/posts\/144238\/revisions\/144265"}],"wp:featuredmedia":[{"embeddable":true,"href":"https:\/\/www.uv.mx\/prensa\/wp-json\/wp\/v2\/media\/144223"}],"wp:attachment":[{"href":"https:\/\/www.uv.mx\/prensa\/wp-json\/wp\/v2\/media?parent=144238"}],"wp:term":[{"taxonomy":"category","embeddable":true,"href":"https:\/\/www.uv.mx\/prensa\/wp-json\/wp\/v2\/categories?post=144238"},{"taxonomy":"post_tag","embeddable":true,"href":"https:\/\/www.uv.mx\/prensa\/wp-json\/wp\/v2\/tags?post=144238"}],"curies":[{"name":"wp","href":"https:\/\/api.w.org\/{rel}","templated":true}]}}