{"id":144351,"date":"2024-06-06T13:46:52","date_gmt":"2024-06-06T18:46:52","guid":{"rendered":"https:\/\/www.uv.mx\/prensa\/?p=144351"},"modified":"2024-06-06T13:46:52","modified_gmt":"2024-06-06T18:46:52","slug":"casa-del-lago-un-espacio-de-vida-coincidieron-autoridades-uv","status":"publish","type":"post","link":"https:\/\/www.uv.mx\/prensa\/cultura\/casa-del-lago-un-espacio-de-vida-coincidieron-autoridades-uv\/","title":{"rendered":"Casa del Lago: un espacio de vida, coincidieron autoridades UV"},"content":{"rendered":"<ul>\n<li data-leveltext=\"\uf0b7\" data-font=\"Symbol\" data-listid=\"6\" data-list-defn-props=\"{&quot;335552541&quot;:1,&quot;335559685&quot;:720,&quot;335559991&quot;:360,&quot;469769226&quot;:&quot;Symbol&quot;,&quot;469769242&quot;:[8226],&quot;469777803&quot;:&quot;left&quot;,&quot;469777804&quot;:&quot;\uf0b7&quot;,&quot;469777815&quot;:&quot;hybridMultilevel&quot;}\" data-aria-posinset=\"1\" data-aria-level=\"1\"><i><span data-contrast=\"auto\">Titulares de distintas dependencias de la Universidad Veracruzana destacaron la importancia de este centro cultural para las y los estudiantes, adem\u00e1s de su vocaci\u00f3n social\u00a0<\/span><\/i><span data-ccp-props=\"{}\">\u00a0<\/span><\/li>\n<\/ul>\n<p><span data-ccp-props=\"{}\">\u00a0<\/span><\/p>\n<div id=\"attachment_144311\" style=\"width: 732px\" class=\"wp-caption aligncenter\"><a href=\"https:\/\/www.uv.mx\/prensa\/files\/2024\/06\/060624-CARLOS-Casa-del-Lago-1-1-100k.jpg\"><img aria-describedby=\"caption-attachment-144311\" decoding=\"async\" loading=\"lazy\" class=\"size-full wp-image-144311\" src=\"https:\/\/www.uv.mx\/prensa\/files\/2024\/06\/060624-CARLOS-Casa-del-Lago-1-1-100k.jpg\" alt=\"\" width=\"722\" height=\"542\" srcset=\"https:\/\/www.uv.mx\/prensa\/files\/2024\/06\/060624-CARLOS-Casa-del-Lago-1-1-100k.jpg 722w, https:\/\/www.uv.mx\/prensa\/files\/2024\/06\/060624-CARLOS-Casa-del-Lago-1-1-100k-300x225.jpg 300w\" sizes=\"(max-width: 722px) 100vw, 722px\" \/><\/a><p id=\"caption-attachment-144311\" class=\"wp-caption-text\">En conversatorio por sus 15 a\u00f1os, autoridades de la UV celebraron la diversidad que permite la Casa del Lago<\/p><\/div>\n<p>&nbsp;<\/p>\n<p><b><i><span data-contrast=\"auto\">Carlos Hugo Hermida Rosales<\/span><\/i><\/b><span data-ccp-props=\"{}\">\u00a0<\/span><\/p>\n<p><b><i><span data-contrast=\"auto\">06\/06\/2024, Xalapa, Ver-<\/span><\/i><\/b><span data-contrast=\"auto\"> Titulares de distintas dependencias y entidades acad\u00e9micas de la Universidad Veracruzana (UV) destacaron la importancia de la Casa del Lago para estudiantes, docentes y poblaci\u00f3n en general, en un conversatorio moderado por Citlali Aguilera Lira, coordinadora del recinto, realizado en el marco del 15 aniversario de su adhesi\u00f3n a la instituci\u00f3n educativa.<\/span><span data-ccp-props=\"{}\">\u00a0<\/span><\/p>\n<p><span data-contrast=\"auto\">Anabel Ojeda Guti\u00e9rrez, coordinadora de la Unidad de G\u00e9nero, declar\u00f3 que es un sitio sumamente emblem\u00e1tico para las y los habitantes de Xalapa, y un punto de encuentro y referencia de una comunidad amplia y diversa que converge en las actividades desarrolladas en su interior.<\/span><span data-ccp-props=\"{&quot;335559731&quot;:708}\">\u00a0<\/span><\/p>\n<p>&nbsp;<\/p>\n<div id=\"attachment_144313\" style=\"width: 732px\" class=\"wp-caption aligncenter\"><a href=\"https:\/\/www.uv.mx\/prensa\/files\/2024\/06\/060624-CARLOS-Casa-del-Lago-2-100k.jpg\"><img aria-describedby=\"caption-attachment-144313\" decoding=\"async\" loading=\"lazy\" class=\"size-full wp-image-144313\" src=\"https:\/\/www.uv.mx\/prensa\/files\/2024\/06\/060624-CARLOS-Casa-del-Lago-2-100k.jpg\" alt=\"\" width=\"722\" height=\"542\" srcset=\"https:\/\/www.uv.mx\/prensa\/files\/2024\/06\/060624-CARLOS-Casa-del-Lago-2-100k.jpg 722w, https:\/\/www.uv.mx\/prensa\/files\/2024\/06\/060624-CARLOS-Casa-del-Lago-2-100k-300x225.jpg 300w\" sizes=\"(max-width: 722px) 100vw, 722px\" \/><\/a><p id=\"caption-attachment-144313\" class=\"wp-caption-text\">Anabel Ojeda Guti\u00e9rrez, coordinadora de la Unidad de G\u00e9nero<\/p><\/div>\n<p>&nbsp;<\/p>\n<p><span data-contrast=\"auto\">\u201cAbona a la formaci\u00f3n integral del estudiantado de distintas disciplinas como f\u00edsica, danza, agronom\u00eda y contadur\u00eda, pues arropa las necesidades de todos ellos\u201d, asegur\u00f3.\u00a0<\/span><span data-ccp-props=\"{&quot;335559731&quot;:708}\">\u00a0<\/span><\/p>\n<p><span data-contrast=\"auto\">Beatriz S\u00e1nchez Zurita, titular de la Direcci\u00f3n General del \u00c1rea Acad\u00e9mica de Artes, mencion\u00f3 que, al paso del tiempo, la Casa del Lago posee un gran tesoro: aquel que dio oportunidad a los habitantes de la zona de contar con una excelente oferta cultural.\u00a0<\/span><span data-ccp-props=\"{&quot;335559731&quot;:708}\">\u00a0<\/span><\/p>\n<p>&nbsp;<\/p>\n<div id=\"attachment_144314\" style=\"width: 732px\" class=\"wp-caption aligncenter\"><a href=\"https:\/\/www.uv.mx\/prensa\/files\/2024\/06\/060624-CARLOS-Casa-del-Lago-3-100k.jpg\"><img aria-describedby=\"caption-attachment-144314\" decoding=\"async\" loading=\"lazy\" class=\"size-full wp-image-144314\" src=\"https:\/\/www.uv.mx\/prensa\/files\/2024\/06\/060624-CARLOS-Casa-del-Lago-3-100k.jpg\" alt=\"\" width=\"722\" height=\"542\" srcset=\"https:\/\/www.uv.mx\/prensa\/files\/2024\/06\/060624-CARLOS-Casa-del-Lago-3-100k.jpg 722w, https:\/\/www.uv.mx\/prensa\/files\/2024\/06\/060624-CARLOS-Casa-del-Lago-3-100k-300x225.jpg 300w\" sizes=\"(max-width: 722px) 100vw, 722px\" \/><\/a><p id=\"caption-attachment-144314\" class=\"wp-caption-text\">Beatriz S\u00e1nchez Zurita, titular de la Direcci\u00f3n General del \u00c1rea Acad\u00e9mica de Artes<\/p><\/div>\n<p>&nbsp;<\/p>\n<p><span data-contrast=\"auto\">\u201cRepresenta una puerta que se abre a un desarrollo art\u00edstico, a la reflexi\u00f3n sobre problem\u00e1ticas, y a exposiciones acad\u00e9micas, donde la comunidad universitaria convive con personas locales que tienen infinidad de historias por contar\u201d, coment\u00f3.<\/span><span data-ccp-props=\"{&quot;335559731&quot;:708}\">\u00a0<\/span><\/p>\n<p><span data-contrast=\"auto\">Citlalli L\u00f3pez Binnq\u00fcist, coordinadora del Centro de Investigaciones Tropicales, enunci\u00f3 que es fundamental que la UV cuente con un espacio de este tipo, que se ha transformado en diferentes etapas en su existencia.<\/span><span data-ccp-props=\"{&quot;335559731&quot;:708}\">\u00a0<\/span><\/p>\n<p>&nbsp;<\/p>\n<div id=\"attachment_144315\" style=\"width: 732px\" class=\"wp-caption aligncenter\"><a href=\"https:\/\/www.uv.mx\/prensa\/files\/2024\/06\/060624-CARLOS-Casa-del-Lago-4-100k.jpg\"><img aria-describedby=\"caption-attachment-144315\" decoding=\"async\" loading=\"lazy\" class=\"size-full wp-image-144315\" src=\"https:\/\/www.uv.mx\/prensa\/files\/2024\/06\/060624-CARLOS-Casa-del-Lago-4-100k.jpg\" alt=\"\" width=\"722\" height=\"542\" srcset=\"https:\/\/www.uv.mx\/prensa\/files\/2024\/06\/060624-CARLOS-Casa-del-Lago-4-100k.jpg 722w, https:\/\/www.uv.mx\/prensa\/files\/2024\/06\/060624-CARLOS-Casa-del-Lago-4-100k-300x225.jpg 300w\" sizes=\"(max-width: 722px) 100vw, 722px\" \/><\/a><p id=\"caption-attachment-144315\" class=\"wp-caption-text\">Citlalli L\u00f3pez Binnq\u00fcist, coordinadora del Centro de Investigaciones Tropicales<\/p><\/div>\n<p>&nbsp;<\/p>\n<p><span data-contrast=\"auto\">\u201cCuando imaginamos las instituciones de educaci\u00f3n superior pensamos en aulas, y estos recintos permiten una extensi\u00f3n que da vida a la c\u00e1tedra, la pr\u00e1ctica y la acci\u00f3n\u201d, puntualiz\u00f3.<\/span><span data-ccp-props=\"{&quot;335559731&quot;:708}\">\u00a0<\/span><\/p>\n<p><span data-contrast=\"auto\">La docente destac\u00f3 que la Casa del Lago es un importante espacio de vida, de ense\u00f1anza-aprendizaje, y flexible porque alberga tanto ferias como exposiciones de temas cient\u00edficos o manifestaciones art\u00edsticas.\u00a0<\/span><span data-ccp-props=\"{&quot;335559731&quot;:708}\">\u00a0<\/span><\/p>\n<p>&nbsp;<\/p>\n<div id=\"attachment_144316\" style=\"width: 732px\" class=\"wp-caption aligncenter\"><a href=\"https:\/\/www.uv.mx\/prensa\/files\/2024\/06\/060624-CARLOS-Casa-del-Lago-5-100k.jpg\"><img aria-describedby=\"caption-attachment-144316\" decoding=\"async\" loading=\"lazy\" class=\"size-full wp-image-144316\" src=\"https:\/\/www.uv.mx\/prensa\/files\/2024\/06\/060624-CARLOS-Casa-del-Lago-5-100k.jpg\" alt=\"\" width=\"722\" height=\"542\" srcset=\"https:\/\/www.uv.mx\/prensa\/files\/2024\/06\/060624-CARLOS-Casa-del-Lago-5-100k.jpg 722w, https:\/\/www.uv.mx\/prensa\/files\/2024\/06\/060624-CARLOS-Casa-del-Lago-5-100k-300x225.jpg 300w\" sizes=\"(max-width: 722px) 100vw, 722px\" \/><\/a><p id=\"caption-attachment-144316\" class=\"wp-caption-text\">Agust\u00edn Del Moral Tejeda, director de la Editorial UV<\/p><\/div>\n<p>&nbsp;<\/p>\n<p><span data-contrast=\"auto\">Agust\u00edn Del Moral Tejeda, director de la Editorial UV, resalt\u00f3 que el sitio posee un papel social en dos sentidos: uno interno, orientado a la comunidad UV, que complementa la formaci\u00f3n de alumnos, y otro volcado hacia la promoci\u00f3n de la cultura entre la sociedad.\u00a0<\/span><span data-ccp-props=\"{&quot;335559731&quot;:708}\">\u00a0<\/span><\/p>\n<p>&nbsp;<\/p>\n","protected":false},"excerpt":{"rendered":"<p>El recinto permite una extensi\u00f3n de la ense\u00f1anza, la pr\u00e1ctica y la acci\u00f3n  <\/p>\n","protected":false},"author":1809,"featured_media":144317,"comment_status":"closed","ping_status":"closed","sticky":false,"template":"","format":"standard","meta":[],"categories":[11,47,61],"tags":[1747,8453,4161,1228,1080,813,7030,5511,2943,156,17596,1375,17595,16053,756,3682,17517],"_links":{"self":[{"href":"https:\/\/www.uv.mx\/prensa\/wp-json\/wp\/v2\/posts\/144351"}],"collection":[{"href":"https:\/\/www.uv.mx\/prensa\/wp-json\/wp\/v2\/posts"}],"about":[{"href":"https:\/\/www.uv.mx\/prensa\/wp-json\/wp\/v2\/types\/post"}],"author":[{"embeddable":true,"href":"https:\/\/www.uv.mx\/prensa\/wp-json\/wp\/v2\/users\/1809"}],"replies":[{"embeddable":true,"href":"https:\/\/www.uv.mx\/prensa\/wp-json\/wp\/v2\/comments?post=144351"}],"version-history":[{"count":1,"href":"https:\/\/www.uv.mx\/prensa\/wp-json\/wp\/v2\/posts\/144351\/revisions"}],"predecessor-version":[{"id":144352,"href":"https:\/\/www.uv.mx\/prensa\/wp-json\/wp\/v2\/posts\/144351\/revisions\/144352"}],"wp:featuredmedia":[{"embeddable":true,"href":"https:\/\/www.uv.mx\/prensa\/wp-json\/wp\/v2\/media\/144317"}],"wp:attachment":[{"href":"https:\/\/www.uv.mx\/prensa\/wp-json\/wp\/v2\/media?parent=144351"}],"wp:term":[{"taxonomy":"category","embeddable":true,"href":"https:\/\/www.uv.mx\/prensa\/wp-json\/wp\/v2\/categories?post=144351"},{"taxonomy":"post_tag","embeddable":true,"href":"https:\/\/www.uv.mx\/prensa\/wp-json\/wp\/v2\/tags?post=144351"}],"curies":[{"name":"wp","href":"https:\/\/api.w.org\/{rel}","templated":true}]}}