{"id":14450,"date":"2016-08-24T09:28:35","date_gmt":"2016-08-24T14:28:35","guid":{"rendered":"https:\/\/www.uv.mx\/prensa\/?p=14450"},"modified":"2016-08-24T09:28:35","modified_gmt":"2016-08-24T14:28:35","slug":"movilidad-estudiantil-enriquece-doctorado-en-inteligencia-artificial","status":"publish","type":"post","link":"https:\/\/www.uv.mx\/prensa\/reportaje\/movilidad-estudiantil-enriquece-doctorado-en-inteligencia-artificial\/","title":{"rendered":"Movilidad estudiantil enriquece Doctorado en Inteligencia Artificial"},"content":{"rendered":"<ul>\n<li><em>Australia, B\u00e9lgica, Estados Unidos, Italia y Jap\u00f3n son algunos de los pa\u00edses que han recibido a los j\u00f3venes de la Universidad Veracruzana<\/em><\/li>\n<li><em>Con apoyos institucionales y del <\/em>Conacyt<em> se cubre el traslado y la estancia<\/em><\/li>\n<\/ul>\n<p>&nbsp;<\/p>\n<div id=\"attachment_14452\" style=\"width: 732px\" class=\"wp-caption aligncenter\"><a href=\"https:\/\/www.uv.mx\/prensa\/files\/2016\/08\/MoIIA-1.jpg\"><img aria-describedby=\"caption-attachment-14452\" decoding=\"async\" loading=\"lazy\" class=\"size-full wp-image-14452\" src=\"https:\/\/www.uv.mx\/prensa\/files\/2016\/08\/MoIIA-1.jpg\" alt=\"Alumnos del doctorado en Inteligencia Artificial del CIIA\" width=\"722\" height=\"481\" srcset=\"https:\/\/www.uv.mx\/prensa\/files\/2016\/08\/MoIIA-1.jpg 722w, https:\/\/www.uv.mx\/prensa\/files\/2016\/08\/MoIIA-1-300x200.jpg 300w\" sizes=\"(max-width: 722px) 100vw, 722px\" \/><\/a><p id=\"caption-attachment-14452\" class=\"wp-caption-text\">Alumnos del doctorado en Inteligencia Artificial del CIIA<\/p><\/div>\n<p>&nbsp;<\/p>\n<p><strong><em>David Sandoval Rodr\u00edguez<\/em><\/strong><\/p>\n<p><em>\u00a0<\/em><\/p>\n<p><strong><em>Xalapa, Ver. 24\/08\/2016.-<\/em><\/strong><em>\u00a0<\/em>Los alumnos del Doctorado en Inteligencia Artificial del Centro de Investigaci\u00f3n en Inteligencia Artificial (CIIA) de la Universidad Veracruzana (UV) realizan constante movilidad nacional e internacional, esto les permite enriquecer sus trabajos y contactar con investigadores que est\u00e1n a la vanguardia mundial en sus respectivas \u00e1reas.<\/p>\n<p>Con estancias de investigaci\u00f3n en Jap\u00f3n, Australia, Estados Unidos e Italia, los alumnos del doctorado, distinguido por el Programa Nacional de Posgrados de Calidad (PNPC) del Consejo Nacional de Ciencia y Tecnolog\u00eda (<em>Conacyt<\/em>), han conocido laboratorios de alta tecnolog\u00eda, as\u00ed como la vida y la cultura de otros pa\u00edses e inclusive de otras regiones de M\u00e9xico.<\/p>\n<p>Tal es el caso de Mariana Edith Miranda Varela, quien decidi\u00f3 cursar el doctorado porque ha trabajado en diversas instituciones educativas, y en ese sentido busca una formaci\u00f3n profesional que redunde en la profesionalizaci\u00f3n de los estudiantes.<\/p>\n<p>Su \u00e1rea de estudio es la optimizaci\u00f3n y con el doctorado tiene el prop\u00f3sito de seguir super\u00e1ndose y poder ense\u00f1ar cosas nuevas a sus estudiantes.<\/p>\n<p>La optimizaci\u00f3n asistida por subrogados es un tema que trabaja con el profesor e investigador del CIIE, Efr\u00e9n Mezura Montes, quien debido a su experiencia tiene varios contactos con investigadores dentro del \u00e1rea, por lo cual se pudo establecer el v\u00ednculo con el profesor Tapabrata Ray, de la Universidad de Nueva Gales del Sur (UNSW) de Canberra, en Australia.<\/p>\n<p>&nbsp;<\/p>\n<div id=\"attachment_14453\" style=\"width: 732px\" class=\"wp-caption aligncenter\"><a href=\"https:\/\/www.uv.mx\/prensa\/files\/2016\/08\/M-CIIA-2.jpg\"><img aria-describedby=\"caption-attachment-14453\" decoding=\"async\" loading=\"lazy\" class=\"size-full wp-image-14453\" src=\"https:\/\/www.uv.mx\/prensa\/files\/2016\/08\/M-CIIA-2.jpg\" alt=\"Ad\u00e1n Enrique Aguilar, Mar\u00eda Guadalupe Mart\u00ednez, Mariana Edith Miranda, Nancy P\u00e9rez, Vicente Josu\u00e9 Aguilera, Sergio Hern\u00e1ndez, Luis Lorenzo Rasc\u00f3n\" width=\"722\" height=\"481\" srcset=\"https:\/\/www.uv.mx\/prensa\/files\/2016\/08\/M-CIIA-2.jpg 722w, https:\/\/www.uv.mx\/prensa\/files\/2016\/08\/M-CIIA-2-300x200.jpg 300w\" sizes=\"(max-width: 722px) 100vw, 722px\" \/><\/a><p id=\"caption-attachment-14453\" class=\"wp-caption-text\">Ad\u00e1n Enrique Aguilar, Mar\u00eda Guadalupe Mart\u00ednez, Mariana Edith Miranda, Nancy P\u00e9rez, Vicente Josu\u00e9 Aguilera, Sergio Hern\u00e1ndez, Luis Lorenzo Rasc\u00f3n<\/p><\/div>\n<p>&nbsp;<\/p>\n<p>\u201cRay tiene una amplia experiencia en el uso de modelos subrogados que yo estoy trabajando, as\u00ed que tuve la oportunidad de que me apoyara en mi investigaci\u00f3n de doctorado y me aport\u00f3 much\u00edsimas cosas.\u201d<\/p>\n<p>Miranda Varela explic\u00f3 en su estancia \u2013de un mes de duraci\u00f3n\u2013 conoci\u00f3 a un estudiante de la UNSW que buscaba resolver el mismo problema que ella pero de forma diferente, tom\u00e1ndole menos tiempo, por lo cual reorient\u00f3 su investigaci\u00f3n en ese sentido.<\/p>\n<p>La alumna de doctorado ha impartido clases en el Instituto Tecnol\u00f3gico Superior de Zit\u00e1cuaro, Michoac\u00e1n, la Universidad del Istmo \u2014perteneciente al sistema de universidades de Oaxaca\u2014 y el Instituto Tecnol\u00f3gico Superior de Huatusco.<\/p>\n<p>Previamente tuvo la oportunidad de viajar al Congreso Internacional de <em>Software<\/em> para Resoluci\u00f3n de Problemas (<em>Socpros<\/em>) en Saharanpur, India, en diciembre de 2015, donde se present\u00f3 como la \u00fanica ponente mexicana, adem\u00e1s del profesor Mezura Montes, quien asisti\u00f3 como conferencista.<\/p>\n<p>\u201cLas estancias de movilidad brindan la oportunidad de viajar a otros pa\u00edses, conocer otras costumbres y culturas\u201d, apunt\u00f3.<\/p>\n<p>Por tal raz\u00f3n, se\u00f1al\u00f3 que apoyar este tipo de intercambio es muy importante, \u201cnosotros mismos y nuestros asesores estamos formando un punto de vista, pero tambi\u00e9n necesitamos conocer los trabajos de otras personas para enriquecernos\u201d.<\/p>\n<p>Miranda relat\u00f3 que pudo realizar la estancia gracias a una beca mixta del <em>Conacyt<\/em>, con base en la carta de aceptaci\u00f3n de la UNSW, elaborada por el profesor Ray.<\/p>\n<p>Otro de los estudiantes de doctorado que aprovech\u00f3 este tipo de movilidad fue \u00c1ngel Juan S\u00e1nchez Garc\u00eda, en la Universidad Libre de Bruselas, B\u00e9lgica, con el grupo de el\u00e9ctrica y electr\u00f3nica, centrado en el procesamiento de se\u00f1ales, donde asisti\u00f3 durante un mes para la realizaci\u00f3n de sus proyectos de doctorado.<\/p>\n<p>Desde octubre de 2015 envi\u00f3 su propuesta de tesis y \u00e9sta fue aprobada para realizar un trabajo de colaboraci\u00f3n.<\/p>\n<p>El universitario resalt\u00f3 la importancia de tener una visi\u00f3n institucional que involucre la posibilidad de que sus estudiantes desarrollen diversas competencias m\u00e1s all\u00e1 del campo de trabajo y ofrezca facilidades para visitar otra entidad acad\u00e9mica, nacional o en el extranjero, que incida en la formaci\u00f3n profesional.<\/p>\n<p>\u201cEsto implica conocer otras culturas y otra visi\u00f3n de c\u00f3mo hacer investigaci\u00f3n, porque salir y conocer a los investigadores y estudiantes de otros pa\u00edses es muy importante; por ejemplo, me toc\u00f3 trabajar con elementos que todav\u00eda no se abordan en M\u00e9xico, como es el caso de los robots inteligentes.\u201d<\/p>\n<p>Advirti\u00f3 que una estancia de movilidad no s\u00f3lo implica asistir a clases y escuchar conferencias, sino involucrarse y participar en otras actividades, hacer contactos para establecer colaboraciones cuando concluya el posgrado .<\/p>\n<p>\u201cMe siento orgulloso de que en el doctorado muchos hayamos realizado estancias nacionales y en el extranjero, creo que las gestiones y las facilidades brindadas permitieron que el CIIA sea reconocido, es un honor pertenecer a esta generaci\u00f3n de estudiantes tan talentosos\u201d, manifest\u00f3.<\/p>\n<p>S\u00e1nchez Garc\u00eda reconoci\u00f3 que el apoyo econ\u00f3mico podr\u00eda ser mayor para los estudiantes, como ocurre en otros pa\u00edses donde se destina una cantidad espec\u00edfica para que los alumnos de posgrado acudan a congresos y eventos internacionales; no obstante, precis\u00f3 que la UV brind\u00f3 lo necesario para realizar su estancia cubriendo el costo del boleto de avi\u00f3n.<\/p>\n<p>&nbsp;<\/p>\n<div id=\"attachment_14454\" style=\"width: 732px\" class=\"wp-caption aligncenter\"><a href=\"https:\/\/www.uv.mx\/prensa\/files\/2016\/07\/C-3.jpg\"><img aria-describedby=\"caption-attachment-14454\" decoding=\"async\" loading=\"lazy\" class=\"size-full wp-image-14454\" src=\"https:\/\/www.uv.mx\/prensa\/files\/2016\/07\/C-3.jpg\" alt=\"Ad\u00e1n Aguilar acudi\u00f3 en la Universidad de Nueva Gales del Sur de Canberra, en Australia\" width=\"722\" height=\"382\" srcset=\"https:\/\/www.uv.mx\/prensa\/files\/2016\/07\/C-3.jpg 722w, https:\/\/www.uv.mx\/prensa\/files\/2016\/07\/C-3-300x159.jpg 300w\" sizes=\"(max-width: 722px) 100vw, 722px\" \/><\/a><p id=\"caption-attachment-14454\" class=\"wp-caption-text\">Ad\u00e1n Aguilar acudi\u00f3 en la Universidad de Nueva Gales del Sur de Canberra, en Australia<\/p><\/div>\n<p>&nbsp;<\/p>\n<p><strong>Viajar para aprender<\/strong><\/p>\n<p>Mar\u00eda Guadalupe Mart\u00ednez Pe\u00f1aloza realizar\u00e1 una estancia de dos meses en la Universidad Shinshu de Nagano, Jap\u00f3n, a partir de octubre y hasta finales de noviembre.<\/p>\n<p>Con la beca mixta del <em>Conacyt<\/em> cubrir\u00e1 el costo del transporte a\u00e9reo y adem\u00e1s vivir\u00e1 en el campus de aquella universidad.<\/p>\n<p>Ser\u00e1 la segunda visita de la alumna a la instituci\u00f3n japonesa, dado que en mayo de 2015 acudi\u00f3 por una semana a un congreso internacional apoyada por la UV \u2014que se ocup\u00f3 de la totalidad del viaje\u2014 y tuvo la oportunidad de conocer el trabajo que se realiza en dicha universidad.<\/p>\n<p>\u201cFue un reto para m\u00ed porque nunca hab\u00eda presentado un trabajo para un p\u00fablico tan especializado y mucho menos en ingl\u00e9s, fue una experiencia dif\u00edcil pero me fue muy bien.\u201d<\/p>\n<p>El tema que Mart\u00ednez Pe\u00f1aloza desarrolla es la optimizaci\u00f3n multiobjetivo y buscar\u00e1 elaborar un art\u00edculo como resultado de su estancia.<\/p>\n<p>\u00c9sta es la segunda experiencia de movilidad de la estudiante, ya que durante su Maestr\u00eda en Inteligencia Artificial realiz\u00f3 una estancia de dos meses en la Universidad Nacional de San Luis, en Argentina, donde trabaj\u00f3 el tema de optimizaci\u00f3n con miner\u00eda de datos.<\/p>\n<p>\u201cEl aprendizaje es muy gratificante porque la retroalimentaci\u00f3n que te dan es muy buena, te sugieren cosas que no hab\u00edas pensado y cuentas con la ayuda de expertos.\u201d<\/p>\n<p>Por otra parte, consider\u00f3 fundamental apoyar las estancias de movilidad \u201cporque uno recibe otras ideas que tal vez no hemos considerado y se aprende mucho de la cultura de otros pa\u00edses, como en el caso de Jap\u00f3n, que es completamente diferente a M\u00e9xico en su estilo de vida y la forma en que se educa a las personas, creo que es muy bueno para la formaci\u00f3n profesional porque se crece en los aspectos acad\u00e9mico y cultural\u201d.<\/p>\n<p>En cuanto a la movilidad nacional, Nancy P\u00e9rez Castro fue al Instituto Nacional de Astrof\u00edsica, \u00d3ptica y Electr\u00f3nica (INAOE) en Puebla, donde trabaj\u00f3 durante tres meses bajo la direcci\u00f3n de Hugo Jair Escalante, investigador destacado en el \u00e1rea de reconocimiento de patrones, y que cuenta con un trabajo doctoral relacionado con el tema de tesis que realiza la joven actualmente.<\/p>\n<p>Su proyecto engloba diferentes \u00e1reas: miner\u00eda de datos para series de tiempo y los algoritmos evolutivos, que se conjuntan en su proyecto consistente en una selecci\u00f3n del modelo completo en bases de datos de este tipo.<\/p>\n<p>\u201cSe busca que los algoritmos evolutivos sean una herramienta de b\u00fasqueda para el usuario en cuanto a qu\u00e9 algoritmo y qu\u00e9 par\u00e1metros generan un modelo, el cual puede describir de manera \u00f3ptima los datos y permite obtener ciertas caracter\u00edsticas que el usuario a simple vista no percibe en \u00e9stos.\u201d<\/p>\n<p>El hecho de visitar el instituto le posibilit\u00f3 recibir ideas y comentarios que permitieron establecer un panorama m\u00e1s amplio sobre su investigaci\u00f3n.<\/p>\n<p>&nbsp;<\/p>\n<div id=\"attachment_14455\" style=\"width: 732px\" class=\"wp-caption aligncenter\"><a href=\"https:\/\/www.uv.mx\/prensa\/files\/2016\/08\/A-4.jpg\"><img aria-describedby=\"caption-attachment-14455\" decoding=\"async\" loading=\"lazy\" class=\"size-full wp-image-14455\" src=\"https:\/\/www.uv.mx\/prensa\/files\/2016\/08\/A-4.jpg\" alt=\"Mariana Miranda con sus compa\u00f1eros en la UNSW \" width=\"722\" height=\"458\" srcset=\"https:\/\/www.uv.mx\/prensa\/files\/2016\/08\/A-4.jpg 722w, https:\/\/www.uv.mx\/prensa\/files\/2016\/08\/A-4-300x190.jpg 300w\" sizes=\"(max-width: 722px) 100vw, 722px\" \/><\/a><p id=\"caption-attachment-14455\" class=\"wp-caption-text\">Mariana Miranda con sus compa\u00f1eros en la UNSW<\/p><\/div>\n<p>&nbsp;<\/p>\n<p>En el caso de Nancy, fue su primera estancia de movilidad y contact\u00f3 al investigador cuando asisti\u00f3 al Congreso Internacional Anual de Poder, Electr\u00f3nica y Computaci\u00f3n (ROPEC), organizado por el Instituto de Ingenieros en Electricidad y Electr\u00f3nica (IEEE) en 2015.<\/p>\n<p>\u201cSu trabajo est\u00e1 muy relacionado con lo que hago, ya hab\u00eda le\u00eddo sus art\u00edculos y cuando tuve oportunidad de contactarlo le dije que me gustar\u00eda hacer una visita al instituto, as\u00ed fue como planeamos el encuentro.\u201d<\/p>\n<p>Agreg\u00f3 que para el congreso ROPEC del presente a\u00f1o llevar\u00e1 tambi\u00e9n una ponencia con los resultados de su colaboraci\u00f3n en el INAOE.<\/p>\n<p>\u201cDado que recib\u00ed otros enfoques y puntos de vista, s\u00ed hay ciertos temas que me gustar\u00eda seguir trabajando, en el futuro me gustar\u00eda seguir esta l\u00ednea de investigaci\u00f3n, de ser posible, en la Universidad de Riverside en California.\u201d<\/p>\n<p>En su opini\u00f3n, la experiencia de movilidad \u201ces muy importante; fue una estancia corta de tres meses pero quiz\u00e1 una m\u00e1s amplia es mejor porque nos permite relacionarnos con otras personas y conocer sus puntos de vista, que enriquecen las ideas del proyecto\u201d.<\/p>\n<p>Ad\u00e1n Enrique Aguilar Justo, que al igual que Miranda Varela acudi\u00f3 a la UNSW, refiri\u00f3 que su trabajo es sobre c\u00f3mputo evolutivo y estuvo bajo la direcci\u00f3n del profesor Ruhul Saker, quien desarroll\u00f3 en coautor\u00eda un modelo basado en un algoritmo para descomponer variables relacionadas con problemas de optimizaci\u00f3n.<\/p>\n<p>El trabajo del universitario se bas\u00f3 en la investigaci\u00f3n del acad\u00e9mico, por lo que fue una gran oportunidad trabajar con uno de los coautores del modelo. \u201cEl objetivo principal era mejorar nuestra propuesta con base en sus conocimientos e ideas, lo que se logr\u00f3 y adem\u00e1s se cre\u00f3 un art\u00edculo para presentar en un congreso\u201d, refiri\u00f3.<\/p>\n<p>Aguilar Justo precis\u00f3 que la intenci\u00f3n es extender y continuar la colaboraci\u00f3n para publicar el art\u00edculo en una revista especializada, \u201cya que es un tema novedoso y poco explotado que puede extenderse a\u00fan m\u00e1s, por lo que existe un gran nicho de oportunidades para desarrollar nuevas investigaciones\u201d.<\/p>\n<p>Para Ad\u00e1n, \u201cla movilidad es extremadamente importante porque te abre un nuevo panorama, sobre todo en pa\u00edses desarrollados donde la cultura es diferente. Todo ello hace crecer a uno como persona porque se conocen otras formas de pensar y de educar, incluso de moral, todo esto impacta en la investigaci\u00f3n porque nos abre fronteras\u201d.<\/p>\n<p>Como futuro investigador se requiere tener una formaci\u00f3n, ponder\u00f3, \u201ces bueno que nuestros profesores tengan este tipo de contactos y que conf\u00eden en uno para realizar estas estancias\u201d.<\/p>\n<p>Un trabajo posterior a su estad\u00eda en la Universidad de Nueva Gales del Sur, fue presentado en el SECC de 2016 que se realiz\u00f3 en Vancouver, Canad\u00e1, y una extensi\u00f3n del mismo ser\u00e1 publicado en otro art\u00edculo para presentarse en el mismo congreso de ROPEC de 2016.<\/p>\n<p>Los dos meses que vivi\u00f3 en Australia, de mayo a julio, fueron su primera experiencia en el extranjero, pero en cuanto a la movilidad, durante su Maestr\u00eda en Inteligencia Artificial hab\u00eda realizado una estancia en el Departamento de Computaci\u00f3n del <em>Cinvestav<\/em> con el profesor Carlos Coello.<\/p>\n<p>Como parte de su formaci\u00f3n, los alumnos del doctorado deben realizar una estancia de investigaci\u00f3n y en un principio Aguilar Justo consider\u00f3 que ser\u00eda en alguna instituci\u00f3n del pa\u00eds, nunca imagin\u00f3 que viajar\u00eda hasta Australia para cumplir con esta meta.<\/p>\n<p>En ese pa\u00eds, hay pocas personas de Am\u00e9rica Latina estudiando y coment\u00f3 que era el \u00fanico alumno de la UV en el campus donde curs\u00f3 su estancia.<\/p>\n<p>\u201cRepresentar a la Universidad Veracruzana, sobre todo en estos tiempos, y demostrar que aun con nuestras carencias somos capaces de competir a nivel internacional, dejamos un impacto, la impresi\u00f3n de que genera buenos alumnos con alto potencial como mexicanos y como parte de una instituci\u00f3n que compite a nivel internacional.\u201d<\/p>\n<p>En tanto, Vicente Josu\u00e9 Aguilera Rueda viajar\u00e1 a la Universidad de Houston, Texas, a trav\u00e9s de un contacto de su asesor de tesis, el acad\u00e9mico Nicandro Cruz Ram\u00edrez, quien ha colaborado con el profesor Ricardo Vilalta, del Departamento de Ciencias Computacionales.<\/p>\n<p>&nbsp;<\/p>\n<div id=\"attachment_14456\" style=\"width: 732px\" class=\"wp-caption aligncenter\"><a href=\"https:\/\/www.uv.mx\/prensa\/files\/2016\/08\/IA-5.jpg\"><img aria-describedby=\"caption-attachment-14456\" decoding=\"async\" loading=\"lazy\" class=\"size-full wp-image-14456\" src=\"https:\/\/www.uv.mx\/prensa\/files\/2016\/08\/IA-5.jpg\" alt=\"Nancy P\u00e9rez permaneci\u00f3 tres meses en el Instituto Nacional de Astrof\u00edsica, \u00d3ptica y Electr\u00f3nica\" width=\"722\" height=\"996\" srcset=\"https:\/\/www.uv.mx\/prensa\/files\/2016\/08\/IA-5.jpg 722w, https:\/\/www.uv.mx\/prensa\/files\/2016\/08\/IA-5-217x300.jpg 217w\" sizes=\"(max-width: 722px) 100vw, 722px\" \/><\/a><p id=\"caption-attachment-14456\" class=\"wp-caption-text\">Nancy P\u00e9rez permaneci\u00f3 tres meses en el Instituto Nacional de Astrof\u00edsica, \u00d3ptica y Electr\u00f3nica<\/p><\/div>\n<p>&nbsp;<\/p>\n<p>Ambos trabajan miner\u00eda de datos y su estancia tendr\u00e1 una duraci\u00f3n de cuatro meses, su proyecto de tesis se denomina \u201cAprendizaje multiobjetivo de redes bayesianas\u201d y aplicar\u00e1 una m\u00e9trica basada en un trabajo del propio Vilalta.<\/p>\n<p>Es la primera vez que realiza una estancia de movilidad y le corresponder\u00e1 alojarse al interior del campus, coment\u00f3 el universitario, quien por medio de la visa de estudiante tendr\u00e1 acceso a todas las actividades que ofrece la universidad.<\/p>\n<p>Destac\u00f3 que el profesor tiene una destacada trayectoria en el tema, adem\u00e1s su trabajo est\u00e1 relacionado con las redes bayesianas; previamente hab\u00eda trabajado con algoritmos y en la actualidad trabaja con bases de datos de la NASA, lo que permite un acceso a conocimiento de vanguardia y su experiencia enriquecer\u00e1 el trabajo.<\/p>\n<p>A pesar de la situaci\u00f3n actual que se vive en el pa\u00eds y en Veracruz, la UV ofrece alternativas e incluso los investigadores realizan proyectos respaldados por <em>Conacyt<\/em>; en el mismo sentido, el propio CIIA impulsa a los estudiantes, por lo que consider\u00f3 que \u201clo importante es hacer un buen papel, dejar el nombre de la Universidad bien posicionado, pues esto da pie a muchas m\u00e1s colaboraciones. Para m\u00ed, la posibilidad de un posdoctorado es una oportunidad de oro y se tiene que aprovechar\u201d.<\/p>\n<p>Sergio Hern\u00e1ndez M\u00e9ndez viaj\u00f3 el semestre pasado a la Universidad Aut\u00f3noma de San Luis Potos\u00ed para una estancia de movilidad de tres meses, en los cuales trabaj\u00f3 con Elvia Ruth Palacios Hern\u00e1ndez.<\/p>\n<p>\u201cLa idea de trabajar con ella surgi\u00f3 porque mi trabajo se complementa con la inclusi\u00f3n de t\u00e9cnicas de inteligencia artificial en la l\u00f3gica difusa.\u201d<\/p>\n<p>Su investigaci\u00f3n est\u00e1 en el \u00e1rea de manipulaci\u00f3n y la idea es desarrollar un robot capaz de manipular cierto tipo de objetos, que los tome de manera correcta, lo m\u00e1s centrado posible y con una fuerza uniforme.<\/p>\n<p>\u201cContamos con una serie de motores y un brazo que se imprimi\u00f3 en 3D; todas las piezas se dise\u00f1aron aqu\u00ed y una vez listas me lo llev\u00e9 a trabajar a San Luis Potos\u00ed con la doctora Palacios Hern\u00e1ndez, con quien colaboro en un control inteligente que contar\u00e1 con t\u00e9cnicas de inteligencia artificial, ya sea l\u00f3gica difusa, redes neuronales o alguna optimizaci\u00f3n mediante el uso de un algoritmo gen\u00e9tico.\u201d<\/p>\n<p>El hecho de haber trabajado con la investigadora represent\u00f3 un gran avance en su estudio, y la oportunidad de generar un art\u00edculo.<\/p>\n<p>La intenci\u00f3n de regresar es para mejorar los algoritmos y el control del robot, que permitan comparar lo que ya se ha obtenido con los resultados que se pretenden.<\/p>\n<p>Crear un brazo inteligente surge del inter\u00e9s del \u00e1rea de rob\u00f3tica en generar robots que puedan interactuar con personas en un ambiente 3D como en el que nos desenvolvemos nosotros, llamado rob\u00f3tica de servicio.<\/p>\n<p>\u201cEn mi caso trabajo la parte de <em>software<\/em>, tengo que implementarlo en el <em>hardware<\/em> del brazo y corregir todos los detalles que surjan\u201d, apunt\u00f3.<\/p>\n<p>El universitario reconoci\u00f3 que las estancias de movilidad fomentan la vinculaci\u00f3n y el desarrollo entre distintas universidades. Desafortunadamente, a veces no existen los suficientes recursos econ\u00f3micos, por ello \u201cel hecho de que te apoyen hace que te sientas respaldado, es importante incentivar las colaboraciones entre universidades porque el hecho de trabajar con otros investigadores enriquece tanto la investigaci\u00f3n como la colaboraci\u00f3n de cuerpos acad\u00e9micos entre universidades\u201d.<\/p>\n<p>Luis Lorenzo Rasc\u00f3n P\u00e9rez realiz\u00f3 una estancia de un semestre en el Instituto de la Ciencia y la Cognici\u00f3n en Roma, Italia, con Stefano Nolfi, director del Laboratorio de Rob\u00f3tica Aut\u00f3noma y Vida Artificial (LARAL). \u00c9sta es la segunda estancia que efect\u00faa en el mismo lugar, ya que durante la Maestr\u00eda en Inteligencia Artificial realiz\u00f3 una visita de tres meses al laboratorio.<\/p>\n<p>Su tema de investigaci\u00f3n es generar un m\u00f3dulo de atenci\u00f3n selectiva con base en algoritmos de evoluci\u00f3n artificial en robots aut\u00f3nomos, ya sea en dispositivos f\u00edsicos o en el simulador, donde los comportamientos son un resultado emergente de la interacci\u00f3n con el entorno, tema que tambi\u00e9n es trabajador por el profesor Nolfi.<\/p>\n<p>En el LARAL trabajan varios estudiantes de diferentes pa\u00edses, entre ellos, alumnos del profesor Nolfi, provenientes de la Universidad de La Sapienza, por lo cual las clases y las conferencias son en ingl\u00e9s.<\/p>\n<p>Para el estudiante del doctorado, el hecho de observar c\u00f3mo se realiza la investigaci\u00f3n en otros pa\u00edses, c\u00f3mo se aborda a trav\u00e9s de un trabajo interdisciplinario y c\u00f3mo se concibe la interacci\u00f3n con los robots desde el \u00e1mbito de la psicobiolog\u00eda, as\u00ed como la manera en que trabajan, es de lo m\u00e1s destacable de su experiencia y por ello busca la posibilidad de regresar al laboratorio para continuar con su investigaci\u00f3n.<\/p>\n<div id=\"attachment_14457\" style=\"width: 732px\" class=\"wp-caption aligncenter\"><a href=\"https:\/\/www.uv.mx\/prensa\/files\/2016\/08\/A-6.jpg\"><img aria-describedby=\"caption-attachment-14457\" decoding=\"async\" loading=\"lazy\" class=\"size-full wp-image-14457\" src=\"https:\/\/www.uv.mx\/prensa\/files\/2016\/08\/A-6.jpg\" alt=\"\u00c1ngel S\u00e1nchez durante su estancia en B\u00e9lgica\" width=\"722\" height=\"541\" srcset=\"https:\/\/www.uv.mx\/prensa\/files\/2016\/08\/A-6.jpg 722w, https:\/\/www.uv.mx\/prensa\/files\/2016\/08\/A-6-300x225.jpg 300w\" sizes=\"(max-width: 722px) 100vw, 722px\" \/><\/a><p id=\"caption-attachment-14457\" class=\"wp-caption-text\">\u00c1ngel S\u00e1nchez durante su estancia en B\u00e9lgica<\/p><\/div>\n","protected":false},"excerpt":{"rendered":"<p><strong><em>David Sandoval .-<\/em><\/strong>Los alumnos del Doctorado en Inteligencia Artificial del Centro de Investigaci\u00f3n en Inteligencia Artificial (CIIA) de la Universidad Veracruzana (UV) realizan constante movilidad nacional e internacional, esto les permite enriquecer sus trabajos y contactar con investigadores que est\u00e1n a la vanguardia mundial en sus respectivas \u00e1reas.<\/p>\n","protected":false},"author":1810,"featured_media":14451,"comment_status":"closed","ping_status":"closed","sticky":false,"template":"","format":"standard","meta":[],"categories":[14],"tags":[16],"_links":{"self":[{"href":"https:\/\/www.uv.mx\/prensa\/wp-json\/wp\/v2\/posts\/14450"}],"collection":[{"href":"https:\/\/www.uv.mx\/prensa\/wp-json\/wp\/v2\/posts"}],"about":[{"href":"https:\/\/www.uv.mx\/prensa\/wp-json\/wp\/v2\/types\/post"}],"author":[{"embeddable":true,"href":"https:\/\/www.uv.mx\/prensa\/wp-json\/wp\/v2\/users\/1810"}],"replies":[{"embeddable":true,"href":"https:\/\/www.uv.mx\/prensa\/wp-json\/wp\/v2\/comments?post=14450"}],"version-history":[{"count":0,"href":"https:\/\/www.uv.mx\/prensa\/wp-json\/wp\/v2\/posts\/14450\/revisions"}],"wp:featuredmedia":[{"embeddable":true,"href":"https:\/\/www.uv.mx\/prensa\/wp-json\/wp\/v2\/media\/14451"}],"wp:attachment":[{"href":"https:\/\/www.uv.mx\/prensa\/wp-json\/wp\/v2\/media?parent=14450"}],"wp:term":[{"taxonomy":"category","embeddable":true,"href":"https:\/\/www.uv.mx\/prensa\/wp-json\/wp\/v2\/categories?post=14450"},{"taxonomy":"post_tag","embeddable":true,"href":"https:\/\/www.uv.mx\/prensa\/wp-json\/wp\/v2\/tags?post=14450"}],"curies":[{"name":"wp","href":"https:\/\/api.w.org\/{rel}","templated":true}]}}