{"id":144502,"date":"2024-06-11T16:40:28","date_gmt":"2024-06-11T21:40:28","guid":{"rendered":"https:\/\/www.uv.mx\/prensa\/?p=144502"},"modified":"2024-06-13T14:20:38","modified_gmt":"2024-06-13T19:20:38","slug":"egresada-uv-trabaja-nueva-tecnica-para-reparar-lesiones-de-cartilago","status":"publish","type":"post","link":"https:\/\/www.uv.mx\/prensa\/ciencia\/egresada-uv-trabaja-nueva-tecnica-para-reparar-lesiones-de-cartilago\/","title":{"rendered":"Egresada UV trabaja nueva t\u00e9cnica para reparar lesiones de cart\u00edlago"},"content":{"rendered":"<ul>\n<li data-leveltext=\"\uf0b7\" data-font=\"Symbol\" data-listid=\"2\" data-list-defn-props=\"{&quot;335551671&quot;:0,&quot;335552541&quot;:1,&quot;335559685&quot;:720,&quot;335559991&quot;:360,&quot;469769226&quot;:&quot;Symbol&quot;,&quot;469769242&quot;:[8226],&quot;469777803&quot;:&quot;left&quot;,&quot;469777804&quot;:&quot;\uf0b7&quot;,&quot;469777815&quot;:&quot;hybridMultilevel&quot;}\" data-aria-posinset=\"0\" data-aria-level=\"1\"><i><span data-contrast=\"auto\">Anell Olivos Meza, m\u00e9dico especialista en ortopedia del deporte y artroscopia, particip\u00f3 en el Coloquio de Investigaci\u00f3n en Ciencias de la Salud \u201cDe la c\u00e9lula a la comunidad\u201d<\/span><\/i><span data-ccp-props=\"{&quot;201341983&quot;:0,&quot;335559739&quot;:0,&quot;335559740&quot;:240}\">\u00a0<\/span><\/li>\n<\/ul>\n<p><span data-ccp-props=\"{&quot;201341983&quot;:0,&quot;335559739&quot;:0,&quot;335559740&quot;:240}\">\u00a0<\/span><\/p>\n<div id=\"attachment_144345\" style=\"width: 732px\" class=\"wp-caption aligncenter\"><img aria-describedby=\"caption-attachment-144345\" decoding=\"async\" loading=\"lazy\" class=\"size-full wp-image-144345\" src=\"https:\/\/www.uv.mx\/prensa\/files\/2024\/06\/060624-COUTTOLENC-Coloquio-Ciencias-de-la-Salud-3-100k.jpg\" alt=\"\" width=\"722\" height=\"482\" srcset=\"https:\/\/www.uv.mx\/prensa\/files\/2024\/06\/060624-COUTTOLENC-Coloquio-Ciencias-de-la-Salud-3-100k.jpg 722w, https:\/\/www.uv.mx\/prensa\/files\/2024\/06\/060624-COUTTOLENC-Coloquio-Ciencias-de-la-Salud-3-100k-300x200.jpg 300w\" sizes=\"(max-width: 722px) 100vw, 722px\" \/><p id=\"caption-attachment-144345\" class=\"wp-caption-text\">Anell Olivos Meza disert\u00f3 sobre \u201cImplante de condrocitos alog\u00e9nicos. Traslaci\u00f3n de la investigaci\u00f3n b\u00e1sica a la investigaci\u00f3n aplicada\u201d<\/p><\/div>\n<p><span data-ccp-props=\"{&quot;201341983&quot;:0,&quot;335559739&quot;:0,&quot;335559740&quot;:240}\">\u00a0<\/span><\/p>\n<p><b><i><span data-contrast=\"auto\">Jos\u00e9 Luis Couttolenc Soto<\/span><\/i><\/b><span data-ccp-props=\"{&quot;201341983&quot;:0,&quot;335559739&quot;:0,&quot;335559740&quot;:240}\">\u00a0<\/span><\/p>\n<p><b><i><span data-contrast=\"auto\">Fotos: C\u00e9sar Pisil Ramos<\/span><\/i><\/b><span data-ccp-props=\"{&quot;201341983&quot;:0,&quot;335559739&quot;:0,&quot;335559740&quot;:240}\">\u00a0<\/span><\/p>\n<p><span data-ccp-props=\"{&quot;201341983&quot;:0,&quot;335559739&quot;:0,&quot;335559740&quot;:240}\">\u00a0<\/span><\/p>\n<p><b><i><span data-contrast=\"auto\">11\/06\/2024, Xalapa, Ver.- <\/span><\/i><\/b><span data-contrast=\"auto\">Anell Olivos Meza, especialista en ortopedia del deporte y artroscopia, egresada de la Universidad Veracruzana (UV) desarroll\u00f3 una nueva t\u00e9cnica que puede reparar lesiones de cart\u00edlago en pacientes j\u00f3venes, tanto en rodilla, cadera, tobillo y hombro, permitiendo dar una mejor calidad de vida y propiciando el retraso en el desarrollo de enfermedades mayores que pudieran requerir pr\u00f3tesis.<\/span><span data-ccp-props=\"{&quot;201341983&quot;:0,&quot;335559739&quot;:0,&quot;335559740&quot;:240}\">\u00a0<\/span><\/p>\n<p><span data-contrast=\"auto\">La m\u00e9dico cirujano con especialidad en ortopedia por la UV y actualmente adscrita al Hospital M\u00e9dica Sur de Tlalpan, disert\u00f3 la conferencia magistral \u201cImplante de condrocitos alog\u00e9nicos. Traslaci\u00f3n de la investigaci\u00f3n b\u00e1sica a la investigaci\u00f3n aplicada\u201d en el <\/span><span data-contrast=\"auto\">Coloquio de Investigaci\u00f3n en Ciencias de la Salud \u201cDe la c\u00e9lula a la comunidad\u201d, organizado por el <a href=\"https:\/\/www.uv.mx\/ics\/\" target=\"_blank\" rel=\"noopener\">Instituto de Ciencias de la Salud<\/a> de la UV.<\/span><\/p>\n<p>&nbsp;<\/p>\n<div id=\"attachment_144346\" style=\"width: 732px\" class=\"wp-caption aligncenter\"><img aria-describedby=\"caption-attachment-144346\" decoding=\"async\" loading=\"lazy\" class=\"size-full wp-image-144346\" src=\"https:\/\/www.uv.mx\/prensa\/files\/2024\/06\/060624-COUTTOLENC-Coloquio-Ciencias-de-la-Salud-4-100k.jpg\" alt=\"\" width=\"722\" height=\"466\" srcset=\"https:\/\/www.uv.mx\/prensa\/files\/2024\/06\/060624-COUTTOLENC-Coloquio-Ciencias-de-la-Salud-4-100k.jpg 722w, https:\/\/www.uv.mx\/prensa\/files\/2024\/06\/060624-COUTTOLENC-Coloquio-Ciencias-de-la-Salud-4-100k-300x194.jpg 300w\" sizes=\"(max-width: 722px) 100vw, 722px\" \/><p id=\"caption-attachment-144346\" class=\"wp-caption-text\">La t\u00e9cnica m\u00e1s eficaz en la restauraci\u00f3n, es la regenerativa, afirm\u00f3 la ponente<\/p><\/div>\n<p>&nbsp;<\/p>\n<p><span data-contrast=\"auto\">Refiri\u00f3 que trabaja en una nueva t\u00e9cnica para obtener tejido de un donador cadav\u00e9rico o de un banco de tejidos, en la cual se disgregan y se a\u00edslan las c\u00e9lulas llamadas condrocitos, posteriormente se colocan en una especie de matriz y por medio de procedimiento quir\u00fargico m\u00ednimo invasivo \u2013denominado artroscopia\u2013 se introduce a la articulaci\u00f3n para rellenar el espacio lesionado, gener\u00e1ndose un nuevo tejido que quita el dolor al paciente y mejora su movilidad. Esto evita procedimientos quir\u00fargicos invasivos y pr\u00f3tesis.<\/span><span data-ccp-props=\"{&quot;201341983&quot;:0,&quot;335559739&quot;:0,&quot;335559740&quot;:240}\">\u00a0<\/span><\/p>\n<p><span data-contrast=\"auto\">La m\u00e9dico especialista consider\u00f3 que este tipo de padecimientos se registra en alrededor del 60% de la poblaci\u00f3n mundial, siendo las personas de entre 30 a 40 a\u00f1os las de mayor riesgo, principalmente por actividades f\u00edsicas de impacto, as\u00ed como pacientes con deformidades angulares o que han tenido alg\u00fan traumatismo o un golpe en la articulaci\u00f3n.<\/span><\/p>\n<p>&nbsp;<\/p>\n<div id=\"attachment_144344\" style=\"width: 732px\" class=\"wp-caption aligncenter\"><img aria-describedby=\"caption-attachment-144344\" decoding=\"async\" loading=\"lazy\" class=\"size-full wp-image-144344\" src=\"https:\/\/www.uv.mx\/prensa\/files\/2024\/06\/060624-COUTTOLENC-Coloquio-Ciencias-de-la-Salud-2-100k.jpg\" alt=\"\" width=\"722\" height=\"337\" srcset=\"https:\/\/www.uv.mx\/prensa\/files\/2024\/06\/060624-COUTTOLENC-Coloquio-Ciencias-de-la-Salud-2-100k.jpg 722w, https:\/\/www.uv.mx\/prensa\/files\/2024\/06\/060624-COUTTOLENC-Coloquio-Ciencias-de-la-Salud-2-100k-300x140.jpg 300w\" sizes=\"(max-width: 722px) 100vw, 722px\" \/><p id=\"caption-attachment-144344\" class=\"wp-caption-text\">Investigadores, acad\u00e9micos y estudiantes de posgrado brindaron un reconocimiento p\u00f3stumo a Mar\u00eda Sobeida Leticia Bl\u00e1zquez Morales<\/p><\/div>\n<p>&nbsp;<\/p>\n<p><span data-contrast=\"auto\">Por su parte, Gabriela Nach\u00f3n Garc\u00eda, directora del Instituto de Ciencias de la Salud, dio a conocer que la finalidad del coloquio fue enriquecer las L\u00edneas de Generaci\u00f3n y Aplicaci\u00f3n del Conocimiento y fortalecer la formaci\u00f3n de estudiantes de la Maestr\u00eda en Prevenci\u00f3n Integral del Consumo de Drogas, y de la Maestr\u00eda y Doctorado en Ciencias de la Salud. Asimismo, <\/span> <span data-contrast=\"auto\">se hizo un reconocimiento p\u00f3stumo a Mar\u00eda Sobeida Leticia Bl\u00e1zquez Morales, investigadora del ICS.<\/span><span data-ccp-props=\"{&quot;201341983&quot;:0,&quot;335559739&quot;:0,&quot;335559740&quot;:240}\">\u00a0<\/span><\/p>\n<p><span data-contrast=\"auto\">En la ceremonia inaugural estuvieron Edgar Javier Gonz\u00e1lez Gaudiano y Elizabeth Ocampo G\u00f3mez, directores generales de la Unidad de Estudios de Posgrado y de Desarrollo Acad\u00e9mico e Innovaci\u00f3n Educativa, respectivamente; X\u00f3chitl de San Jorge C\u00e1rdenas, coordinadora de la Maestr\u00eda en Prevenci\u00f3n Integral del Consumo de Drogas; Elisa Tamariz Dom\u00ednguez y Mar\u00eda del Carmen Gogeascoechea Trejo, coordinadoras de la Maestr\u00eda y Doctorado en Ciencias de la Salud, en ese orden, as\u00ed como directores de facultades, institutos y estudiantes de posgrado.\u00a0<\/span><span data-ccp-props=\"{&quot;201341983&quot;:0,&quot;335559731&quot;:708,&quot;335559739&quot;:0,&quot;335559740&quot;:240}\">\u00a0<\/span><\/p>\n","protected":false},"excerpt":{"rendered":"<p>Alrededor del 60% de la poblaci\u00f3n mundial de entre 30 a 40 a\u00f1os tiene padecimiento de cart\u00edlagos\u00a0<\/p>\n","protected":false},"author":2349,"featured_media":144347,"comment_status":"closed","ping_status":"closed","sticky":false,"template":"","format":"standard","meta":[],"categories":[45,61],"tags":[17643,17648,17646,6263,17644,360,10530,17650,17651,2140,4162,12899,5781,17642,14620,17645,17647,7336,17649],"_links":{"self":[{"href":"https:\/\/www.uv.mx\/prensa\/wp-json\/wp\/v2\/posts\/144502"}],"collection":[{"href":"https:\/\/www.uv.mx\/prensa\/wp-json\/wp\/v2\/posts"}],"about":[{"href":"https:\/\/www.uv.mx\/prensa\/wp-json\/wp\/v2\/types\/post"}],"author":[{"embeddable":true,"href":"https:\/\/www.uv.mx\/prensa\/wp-json\/wp\/v2\/users\/2349"}],"replies":[{"embeddable":true,"href":"https:\/\/www.uv.mx\/prensa\/wp-json\/wp\/v2\/comments?post=144502"}],"version-history":[{"count":1,"href":"https:\/\/www.uv.mx\/prensa\/wp-json\/wp\/v2\/posts\/144502\/revisions"}],"predecessor-version":[{"id":144636,"href":"https:\/\/www.uv.mx\/prensa\/wp-json\/wp\/v2\/posts\/144502\/revisions\/144636"}],"wp:featuredmedia":[{"embeddable":true,"href":"https:\/\/www.uv.mx\/prensa\/wp-json\/wp\/v2\/media\/144347"}],"wp:attachment":[{"href":"https:\/\/www.uv.mx\/prensa\/wp-json\/wp\/v2\/media?parent=144502"}],"wp:term":[{"taxonomy":"category","embeddable":true,"href":"https:\/\/www.uv.mx\/prensa\/wp-json\/wp\/v2\/categories?post=144502"},{"taxonomy":"post_tag","embeddable":true,"href":"https:\/\/www.uv.mx\/prensa\/wp-json\/wp\/v2\/tags?post=144502"}],"curies":[{"name":"wp","href":"https:\/\/api.w.org\/{rel}","templated":true}]}}