{"id":144654,"date":"2024-06-13T19:29:24","date_gmt":"2024-06-14T00:29:24","guid":{"rendered":"https:\/\/www.uv.mx\/prensa\/?p=144654"},"modified":"2024-06-13T19:29:24","modified_gmt":"2024-06-14T00:29:24","slug":"musicoterapia-reduce-niveles-de-estres-y-ansiedad","status":"publish","type":"post","link":"https:\/\/www.uv.mx\/prensa\/banner\/musicoterapia-reduce-niveles-de-estres-y-ansiedad\/","title":{"rendered":"Musicoterapia reduce niveles de estr\u00e9s y ansiedad"},"content":{"rendered":"<ul>\n<li data-leveltext=\"\uf0b7\" data-font=\"Symbol\" data-listid=\"1\" data-list-defn-props=\"{&quot;335552541&quot;:1,&quot;335559685&quot;:720,&quot;335559991&quot;:360,&quot;469769226&quot;:&quot;Symbol&quot;,&quot;469769242&quot;:[8226],&quot;469777803&quot;:&quot;left&quot;,&quot;469777804&quot;:&quot;\uf0b7&quot;,&quot;469777815&quot;:&quot;hybridMultilevel&quot;}\" data-aria-posinset=\"1\" data-aria-level=\"1\"><i><span data-contrast=\"auto\">Dan Isa\u00ed Barrientos, egresado de la UV, realiz\u00f3 una intervenci\u00f3n con estudiantes de la Facultad de Enfermer\u00eda<\/span><\/i><span data-ccp-props=\"{}\">\u00a0<\/span><\/li>\n<li data-leveltext=\"\uf0b7\" data-font=\"Symbol\" data-listid=\"1\" data-list-defn-props=\"{&quot;335552541&quot;:1,&quot;335559685&quot;:720,&quot;335559991&quot;:360,&quot;469769226&quot;:&quot;Symbol&quot;,&quot;469769242&quot;:[8226],&quot;469777803&quot;:&quot;left&quot;,&quot;469777804&quot;:&quot;\uf0b7&quot;,&quot;469777815&quot;:&quot;hybridMultilevel&quot;}\" data-aria-posinset=\"2\" data-aria-level=\"1\"><i><span data-contrast=\"auto\">Lo fundamental del ejercicio es que los participantes aprendan a identificar qu\u00e9 tipo de m\u00fasica les ayuda a gestionar sus emociones y reacciones<\/span><\/i><span data-ccp-props=\"{}\">\u00a0<\/span><\/li>\n<\/ul>\n<p><span data-ccp-props=\"{}\">\u00a0<\/span><\/p>\n<div id=\"attachment_144610\" style=\"width: 732px\" class=\"wp-caption aligncenter\"><img aria-describedby=\"caption-attachment-144610\" decoding=\"async\" loading=\"lazy\" class=\"size-full wp-image-144610\" src=\"https:\/\/www.uv.mx\/prensa\/files\/2024\/06\/130624-PAOLA-Intervencion-Enfermeria-3.jpg\" alt=\"\" width=\"722\" height=\"458\" srcset=\"https:\/\/www.uv.mx\/prensa\/files\/2024\/06\/130624-PAOLA-Intervencion-Enfermeria-3.jpg 722w, https:\/\/www.uv.mx\/prensa\/files\/2024\/06\/130624-PAOLA-Intervencion-Enfermeria-3-300x190.jpg 300w\" sizes=\"(max-width: 722px) 100vw, 722px\" \/><p id=\"caption-attachment-144610\" class=\"wp-caption-text\">Dan Isa\u00ed Barrientos aplic\u00f3 el proyecto a estudiantes de la Facultad de Enfermer\u00eda<\/p><\/div>\n<p><span data-ccp-props=\"{}\">\u00a0<\/span><\/p>\n<p><b><i><span data-contrast=\"auto\">Paola Cort\u00e9s P\u00e9rez<\/span><\/i><\/b><span data-ccp-props=\"{}\">\u00a0<\/span><\/p>\n<p><b><i><span data-contrast=\"auto\">Fotos: Omar Portilla Palacios y cortes\u00eda Dan Isa\u00ed Barrientos<\/span><\/i><\/b><span data-ccp-props=\"{}\">\u00a0<\/span><\/p>\n<p><span data-ccp-props=\"{}\">\u00a0<\/span><\/p>\n<p><b><i><span data-contrast=\"auto\">13\/06\/2024, Xalapa, Ver.-<\/span><\/i><\/b><span data-contrast=\"auto\"> Dan Isa\u00ed Barrientos Rodr\u00edguez, egresado de la Facultad de Enfermer\u00eda de la Universidad Veracruzana (UV), regi\u00f3n Xalapa, realiz\u00f3 una intervenci\u00f3n de musicoterapia para reducir los niveles de estr\u00e9s y ansiedad entre el alumnado, lo que arroj\u00f3 resultados positivos en su rendimiento escolar.<\/span><span data-ccp-props=\"{}\">\u00a0<\/span><\/p>\n<p><span data-contrast=\"auto\">Comparti\u00f3 que el proyecto intitulado \u201cIntervenci\u00f3n educativa para disminuir el estr\u00e9s acad\u00e9mico con estudiantes de enfermer\u00eda\u201d, tuvo su origen en la experiencia de su hermana, quien tocaba la guitarra y compon\u00eda como una forma de terapia por el dolor f\u00edsico ocasionado por enfermedades que padece.<\/span><span data-ccp-props=\"{&quot;335559731&quot;:708}\">\u00a0<\/span><\/p>\n<p><span data-contrast=\"auto\">\u201cDurante esta etapa tuve un acercamiento con ella, eso me motiv\u00f3 a estudiar un poco de teor\u00eda musical; as\u00ed fue como me enfoqu\u00e9 en este tema\u201d, cont\u00f3 Barrientos Rodr\u00edguez.<\/span><\/p>\n<p>&nbsp;<\/p>\n<div id=\"attachment_144612\" style=\"width: 732px\" class=\"wp-caption aligncenter\"><img aria-describedby=\"caption-attachment-144612\" decoding=\"async\" loading=\"lazy\" class=\"size-full wp-image-144612\" src=\"https:\/\/www.uv.mx\/prensa\/files\/2024\/06\/130624-PAOLA-Intervencion-Enfermeria-1.jpg\" alt=\"\" width=\"722\" height=\"480\" srcset=\"https:\/\/www.uv.mx\/prensa\/files\/2024\/06\/130624-PAOLA-Intervencion-Enfermeria-1.jpg 722w, https:\/\/www.uv.mx\/prensa\/files\/2024\/06\/130624-PAOLA-Intervencion-Enfermeria-1-300x199.jpg 300w\" sizes=\"(max-width: 722px) 100vw, 722px\" \/><p id=\"caption-attachment-144612\" class=\"wp-caption-text\">Dan Isa\u00ed Barrientos aplic\u00f3 una intervenci\u00f3n de musicoterapia para disminuir los niveles de estr\u00e9s<\/p><\/div>\n<p>&nbsp;<\/p>\n<p><span data-contrast=\"auto\">La intervenci\u00f3n musical para reducir los niveles de estr\u00e9s y ansiedad la aplic\u00f3 durante una semana a dos grupos; detall\u00f3 que en uno se aplic\u00f3 previamente el inventario SISCO conformado por 31 \u00edtems. Se trata de un instrumento de autoinforme que eval\u00faa las reacciones psicol\u00f3gicas y de comportamiento relacionadas con el estr\u00e9s acad\u00e9mico.<\/span><span data-ccp-props=\"{&quot;335559731&quot;:708}\">\u00a0<\/span><\/p>\n<p><span data-contrast=\"auto\">\u201cPreferentemente debe llevarse a cabo en un periodo de ex\u00e1menes, entre proyectos y planificaciones escolares, porque es cuando los estudiantes reflejan altos niveles de estr\u00e9s y ansiedad, lo que dar\u00e1 datos y resultados reales.\u201d<\/span><span data-ccp-props=\"{&quot;335559731&quot;:708}\">\u00a0<\/span><\/p>\n<p><span data-contrast=\"auto\">Lo fundamental es que los participantes aprendan a identificar qu\u00e9 tipo de m\u00fasica les ayuda a gestionar sus emociones y reacciones; a su vez, esto les permitir\u00e1 generar conciencia sobre lo que deben hacer en momentos \u00e1lgidos de estr\u00e9s.<\/span><\/p>\n<p>&nbsp;<\/p>\n<div id=\"attachment_144611\" style=\"width: 732px\" class=\"wp-caption aligncenter\"><img aria-describedby=\"caption-attachment-144611\" decoding=\"async\" loading=\"lazy\" class=\"size-full wp-image-144611\" src=\"https:\/\/www.uv.mx\/prensa\/files\/2024\/06\/130624-PAOLA-Intervencion-Enfermeria-2.jpg\" alt=\"\" width=\"722\" height=\"476\" srcset=\"https:\/\/www.uv.mx\/prensa\/files\/2024\/06\/130624-PAOLA-Intervencion-Enfermeria-2.jpg 722w, https:\/\/www.uv.mx\/prensa\/files\/2024\/06\/130624-PAOLA-Intervencion-Enfermeria-2-300x198.jpg 300w\" sizes=\"(max-width: 722px) 100vw, 722px\" \/><p id=\"caption-attachment-144611\" class=\"wp-caption-text\">Sandra V\u00e1zquez Hern\u00e1ndez, docente de la Facultad de Enfermer\u00eda<\/p><\/div>\n<p>&nbsp;<\/p>\n<p><span data-contrast=\"auto\">A nivel cualitativo tuvieron resultados m\u00e1s evidentes. Coment\u00f3 que la intervenci\u00f3n fue aplicada al inicio, mitad y final del proyecto, y registraron un cambio en su comportamiento. Tambi\u00e9n reconoci\u00f3 que, al inicio, los estudiantes pusieron barreras e incluso no cre\u00edan posible que la musicoterapia pudiera disminuir el estr\u00e9s acad\u00e9mico.<\/span><span data-ccp-props=\"{&quot;335559731&quot;:708}\">\u00a0<\/span><\/p>\n<p><span data-contrast=\"auto\">\u201cObservamos que quienes participaron se mostraron m\u00e1s relajados, incluso hubo quien registr\u00f3 cambios notorios en su comportamiento; por ejemplo, pas\u00f3 de ser muy pasivo a m\u00e1s participativo y activo en su desempe\u00f1o escolar, social y personal. Esto lo pudimos medir a trav\u00e9s de las bit\u00e1coras escritas por los estudiantes, en ellas plasmaron c\u00f3mo se sintieron a lo largo de la intervenci\u00f3n.\u201d<\/span><span data-ccp-props=\"{&quot;335559731&quot;:708}\">\u00a0<\/span><\/p>\n<p><span data-contrast=\"auto\">Dan Isa\u00ed Barrientos subray\u00f3 que el estr\u00e9s no puede modificarse de un d\u00eda para otro; por lo tanto, para tener mejores resultados la intervenci\u00f3n debe aplicarse en un periodo m\u00e1s prolongado.<\/span><\/p>\n<p>&nbsp;<\/p>\n<div id=\"attachment_144609\" style=\"width: 732px\" class=\"wp-caption aligncenter\"><img aria-describedby=\"caption-attachment-144609\" decoding=\"async\" loading=\"lazy\" class=\"size-full wp-image-144609\" src=\"https:\/\/www.uv.mx\/prensa\/files\/2024\/06\/130624-PAOLA-Intervencion-Enfermeria-4.jpg\" alt=\"\" width=\"722\" height=\"542\" srcset=\"https:\/\/www.uv.mx\/prensa\/files\/2024\/06\/130624-PAOLA-Intervencion-Enfermeria-4.jpg 722w, https:\/\/www.uv.mx\/prensa\/files\/2024\/06\/130624-PAOLA-Intervencion-Enfermeria-4-300x225.jpg 300w\" sizes=\"(max-width: 722px) 100vw, 722px\" \/><p id=\"caption-attachment-144609\" class=\"wp-caption-text\">Los participantes registraron cambios notorios en su rendimiento escolar y personal<\/p><\/div>\n<p>&nbsp;<\/p>\n<p><span data-contrast=\"auto\">Sus hallazgos fueron presentados en el Congreso Internacional de Enfermer\u00eda 2024, en Canc\u00fan, Quintana Roo, del 16 al 18 de mayo.<\/span><span data-ccp-props=\"{&quot;335559731&quot;:708}\">\u00a0<\/span><\/p>\n<p><span data-contrast=\"auto\">\u201cLa experiencia fue muy grata, abri\u00f3 mi panorama porque en un congreso internacional se presenta una diversidad de ponencias sobre temas diferentes; adem\u00e1s, tuve la oportunidad de conocer a Jane Watson, una de las principales te\u00f3ricas de la enfermer\u00eda y creadora de la Teor\u00eda del Cuidado Minimizado.\u201d<\/span><span data-ccp-props=\"{&quot;335559731&quot;:708}\">\u00a0<\/span><\/p>\n<p><span data-contrast=\"auto\">Con respecto a esta experiencia, Sandra V\u00e1zquez Hern\u00e1ndez, docente de la Facultad, consider\u00f3 que este tipo de oportunidades acad\u00e9micas fortalecen la formaci\u00f3n integral de los estudiantes, toda vez que acercarlos a un escenario internacional les abre el panorama acad\u00e9mico y de investigaci\u00f3n.<\/span><\/p>\n<p>&nbsp;<\/p>\n<div id=\"attachment_144613\" style=\"width: 732px\" class=\"wp-caption aligncenter\"><img aria-describedby=\"caption-attachment-144613\" decoding=\"async\" loading=\"lazy\" class=\"size-full wp-image-144613\" src=\"https:\/\/www.uv.mx\/prensa\/files\/2024\/06\/130624-PAOLA-Intervencion-Enfermeria-5.jpg\" alt=\"\" width=\"722\" height=\"542\" srcset=\"https:\/\/www.uv.mx\/prensa\/files\/2024\/06\/130624-PAOLA-Intervencion-Enfermeria-5.jpg 722w, https:\/\/www.uv.mx\/prensa\/files\/2024\/06\/130624-PAOLA-Intervencion-Enfermeria-5-300x225.jpg 300w\" sizes=\"(max-width: 722px) 100vw, 722px\" \/><p id=\"caption-attachment-144613\" class=\"wp-caption-text\">La musicoterapia les ayuda a controlar sus emociones y reacciones<\/p><\/div>\n<p><span data-ccp-props=\"{&quot;335559731&quot;:708}\">\u00a0<\/span><\/p>\n","protected":false},"excerpt":{"rendered":"<p>Durante una semana, Dan Isa\u00ed Barrientos aplic\u00f3 un ejercicio a alumnos del programa educativo de Enfermer\u00eda, regi\u00f3n Xalapa\u00a0<\/p>\n","protected":false},"author":2349,"featured_media":144608,"comment_status":"closed","ping_status":"closed","sticky":false,"template":"","format":"standard","meta":[],"categories":[15423,8445,61],"tags":[1776,1429,1089,17727,114,17728,6998,14880,6462,4164,1136,17726],"_links":{"self":[{"href":"https:\/\/www.uv.mx\/prensa\/wp-json\/wp\/v2\/posts\/144654"}],"collection":[{"href":"https:\/\/www.uv.mx\/prensa\/wp-json\/wp\/v2\/posts"}],"about":[{"href":"https:\/\/www.uv.mx\/prensa\/wp-json\/wp\/v2\/types\/post"}],"author":[{"embeddable":true,"href":"https:\/\/www.uv.mx\/prensa\/wp-json\/wp\/v2\/users\/2349"}],"replies":[{"embeddable":true,"href":"https:\/\/www.uv.mx\/prensa\/wp-json\/wp\/v2\/comments?post=144654"}],"version-history":[{"count":1,"href":"https:\/\/www.uv.mx\/prensa\/wp-json\/wp\/v2\/posts\/144654\/revisions"}],"predecessor-version":[{"id":144657,"href":"https:\/\/www.uv.mx\/prensa\/wp-json\/wp\/v2\/posts\/144654\/revisions\/144657"}],"wp:featuredmedia":[{"embeddable":true,"href":"https:\/\/www.uv.mx\/prensa\/wp-json\/wp\/v2\/media\/144608"}],"wp:attachment":[{"href":"https:\/\/www.uv.mx\/prensa\/wp-json\/wp\/v2\/media?parent=144654"}],"wp:term":[{"taxonomy":"category","embeddable":true,"href":"https:\/\/www.uv.mx\/prensa\/wp-json\/wp\/v2\/categories?post=144654"},{"taxonomy":"post_tag","embeddable":true,"href":"https:\/\/www.uv.mx\/prensa\/wp-json\/wp\/v2\/tags?post=144654"}],"curies":[{"name":"wp","href":"https:\/\/api.w.org\/{rel}","templated":true}]}}