{"id":145011,"date":"2024-06-25T13:14:10","date_gmt":"2024-06-25T18:14:10","guid":{"rendered":"https:\/\/www.uv.mx\/prensa\/?p=145011"},"modified":"2024-06-25T13:14:10","modified_gmt":"2024-06-25T18:14:10","slug":"alumnos-de-medicina-de-uv-recibieron-plazas-de-internado-de-pregrado","status":"publish","type":"post","link":"https:\/\/www.uv.mx\/prensa\/eventos\/alumnos-de-medicina-de-uv-recibieron-plazas-de-internado-de-pregrado\/","title":{"rendered":"Alumnos de Medicina de UV recibieron plazas de internado de pregrado\u202f"},"content":{"rendered":"<ul>\n<li data-leveltext=\"\uf0b7\" data-font=\"Symbol\" data-listid=\"1\" data-list-defn-props=\"{&quot;335552541&quot;:1,&quot;335559685&quot;:720,&quot;335559991&quot;:360,&quot;469769226&quot;:&quot;Symbol&quot;,&quot;469769242&quot;:[8226],&quot;469777803&quot;:&quot;left&quot;,&quot;469777804&quot;:&quot;\uf0b7&quot;,&quot;469777815&quot;:&quot;multilevel&quot;}\" data-aria-posinset=\"1\" data-aria-level=\"1\"><i><span data-contrast=\"auto\">Por primera ocasi\u00f3n y de manera intersectorial se asignaron las plazas de apego positivo a la infancia<\/span><\/i><span data-contrast=\"auto\">\u202f<\/span><span data-ccp-props=\"{&quot;134233117&quot;:false,&quot;134233118&quot;:false,&quot;201341983&quot;:0,&quot;335559685&quot;:360,&quot;335559731&quot;:0,&quot;335559738&quot;:0,&quot;335559739&quot;:0,&quot;335559740&quot;:240}\">\u00a0<\/span><\/li>\n<li data-leveltext=\"\uf0b7\" data-font=\"Symbol\" data-listid=\"1\" data-list-defn-props=\"{&quot;335552541&quot;:1,&quot;335559685&quot;:720,&quot;335559991&quot;:360,&quot;469769226&quot;:&quot;Symbol&quot;,&quot;469769242&quot;:[8226],&quot;469777803&quot;:&quot;left&quot;,&quot;469777804&quot;:&quot;\uf0b7&quot;,&quot;469777815&quot;:&quot;multilevel&quot;}\" data-aria-posinset=\"2\" data-aria-level=\"1\"><i><span data-contrast=\"auto\">Instituciones del sector salud otorgaron 458 plazas<\/span><\/i><span data-contrast=\"auto\">\u202f<\/span><span data-ccp-props=\"{&quot;134233117&quot;:false,&quot;134233118&quot;:false,&quot;201341983&quot;:0,&quot;335559685&quot;:360,&quot;335559731&quot;:0,&quot;335559738&quot;:0,&quot;335559739&quot;:0,&quot;335559740&quot;:240}\">\u00a0<\/span><\/li>\n<li data-leveltext=\"\uf0b7\" data-font=\"Symbol\" data-listid=\"1\" data-list-defn-props=\"{&quot;335552541&quot;:1,&quot;335559685&quot;:720,&quot;335559991&quot;:360,&quot;469769226&quot;:&quot;Symbol&quot;,&quot;469769242&quot;:[8226],&quot;469777803&quot;:&quot;left&quot;,&quot;469777804&quot;:&quot;\uf0b7&quot;,&quot;469777815&quot;:&quot;multilevel&quot;}\" data-aria-posinset=\"3\" data-aria-level=\"1\"><i><span data-contrast=\"auto\">El programa educativo de M\u00e9dico Cirujano tiene eficiencia terminal superior al 85%, asever\u00f3 Arturo Aguilar Ye<\/span><\/i><span data-contrast=\"auto\">\u202f<\/span><span data-ccp-props=\"{&quot;134233117&quot;:false,&quot;134233118&quot;:false,&quot;201341983&quot;:0,&quot;335559685&quot;:360,&quot;335559731&quot;:0,&quot;335559738&quot;:0,&quot;335559739&quot;:0,&quot;335559740&quot;:240}\">\u00a0<\/span><\/li>\n<\/ul>\n<p><span data-contrast=\"auto\">\u202f<\/span><span data-ccp-props=\"{&quot;134233117&quot;:false,&quot;134233118&quot;:false,&quot;201341983&quot;:0,&quot;335559738&quot;:0,&quot;335559739&quot;:0,&quot;335559740&quot;:240}\">\u00a0<\/span><\/p>\n<div id=\"attachment_145006\" style=\"width: 732px\" class=\"wp-caption aligncenter\"><img aria-describedby=\"caption-attachment-145006\" decoding=\"async\" loading=\"lazy\" class=\"size-full wp-image-145006\" src=\"https:\/\/www.uv.mx\/prensa\/files\/2024\/06\/210624-COUTTOLENC-Entrega-plazas-salud-1.jpg\" alt=\"\" width=\"722\" height=\"461\" srcset=\"https:\/\/www.uv.mx\/prensa\/files\/2024\/06\/210624-COUTTOLENC-Entrega-plazas-salud-1.jpg 722w, https:\/\/www.uv.mx\/prensa\/files\/2024\/06\/210624-COUTTOLENC-Entrega-plazas-salud-1-300x192.jpg 300w\" sizes=\"(max-width: 722px) 100vw, 722px\" \/><p id=\"caption-attachment-145006\" class=\"wp-caption-text\">Arturo Aguilar Ye inform\u00f3 que 458 estudiantes de Medicina recibieron plazas de internado m\u00e9dico de pregrado por parte de instituciones del sector salud<\/p><\/div>\n<p><span data-contrast=\"auto\">\u202f<\/span><span data-ccp-props=\"{&quot;134233117&quot;:false,&quot;134233118&quot;:false,&quot;201341983&quot;:0,&quot;335559738&quot;:0,&quot;335559739&quot;:0,&quot;335559740&quot;:240}\">\u00a0<\/span><\/p>\n<p><b><i><span data-contrast=\"auto\">Jos\u00e9 Luis Couttolenc Soto<\/span><\/i><\/b><span data-contrast=\"auto\">\u202f<\/span><span data-ccp-props=\"{&quot;134233117&quot;:false,&quot;134233118&quot;:false,&quot;201341983&quot;:0,&quot;335559738&quot;:0,&quot;335559739&quot;:0,&quot;335559740&quot;:240}\">\u00a0<\/span><\/p>\n<p><b><i><span data-contrast=\"auto\">Fotos: Omar Portilla Palacios<\/span><\/i><\/b><span data-contrast=\"auto\">\u202f<\/span><span data-ccp-props=\"{&quot;134233117&quot;:false,&quot;134233118&quot;:false,&quot;201341983&quot;:0,&quot;335559738&quot;:0,&quot;335559739&quot;:0,&quot;335559740&quot;:240}\">\u00a0<\/span><\/p>\n<p><span data-contrast=\"auto\">\u202f<\/span><span data-ccp-props=\"{&quot;134233117&quot;:false,&quot;134233118&quot;:false,&quot;201341983&quot;:0,&quot;335559738&quot;:0,&quot;335559739&quot;:0,&quot;335559740&quot;:240}\">\u00a0<\/span><\/p>\n<p><b><i><span data-contrast=\"auto\">25\/06\/2024, Xalapa, Ver.- <\/span><\/i><\/b><span data-contrast=\"auto\">Como parte del proceso de selecci\u00f3n de campos cl\u00ednicos de internado m\u00e9dico de pregrado, instituciones del sector salud pusieron a disposici\u00f3n de los estudiantes de la Facultad de Medicina de las cinco regiones de la Universidad Veracruzana (UV) un total de 458 plazas, inform\u00f3 Arturo Aguilar Ye, director general del \u00c1rea Acad\u00e9mica de Ciencias de la Salud.\u202f<\/span><span data-ccp-props=\"{&quot;134233117&quot;:false,&quot;134233118&quot;:false,&quot;201341983&quot;:0,&quot;335559738&quot;:0,&quot;335559739&quot;:0,&quot;335559740&quot;:240}\">\u00a0<\/span><\/p>\n<p><span data-contrast=\"auto\">El funcionario destac\u00f3 que por primera ocasi\u00f3n se entregaron plazas especiales de apego positivo de la infancia, que son aquellas en donde un estudiante con hijos(as) desea permanecer cerca de su lugar de residencia durante el ciclo acad\u00e9mico que ostente (internado m\u00e9dico de pregrado o servicio social en alguna de las carreras del \u00e1rea de salud), con el objetivo de que sea part\u00edcipe como cuidador primario en la crianza del menor, y desarrolle el rol de la figura de apego positivo.\u202f<\/span><span data-ccp-props=\"{&quot;134233117&quot;:false,&quot;134233118&quot;:false,&quot;201341983&quot;:0,&quot;335559731&quot;:705,&quot;335559738&quot;:0,&quot;335559739&quot;:0,&quot;335559740&quot;:240}\">\u00a0<\/span><\/p>\n<p><span data-contrast=\"auto\">Refiri\u00f3 que el programa educativo de M\u00e9dico Cirujano de la UV tiene una eficiencia terminal superior al 85% y, por el n\u00famero de egresados que buscan estudiar una especialidad, esta casa de estudios ocupa en el cuarto lugar nacional.<\/span><\/p>\n<p>&nbsp;<\/p>\n<div id=\"attachment_145007\" style=\"width: 732px\" class=\"wp-caption aligncenter\"><img aria-describedby=\"caption-attachment-145007\" decoding=\"async\" loading=\"lazy\" class=\"size-full wp-image-145007\" src=\"https:\/\/www.uv.mx\/prensa\/files\/2024\/06\/240624-COUTTOLENC-Entrega-plazas-salud-2.jpg\" alt=\"\" width=\"722\" height=\"308\" srcset=\"https:\/\/www.uv.mx\/prensa\/files\/2024\/06\/240624-COUTTOLENC-Entrega-plazas-salud-2.jpg 722w, https:\/\/www.uv.mx\/prensa\/files\/2024\/06\/240624-COUTTOLENC-Entrega-plazas-salud-2-300x128.jpg 300w, https:\/\/www.uv.mx\/prensa\/files\/2024\/06\/240624-COUTTOLENC-Entrega-plazas-salud-2-350x150.jpg 350w\" sizes=\"(max-width: 722px) 100vw, 722px\" \/><p id=\"caption-attachment-145007\" class=\"wp-caption-text\">En la UV se realiz\u00f3 la sesi\u00f3n del proceso en que se asignaron plazas a los estudiantes, contando con la presencia de autoridades del sector salud<\/p><\/div>\n<p><span data-contrast=\"auto\">\u202f<\/span><span data-ccp-props=\"{&quot;134233117&quot;:false,&quot;134233118&quot;:false,&quot;201341983&quot;:0,&quot;335559731&quot;:705,&quot;335559738&quot;:0,&quot;335559739&quot;:0,&quot;335559740&quot;:240}\">\u00a0<\/span><\/p>\n<p><span data-contrast=\"auto\">Respecto al internado de pregrado, mencion\u00f3 que corresponde a un ciclo acad\u00e9mico mandatado por la Ley General de Salud, a trav\u00e9s del cual los y las estudiantes de la disciplina permanecen durante doce meses de tiempo exclusivo en una unidad hospitalaria del sector salud para el programa acad\u00e9mico de M\u00e9dico Cirujano.\u202f<\/span><span data-ccp-props=\"{&quot;134233117&quot;:false,&quot;134233118&quot;:false,&quot;201341983&quot;:0,&quot;335559731&quot;:705,&quot;335559738&quot;:0,&quot;335559739&quot;:0,&quot;335559740&quot;:240}\">\u00a0<\/span><\/p>\n<p><span data-contrast=\"auto\">\u201cSe trata de un programa anual en el que existe vinculaci\u00f3n entre la Universidad Veracruzana con las instituciones de salud del estado de Veracruz\u201d, dijo.\u202f<\/span><span data-ccp-props=\"{&quot;134233117&quot;:false,&quot;134233118&quot;:false,&quot;201341983&quot;:0,&quot;335559731&quot;:705,&quot;335559738&quot;:0,&quot;335559739&quot;:0,&quot;335559740&quot;:240}\">\u00a0<\/span><\/p>\n<p><span data-contrast=\"auto\">En cuanto a la asignaci\u00f3n de las plazas, precis\u00f3 que es un proceso que se desarrolla con estricta transparencia, en donde el promedio permite al estudiante elegir la instituci\u00f3n de adscripci\u00f3n, es un proceso cuidadosamente auditado y las plazas son intransferibles.\u202f<\/span><\/p>\n<p>&nbsp;<\/p>\n<div id=\"attachment_145008\" style=\"width: 732px\" class=\"wp-caption aligncenter\"><img aria-describedby=\"caption-attachment-145008\" decoding=\"async\" loading=\"lazy\" class=\"size-full wp-image-145008\" src=\"https:\/\/www.uv.mx\/prensa\/files\/2024\/06\/240624-COUTTOLENC-Entrega-plazas-salud-3.jpg\" alt=\"\" width=\"722\" height=\"313\" \/><p id=\"caption-attachment-145008\" class=\"wp-caption-text\">Autoridades universitarias, de Sesver y del IMSS Bienestar, atestiguaron el proceso de selecci\u00f3n de campos cl\u00ednicos de internado m\u00e9dico de pregrado<\/p><\/div>\n<p>&nbsp;<\/p>\n<p><span data-contrast=\"auto\">Aguilar Ye destac\u00f3 que de las Facultades de Medicina de la UV anualmente egresan alrededor de dos mil 500 alumnos, ubicando a la instituci\u00f3n entre las siete universidades que m\u00e1s producen m\u00e9dicas y m\u00e9dicos en el pa\u00eds, con excelentes est\u00e1ndares de calidad.\u202f<\/span><span data-ccp-props=\"{&quot;134233117&quot;:false,&quot;134233118&quot;:false,&quot;201341983&quot;:0,&quot;335559731&quot;:705,&quot;335559738&quot;:0,&quot;335559739&quot;:0,&quot;335559740&quot;:240}\">\u00a0<\/span><\/p>\n<p><span data-contrast=\"auto\">En el proceso de entrega de las plazas estuvieron, por los Servicios de Salud de Veracruz (<\/span><i><span data-contrast=\"auto\">Sesver<\/span><\/i><span data-contrast=\"auto\">) IMSS Bienestar: F\u00e9lix Arturo Leyva Gonz\u00e1lez, A\u00edda Ver\u00f3nica Blanco Cornejo, Mar\u00eda Elisa Sol\u00eds Huesca, Griselda Espinosa Rom\u00e1n, Victoria Montoya Le\u00f3n y Efr\u00e9n Samuel Orrico Torres.<\/span><span data-ccp-props=\"{&quot;134233117&quot;:false,&quot;134233118&quot;:false,&quot;201341983&quot;:0,&quot;335559731&quot;:705,&quot;335559738&quot;:0,&quot;335559739&quot;:0,&quot;335559740&quot;:240}\">\u00a0<\/span><\/p>\n<p><span data-contrast=\"auto\">\u00a0Ang\u00e9lica Ochoa Sosa, del IMSS Delegaci\u00f3n Norte, y Carmita Yolanda Labourdet S\u00e1nchez, coordinadora de Internado M\u00e9dico y Servicio Social de la UV.<\/span><span data-ccp-props=\"{&quot;134233117&quot;:false,&quot;134233118&quot;:false,&quot;201341983&quot;:0,&quot;335559731&quot;:705,&quot;335559738&quot;:0,&quot;335559739&quot;:0,&quot;335559740&quot;:240}\">\u00a0<\/span><\/p>\n","protected":false},"excerpt":{"rendered":"<p>La casa de estudios se ubica en el cuarto lugar nacional de egresados de Medicina que buscan estudiar una especialidad\u202f\u00a0<\/p>\n","protected":false},"author":2349,"featured_media":145010,"comment_status":"closed","ping_status":"closed","sticky":false,"template":"","format":"standard","meta":[],"categories":[15423,47,61],"tags":[617,17888,17892,17891,12512,872,17893,17894,4162,8058,6462,12020,17889,17890,1968,12361],"_links":{"self":[{"href":"https:\/\/www.uv.mx\/prensa\/wp-json\/wp\/v2\/posts\/145011"}],"collection":[{"href":"https:\/\/www.uv.mx\/prensa\/wp-json\/wp\/v2\/posts"}],"about":[{"href":"https:\/\/www.uv.mx\/prensa\/wp-json\/wp\/v2\/types\/post"}],"author":[{"embeddable":true,"href":"https:\/\/www.uv.mx\/prensa\/wp-json\/wp\/v2\/users\/2349"}],"replies":[{"embeddable":true,"href":"https:\/\/www.uv.mx\/prensa\/wp-json\/wp\/v2\/comments?post=145011"}],"version-history":[{"count":1,"href":"https:\/\/www.uv.mx\/prensa\/wp-json\/wp\/v2\/posts\/145011\/revisions"}],"predecessor-version":[{"id":145012,"href":"https:\/\/www.uv.mx\/prensa\/wp-json\/wp\/v2\/posts\/145011\/revisions\/145012"}],"wp:featuredmedia":[{"embeddable":true,"href":"https:\/\/www.uv.mx\/prensa\/wp-json\/wp\/v2\/media\/145010"}],"wp:attachment":[{"href":"https:\/\/www.uv.mx\/prensa\/wp-json\/wp\/v2\/media?parent=145011"}],"wp:term":[{"taxonomy":"category","embeddable":true,"href":"https:\/\/www.uv.mx\/prensa\/wp-json\/wp\/v2\/categories?post=145011"},{"taxonomy":"post_tag","embeddable":true,"href":"https:\/\/www.uv.mx\/prensa\/wp-json\/wp\/v2\/tags?post=145011"}],"curies":[{"name":"wp","href":"https:\/\/api.w.org\/{rel}","templated":true}]}}