{"id":145071,"date":"2024-06-26T13:33:54","date_gmt":"2024-06-26T18:33:54","guid":{"rendered":"https:\/\/www.uv.mx\/prensa\/?p=145071"},"modified":"2024-06-26T13:33:54","modified_gmt":"2024-06-26T18:33:54","slug":"humanidades-fundamentales-en-promocion-y-gestion-sustentable-del-agua","status":"publish","type":"post","link":"https:\/\/www.uv.mx\/prensa\/eventos\/humanidades-fundamentales-en-promocion-y-gestion-sustentable-del-agua\/","title":{"rendered":"Humanidades, fundamentales en promoci\u00f3n y gesti\u00f3n sustentable del agua"},"content":{"rendered":"<ul style=\"font-weight: 400\">\n<li data-leveltext=\"\uf0b7\" data-font=\"Symbol\" data-listid=\"1\" data-list-defn-props=\"{&quot;335552541&quot;:1,&quot;335559685&quot;:720,&quot;335559991&quot;:360,&quot;469769226&quot;:&quot;Symbol&quot;,&quot;469769242&quot;:[8226],&quot;469777803&quot;:&quot;left&quot;,&quot;469777804&quot;:&quot;\uf0b7&quot;,&quot;469777815&quot;:&quot;hybridMultilevel&quot;}\" data-aria-posinset=\"1\" data-aria-level=\"1\"><i><span data-contrast=\"auto\">Especialistas de la CEDUA, UAM y Oficina de las Naciones Unidas para los Derechos Humanos, participaron en la International Summer School 2024<\/span><\/i><span data-ccp-props=\"{&quot;201341983&quot;:0,&quot;335559739&quot;:0,&quot;335559740&quot;:240}\">\u00a0<\/span><\/li>\n<li data-leveltext=\"\uf0b7\" data-font=\"Symbol\" data-listid=\"1\" data-list-defn-props=\"{&quot;335552541&quot;:1,&quot;335559685&quot;:720,&quot;335559991&quot;:360,&quot;469769226&quot;:&quot;Symbol&quot;,&quot;469769242&quot;:[8226],&quot;469777803&quot;:&quot;left&quot;,&quot;469777804&quot;:&quot;\uf0b7&quot;,&quot;469777815&quot;:&quot;hybridMultilevel&quot;}\" data-aria-posinset=\"2\" data-aria-level=\"1\"><i><span data-contrast=\"auto\">Pedro Arrojo advirti\u00f3 que la tecnolog\u00eda no es la clave para resolver los principales problemas<\/span><\/i><span data-ccp-props=\"{&quot;201341983&quot;:0,&quot;335559739&quot;:0,&quot;335559740&quot;:240}\">\u00a0<\/span><\/li>\n<\/ul>\n<p>&nbsp;<\/p>\n<div id=\"attachment_145048\" style=\"width: 732px\" class=\"wp-caption aligncenter\"><a href=\"https:\/\/www.uv.mx\/prensa\/files\/2024\/06\/250624-PAOLA-Crisis-del-agua-1.jpg\"><img aria-describedby=\"caption-attachment-145048\" decoding=\"async\" loading=\"lazy\" class=\"size-full wp-image-145048\" src=\"https:\/\/www.uv.mx\/prensa\/files\/2024\/06\/250624-PAOLA-Crisis-del-agua-1.jpg\" alt=\"\" width=\"722\" height=\"427\" srcset=\"https:\/\/www.uv.mx\/prensa\/files\/2024\/06\/250624-PAOLA-Crisis-del-agua-1.jpg 722w, https:\/\/www.uv.mx\/prensa\/files\/2024\/06\/250624-PAOLA-Crisis-del-agua-1-300x177.jpg 300w\" sizes=\"(max-width: 722px) 100vw, 722px\" \/><\/a><p id=\"caption-attachment-145048\" class=\"wp-caption-text\">Especialistas y acad\u00e9micos en temas del agua participan en la International Summer School 2024<\/p><\/div>\n<p>&nbsp;<\/p>\n<p><b><i><span data-contrast=\"auto\">Paola Cort\u00e9s P\u00e9rez<\/span><\/i><\/b><span data-ccp-props=\"{&quot;201341983&quot;:0,&quot;335559739&quot;:0,&quot;335559740&quot;:240}\">\u00a0<\/span><\/p>\n<p><b><i><span data-contrast=\"auto\">Fotos: Luis Fernando Fern\u00e1ndez<\/span><\/i><\/b><span data-ccp-props=\"{&quot;201341983&quot;:0,&quot;335559739&quot;:0,&quot;335559740&quot;:240}\">\u00a0<\/span><\/p>\n<p><b><i><span data-contrast=\"auto\">26\/06\/2024, Xalapa, Ver.-<\/span><\/i><\/b><span data-contrast=\"auto\"> El papel de las ciencias sociales y las humanidades es fundamental en la promoci\u00f3n de una gesti\u00f3n sustentable del agua, enfatiz\u00f3 Judith Dom\u00ednguez Serrano, investigadora del Centro de Estudios Demogr\u00e1ficos, Urbanos y Ambientales (CEDUA) de El Colegio de M\u00e9xico (<\/span><i><span data-contrast=\"auto\">Colmex<\/span><\/i><span data-contrast=\"auto\">), durante su participaci\u00f3n en la International Summer School 2024, organizada por la Universidad Veracruzana (UV).<\/span><span data-ccp-props=\"{&quot;201341983&quot;:0,&quot;335559739&quot;:0,&quot;335559740&quot;:240}\">\u00a0<\/span><\/p>\n<p><span data-contrast=\"auto\">El evento, gestionado por la Direcci\u00f3n General de Relaciones Internacionales (DGRI) de esta casa de estudios, re\u00fane a especialistas internacionales, investigadores, profesores y estudiantes, en la sala de videoconferencias de la Unidad de Servicios Bibliotecarios y de Informaci\u00f3n (USBI) de la regi\u00f3n Xalapa.<\/span><span data-ccp-props=\"{&quot;201341983&quot;:0,&quot;335559731&quot;:708,&quot;335559739&quot;:0,&quot;335559740&quot;:240}\">\u00a0<\/span><\/p>\n<p><span data-contrast=\"auto\">Como parte de las actividades se realiz\u00f3 el conversatorio \u201cCrisis del agua y responsabilidad de las instituciones de educaci\u00f3n superior (IES)\u201d, en el que participaron: Judith Dom\u00ednguez, del CEDUA-<\/span><i><span data-contrast=\"auto\">Colmex<\/span><\/i><span data-contrast=\"auto\">; Oscar Monroy Hermosillo, profesor de la Universidad Aut\u00f3noma Metropolitana (UAM) Unidad Iztapalapa, y Pedro Arrojo Agudo, relator especial sobre los Derechos Humanos al Agua Potable y al Saneamiento de la Oficina de las Naciones Unidas para los Derechos Humanos.<\/span><span data-ccp-props=\"{&quot;201341983&quot;:0,&quot;335559731&quot;:708,&quot;335559739&quot;:0,&quot;335559740&quot;:240}\">\u00a0<\/span><\/p>\n<p>&nbsp;<\/p>\n<div id=\"attachment_145047\" style=\"width: 732px\" class=\"wp-caption aligncenter\"><a href=\"https:\/\/www.uv.mx\/prensa\/files\/2024\/06\/250624-PAOLA-Crisis-del-agua-2.jpg\"><img aria-describedby=\"caption-attachment-145047\" decoding=\"async\" loading=\"lazy\" class=\"size-full wp-image-145047\" src=\"https:\/\/www.uv.mx\/prensa\/files\/2024\/06\/250624-PAOLA-Crisis-del-agua-2.jpg\" alt=\"\" width=\"722\" height=\"481\" srcset=\"https:\/\/www.uv.mx\/prensa\/files\/2024\/06\/250624-PAOLA-Crisis-del-agua-2.jpg 722w, https:\/\/www.uv.mx\/prensa\/files\/2024\/06\/250624-PAOLA-Crisis-del-agua-2-300x200.jpg 300w\" sizes=\"(max-width: 722px) 100vw, 722px\" \/><\/a><p id=\"caption-attachment-145047\" class=\"wp-caption-text\">Judith Dom\u00ednguez Serrano, investigadora del CEDUA<\/p><\/div>\n<p>&nbsp;<\/p>\n<p><span data-contrast=\"auto\">La moderaci\u00f3n estuvo a cargo de Eric Pascal Houbron, de la Facultad de Ciencias Qu\u00edmicas de la UV, <\/span><i><span data-contrast=\"auto\">campus<\/span><\/i><span data-contrast=\"auto\"> Orizaba.<\/span><span data-ccp-props=\"{&quot;201341983&quot;:0,&quot;335559731&quot;:708,&quot;335559739&quot;:0,&quot;335559740&quot;:240}\">\u00a0<\/span><\/p>\n<p><span data-contrast=\"auto\">Judith Dom\u00ednguez se\u00f1al\u00f3 que lo m\u00e1s dif\u00edcil en la promoci\u00f3n de la cultura de la conservaci\u00f3n del agua es la labor social de convencimiento de las personas, comunidades y autoridades, ya que el mayor desaf\u00edo es persuadirlos sobre la gravedad de la situaci\u00f3n h\u00eddrica y la elaboraci\u00f3n de programas.<\/span><span data-ccp-props=\"{&quot;201341983&quot;:0,&quot;335559731&quot;:708,&quot;335559739&quot;:0,&quot;335559740&quot;:240}\">\u00a0<\/span><\/p>\n<p><span data-contrast=\"auto\">\u201cEl convencimiento social de ahorrar el agua es muy complicado, aunque depende de las generaciones; por ejemplo, a las personas mayores les cuesta mucho trabajo porque crecieron en un entorno donde hab\u00eda agua.<\/span><span data-ccp-props=\"{&quot;201341983&quot;:0,&quot;335559731&quot;:708,&quot;335559739&quot;:0,&quot;335559740&quot;:240}\">\u00a0<\/span><\/p>\n<p><span data-contrast=\"auto\">\u201dSon muy propicios los programas de cultura del agua a nivel primaria y secundaria, los ni\u00f1os y los j\u00f3venes son m\u00e1s conscientes y propicios a entender y aceptar.\u201d<\/span><span data-ccp-props=\"{&quot;201341983&quot;:0,&quot;335559731&quot;:708,&quot;335559739&quot;:0,&quot;335559740&quot;:240}\">\u00a0<\/span><\/p>\n<p>&nbsp;<\/p>\n<div id=\"attachment_145046\" style=\"width: 732px\" class=\"wp-caption aligncenter\"><a href=\"https:\/\/www.uv.mx\/prensa\/files\/2024\/06\/250624-PAOLA-Crisis-del-agua-3.jpg\"><img aria-describedby=\"caption-attachment-145046\" decoding=\"async\" loading=\"lazy\" class=\"size-full wp-image-145046\" src=\"https:\/\/www.uv.mx\/prensa\/files\/2024\/06\/250624-PAOLA-Crisis-del-agua-3.jpg\" alt=\"\" width=\"722\" height=\"481\" srcset=\"https:\/\/www.uv.mx\/prensa\/files\/2024\/06\/250624-PAOLA-Crisis-del-agua-3.jpg 722w, https:\/\/www.uv.mx\/prensa\/files\/2024\/06\/250624-PAOLA-Crisis-del-agua-3-300x200.jpg 300w\" sizes=\"(max-width: 722px) 100vw, 722px\" \/><\/a><p id=\"caption-attachment-145046\" class=\"wp-caption-text\">Oscar Monroy, profesor de la UAM-Iztapalapa<\/p><\/div>\n<p>&nbsp;<\/p>\n<p><span data-contrast=\"auto\">Entonces, plante\u00f3 que las facultades y los estudiantes de diversas carreras reorienten sus tesis hacia temas de investigaci\u00f3n-acci\u00f3n hidrol\u00f3gicos.<\/span><span data-ccp-props=\"{&quot;201341983&quot;:0,&quot;335559731&quot;:708,&quot;335559739&quot;:0,&quot;335559740&quot;:240}\">\u00a0<\/span><\/p>\n<p><span data-contrast=\"auto\">Oscar Monroy, al responder sobre c\u00f3mo las t\u00e9cnicas de ingenier\u00eda del agua pueden contribuir a la conservaci\u00f3n y uso del recurso en las comunidades, enfatiz\u00f3 en la importancia de formar profesionales competentes en diversas \u00e1reas disciplinares y en aplicar tecnolog\u00edas basadas en la naturaleza, para ello deben conocerse las necesidades principales de las comunidades.<\/span><span data-ccp-props=\"{&quot;201341983&quot;:0,&quot;335559731&quot;:708,&quot;335559739&quot;:0,&quot;335559740&quot;:240}\">\u00a0<\/span><\/p>\n<p><span data-contrast=\"auto\">\u201cEst\u00e1 descartado llevar agua a las comunidades ubicadas en las partes altas porque es d\u00f3nde se genera; entonces, tenemos que armarlos y prepararlos para captarla, almacenarla, potabilizarla, y luego darle un tratamiento adecuado para compartir con las comunidades que se localizan en zonas m\u00e1s bajas.\u201d<\/span><span data-ccp-props=\"{&quot;201341983&quot;:0,&quot;335559731&quot;:708,&quot;335559739&quot;:0,&quot;335559740&quot;:240}\">\u00a0<\/span><\/p>\n<p>&nbsp;<\/p>\n<div id=\"attachment_145045\" style=\"width: 732px\" class=\"wp-caption aligncenter\"><a href=\"https:\/\/www.uv.mx\/prensa\/files\/2024\/06\/250624-PAOLA-Crisis-del-agua-4.jpg\"><img aria-describedby=\"caption-attachment-145045\" decoding=\"async\" loading=\"lazy\" class=\"size-full wp-image-145045\" src=\"https:\/\/www.uv.mx\/prensa\/files\/2024\/06\/250624-PAOLA-Crisis-del-agua-4.jpg\" alt=\"\" width=\"722\" height=\"456\" srcset=\"https:\/\/www.uv.mx\/prensa\/files\/2024\/06\/250624-PAOLA-Crisis-del-agua-4.jpg 722w, https:\/\/www.uv.mx\/prensa\/files\/2024\/06\/250624-PAOLA-Crisis-del-agua-4-300x189.jpg 300w, https:\/\/www.uv.mx\/prensa\/files\/2024\/06\/250624-PAOLA-Crisis-del-agua-4-200x125.jpg 200w\" sizes=\"(max-width: 722px) 100vw, 722px\" \/><\/a><p id=\"caption-attachment-145045\" class=\"wp-caption-text\">Pedro Arrojo, relator especial sobre los Derechos Humanos al Agua Potable y al Saneamiento<\/p><\/div>\n<p>&nbsp;<\/p>\n<p><span data-contrast=\"auto\">En tanto, Pedro Arrojo advirti\u00f3 que la tecnolog\u00eda no es la clave para resolver los principales problemas y hay expectativas f\u00e1ciles de vender que desembocan en mayores demandas.<\/span><span data-ccp-props=\"{&quot;201341983&quot;:0,&quot;335559731&quot;:708,&quot;335559739&quot;:0,&quot;335559740&quot;:240}\">\u00a0<\/span><\/p>\n<p><span data-contrast=\"auto\">En cuanto a la colaboraci\u00f3n entre las IES, gobiernos, grupos comunitarios y asociaciones civiles internacionales, en el tema particular del agua, dijo que el di\u00e1logo entre partes distintas o con intereses distintos equivale a una p\u00e9rdida de tiempo, pues dif\u00edcilmente habr\u00e1 consenso.<\/span><span data-ccp-props=\"{&quot;201341983&quot;:0,&quot;335559731&quot;:708,&quot;335559739&quot;:0,&quot;335559740&quot;:240}\">\u00a0<\/span><\/p>\n<p><span data-contrast=\"auto\">\u201cCuando hay una asimetr\u00eda de poder, el fuerte no dialoga con el d\u00e9bil; en ese contexto, la dificultad es compensar las asimetr\u00edas que tenemos en una sociedad civilizada.\u201d<\/span><span data-ccp-props=\"{&quot;201341983&quot;:0,&quot;335559731&quot;:708,&quot;335559739&quot;:0,&quot;335559740&quot;:240}\">\u00a0<\/span><\/p>\n<p><span data-contrast=\"auto\">Oscar Monroy expres\u00f3: \u201cEs m\u00e1s productivo y f\u00e1cil entablar di\u00e1logo con las comunidades, as\u00ed podr\u00edamos resolver el problema, a partir de los resultados nos acercamos al Estado para implementar mecanismos\u201d.<\/span><span data-ccp-props=\"{&quot;201341983&quot;:0,&quot;335559731&quot;:708,&quot;335559739&quot;:0,&quot;335559740&quot;:240}\">\u00a0<\/span><\/p>\n<p>&nbsp;<\/p>\n<div id=\"attachment_145049\" style=\"width: 732px\" class=\"wp-caption aligncenter\"><a href=\"https:\/\/www.uv.mx\/prensa\/files\/2024\/06\/250624-PAOLA-Crisis-del-agua-5.jpg\"><img aria-describedby=\"caption-attachment-145049\" decoding=\"async\" loading=\"lazy\" class=\"size-full wp-image-145049\" src=\"https:\/\/www.uv.mx\/prensa\/files\/2024\/06\/250624-PAOLA-Crisis-del-agua-5.jpg\" alt=\"\" width=\"722\" height=\"481\" srcset=\"https:\/\/www.uv.mx\/prensa\/files\/2024\/06\/250624-PAOLA-Crisis-del-agua-5.jpg 722w, https:\/\/www.uv.mx\/prensa\/files\/2024\/06\/250624-PAOLA-Crisis-del-agua-5-300x200.jpg 300w\" sizes=\"(max-width: 722px) 100vw, 722px\" \/><\/a><p id=\"caption-attachment-145049\" class=\"wp-caption-text\">Al conversatorio asistieron investigadores, docentes y estudiantes<\/p><\/div>\n<p>&nbsp;<\/p>\n<p><span data-contrast=\"auto\">Si un gobierno es inteligente se apoya en su universidad para generar estudios y tomar decisiones m\u00e1s informadas partiendo de los resultados obtenidos, esto le saldr\u00e1 m\u00e1s barato econ\u00f3micamente, opin\u00f3 Judith Dom\u00ednguez.<\/span><span data-ccp-props=\"{&quot;201341983&quot;:0,&quot;335559731&quot;:708,&quot;335559739&quot;:0,&quot;335559740&quot;:240}\">\u00a0<\/span><\/p>\n<p><span data-contrast=\"auto\">\u201cLa universidad debe acercarse a las comunidades para ofrecerles capacitaci\u00f3n en el manejo sustentable de las fuentes de agua, ya que ellos saben d\u00f3nde se localizan y su comportamiento temporal.\u201d<\/span><span data-ccp-props=\"{&quot;201341983&quot;:0,&quot;335559731&quot;:708,&quot;335559739&quot;:0,&quot;335559740&quot;:240}\">\u00a0<\/span><\/p>\n","protected":false},"excerpt":{"rendered":"<p>Lo m\u00e1s dif\u00edcil en la promoci\u00f3n de la cultura de la conservaci\u00f3n del agua es la labor social de convencimiento de las personas, comunidades y autoridades, sobre la gravedad de la situaci\u00f3n <\/p>\n","protected":false},"author":1809,"featured_media":145044,"comment_status":"closed","ping_status":"closed","sticky":false,"template":"","format":"standard","meta":[],"categories":[47,61,6299],"tags":[17919,17921,5649,17922,246,7905,198,10572,5170,17923,4164,17924,216,17920],"_links":{"self":[{"href":"https:\/\/www.uv.mx\/prensa\/wp-json\/wp\/v2\/posts\/145071"}],"collection":[{"href":"https:\/\/www.uv.mx\/prensa\/wp-json\/wp\/v2\/posts"}],"about":[{"href":"https:\/\/www.uv.mx\/prensa\/wp-json\/wp\/v2\/types\/post"}],"author":[{"embeddable":true,"href":"https:\/\/www.uv.mx\/prensa\/wp-json\/wp\/v2\/users\/1809"}],"replies":[{"embeddable":true,"href":"https:\/\/www.uv.mx\/prensa\/wp-json\/wp\/v2\/comments?post=145071"}],"version-history":[{"count":1,"href":"https:\/\/www.uv.mx\/prensa\/wp-json\/wp\/v2\/posts\/145071\/revisions"}],"predecessor-version":[{"id":145072,"href":"https:\/\/www.uv.mx\/prensa\/wp-json\/wp\/v2\/posts\/145071\/revisions\/145072"}],"wp:featuredmedia":[{"embeddable":true,"href":"https:\/\/www.uv.mx\/prensa\/wp-json\/wp\/v2\/media\/145044"}],"wp:attachment":[{"href":"https:\/\/www.uv.mx\/prensa\/wp-json\/wp\/v2\/media?parent=145071"}],"wp:term":[{"taxonomy":"category","embeddable":true,"href":"https:\/\/www.uv.mx\/prensa\/wp-json\/wp\/v2\/categories?post=145071"},{"taxonomy":"post_tag","embeddable":true,"href":"https:\/\/www.uv.mx\/prensa\/wp-json\/wp\/v2\/tags?post=145071"}],"curies":[{"name":"wp","href":"https:\/\/api.w.org\/{rel}","templated":true}]}}