{"id":146003,"date":"2024-08-16T18:24:17","date_gmt":"2024-08-16T23:24:17","guid":{"rendered":"https:\/\/www.uv.mx\/prensa\/?p=146003"},"modified":"2024-08-19T16:33:56","modified_gmt":"2024-08-19T21:33:56","slug":"uv-recibio-a-la-generacion-de-su-80-aniversario","status":"publish","type":"post","link":"https:\/\/www.uv.mx\/prensa\/general\/uv-recibio-a-la-generacion-de-su-80-aniversario\/","title":{"rendered":"UV recibi\u00f3 a la generaci\u00f3n de su 80 aniversario"},"content":{"rendered":"<ul>\n<li data-leveltext=\"\uf0b7\" data-font=\"Symbol\" data-listid=\"6\" data-list-defn-props=\"{&quot;335552541&quot;:1,&quot;335559685&quot;:720,&quot;335559991&quot;:360,&quot;469769226&quot;:&quot;Symbol&quot;,&quot;469769242&quot;:[8226],&quot;469777803&quot;:&quot;left&quot;,&quot;469777804&quot;:&quot;\uf0b7&quot;,&quot;469777815&quot;:&quot;hybridMultilevel&quot;}\" data-aria-posinset=\"1\" data-aria-level=\"1\"><i><span data-contrast=\"auto\">Mart\u00edn Aguilar S\u00e1nchez encabez\u00f3 la ceremonia de inauguraci\u00f3n del periodo escolar agosto 2024-enero 2025, que se realiz\u00f3 en el Gimnasio Universitario Nido del Halc\u00f3n del Campus CAD<\/span><\/i><span data-ccp-props=\"{}\">\u00a0<\/span><\/li>\n<\/ul>\n<ul>\n<li data-leveltext=\"\uf0b7\" data-font=\"Symbol\" data-listid=\"6\" data-list-defn-props=\"{&quot;335552541&quot;:1,&quot;335559685&quot;:720,&quot;335559991&quot;:360,&quot;469769226&quot;:&quot;Symbol&quot;,&quot;469769242&quot;:[8226],&quot;469777803&quot;:&quot;left&quot;,&quot;469777804&quot;:&quot;\uf0b7&quot;,&quot;469777815&quot;:&quot;hybridMultilevel&quot;}\" data-aria-posinset=\"2\" data-aria-level=\"1\"><i><span data-contrast=\"auto\">Ante alumnado de nuevo ingreso, afirm\u00f3 que la Universidad promueve la inclusi\u00f3n de grupos vulnerables, la cultura para la paz y el activismo reflexivo y cr\u00edtico<\/span><\/i><span data-ccp-props=\"{}\">\u00a0<\/span><\/li>\n<\/ul>\n<p><span data-ccp-props=\"{}\">\u00a0<\/span><\/p>\n<p>&nbsp;<\/p>\n<div id=\"attachment_145993\" style=\"width: 732px\" class=\"wp-caption aligncenter\"><img aria-describedby=\"caption-attachment-145993\" decoding=\"async\" loading=\"lazy\" class=\"size-full wp-image-145993\" src=\"https:\/\/www.uv.mx\/prensa\/files\/2024\/08\/160824-CARLOS-Bienvenida-2.jpg\" alt=\"\" width=\"722\" height=\"480\" srcset=\"https:\/\/www.uv.mx\/prensa\/files\/2024\/08\/160824-CARLOS-Bienvenida-2.jpg 722w, https:\/\/www.uv.mx\/prensa\/files\/2024\/08\/160824-CARLOS-Bienvenida-2-300x199.jpg 300w\" sizes=\"(max-width: 722px) 100vw, 722px\" \/><p id=\"caption-attachment-145993\" class=\"wp-caption-text\">Mart\u00edn Aguilar afirm\u00f3 que la UV apuesta por los saberes y aprendizajes para incidir constructivamente en el mundo<\/p><\/div>\n<p><span data-ccp-props=\"{}\">\u00a0<\/span><\/p>\n<p><b><i><span data-contrast=\"auto\">Redacci\u00f3n Universo<\/span><\/i><\/b><span data-ccp-props=\"{}\">\u00a0<\/span><\/p>\n<p><span data-ccp-props=\"{}\">\u00a0<\/span><\/p>\n<p><b><i><span data-contrast=\"auto\">Fotos: Luis Fernando Fern\u00e1ndez, Jos\u00e9 Rujiro Hern\u00e1ndez Temis, Omar Portilla Palacios, Eduardo Ca\u00f1edo, Alma Celia San Mart\u00edn y Aracely Hern\u00e1ndez<\/span><\/i><\/b><span data-ccp-props=\"{}\">\u00a0<\/span><\/p>\n<p><span data-ccp-props=\"{}\">\u00a0<\/span><\/p>\n<p><b><i><span data-contrast=\"auto\">16\/08\/2024, Xalapa, Ver.-<\/span><\/i><\/b><span data-contrast=\"auto\"> \u201cLa Universidad Veracruzana (UV) es una instituci\u00f3n en pleno apogeo dentro del mapa nacional e internacional, que atrae a alumnos de muchos estados y pa\u00edses por su consolidado modelo educativo de investigaci\u00f3n cient\u00edfica, extensi\u00f3n y difusi\u00f3n de la cultura\u201d, declar\u00f3 el rector Mart\u00edn Aguilar S\u00e1nchez al dar la bienvenida a la generaci\u00f3n del 80 aniversario, en la ceremonia de inauguraci\u00f3n del periodo escolar agosto 2024-enero 2025.<\/span><span data-ccp-props=\"{}\">\u00a0<\/span><\/p>\n<p><span data-contrast=\"auto\">M\u00e1s de 18 mil j\u00f3venes ingresaron a los diferentes programas educativos (PE); de ellos, dos mil 642 estuvieron presentes en el evento realizado en el Gimnasio Universitario Nido del Halc\u00f3n del Campus para la Cultura, las Artes y el Deporte (CAD). La ceremonia se realiz\u00f3 simult\u00e1neamente en las regiones universitarias, enlazadas por v\u00eda virtual.<\/span><\/p>\n<p>&nbsp;<\/p>\n<div id=\"attachment_145998\" style=\"width: 732px\" class=\"wp-caption aligncenter\"><img aria-describedby=\"caption-attachment-145998\" decoding=\"async\" loading=\"lazy\" class=\"size-full wp-image-145998\" src=\"https:\/\/www.uv.mx\/prensa\/files\/2024\/08\/160824-CARLOS-Bienvenida-8.jpg\" alt=\"\" width=\"722\" height=\"481\" srcset=\"https:\/\/www.uv.mx\/prensa\/files\/2024\/08\/160824-CARLOS-Bienvenida-8.jpg 722w, https:\/\/www.uv.mx\/prensa\/files\/2024\/08\/160824-CARLOS-Bienvenida-8-300x200.jpg 300w\" sizes=\"(max-width: 722px) 100vw, 722px\" \/><p id=\"caption-attachment-145998\" class=\"wp-caption-text\">Pedro Isaac Rubio Espinosa, alumno de la Licenciatura en Ingenier\u00eda Civil de la regi\u00f3n Poza Rica-Tuxpan<\/p><\/div>\n<p>&nbsp;<\/p>\n<p><span data-contrast=\"auto\">En la regi\u00f3n Xalapa acompa\u00f1aron al Rector: Juan Ortiz Escamilla, Lizbeth Viveros Cancino y Jaqueline Jongitud Zamora, secretarios Acad\u00e9mico, de Administraci\u00f3n y Finanzas, y de Desarrollo Institucional, respectivamente, y como invitado especial acudi\u00f3 Cuitl\u00e1huac Garc\u00eda Jim\u00e9nez, gobernador del estado de Veracruz.<\/span><span data-ccp-props=\"{&quot;335559731&quot;:708}\">\u00a0<\/span><\/p>\n<p><span data-contrast=\"auto\">Mart\u00edn Aguilar mencion\u00f3 que la UV naci\u00f3 en 1944 como una iniciativa de transformaci\u00f3n pedag\u00f3gica en la base del sistema de educaci\u00f3n superior de M\u00e9xico, en un pu\u00f1ado de escuelas en Xalapa, Veracruz y Coatzacoalcos.<\/span><\/p>\n<p>&nbsp;<\/p>\n<div id=\"attachment_145991\" style=\"width: 732px\" class=\"wp-caption aligncenter\"><img aria-describedby=\"caption-attachment-145991\" decoding=\"async\" loading=\"lazy\" class=\"size-full wp-image-145991\" src=\"https:\/\/www.uv.mx\/prensa\/files\/2024\/08\/160824-CARLOS-Bienvenida-3-scaled-e1723849353858.jpg\" alt=\"\" width=\"722\" height=\"433\" srcset=\"https:\/\/www.uv.mx\/prensa\/files\/2024\/08\/160824-CARLOS-Bienvenida-3-scaled-e1723849353858.jpg 722w, https:\/\/www.uv.mx\/prensa\/files\/2024\/08\/160824-CARLOS-Bienvenida-3-scaled-e1723849353858-300x180.jpg 300w\" sizes=\"(max-width: 722px) 100vw, 722px\" \/><p id=\"caption-attachment-145991\" class=\"wp-caption-text\">Esmeralda Noem\u00ed del Carmen Rodr\u00edguez Santiago, joven que obtuvo el mayor puntaje en el examen de admisi\u00f3n<\/p><\/div>\n<p>&nbsp;<\/p>\n<p><span data-contrast=\"auto\">\u201cEn 80 a\u00f1os la instituci\u00f3n ha visto crecer exponencialmente su oferta acad\u00e9mica e infraestructura, aumentar su poblaci\u00f3n, surgir centros de conocimiento avanzado, y consolidar su calidad y reputaci\u00f3n\u201d, asegur\u00f3.<\/span><\/p>\n<p><span data-contrast=\"auto\">El Rector manifest\u00f3 que la UV cuenta con dependencias y entidades din\u00e1micas, promueve la inclusi\u00f3n de grupos vulnerables, el impulso de una cultura para la paz, atenci\u00f3n m\u00e9dica oportuna y regular, y el activismo reflexivo y cr\u00edtico en torno a la protecci\u00f3n medioambiental; adem\u00e1s, apuesta por el tremendo poder de los saberes y aprendizajes para incidir constructivamente en personas, familias, comunidades y el mundo.<\/span><\/p>\n<p>&nbsp;<\/p>\n<div id=\"attachment_145994\" style=\"width: 732px\" class=\"wp-caption aligncenter\"><img aria-describedby=\"caption-attachment-145994\" decoding=\"async\" loading=\"lazy\" class=\"size-full wp-image-145994\" src=\"https:\/\/www.uv.mx\/prensa\/files\/2024\/08\/160824-CARLOS-Bienvenida-4.jpg\" alt=\"\" width=\"722\" height=\"454\" srcset=\"https:\/\/www.uv.mx\/prensa\/files\/2024\/08\/160824-CARLOS-Bienvenida-4.jpg 722w, https:\/\/www.uv.mx\/prensa\/files\/2024\/08\/160824-CARLOS-Bienvenida-4-300x189.jpg 300w, https:\/\/www.uv.mx\/prensa\/files\/2024\/08\/160824-CARLOS-Bienvenida-4-200x125.jpg 200w\" sizes=\"(max-width: 722px) 100vw, 722px\" \/><p id=\"caption-attachment-145994\" class=\"wp-caption-text\">El inicio del ciclo escolar gener\u00f3 mucho entusiasmo entre la comunidad<\/p><\/div>\n<p><span data-contrast=\"auto\">\u00a0<\/span><span data-ccp-props=\"{&quot;335559731&quot;:708}\">\u00a0<\/span><\/p>\n<p><span data-contrast=\"auto\">Ofreci\u00f3 una calurosa y sonora bienvenida a cada uno de los alumnos de nuevo ingreso que, asegur\u00f3, \u201cinauguran un emocionante ciclo de vida a nivel acad\u00e9mico y personal\u201d, y les invit\u00f3 a sumarse a los festejos por el 80 aniversario de la instituci\u00f3n.<\/span><\/p>\n<p><span data-contrast=\"auto\">Las autoridades universitarias entregaron reconocimientos a los estudiantes que obtuvieron el primer lugar en el examen de admisi\u00f3n: Diana Carolina Torres Zapata, de la regi\u00f3n Coatzacoalcos-Minatitl\u00e1n; Karol Zamara Torrecilla Aparicio, de Orizaba-C\u00f3rdoba; Vivian Estela G\u00f3mez Cordero, de Poza Rica-Tuxpan; Kaled Mojica Contreras, de Veracruz, y Esmeralda Noem\u00ed del Carmen Rodr\u00edguez Santiago, de Xalapa.<\/span><span data-ccp-props=\"{&quot;335559731&quot;:708}\">\u00a0<\/span><\/p>\n<p><span data-contrast=\"auto\">En nombre de sus compa\u00f1eros, Esmeralda Rodr\u00edguez, quien obtuvo el mayor puntaje en el examen de admisi\u00f3n, afirm\u00f3 que son privilegiados por acceder a cursar educaci\u00f3n superior, pues es una oportunidad anhelada que no todos tienen.<\/span><\/p>\n<p>&nbsp;<\/p>\n<div id=\"attachment_145990\" style=\"width: 732px\" class=\"wp-caption aligncenter\"><img aria-describedby=\"caption-attachment-145990\" decoding=\"async\" loading=\"lazy\" class=\"size-full wp-image-145990\" src=\"https:\/\/www.uv.mx\/prensa\/files\/2024\/08\/160824-LFFC-Bienvenida-a-estudiantes-2024-47-INT.jpg\" alt=\"\" width=\"722\" height=\"288\" srcset=\"https:\/\/www.uv.mx\/prensa\/files\/2024\/08\/160824-LFFC-Bienvenida-a-estudiantes-2024-47-INT.jpg 722w, https:\/\/www.uv.mx\/prensa\/files\/2024\/08\/160824-LFFC-Bienvenida-a-estudiantes-2024-47-INT-300x120.jpg 300w\" sizes=\"(max-width: 722px) 100vw, 722px\" \/><p id=\"caption-attachment-145990\" class=\"wp-caption-text\">Estudiantes que ganaron computadoras port\u00e1tiles y tabletas donadas por el gobierno estatal<\/p><\/div>\n<p><span data-ccp-props=\"{&quot;335559731&quot;:708}\">\u00a0<\/span><\/p>\n<p><span data-contrast=\"auto\">\u201cDamos inicio a una etapa importante en nuestras vidas, que debemos continuar como estudiantes y ciudadanos responsables, perseverantes, con amplios deseos de aprender, indagar, proponer y solucionar problemas de la sociedad\u201d, enfatiz\u00f3.<\/span><\/p>\n<p><span data-contrast=\"auto\">Pidi\u00f3 a los nuevos alumnos luchar por alcanzar sus metas, pues su carrera comienza ya.\u00a0<\/span><span data-ccp-props=\"{&quot;335559731&quot;:708}\">\u00a0<\/span><\/p>\n<p><span data-contrast=\"auto\">Por su parte, en representaci\u00f3n de la comunidad estudiantil de la UV, Pedro Isaac Rubio Espinosa, alumno de s\u00e9ptimo semestre de la Licenciatura en Ingenier\u00eda Civil de la regi\u00f3n Poza Rica-Tuxpan, dijo que la Universidad es una instituci\u00f3n din\u00e1mica e innovadora, con un gran compromiso con la excelencia acad\u00e9mica y el desarrollo integral de sus estudiantes.<\/span><\/p>\n<p>&nbsp;<\/p>\n<div id=\"attachment_146009\" style=\"width: 732px\" class=\"wp-caption aligncenter\"><img aria-describedby=\"caption-attachment-146009\" decoding=\"async\" loading=\"lazy\" class=\"size-full wp-image-146009\" src=\"https:\/\/www.uv.mx\/prensa\/files\/2024\/08\/160824-CARLOS-Bienvenida-33.jpg\" alt=\"\" width=\"722\" height=\"317\" srcset=\"https:\/\/www.uv.mx\/prensa\/files\/2024\/08\/160824-CARLOS-Bienvenida-33.jpg 722w, https:\/\/www.uv.mx\/prensa\/files\/2024\/08\/160824-CARLOS-Bienvenida-33-300x132.jpg 300w\" sizes=\"(max-width: 722px) 100vw, 722px\" \/><p id=\"caption-attachment-146009\" class=\"wp-caption-text\">La DADUV llev\u00f3 a cabo una demostraci\u00f3n de distintas disciplinas deportivas<\/p><\/div>\n<p>&nbsp;<\/p>\n<p><span data-contrast=\"auto\">Afirm\u00f3 que al ser parte de la UV tendr\u00e1n la oportunidad de explorar otras ideas, descubrir nuevos conocimientos, desarrollar habilidades y construir amistades que durar\u00e1n toda la vida.<\/span><\/p>\n<p><span data-contrast=\"auto\">Por \u00faltimo, les comparti\u00f3 que formar parte del equipo de taekwondo le ha ense\u00f1ado que la perseverancia y la disciplina son claves para alcanzar metas, no rendirse y luchar por lo que quieren, sin importar lo dif\u00edcil que sea el camino.<\/span><span data-ccp-props=\"{&quot;335559731&quot;:708}\">\u00a0<\/span><\/p>\n<p><span data-contrast=\"auto\">Enseguida, entre el alumnado presente, se regalaron al azar 10 laptops y 10 tabletas donadas por el Gobierno del estado de Veracruz.<\/span><\/p>\n<p>&nbsp;<\/p>\n<div id=\"attachment_146005\" style=\"width: 732px\" class=\"wp-caption aligncenter\"><img aria-describedby=\"caption-attachment-146005\" decoding=\"async\" loading=\"lazy\" class=\"size-full wp-image-146005\" src=\"https:\/\/www.uv.mx\/prensa\/files\/2024\/08\/160824-OPP-Bienvenida-a-estudiantes-de-nuevo-ingreso-e-inauguracioin-del-periodo-escolar-67-scaled-e1723849648584.jpg\" alt=\"\" width=\"722\" height=\"453\" srcset=\"https:\/\/www.uv.mx\/prensa\/files\/2024\/08\/160824-OPP-Bienvenida-a-estudiantes-de-nuevo-ingreso-e-inauguracioin-del-periodo-escolar-67-scaled-e1723849648584.jpg 722w, https:\/\/www.uv.mx\/prensa\/files\/2024\/08\/160824-OPP-Bienvenida-a-estudiantes-de-nuevo-ingreso-e-inauguracioin-del-periodo-escolar-67-scaled-e1723849648584-300x188.jpg 300w, https:\/\/www.uv.mx\/prensa\/files\/2024\/08\/160824-OPP-Bienvenida-a-estudiantes-de-nuevo-ingreso-e-inauguracioin-del-periodo-escolar-67-scaled-e1723849648584-200x125.jpg 200w\" sizes=\"(max-width: 722px) 100vw, 722px\" \/><p id=\"caption-attachment-146005\" class=\"wp-caption-text\">La ceremonia incluy\u00f3 el espect\u00e1culo <em>Qu\u00e9 rico mambo<\/em><\/p><\/div>\n<p><span data-ccp-props=\"{&quot;335559731&quot;:708}\">\u00a0<\/span><\/p>\n<p><span data-contrast=\"auto\">En el cierre del evento, la Direcci\u00f3n de Actividades Deportivas (DADUV) mostr\u00f3 las actividades que pueden practicar los alumnos, as\u00ed como una demostraci\u00f3n de judo, lucha, taekwondo, <\/span><i><span data-contrast=\"auto\">poomsae<\/span><\/i><span data-contrast=\"auto\">, boxeo y gimnasia aer\u00f3bica grupal.<\/span><\/p>\n<p><span data-contrast=\"auto\">El programa musical y art\u00edstico intitulado <\/span><i><span data-contrast=\"auto\">Qu\u00e9 rico mambo<\/span><\/i><span data-contrast=\"auto\"> fue presentado por la Xalli Big Band y el Ballet Folkl\u00f3rico de la UV.<\/span><\/p>\n<p><span data-contrast=\"auto\">Al evento tambi\u00e9n asistieron directivos universitarios, l\u00edderes sindicales, docentes, investigadores e invitados especiales; las ceremonias en Coatzacoalcos-Minatitl\u00e1n, Orizaba-C\u00f3rdoba, Poza Rica-Tuxpan y Veracruz, fueron encabezadas por los vicerrectores y autoridades regionales.<\/span><\/p>\n<p>&nbsp;<\/p>\n<div id=\"attachment_145999\" style=\"width: 732px\" class=\"wp-caption aligncenter\"><img aria-describedby=\"caption-attachment-145999\" decoding=\"async\" loading=\"lazy\" class=\"size-full wp-image-145999\" src=\"https:\/\/www.uv.mx\/prensa\/files\/2024\/08\/160824-CARLOS-Bienvenida-9.jpg\" alt=\"\" width=\"722\" height=\"481\" srcset=\"https:\/\/www.uv.mx\/prensa\/files\/2024\/08\/160824-CARLOS-Bienvenida-9.jpg 722w, https:\/\/www.uv.mx\/prensa\/files\/2024\/08\/160824-CARLOS-Bienvenida-9-300x200.jpg 300w\" sizes=\"(max-width: 722px) 100vw, 722px\" \/><p id=\"caption-attachment-145999\" class=\"wp-caption-text\">En la regi\u00f3n Veracruz, el mejor puntaje en el examen de ingreso lo obtuvo Kaled Mojica Contreras, del PE Administraci\u00f3n Tur\u00edstica<\/p><\/div>\n<p>&nbsp;<\/p>\n<p><span data-contrast=\"auto\">En la regi\u00f3n Veracruz la ceremonia se realiz\u00f3 en el patio central de la Unidad de Servicios Bibliotecarios y de Informaci\u00f3n (USBI), en donde autoridades universitarias entregaron reconocimientos a Kaled Mojica Contreras, del PE Administraci\u00f3n Tur\u00edstica; Catherine Rojas Ramos, de Medicina, y Santiago Colome Ancona, de Ingenier\u00eda Mec\u00e1nica El\u00e9ctrica, quienes obtuvieron los tres mayores puntajes en el examen de ingreso a nivel regional.<\/span><\/p>\n<p>&nbsp;<\/p>\n<div id=\"attachment_146000\" style=\"width: 732px\" class=\"wp-caption aligncenter\"><img aria-describedby=\"caption-attachment-146000\" decoding=\"async\" loading=\"lazy\" class=\"size-full wp-image-146000\" src=\"https:\/\/www.uv.mx\/prensa\/files\/2024\/08\/160824-CARLOS-Bienvenida-10.jpg\" alt=\"\" width=\"722\" height=\"471\" srcset=\"https:\/\/www.uv.mx\/prensa\/files\/2024\/08\/160824-CARLOS-Bienvenida-10.jpg 722w, https:\/\/www.uv.mx\/prensa\/files\/2024\/08\/160824-CARLOS-Bienvenida-10-300x196.jpg 300w\" sizes=\"(max-width: 722px) 100vw, 722px\" \/><p id=\"caption-attachment-146000\" class=\"wp-caption-text\">Karol Torrecilla Aparicio, primer lugar en el examen de ingreso en la regi\u00f3n Orizaba-C\u00f3rdoba, con puntaje de 95.33 para el PE M\u00e9dico Cirujano<\/p><\/div>\n<p>&nbsp;<\/p>\n<p><span data-contrast=\"auto\">Lo correspondiente se realiz\u00f3 en la regi\u00f3n Orizaba-C\u00f3rdoba, donde las autoridades universitarias entregaron reconocimientos a los mejores puntajes de la regi\u00f3n, cuyo primer lugar fue Karol Zamara Torrecilla Aparicio, del PE M\u00e9dico Cirujano, con un puntaje de 95.33.<\/span><\/p>\n<p>&nbsp;<\/p>\n<div id=\"attachment_146001\" style=\"width: 732px\" class=\"wp-caption aligncenter\"><img aria-describedby=\"caption-attachment-146001\" decoding=\"async\" loading=\"lazy\" class=\"size-full wp-image-146001\" src=\"https:\/\/www.uv.mx\/prensa\/files\/2024\/08\/160824-CARLOS-Bienvenida-11.jpg\" alt=\"\" width=\"722\" height=\"481\" srcset=\"https:\/\/www.uv.mx\/prensa\/files\/2024\/08\/160824-CARLOS-Bienvenida-11.jpg 722w, https:\/\/www.uv.mx\/prensa\/files\/2024\/08\/160824-CARLOS-Bienvenida-11-300x200.jpg 300w\" sizes=\"(max-width: 722px) 100vw, 722px\" \/><p id=\"caption-attachment-146001\" class=\"wp-caption-text\">Vivian G\u00f3mez Cordero fue reconocida en la regi\u00f3n Poza Rica-Tuxpan al obtener un puntaje de 95.35 en el examen para ingresar al PE de Medicina<\/p><\/div>\n<p>&nbsp;<\/p>\n<p><span data-contrast=\"auto\">De igual manera, en la regi\u00f3n Poza Rica-Tuxpan autoridades de la UV reconocieron el esfuerzo de los alumnos de nuevo ingreso, cuyo primer lugar fue para Vivian Estela G\u00f3mez Cordero, quien obtuvo un puntaje de 95.35 en el examen para ingresar al PE de Medicina.<\/span><\/p>\n<p>&nbsp;<\/p>\n<div id=\"attachment_146038\" style=\"width: 732px\" class=\"wp-caption aligncenter\"><img aria-describedby=\"caption-attachment-146038\" decoding=\"async\" loading=\"lazy\" class=\"wp-image-146038 size-full\" src=\"https:\/\/www.uv.mx\/prensa\/files\/2024\/08\/Bienvenida-PR-ok.jpg\" alt=\"Diana Carolina Torres Zapata fue la alumna con el puntaje m\u00e1s alto en el examen de admisi\u00f3n en la regi\u00f3n Coatzacoalcos-Minatitl\u00e1n\" width=\"722\" height=\"481\" srcset=\"https:\/\/www.uv.mx\/prensa\/files\/2024\/08\/Bienvenida-PR-ok.jpg 722w, https:\/\/www.uv.mx\/prensa\/files\/2024\/08\/Bienvenida-PR-ok-300x200.jpg 300w\" sizes=\"(max-width: 722px) 100vw, 722px\" \/><p id=\"caption-attachment-146038\" class=\"wp-caption-text\">Diana Carolina Torres Zapata fue la alumna con el puntaje m\u00e1s alto en el examen de admisi\u00f3n en la regi\u00f3n Coatzacoalcos-Minatitl\u00e1n<\/p><\/div>\n<p>&nbsp;<\/p>\n<p>En la regi\u00f3n Coatzacoalcos-Minatitl\u00e1n, autoridades universitarias recibieron a las y los estudiantes de los diferentes campus y entidades acad\u00e9micas, a su vez, entregaron reconocimientos a quienes obtuvieron los puntajes m\u00e1s altos en el examen de admisi\u00f3n: Diana Carolina Torres Zapata, con 96.49; Juan Rodrigo \u00c1lvarez Poblete, con 95.38: y Jade P\u00e9rez Espinosa, con 94.25, quienes cursan el programa educativo M\u00e9dico Cirujano.<\/p>\n","protected":false},"excerpt":{"rendered":"<p>Atrae a estudiantes de muchos estados y pa\u00edses por su consolidado modelo educativo de investigaci\u00f3n cient\u00edfica, extensi\u00f3n y difusi\u00f3n de la cultura\u00a0<\/p>\n","protected":false},"author":2349,"featured_media":146002,"comment_status":"closed","ping_status":"closed","sticky":false,"template":"","format":"standard","meta":[],"categories":[15423,1,61,5174,32],"tags":[15715,4463,4299,9796,4448,5073,225,6822,7606,18347,6767,12641,6592,18348,3679,6462,18346,6255,18195],"_links":{"self":[{"href":"https:\/\/www.uv.mx\/prensa\/wp-json\/wp\/v2\/posts\/146003"}],"collection":[{"href":"https:\/\/www.uv.mx\/prensa\/wp-json\/wp\/v2\/posts"}],"about":[{"href":"https:\/\/www.uv.mx\/prensa\/wp-json\/wp\/v2\/types\/post"}],"author":[{"embeddable":true,"href":"https:\/\/www.uv.mx\/prensa\/wp-json\/wp\/v2\/users\/2349"}],"replies":[{"embeddable":true,"href":"https:\/\/www.uv.mx\/prensa\/wp-json\/wp\/v2\/comments?post=146003"}],"version-history":[{"count":2,"href":"https:\/\/www.uv.mx\/prensa\/wp-json\/wp\/v2\/posts\/146003\/revisions"}],"predecessor-version":[{"id":146039,"href":"https:\/\/www.uv.mx\/prensa\/wp-json\/wp\/v2\/posts\/146003\/revisions\/146039"}],"wp:featuredmedia":[{"embeddable":true,"href":"https:\/\/www.uv.mx\/prensa\/wp-json\/wp\/v2\/media\/146002"}],"wp:attachment":[{"href":"https:\/\/www.uv.mx\/prensa\/wp-json\/wp\/v2\/media?parent=146003"}],"wp:term":[{"taxonomy":"category","embeddable":true,"href":"https:\/\/www.uv.mx\/prensa\/wp-json\/wp\/v2\/categories?post=146003"},{"taxonomy":"post_tag","embeddable":true,"href":"https:\/\/www.uv.mx\/prensa\/wp-json\/wp\/v2\/tags?post=146003"}],"curies":[{"name":"wp","href":"https:\/\/api.w.org\/{rel}","templated":true}]}}