{"id":146169,"date":"2024-08-21T20:50:46","date_gmt":"2024-08-22T01:50:46","guid":{"rendered":"https:\/\/www.uv.mx\/prensa\/?p=146169"},"modified":"2024-08-21T20:50:46","modified_gmt":"2024-08-22T01:50:46","slug":"uv-fortalecera-proyectos-de-derechos-humanos-y-sustentabilidad","status":"publish","type":"post","link":"https:\/\/www.uv.mx\/prensa\/banner\/uv-fortalecera-proyectos-de-derechos-humanos-y-sustentabilidad\/","title":{"rendered":"UV fortalecer\u00e1 proyectos de derechos humanos y sustentabilidad"},"content":{"rendered":"<ul>\n<li data-leveltext=\"\uf0b7\" data-font=\"Symbol\" data-listid=\"1\" data-list-defn-props=\"{&quot;335552541&quot;:1,&quot;335559685&quot;:720,&quot;335559991&quot;:360,&quot;469769226&quot;:&quot;Symbol&quot;,&quot;469769242&quot;:[8226],&quot;469777803&quot;:&quot;left&quot;,&quot;469777804&quot;:&quot;\uf0b7&quot;,&quot;469777815&quot;:&quot;hybridMultilevel&quot;}\" data-aria-posinset=\"1\" data-aria-level=\"1\"><i><span data-contrast=\"auto\">Asegur\u00f3 el rector Mart\u00edn Aguilar S\u00e1nchez al encabezar reuni\u00f3n de trabajo y di\u00e1logo con docentes y titulares de facultades<\/span><\/i><span data-ccp-props=\"{&quot;201341983&quot;:0,&quot;335559739&quot;:0,&quot;335559740&quot;:240}\">\u00a0<\/span><\/li>\n<\/ul>\n<ul>\n<li data-leveltext=\"\uf0b7\" data-font=\"Symbol\" data-listid=\"1\" data-list-defn-props=\"{&quot;335552541&quot;:1,&quot;335559685&quot;:720,&quot;335559991&quot;:360,&quot;469769226&quot;:&quot;Symbol&quot;,&quot;469769242&quot;:[8226],&quot;469777803&quot;:&quot;left&quot;,&quot;469777804&quot;:&quot;\uf0b7&quot;,&quot;469777815&quot;:&quot;hybridMultilevel&quot;}\" data-aria-posinset=\"2\" data-aria-level=\"1\"><i><span data-contrast=\"auto\">Expusieron un total de 11 proyectos centrados en temas de cultura de paz, g\u00e9nero, diversidad sexual, entre otros<\/span><\/i><span data-ccp-props=\"{&quot;201341983&quot;:0,&quot;335559739&quot;:0,&quot;335559740&quot;:240}\">\u00a0<\/span><\/li>\n<\/ul>\n<ul>\n<li data-leveltext=\"\uf0b7\" data-font=\"Symbol\" data-listid=\"1\" data-list-defn-props=\"{&quot;335552541&quot;:1,&quot;335559685&quot;:720,&quot;335559991&quot;:360,&quot;469769226&quot;:&quot;Symbol&quot;,&quot;469769242&quot;:[8226],&quot;469777803&quot;:&quot;left&quot;,&quot;469777804&quot;:&quot;\uf0b7&quot;,&quot;469777815&quot;:&quot;hybridMultilevel&quot;}\" data-aria-posinset=\"3\" data-aria-level=\"1\"><i><span data-contrast=\"auto\">El di\u00e1logo se desarroll\u00f3 en el Auditorio \u201cAlfonso Medell\u00edn Zenil\u201d del Museo de Antropolog\u00eda de Xalapa<\/span><\/i><span data-ccp-props=\"{&quot;201341983&quot;:0,&quot;335559739&quot;:0,&quot;335559740&quot;:240}\">\u00a0<\/span><\/li>\n<\/ul>\n<p><span data-ccp-props=\"{&quot;201341983&quot;:0,&quot;335559739&quot;:0,&quot;335559740&quot;:240}\">\u00a0<\/span><\/p>\n<div id=\"attachment_146164\" style=\"width: 732px\" class=\"wp-caption aligncenter\"><img aria-describedby=\"caption-attachment-146164\" decoding=\"async\" loading=\"lazy\" class=\"size-full wp-image-146164\" src=\"https:\/\/www.uv.mx\/prensa\/files\/2024\/08\/210824-REUNION-RECTOR-1-100k.jpg\" alt=\"El rector Mart\u00edn Aguilar S\u00e1nchez se comprometi\u00f3 a fortalecer proyectos de derechos humanos y sustentabilidad \" width=\"722\" height=\"481\" srcset=\"https:\/\/www.uv.mx\/prensa\/files\/2024\/08\/210824-REUNION-RECTOR-1-100k.jpg 722w, https:\/\/www.uv.mx\/prensa\/files\/2024\/08\/210824-REUNION-RECTOR-1-100k-300x200.jpg 300w\" sizes=\"(max-width: 722px) 100vw, 722px\" \/><p id=\"caption-attachment-146164\" class=\"wp-caption-text\">El rector Mart\u00edn Aguilar S\u00e1nchez se comprometi\u00f3 a fortalecer proyectos de derechos humanos y sustentabilidad<\/p><\/div>\n<p>&nbsp;<\/p>\n<p><b><i><span data-contrast=\"auto\">Claudia Peralta V\u00e1zquez<\/span><\/i><\/b><span data-ccp-props=\"{&quot;201341983&quot;:0,&quot;335559739&quot;:0,&quot;335559740&quot;:240}\">\u00a0<\/span><\/p>\n<p><b><i><span data-contrast=\"auto\">Fotos: C\u00e9sar Pisil Ramos<\/span><\/i><\/b><\/p>\n<p><b><i><span data-contrast=\"auto\">21\/08\/2024, Xalapa, Ver.-<\/span><\/i><\/b><span data-contrast=\"auto\"> Al encabezar la tercera jornada de trabajo y di\u00e1logo con integrantes de la comunidad universitaria de esta regi\u00f3n, el rector de la Universidad Veracruzana (UV), Mart\u00edn Aguilar S\u00e1nchez extern\u00f3 el compromiso de fortalecer y dar continuidad a los proyectos transversales, enmarcados en los ejes de derechos humanos y sustentabilidad, emanados de cada una de las seis \u00e1reas acad\u00e9micas que conforman esta casa de estudios.<\/span><span data-ccp-props=\"{&quot;201341983&quot;:0,&quot;335559739&quot;:0,&quot;335559740&quot;:240}\">\u00a0<\/span><\/p>\n<p><span data-contrast=\"auto\">En el Auditorio \u201cAlfonso Medell\u00edn Zenil\u201d del Museo de Antropolog\u00eda de Xalapa (MAX), el soci\u00f3logo, acompa\u00f1ado de Juan Ortiz Escamilla y Yolanda Gonz\u00e1lez Molohua, secretario Acad\u00e9mico y titular de la Direcci\u00f3n General del \u00c1rea Acad\u00e9mica de Humanidades, respectivamente, agradeci\u00f3 la participaci\u00f3n en este encuentro de directores y docentes de distintas facultades.<\/span><span data-ccp-props=\"{&quot;201341983&quot;:0,&quot;335559731&quot;:708,&quot;335559739&quot;:0,&quot;335559740&quot;:240}\">\u00a0<\/span><\/p>\n<p><span data-contrast=\"auto\">En total, 11 personas expusieron los avances en el desarrollo de igual n\u00famero de proyectos y acciones relacionados con los dos ejes rectorales del Programa de Trabajo 2021-2025 \u201cPor una transformaci\u00f3n integral\u201d.<\/span><span data-ccp-props=\"{&quot;201341983&quot;:0,&quot;335559731&quot;:708,&quot;335559739&quot;:0,&quot;335559740&quot;:240}\">\u00a0<\/span><\/p>\n<p><span data-contrast=\"auto\">Al respecto, Aguilar S\u00e1nchez reconoci\u00f3 la continuidad que en cada entidad acad\u00e9mica se ha brindado a estas iniciativas relacionadas a temas como: g\u00e9nero, diversidad sexual, cultura de paz, salud alimentaria, desaparici\u00f3n forzada de personas, accesibilidad a estudiantes con discapacidad, vinculaci\u00f3n entre arte, ciencia y tecnolog\u00eda, etc\u00e9tera.<\/span><span data-ccp-props=\"{&quot;201341983&quot;:0,&quot;335559731&quot;:708,&quot;335559739&quot;:0,&quot;335559740&quot;:240}\">\u00a0<\/span><\/p>\n<p><span data-contrast=\"auto\">\u201cHay proyectos peque\u00f1os que son muy significativos, y empezar desde ah\u00ed con una visi\u00f3n m\u00e1s amplia y articulada son cambios importantes, tanto en la universidad como en la vida cotidiana.\u201d<\/span><span data-ccp-props=\"{&quot;201341983&quot;:0,&quot;335559731&quot;:708,&quot;335559739&quot;:0,&quot;335559740&quot;:240}\">\u00a0<\/span><\/p>\n<p><span data-contrast=\"auto\">Destac\u00f3 que estas acciones son un asunto fundamental para la UV y para todas las universidades en cuanto al desarrollo del conocimiento multidisciplinar y transdisciplinar, pues responde a las necesidades y problem\u00e1ticas de la sociedad en general.<\/span><\/p>\n<div id=\"attachment_146165\" style=\"width: 732px\" class=\"wp-caption aligncenter\"><img aria-describedby=\"caption-attachment-146165\" decoding=\"async\" loading=\"lazy\" class=\"size-full wp-image-146165\" src=\"https:\/\/www.uv.mx\/prensa\/files\/2024\/08\/210824-REUNION-RECTOR-2-100k.jpg\" alt=\"En el auditorio del MAX, el Rector encabez\u00f3 reuni\u00f3n de trabajo y di\u00e1logo con acad\u00e9micos y directores de facultades\" width=\"722\" height=\"481\" srcset=\"https:\/\/www.uv.mx\/prensa\/files\/2024\/08\/210824-REUNION-RECTOR-2-100k.jpg 722w, https:\/\/www.uv.mx\/prensa\/files\/2024\/08\/210824-REUNION-RECTOR-2-100k-300x200.jpg 300w\" sizes=\"(max-width: 722px) 100vw, 722px\" \/><p id=\"caption-attachment-146165\" class=\"wp-caption-text\">En el auditorio del MAX, el Rector encabez\u00f3 reuni\u00f3n de trabajo y di\u00e1logo con acad\u00e9micos y directores de facultades<\/p><\/div>\n<p>&nbsp;<\/p>\n<p><span data-contrast=\"auto\">Por lo anterior, expres\u00f3 que la UV dar\u00e1 continuidad a estos proyectos \u00fatiles para enriquecer el conocimiento generado a favor de la soluci\u00f3n de problem\u00e1ticas.<\/span><\/p>\n<p><span data-contrast=\"auto\">\u201cEstas reuniones no s\u00f3lo me han dado una visi\u00f3n a detalle de la Universidad, sino tambi\u00e9n la posibilidad de ejercer y construir pol\u00edticas p\u00fablicas m\u00e1s efectivas al interior de la UV.\u201d<\/span><span data-ccp-props=\"{&quot;201341983&quot;:0,&quot;335559731&quot;:708,&quot;335559739&quot;:0,&quot;335559740&quot;:240}\">\u00a0<\/span><\/p>\n<p><span data-contrast=\"auto\">En el primero de dos bloques de exposiciones, Antonio Prieto Stambaugh, acad\u00e9mico de la Facultad de Teatro, dio a conocer el proyecto \u201c<\/span><i><span data-contrast=\"auto\">Performance queer<\/span><\/i><span data-contrast=\"auto\">\/cuir contra la desaparici\u00f3n forzada de personas\u201d.<\/span><span data-ccp-props=\"{&quot;201341983&quot;:0,&quot;335559731&quot;:708,&quot;335559739&quot;:0,&quot;335559740&quot;:240}\">\u00a0<\/span><\/p>\n<p><span data-contrast=\"auto\">Se trata de una iniciativa de largo aliento desarrollada a lo largo de diez a\u00f1os en torno a cuestiones de acci\u00f3n pol\u00edtica, social y cultural de personas dentro de la diversidad y disidencia sexual.<\/span><span data-ccp-props=\"{&quot;201341983&quot;:0,&quot;335559731&quot;:708,&quot;335559739&quot;:0,&quot;335559740&quot;:240}\">\u00a0<\/span><\/p>\n<p><span data-contrast=\"auto\">De la Facultad de Danza, Claudia Leticia Velasco Garc\u00eda expuso una acci\u00f3n de sustentabilidad cuyo objetivo es impulsar el trabajo colaborativo, multi, inter y transdisciplinario de \u00e1reas y entidades acad\u00e9micas para fomentar una comunidad de aprendizaje integrada, incluyente, plural y solidaria que practique los principios de la UV enmarcados en el c\u00f3digo de \u00e9tica, donde se abordan temas de sustentabilidad y derechos humanos.<\/span><span data-ccp-props=\"{&quot;201341983&quot;:0,&quot;335559731&quot;:708,&quot;335559739&quot;:0,&quot;335559740&quot;:240}\">\u00a0<\/span><\/p>\n<p><span data-contrast=\"auto\">\u201cAvances y perspectivas en torno a la violencia de g\u00e9nero en la Facultad de Biolog\u00eda\u201d, es una iniciativa de esta entidad acad\u00e9mica.<\/span><\/p>\n<div id=\"attachment_146162\" style=\"width: 732px\" class=\"wp-caption aligncenter\"><img aria-describedby=\"caption-attachment-146162\" decoding=\"async\" loading=\"lazy\" class=\"size-full wp-image-146162\" src=\"https:\/\/www.uv.mx\/prensa\/files\/2024\/08\/210824-REUNION-DE-TRABAJO-3-100k.jpg\" alt=\"Representantes de diversas entidades acad\u00e9micas de esta regi\u00f3n dieron a conocer el desarrollo de diversos proyectos\" width=\"722\" height=\"481\" srcset=\"https:\/\/www.uv.mx\/prensa\/files\/2024\/08\/210824-REUNION-DE-TRABAJO-3-100k.jpg 722w, https:\/\/www.uv.mx\/prensa\/files\/2024\/08\/210824-REUNION-DE-TRABAJO-3-100k-300x200.jpg 300w\" sizes=\"(max-width: 722px) 100vw, 722px\" \/><p id=\"caption-attachment-146162\" class=\"wp-caption-text\">Representantes de diversas entidades acad\u00e9micas de esta regi\u00f3n dieron a conocer el desarrollo de diversos proyectos<\/p><\/div>\n<p>&nbsp;<\/p>\n<p><span data-contrast=\"auto\">La profesora Elvira Morgado Viveros mencion\u00f3 que a trav\u00e9s de dicha iniciativa se ha posicionado la figura del Representante de Equidad de G\u00e9nero, as\u00ed como otras acciones relativas a la igualdad de g\u00e9nero, asesor\u00edas y talleres, en el marco del \u201cProtocolo para atender la violencia de g\u00e9nero en la UV\u201d.<\/span><span data-ccp-props=\"{&quot;201341983&quot;:0,&quot;335559731&quot;:708,&quot;335559739&quot;:0,&quot;335559740&quot;:240}\">\u00a0<\/span><\/p>\n<p><span data-contrast=\"auto\">Por su parte, Luz Amelia S\u00e1nchez Landero, de la Facultad de Ciencias Agr\u00edcolas, detall\u00f3 el proyecto \u201cIniciativas de sustentabilidad en la Facultad de Ciencias Agr\u00edcolas: de \u00e1reas verdes a proyectos estudiantiles\u201d.<\/span><\/p>\n<p><span data-contrast=\"auto\">\u201cCultura, arte y educaci\u00f3n para la paz, emana del \u00c1rea Acad\u00e9mica de Ciencias de la Salud y de la Facultad de Psicolog\u00eda\u201d, fue expuesto por Rebeca Hern\u00e1ndez Ar\u00e1mburo.<\/span><span data-ccp-props=\"{&quot;201341983&quot;:0,&quot;335559731&quot;:708,&quot;335559739&quot;:0,&quot;335559740&quot;:240}\">\u00a0<\/span><\/p>\n<p><span data-contrast=\"auto\">Mar\u00eda Magdalena \u00c1lvarez Ram\u00edrez, de la Facultad de Nutrici\u00f3n, habl\u00f3 sobre \u201cEstrategias para una cultura alimentaria saludable\u201d.<\/span><span data-ccp-props=\"{&quot;201341983&quot;:0,&quot;335559731&quot;:708,&quot;335559739&quot;:0,&quot;335559740&quot;:240}\">\u00a0<\/span><\/p>\n<p><span data-contrast=\"auto\">En el segundo bloque, Patricia Arieta Melgarejo comparti\u00f3 el proyecto \u201cRa\u00edces de paz: cultivando armon\u00eda en la Universidad Veracruzana\u201d, del \u00c1rea Acad\u00e9mica Econ\u00f3mico-Administrativa y de la Facultad de Contadur\u00eda y Administraci\u00f3n.<\/span><span data-ccp-props=\"{&quot;201341983&quot;:0,&quot;335559731&quot;:708,&quot;335559739&quot;:0,&quot;335559740&quot;:240}\">\u00a0<\/span><\/p>\n<p><span data-contrast=\"auto\">Juan Carlos P\u00e9rez Arriaga subray\u00f3 la iniciativa \u201cHacia un modelo de campus accesible\u201d, desarrollada por la Facultad de Estad\u00edstica e Inform\u00e1tica (FEI).<\/span><\/p>\n<div id=\"attachment_146163\" style=\"width: 732px\" class=\"wp-caption aligncenter\"><img aria-describedby=\"caption-attachment-146163\" decoding=\"async\" loading=\"lazy\" class=\"size-full wp-image-146163\" src=\"https:\/\/www.uv.mx\/prensa\/files\/2024\/08\/210824-REUNION-DE-TRABAJO-4-100k.jpg\" alt=\"La exposici\u00f3n de dichas acciones abri\u00f3 un di\u00e1logo, retroalimentaci\u00f3n e intercambio de ideas entre integrantes de las seis \u00e1reas acad\u00e9micas\" width=\"722\" height=\"481\" srcset=\"https:\/\/www.uv.mx\/prensa\/files\/2024\/08\/210824-REUNION-DE-TRABAJO-4-100k.jpg 722w, https:\/\/www.uv.mx\/prensa\/files\/2024\/08\/210824-REUNION-DE-TRABAJO-4-100k-300x200.jpg 300w\" sizes=\"(max-width: 722px) 100vw, 722px\" \/><p id=\"caption-attachment-146163\" class=\"wp-caption-text\">La exposici\u00f3n de dichas acciones abri\u00f3 un di\u00e1logo, retroalimentaci\u00f3n e intercambio de ideas entre integrantes de las seis \u00e1reas acad\u00e9micas<\/p><\/div>\n<p><span data-contrast=\"auto\">\u201cMemoria ciudadana del r\u00edo Sede\u00f1o\u201d es un proyecto implementado por la Facultad de Antropolog\u00eda, y lo dio a conocer Lourdes Becerra Zavala; mientras que \u201cPoblaci\u00f3n y desarrollo econ\u00f3mico en el Veracruz contempor\u00e1neo\u201d, de la Facultad de Historia, lo desglos\u00f3 C\u00e9sar Augusto Ord\u00f3\u00f1ez L\u00f3pez.<\/span><span data-ccp-props=\"{&quot;201341983&quot;:0,&quot;335559731&quot;:708,&quot;335559739&quot;:0,&quot;335559740&quot;:240}\">\u00a0<\/span><\/p>\n<p><span data-contrast=\"auto\">Leonardo Daniel Rodr\u00edguez Hern\u00e1ndez habl\u00f3 de \u201cC\u00e9lulas de sustentabilidad: uso eficiente y cuidadoso del agua en la Unidad de Ciencias de la Salud\u201d, proyecto en el que participan las Facultades de Arquitectura, Ingenier\u00eda Civil, y Mec\u00e1nica El\u00e9ctrica, adem\u00e1s de la Coordinaci\u00f3n Universitaria para la Sustentabilidad (<\/span><i><span data-contrast=\"auto\">Cosustenta<\/span><\/i><span data-contrast=\"auto\">).<\/span><span data-ccp-props=\"{&quot;201341983&quot;:0,&quot;335559731&quot;:708,&quot;335559739&quot;:0,&quot;335559740&quot;:240}\">\u00a0<\/span><\/p>\n<p><span data-contrast=\"auto\">Al t\u00e9rmino se desarroll\u00f3 un di\u00e1logo, retroalimentaci\u00f3n e intercambio de ideas entre varios de los asistentes para nutrir cada uno de los proyectos.<\/span><\/p>\n<p><span data-contrast=\"auto\">De esta manera, docentes e investigadores de diversas \u00e1reas acad\u00e9micas conocieron qu\u00e9 se est\u00e1 haciendo y c\u00f3mo articular el conocimiento ante problem\u00e1ticas espec\u00edficas a la par que dicho intercambio enriquece los proyectos y les consolida.<\/span><span data-ccp-props=\"{&quot;201341983&quot;:0,&quot;335559731&quot;:708,&quot;335559739&quot;:0,&quot;335559740&quot;:240}\">\u00a0<\/span><\/p>\n","protected":false},"excerpt":{"rendered":"<p>Mart\u00edn Aguilar S\u00e1nchez extern\u00f3 que este acercamiento con integrantes de la comunidad universitaria no s\u00f3lo sirve para conocer la UV a detalle, sino para construir pol\u00edticas p\u00fablicas m\u00e1s efectivas<\/p>\n","protected":false},"author":1775,"featured_media":146170,"comment_status":"closed","ping_status":"closed","sticky":false,"template":"","format":"standard","meta":[],"categories":[6301,15424,61,5174,6299],"tags":[18380,6263,4163,695,157,12375,18379,999,11798,3128,147,645,699,138,484,3149,184,2283,120,527,1012,18378],"_links":{"self":[{"href":"https:\/\/www.uv.mx\/prensa\/wp-json\/wp\/v2\/posts\/146169"}],"collection":[{"href":"https:\/\/www.uv.mx\/prensa\/wp-json\/wp\/v2\/posts"}],"about":[{"href":"https:\/\/www.uv.mx\/prensa\/wp-json\/wp\/v2\/types\/post"}],"author":[{"embeddable":true,"href":"https:\/\/www.uv.mx\/prensa\/wp-json\/wp\/v2\/users\/1775"}],"replies":[{"embeddable":true,"href":"https:\/\/www.uv.mx\/prensa\/wp-json\/wp\/v2\/comments?post=146169"}],"version-history":[{"count":1,"href":"https:\/\/www.uv.mx\/prensa\/wp-json\/wp\/v2\/posts\/146169\/revisions"}],"predecessor-version":[{"id":146171,"href":"https:\/\/www.uv.mx\/prensa\/wp-json\/wp\/v2\/posts\/146169\/revisions\/146171"}],"wp:featuredmedia":[{"embeddable":true,"href":"https:\/\/www.uv.mx\/prensa\/wp-json\/wp\/v2\/media\/146170"}],"wp:attachment":[{"href":"https:\/\/www.uv.mx\/prensa\/wp-json\/wp\/v2\/media?parent=146169"}],"wp:term":[{"taxonomy":"category","embeddable":true,"href":"https:\/\/www.uv.mx\/prensa\/wp-json\/wp\/v2\/categories?post=146169"},{"taxonomy":"post_tag","embeddable":true,"href":"https:\/\/www.uv.mx\/prensa\/wp-json\/wp\/v2\/tags?post=146169"}],"curies":[{"name":"wp","href":"https:\/\/api.w.org\/{rel}","templated":true}]}}