{"id":146251,"date":"2024-08-23T15:56:37","date_gmt":"2024-08-23T20:56:37","guid":{"rendered":"https:\/\/www.uv.mx\/prensa\/?p=146251"},"modified":"2024-08-23T15:56:37","modified_gmt":"2024-08-23T20:56:37","slug":"musica-uv-realizo-homenaje-postumo-a-tres-academicos","status":"publish","type":"post","link":"https:\/\/www.uv.mx\/prensa\/cultura\/musica-uv-realizo-homenaje-postumo-a-tres-academicos\/","title":{"rendered":"M\u00fasica UV realiz\u00f3 homenaje p\u00f3stumo a tres acad\u00e9micos"},"content":{"rendered":"<ul>\n<li data-leveltext=\"\uf0b7\" data-font=\"Symbol\" data-listid=\"1\" data-list-defn-props=\"{&quot;335552541&quot;:1,&quot;335559685&quot;:720,&quot;335559991&quot;:360,&quot;469769226&quot;:&quot;Symbol&quot;,&quot;469769242&quot;:[8226],&quot;469777803&quot;:&quot;left&quot;,&quot;469777804&quot;:&quot;\uf0b7&quot;,&quot;469777815&quot;:&quot;hybridMultilevel&quot;}\" data-aria-posinset=\"1\" data-aria-level=\"1\"><i><span data-contrast=\"auto\">Manuel Baixauli, Natalia Valderrama y Claire Scandrett, fueron docentes de dicha entidad acad\u00e9mica<\/span><\/i><span data-ccp-props=\"{}\">\u00a0<\/span><\/li>\n<\/ul>\n<ul>\n<li data-leveltext=\"\uf0b7\" data-font=\"Symbol\" data-listid=\"1\" data-list-defn-props=\"{&quot;335552541&quot;:1,&quot;335559685&quot;:720,&quot;335559991&quot;:360,&quot;469769226&quot;:&quot;Symbol&quot;,&quot;469769242&quot;:[8226],&quot;469777803&quot;:&quot;left&quot;,&quot;469777804&quot;:&quot;\uf0b7&quot;,&quot;469777815&quot;:&quot;hybridMultilevel&quot;}\" data-aria-posinset=\"2\" data-aria-level=\"1\"><i><span data-contrast=\"auto\">Al concierto asistieron tres generaciones de egresados<\/span><\/i><span data-ccp-props=\"{}\">\u00a0<\/span><\/li>\n<\/ul>\n<p>&nbsp;<\/p>\n<div id=\"attachment_146247\" style=\"width: 732px\" class=\"wp-caption aligncenter\"><a href=\"https:\/\/www.uv.mx\/prensa\/files\/2024\/08\/230824-PAOLA-Homenaje-postumo-1.jpg\"><img aria-describedby=\"caption-attachment-146247\" decoding=\"async\" loading=\"lazy\" class=\"size-full wp-image-146247\" src=\"https:\/\/www.uv.mx\/prensa\/files\/2024\/08\/230824-PAOLA-Homenaje-postumo-1.jpg\" alt=\"\" width=\"722\" height=\"434\" srcset=\"https:\/\/www.uv.mx\/prensa\/files\/2024\/08\/230824-PAOLA-Homenaje-postumo-1.jpg 722w, https:\/\/www.uv.mx\/prensa\/files\/2024\/08\/230824-PAOLA-Homenaje-postumo-1-300x180.jpg 300w\" sizes=\"(max-width: 722px) 100vw, 722px\" \/><\/a><p id=\"caption-attachment-146247\" class=\"wp-caption-text\">Participaron 48 flautistas que laboran en diferentes partes del pa\u00eds<\/p><\/div>\n<p>&nbsp;<\/p>\n<p><b><i><span data-contrast=\"auto\">Redacci\u00f3n Universo<\/span><\/i><\/b><span data-ccp-props=\"{}\">\u00a0<\/span><\/p>\n<p><b><i><span data-contrast=\"auto\">Cortes\u00eda Facultad de M\u00fasica<\/span><\/i><\/b><span data-ccp-props=\"{}\">\u00a0<\/span><\/p>\n<p><b><i><span data-contrast=\"auto\">23\/08\/2024, Xalapa, Ver.-<\/span><\/i><\/b><span data-contrast=\"auto\"> Tres generaciones de egresados de la Facultad de M\u00fasica de la Universidad Veracruzana (UV) se reunieron para rendir un homenaje p\u00f3stumo a tres m\u00fasicos y docentes en la ense\u00f1anza de la flauta transversa: Manuel Baixauli, Natalia Valderrama y Claire Scandrett.<\/span><span data-ccp-props=\"{}\">\u00a0<\/span><\/p>\n<p><span data-contrast=\"auto\">El concierto-homenaje se realiz\u00f3 en la Sala \u201cDagoberto Guillaumin\u201d del Teatro del Estado \u201cGeneral Ignacio de la Llave\u201d, encabezado por la directora de la Facultad de M\u00fasica, Tania Ch\u00e1vez, y convoc\u00f3 a 48 flautistas que laboran en diferentes partes del pa\u00eds.<\/span><span data-ccp-props=\"{&quot;335559731&quot;:708}\">\u00a0<\/span><\/p>\n<p>&nbsp;<\/p>\n<div id=\"attachment_146248\" style=\"width: 732px\" class=\"wp-caption aligncenter\"><a href=\"https:\/\/www.uv.mx\/prensa\/files\/2024\/08\/230824-PAOLA-Homenaje-postumo-2.jpg\"><img aria-describedby=\"caption-attachment-146248\" decoding=\"async\" loading=\"lazy\" class=\"size-full wp-image-146248\" src=\"https:\/\/www.uv.mx\/prensa\/files\/2024\/08\/230824-PAOLA-Homenaje-postumo-2.jpg\" alt=\"\" width=\"722\" height=\"410\" srcset=\"https:\/\/www.uv.mx\/prensa\/files\/2024\/08\/230824-PAOLA-Homenaje-postumo-2.jpg 722w, https:\/\/www.uv.mx\/prensa\/files\/2024\/08\/230824-PAOLA-Homenaje-postumo-2-300x170.jpg 300w\" sizes=\"(max-width: 722px) 100vw, 722px\" \/><\/a><p id=\"caption-attachment-146248\" class=\"wp-caption-text\">El concierto fue ofrecido por cinco agrupaciones de flautas<\/p><\/div>\n<p>&nbsp;<\/p>\n<p><span data-contrast=\"auto\">Se cont\u00f3 con la participaci\u00f3n del Ensamble de Flautas del Conservatorio de Celaya; la Orquesta de Flautas \u201cFlaust\u00edstico Veracruzano\u201d; el Coro de Flautas \u201cCuicatl Ollin\u201d de la Ciudad de M\u00e9xico y la Orquesta de Flautas de Xalapa, adem\u00e1s de la secci\u00f3n de armon\u00eda del Mariachi de la UV.<\/span><span data-ccp-props=\"{&quot;335559731&quot;:708}\">\u00a0<\/span><\/p>\n<p><span data-contrast=\"auto\">Cabe mencionar que esta casa de estudios recibi\u00f3 el reconocimiento por el impacto de sus programas educativos en el \u00e1rea del arte al sistema educativo y cultural.<\/span><span data-ccp-props=\"{&quot;335559731&quot;:708}\">\u00a0<\/span><\/p>\n","protected":false},"excerpt":{"rendered":"<p>Se llev\u00f3 a cabo en la Sala \u201cDagoberto Guillaumin\u201d del Teatro del Estado \u201cGeneral Ignacio de la Llave\u201d <\/p>\n","protected":false},"author":1809,"featured_media":0,"comment_status":"closed","ping_status":"closed","sticky":false,"template":"","format":"standard","meta":[],"categories":[11,47],"tags":[18413,4007],"_links":{"self":[{"href":"https:\/\/www.uv.mx\/prensa\/wp-json\/wp\/v2\/posts\/146251"}],"collection":[{"href":"https:\/\/www.uv.mx\/prensa\/wp-json\/wp\/v2\/posts"}],"about":[{"href":"https:\/\/www.uv.mx\/prensa\/wp-json\/wp\/v2\/types\/post"}],"author":[{"embeddable":true,"href":"https:\/\/www.uv.mx\/prensa\/wp-json\/wp\/v2\/users\/1809"}],"replies":[{"embeddable":true,"href":"https:\/\/www.uv.mx\/prensa\/wp-json\/wp\/v2\/comments?post=146251"}],"version-history":[{"count":1,"href":"https:\/\/www.uv.mx\/prensa\/wp-json\/wp\/v2\/posts\/146251\/revisions"}],"predecessor-version":[{"id":146252,"href":"https:\/\/www.uv.mx\/prensa\/wp-json\/wp\/v2\/posts\/146251\/revisions\/146252"}],"wp:attachment":[{"href":"https:\/\/www.uv.mx\/prensa\/wp-json\/wp\/v2\/media?parent=146251"}],"wp:term":[{"taxonomy":"category","embeddable":true,"href":"https:\/\/www.uv.mx\/prensa\/wp-json\/wp\/v2\/categories?post=146251"},{"taxonomy":"post_tag","embeddable":true,"href":"https:\/\/www.uv.mx\/prensa\/wp-json\/wp\/v2\/tags?post=146251"}],"curies":[{"name":"wp","href":"https:\/\/api.w.org\/{rel}","templated":true}]}}