{"id":146406,"date":"2024-08-28T16:29:54","date_gmt":"2024-08-28T21:29:54","guid":{"rendered":"https:\/\/www.uv.mx\/prensa\/?p=146406"},"modified":"2024-08-28T16:29:54","modified_gmt":"2024-08-28T21:29:54","slug":"alumnas-de-antropologia-historica-compartieron-avances-de-investigacion","status":"publish","type":"post","link":"https:\/\/www.uv.mx\/prensa\/general\/alumnas-de-antropologia-historica-compartieron-avances-de-investigacion\/","title":{"rendered":"Alumnas de Antropolog\u00eda Hist\u00f3rica compartieron avances de investigaci\u00f3n"},"content":{"rendered":"<ul>\n<li data-leveltext=\"\uf0b7\" data-font=\"Symbol\" data-listid=\"7\" data-list-defn-props=\"{&quot;335551671&quot;:0,&quot;335552541&quot;:1,&quot;335559685&quot;:720,&quot;335559991&quot;:360,&quot;469769226&quot;:&quot;Symbol&quot;,&quot;469769242&quot;:[8226],&quot;469777803&quot;:&quot;left&quot;,&quot;469777804&quot;:&quot;\uf0b7&quot;,&quot;469777815&quot;:&quot;hybridMultilevel&quot;}\" data-aria-posinset=\"0\" data-aria-level=\"1\"><i><span data-contrast=\"auto\">La \u201cJornada de presentaci\u00f3n de protocolos de experiencia recepcional\u201d les permite recibir observaciones y sugerencias de docentes para el mejoramiento de sus temas de estudio<\/span><\/i><span data-ccp-props=\"{&quot;201341983&quot;:0,&quot;335559739&quot;:0,&quot;335559740&quot;:240}\">\u00a0<\/span><\/li>\n<\/ul>\n<p><span data-ccp-props=\"{&quot;201341983&quot;:0,&quot;335559739&quot;:0,&quot;335559740&quot;:240}\">\u00a0<\/span><\/p>\n<p><img decoding=\"async\" loading=\"lazy\" class=\"aligncenter wp-image-146408\" src=\"https:\/\/www.uv.mx\/prensa\/files\/2024\/08\/BPR-230824-COUTTOLENC-Investigaciones-Antropologia-Historica-2.jpg\" alt=\"\" width=\"803\" height=\"281\" srcset=\"https:\/\/www.uv.mx\/prensa\/files\/2024\/08\/BPR-230824-COUTTOLENC-Investigaciones-Antropologia-Historica-2.jpg 1000w, https:\/\/www.uv.mx\/prensa\/files\/2024\/08\/BPR-230824-COUTTOLENC-Investigaciones-Antropologia-Historica-2-300x105.jpg 300w, https:\/\/www.uv.mx\/prensa\/files\/2024\/08\/BPR-230824-COUTTOLENC-Investigaciones-Antropologia-Historica-2-768x269.jpg 768w\" sizes=\"(max-width: 803px) 100vw, 803px\" \/><\/p>\n<p><span data-ccp-props=\"{&quot;201341983&quot;:0,&quot;335559739&quot;:0,&quot;335559740&quot;:240}\">\u00a0<\/span><\/p>\n<p><b><i><span data-contrast=\"auto\">Jos\u00e9 Luis Couttolenc Soto<\/span><\/i><\/b><span data-ccp-props=\"{&quot;201341983&quot;:0,&quot;335559739&quot;:0,&quot;335559740&quot;:240}\">\u00a0<\/span><\/p>\n<p><b><i><span data-contrast=\"auto\">Fotos: Omar Portilla Palacios<\/span><\/i><\/b><span data-ccp-props=\"{&quot;201341983&quot;:0,&quot;335559739&quot;:0,&quot;335559740&quot;:240}\">\u00a0<\/span><\/p>\n<p><span data-ccp-props=\"{&quot;201341983&quot;:0,&quot;335559739&quot;:0,&quot;335559740&quot;:240}\">\u00a0<\/span><\/p>\n<p><b><i><span data-contrast=\"auto\">28\/08\/2024, Xalapa, Ver.- <\/span><\/i><\/b><span data-contrast=\"auto\">La Facultad de Antropolog\u00eda de la Universidad Veracruzana (UV), a trav\u00e9s de la Licenciatura en Antropolog\u00eda Hist\u00f3rica, realiz\u00f3 una \u201cJornada de presentaci\u00f3n de protocolos de experiencia recepcional\u201d, en la que alumnas expusieron avances de las investigaciones que realizan.<\/span><span data-ccp-props=\"{&quot;201341983&quot;:0,&quot;335559739&quot;:0,&quot;335559740&quot;:240}\">\u00a0<\/span><\/p>\n<p><span data-contrast=\"auto\">El acad\u00e9mico Jos\u00e9 Carlos L\u00f3pez L\u00f3pez dio a conocer que este ejercicio da oportunidad para que docentes hagan observaciones y sugerencias a las y los estudiantes para el mejoramiento de la actividad, quienes, a la par, adquieren seguridad para exponer ante el p\u00fablico sus trabajos y c\u00f3mo aplican profesionalmente los conocimientos adquiridos en el aula.<\/span><span data-ccp-props=\"{&quot;201341983&quot;:0,&quot;335559739&quot;:0,&quot;335559740&quot;:240}\">\u00a0<\/span><\/p>\n<p><span data-contrast=\"auto\">En la l\u00ednea de investigaci\u00f3n \u201cIdentidad y tradici\u00f3n\u201d, Stephanie Harumy Rodr\u00edguez Bustos aborda los \u201cSistemas de cargos. Preservaci\u00f3n y adaptaci\u00f3n de los sistemas tradicionales de organizaci\u00f3n en un contexto contempor\u00e1neo en Teopantl\u00e1n, Puebla\u201d.<\/span><\/p>\n<p>&nbsp;<\/p>\n<div id=\"attachment_146239\" style=\"width: 732px\" class=\"wp-caption aligncenter\"><img aria-describedby=\"caption-attachment-146239\" decoding=\"async\" loading=\"lazy\" class=\"size-full wp-image-146239\" src=\"https:\/\/www.uv.mx\/prensa\/files\/2024\/08\/230824-COUTTOLENC-Investigaciones-Antropologia-Historica-2-100k.jpg\" alt=\"\" width=\"722\" height=\"468\" srcset=\"https:\/\/www.uv.mx\/prensa\/files\/2024\/08\/230824-COUTTOLENC-Investigaciones-Antropologia-Historica-2-100k.jpg 722w, https:\/\/www.uv.mx\/prensa\/files\/2024\/08\/230824-COUTTOLENC-Investigaciones-Antropologia-Historica-2-100k-300x194.jpg 300w\" sizes=\"(max-width: 722px) 100vw, 722px\" \/><p id=\"caption-attachment-146239\" class=\"wp-caption-text\">Stephanie Rodr\u00edguez\u00a0 trabaja en \u201cSistemas de cargos. Preservaci\u00f3n y adaptaci\u00f3n de los sistemas tradicionales de organizaci\u00f3n en un contexto contempor\u00e1neo en Teopantl\u00e1n, Puebla\u201d<\/p><\/div>\n<p>&nbsp;<\/p>\n<p><span data-contrast=\"auto\">Considera que los sistemas de cargos arraigados en las tradiciones culturales y sociales han sido fundamentales para la organizaci\u00f3n y cohesi\u00f3n de numerosas comunidades a lo largo de la historia.<\/span><span data-ccp-props=\"{&quot;201341983&quot;:0,&quot;335559739&quot;:0,&quot;335559740&quot;:240}\">\u00a0<\/span><\/p>\n<p><span data-contrast=\"auto\">Mencion\u00f3 que, desde la antropolog\u00eda hist\u00f3rica, se puede apreciar la complejidad de las estructuras sociales y culturales de Teopantl\u00e1n, donde se observa que el sistema de cargos se ha ido adaptando a las nuevas generaciones.<\/span><span data-ccp-props=\"{&quot;201341983&quot;:0,&quot;335559731&quot;:708,&quot;335559739&quot;:0,&quot;335559740&quot;:240}\">\u00a0<\/span><\/p>\n<p><span data-contrast=\"auto\">El estudio permite adentrarse en la intersecci\u00f3n de lo ceremonial y lo funcional, lo simb\u00f3lico y lo pr\u00e1ctico, evidenciando c\u00f3mo los sistemas de cargos contribuyen a la preservaci\u00f3n y adaptaci\u00f3n de la identidad cultural en un contexto contempor\u00e1neo.<\/span><span data-ccp-props=\"{&quot;201341983&quot;:0,&quot;335559731&quot;:708,&quot;335559739&quot;:0,&quot;335559740&quot;:240}\">\u00a0<\/span><\/p>\n<p><span data-contrast=\"auto\">Mar\u00eda Guadalupe Jim\u00e9nez Conde present\u00f3 \u201cEl dolor de la curaci\u00f3n. Notas para la reflexi\u00f3n de la corporeidad m\u00e9dica en la medicina tradicional en Atzalan, Veracruz, y Amozoc, Puebla\u201d.<\/span><span data-ccp-props=\"{&quot;201341983&quot;:0,&quot;335559731&quot;:708,&quot;335559739&quot;:0,&quot;335559740&quot;:240}\">\u00a0<\/span><\/p>\n<p>&nbsp;<\/p>\n<div id=\"attachment_146240\" style=\"width: 732px\" class=\"wp-caption aligncenter\"><img aria-describedby=\"caption-attachment-146240\" decoding=\"async\" loading=\"lazy\" class=\"size-full wp-image-146240\" src=\"https:\/\/www.uv.mx\/prensa\/files\/2024\/08\/230824-COUTTOLENC-Investigaciones-Antropologia-Historica-3-100k.jpg\" alt=\"\" width=\"722\" height=\"476\" srcset=\"https:\/\/www.uv.mx\/prensa\/files\/2024\/08\/230824-COUTTOLENC-Investigaciones-Antropologia-Historica-3-100k.jpg 722w, https:\/\/www.uv.mx\/prensa\/files\/2024\/08\/230824-COUTTOLENC-Investigaciones-Antropologia-Historica-3-100k-300x198.jpg 300w\" sizes=\"(max-width: 722px) 100vw, 722px\" \/><p id=\"caption-attachment-146240\" class=\"wp-caption-text\">La corporeidad m\u00e9dica en la medicina tradicional, es el tema de investigaci\u00f3n de Mar\u00eda Guadalupe Jim\u00e9nez Conde<\/p><\/div>\n<p>&nbsp;<\/p>\n<p><span data-contrast=\"auto\">En su trabajo menciona que en el campo de la medicina tradicional existen estudios que documentan la corporeidad de los pacientes, remedios y enfermedades, pero el cuerpo del m\u00e9dico tradicional no ha sido analizado e investigado lo suficiente para conocer las afecciones que su trabajo les puede dejar.<\/span><span data-ccp-props=\"{&quot;201341983&quot;:0,&quot;335559731&quot;:708,&quot;335559739&quot;:0,&quot;335559740&quot;:240}\">\u00a0<\/span><\/p>\n<p><span data-contrast=\"auto\">Refiri\u00f3 que en la Licenciatura en Antropolog\u00eda Hist\u00f3rica no existe trabajo alguno que aborde el tema, por lo que espera que su investigaci\u00f3n nutra el campo de la medicina tradicional, dado que el empleo de m\u00e9todos, pr\u00e1cticas y dem\u00e1s elementos implicados en las curaciones afectan al m\u00e9dico tradicional, quien an\u00edmica y f\u00edsicamente se enferma por curar y sanar a otros.<\/span><span data-ccp-props=\"{&quot;201341983&quot;:0,&quot;335559731&quot;:708,&quot;335559739&quot;:0,&quot;335559740&quot;:240}\">\u00a0<\/span><\/p>\n<p><span data-contrast=\"auto\">En la modalidad de trabajo pr\u00e1ctico cient\u00edfico, Pamela Argelia V\u00e9lez Montiel elabor\u00f3 un documental titulado \u201cC\u00e1ntaros de agua. El conocimiento al servicio de la comunidad\u201d.<\/span><span data-ccp-props=\"{&quot;201341983&quot;:0,&quot;335559731&quot;:708,&quot;335559739&quot;:0,&quot;335559740&quot;:240}\">\u00a0<\/span><\/p>\n<p>&nbsp;<\/p>\n<div id=\"attachment_146241\" style=\"width: 732px\" class=\"wp-caption aligncenter\"><img aria-describedby=\"caption-attachment-146241\" decoding=\"async\" loading=\"lazy\" class=\"size-full wp-image-146241\" src=\"https:\/\/www.uv.mx\/prensa\/files\/2024\/08\/230824-COUTTOLENC-Investigaciones-Antropologia-Historica-4-100k.jpg\" alt=\"\" width=\"722\" height=\"456\" srcset=\"https:\/\/www.uv.mx\/prensa\/files\/2024\/08\/230824-COUTTOLENC-Investigaciones-Antropologia-Historica-4-100k.jpg 722w, https:\/\/www.uv.mx\/prensa\/files\/2024\/08\/230824-COUTTOLENC-Investigaciones-Antropologia-Historica-4-100k-300x189.jpg 300w, https:\/\/www.uv.mx\/prensa\/files\/2024\/08\/230824-COUTTOLENC-Investigaciones-Antropologia-Historica-4-100k-200x125.jpg 200w\" sizes=\"(max-width: 722px) 100vw, 722px\" \/><p id=\"caption-attachment-146241\" class=\"wp-caption-text\">Pamela Argelia V\u00e9lez Montiel elabor\u00f3 el documental \u201cCantaros de agua. El conocimiento al servicio de la comunidad\u201d<\/p><\/div>\n<p>&nbsp;<\/p>\n<p><span data-contrast=\"auto\">Precis\u00f3 que su trabajo lo gestion\u00f3 ante el Programa de Acciones Culturales Multiling\u00fces y Comunitarias, que tiene como prop\u00f3sito contribuir a salvaguardar el patrimonio cultural de elaboraci\u00f3n de artesan\u00edas como el c\u00e1ntaro para agua con t\u00e9cnicas prehisp\u00e1nicas, en la comunidad de Santa Ana Otzolotepec, municipio de Huehuetl\u00e1n el Grande, Puebla.<\/span><span data-ccp-props=\"{&quot;201341983&quot;:0,&quot;335559731&quot;:708,&quot;335559739&quot;:0,&quot;335559740&quot;:240}\">\u00a0<\/span><\/p>\n<p><span data-contrast=\"auto\">Manifest\u00f3 que la antropolog\u00eda hist\u00f3rica ayuda al rescate e implementaci\u00f3n de pol\u00edticas culturales que en algunos casos se encuentran abandonadas en el pa\u00eds; \u201cpor ello, mi documental est\u00e1 enfocado a la preservaci\u00f3n de ese patrimonio cultural y del oficio que est\u00e1 en riesgo de desaparecer\u201d, indic\u00f3 la joven universitaria.<\/span><span data-ccp-props=\"{&quot;201341983&quot;:0,&quot;335559731&quot;:708,&quot;335559739&quot;:0,&quot;335559740&quot;:240}\">\u00a0<\/span><\/p>\n<p><span data-contrast=\"auto\">Precis\u00f3 que la disminuci\u00f3n de esta actividad, la elaboraci\u00f3n de c\u00e1ntaros, como patrimonio cultural se debe a factores como la migraci\u00f3n, uso de pl\u00e1stico y potabilizaci\u00f3n.<\/span><span data-ccp-props=\"{&quot;201341983&quot;:0,&quot;335559731&quot;:708,&quot;335559739&quot;:0,&quot;335559740&quot;:240}\">\u00a0<\/span><\/p>\n<p>&nbsp;<\/p>\n<div id=\"attachment_146238\" style=\"width: 732px\" class=\"wp-caption aligncenter\"><img aria-describedby=\"caption-attachment-146238\" decoding=\"async\" loading=\"lazy\" class=\"size-full wp-image-146238\" src=\"https:\/\/www.uv.mx\/prensa\/files\/2024\/08\/230824-COUTTOLENC-Investigaciones-Antropologia-Historica-1-ok-100k.jpg\" alt=\"\" width=\"722\" height=\"481\" \/><p id=\"caption-attachment-146238\" class=\"wp-caption-text\">Jos\u00e9 Carlos L\u00f3pez L\u00f3pez dio a conocer la \u201cJornada de presentaci\u00f3n de protocolos de experiencia recepcional\u201d en Antropolog\u00eda Hist\u00f3rica<\/p><\/div>\n","protected":false},"excerpt":{"rendered":"<p>Este ejercicio les da seguridad para mostrar ante el p\u00fablico c\u00f3mo aplican los conocimientos adquiridos en el aula\u00a0<\/p>\n","protected":false},"author":2349,"featured_media":146407,"comment_status":"closed","ping_status":"closed","sticky":false,"template":"","format":"standard","meta":[],"categories":[15423,1,8445,61],"tags":[18464,10088,12224,18463,3450,4162,16701,8550,6462,9393,18466,10885,1691,18465,18462,63],"_links":{"self":[{"href":"https:\/\/www.uv.mx\/prensa\/wp-json\/wp\/v2\/posts\/146406"}],"collection":[{"href":"https:\/\/www.uv.mx\/prensa\/wp-json\/wp\/v2\/posts"}],"about":[{"href":"https:\/\/www.uv.mx\/prensa\/wp-json\/wp\/v2\/types\/post"}],"author":[{"embeddable":true,"href":"https:\/\/www.uv.mx\/prensa\/wp-json\/wp\/v2\/users\/2349"}],"replies":[{"embeddable":true,"href":"https:\/\/www.uv.mx\/prensa\/wp-json\/wp\/v2\/comments?post=146406"}],"version-history":[{"count":1,"href":"https:\/\/www.uv.mx\/prensa\/wp-json\/wp\/v2\/posts\/146406\/revisions"}],"predecessor-version":[{"id":146413,"href":"https:\/\/www.uv.mx\/prensa\/wp-json\/wp\/v2\/posts\/146406\/revisions\/146413"}],"wp:featuredmedia":[{"embeddable":true,"href":"https:\/\/www.uv.mx\/prensa\/wp-json\/wp\/v2\/media\/146407"}],"wp:attachment":[{"href":"https:\/\/www.uv.mx\/prensa\/wp-json\/wp\/v2\/media?parent=146406"}],"wp:term":[{"taxonomy":"category","embeddable":true,"href":"https:\/\/www.uv.mx\/prensa\/wp-json\/wp\/v2\/categories?post=146406"},{"taxonomy":"post_tag","embeddable":true,"href":"https:\/\/www.uv.mx\/prensa\/wp-json\/wp\/v2\/tags?post=146406"}],"curies":[{"name":"wp","href":"https:\/\/api.w.org\/{rel}","templated":true}]}}