{"id":146437,"date":"2024-08-28T23:03:42","date_gmt":"2024-08-29T04:03:42","guid":{"rendered":"https:\/\/www.uv.mx\/prensa\/?p=146437"},"modified":"2024-08-28T23:03:42","modified_gmt":"2024-08-29T04:03:42","slug":"uv-conmemoro-centenario-luctuoso-de-los-martires-del-28-de-agosto","status":"publish","type":"post","link":"https:\/\/www.uv.mx\/prensa\/eventos\/uv-conmemoro-centenario-luctuoso-de-los-martires-del-28-de-agosto\/","title":{"rendered":"UV conmemor\u00f3 centenario luctuoso de los m\u00e1rtires del 28 de agosto"},"content":{"rendered":"<ul>\n<li data-leveltext=\"\uf0b7\" data-font=\"Symbol\" data-listid=\"1\" data-list-defn-props=\"{&quot;335552541&quot;:1,&quot;335559685&quot;:720,&quot;335559991&quot;:360,&quot;469769226&quot;:&quot;Symbol&quot;,&quot;469769242&quot;:[8226],&quot;469777803&quot;:&quot;left&quot;,&quot;469777804&quot;:&quot;\uf0b7&quot;,&quot;469777815&quot;:&quot;hybridMultilevel&quot;}\" data-aria-posinset=\"1\" data-aria-level=\"1\"><i><span data-contrast=\"auto\">El rector Martin Aguilar dijo que es momento para reexaminar el papel de los derechos laborales y derechos humanos<\/span><\/i><span data-ccp-props=\"{&quot;201341983&quot;:0,&quot;335559739&quot;:0,&quot;335559740&quot;:240}\">\u00a0<\/span><\/li>\n<\/ul>\n<ul>\n<li data-leveltext=\"\uf0b7\" data-font=\"Symbol\" data-listid=\"1\" data-list-defn-props=\"{&quot;335552541&quot;:1,&quot;335559685&quot;:720,&quot;335559991&quot;:360,&quot;469769226&quot;:&quot;Symbol&quot;,&quot;469769242&quot;:[8226],&quot;469777803&quot;:&quot;left&quot;,&quot;469777804&quot;:&quot;\uf0b7&quot;,&quot;469777815&quot;:&quot;hybridMultilevel&quot;}\" data-aria-posinset=\"2\" data-aria-level=\"1\"><i><span data-contrast=\"auto\">Autoridades universitarias y comunidad del barrio de San Bruno develaron placa conmemorativa, la cual permanecer\u00e1 en la Unidad Acad\u00e9mica de Humanidades<\/span><\/i><span data-ccp-props=\"{&quot;201341983&quot;:0,&quot;335559739&quot;:0,&quot;335559740&quot;:240}\">\u00a0<\/span><\/li>\n<\/ul>\n<p><span data-ccp-props=\"{&quot;201341983&quot;:0,&quot;335559739&quot;:0,&quot;335559740&quot;:240}\">\u00a0<\/span><\/p>\n<div id=\"attachment_146429\" style=\"width: 732px\" class=\"wp-caption aligncenter\"><img aria-describedby=\"caption-attachment-146429\" decoding=\"async\" loading=\"lazy\" class=\"size-full wp-image-146429\" src=\"https:\/\/www.uv.mx\/prensa\/files\/2024\/08\/280824-PAOLA-Centenario-exfabrica-1-100k.jpg\" alt=\"Autoridades universitarias y habitantes del barrio de San Bruno develaron la placa conmemorativa del centenario luctuoso\" width=\"722\" height=\"482\" srcset=\"https:\/\/www.uv.mx\/prensa\/files\/2024\/08\/280824-PAOLA-Centenario-exfabrica-1-100k.jpg 722w, https:\/\/www.uv.mx\/prensa\/files\/2024\/08\/280824-PAOLA-Centenario-exfabrica-1-100k-300x200.jpg 300w\" sizes=\"(max-width: 722px) 100vw, 722px\" \/><p id=\"caption-attachment-146429\" class=\"wp-caption-text\">Autoridades universitarias y habitantes del barrio de San Bruno develaron la placa conmemorativa del centenario luctuoso<\/p><\/div>\n<p>&nbsp;<\/p>\n<p><b><i><span data-contrast=\"auto\">Paola Cort\u00e9s P\u00e9rez<\/span><\/i><\/b><span data-ccp-props=\"{&quot;201341983&quot;:0,&quot;335559739&quot;:0,&quot;335559740&quot;:240}\">\u00a0<\/span><\/p>\n<p><b><i><span data-contrast=\"auto\">Fotos: C\u00e9sar Pisil Ramos<\/span><\/i><\/b><\/p>\n<p><b><i><span data-contrast=\"auto\">28\/08\/2024, Xalapa, Ver.-<\/span><\/i><\/b><span data-contrast=\"auto\"> La Universidad Veracruzana (UV) devel\u00f3 placa en honor y memoria de los 12 m\u00e1rtires del 28 de agosto de 1924, obreros de la entonces f\u00e1brica textil del barrio de San Bruno, quienes perdieron la vida al exigir y luchar por mejores condiciones laborales, la justicia social y la dignidad humana.<\/span><span data-ccp-props=\"{&quot;201341983&quot;:0,&quot;335559739&quot;:0,&quot;335559740&quot;:240}\">\u00a0<\/span><\/p>\n<p><span data-contrast=\"auto\">La ceremonia conmemorativa del centenario luctuoso se llev\u00f3 a cabo en el espacio donde se ubicaba la f\u00e1brica y fue encabezada por el rector de la UV, Martin Aguilar S\u00e1nchez, en presencia de Julio C\u00e9sar de Jes\u00fas V\u00e1zquez, presidente de la Asociaci\u00f3n de colonos del barrio de San Bruno, e Ignacio Lara Hern\u00e1ndez, cronista del lugar, y acompa\u00f1ado de los titulares de las Secretar\u00edas Acad\u00e9mica, Administraci\u00f3n y Finanzas, y Desarrollo Institucional: Juan Ortiz Escamilla, Lizbeth Viveros Cancino y Jaqueline Jongitud Zamora.<\/span><span data-ccp-props=\"{&quot;201341983&quot;:0,&quot;335559731&quot;:708,&quot;335559739&quot;:0,&quot;335559740&quot;:240}\">\u00a0<\/span><\/p>\n<p><span data-contrast=\"auto\">Mart\u00edn Aguilar mencion\u00f3 que la historia del movimiento obrero<\/span> <span data-contrast=\"auto\">es la historia de la conquista de un campo de lucha social y pol\u00edtico, as\u00ed como de la articulaci\u00f3n de una forma de resistencia viva, directa y pr\u00e1ctica, de las trayectorias laborales, las potencialidades y las econom\u00edas de los trabajadores y trabajadoras de ayer y de hoy.<\/span><\/p>\n<div id=\"attachment_146430\" style=\"width: 732px\" class=\"wp-caption aligncenter\"><img aria-describedby=\"caption-attachment-146430\" decoding=\"async\" loading=\"lazy\" class=\"size-full wp-image-146430\" src=\"https:\/\/www.uv.mx\/prensa\/files\/2024\/08\/280824-PAOLA-Centenario-exfabrica-2-100k.jpg\" alt=\"Mart\u00edn Aguilar que es momento para reexaminar el papel de los derechos laborales y humanos\" width=\"722\" height=\"481\" srcset=\"https:\/\/www.uv.mx\/prensa\/files\/2024\/08\/280824-PAOLA-Centenario-exfabrica-2-100k.jpg 722w, https:\/\/www.uv.mx\/prensa\/files\/2024\/08\/280824-PAOLA-Centenario-exfabrica-2-100k-300x200.jpg 300w\" sizes=\"(max-width: 722px) 100vw, 722px\" \/><p id=\"caption-attachment-146430\" class=\"wp-caption-text\">Mart\u00edn Aguilar que es momento para reexaminar el papel de los derechos laborales y humanos<\/p><\/div>\n<p>&nbsp;<\/p>\n<p><span data-contrast=\"auto\">\u201cEn esa historia, la ex f\u00e1brica de San Bruno desempe\u00f1\u00f3 un lugar clave de donde emergieron nuevas formas de interrogarse por la pol\u00edtica de emancipaci\u00f3n y, como dijo Jos\u00e9 Revueltas en <\/span><i><span data-contrast=\"auto\">Los d\u00edas terrenales<\/span><\/i><span data-contrast=\"auto\">, \u2018fue una comunidad de trabajadores que se atrevi\u00f3 a alzar la voz y luchar por su libertad\u2019\u201d.<\/span><span data-ccp-props=\"{&quot;201341983&quot;:0,&quot;335559731&quot;:708,&quot;335559739&quot;:0,&quot;335559740&quot;:240}\">\u00a0<\/span><\/p>\n<p><span data-contrast=\"auto\">\u201dLos tr\u00e1gicos eventos ocurridos en este lugar hace 100 a\u00f1os fueron sin duda un crimen artero, un sacrificio in\u00fatil e injustificable, un acto de terrorismo de Estado, contra un movimiento obrero que, adoptando posiciones y manifestaciones radicales, nunca emple\u00f3 m\u00e9todos violentos.\u201d<\/span><span data-ccp-props=\"{&quot;201341983&quot;:0,&quot;335559731&quot;:708,&quot;335559739&quot;:0,&quot;335559740&quot;:240}\">\u00a0<\/span><\/p>\n<p><span data-contrast=\"auto\">La UV, apunt\u00f3, se suma a la conmemoraci\u00f3n de esta fecha hist\u00f3rica, no s\u00f3lo al recordar la atrocidad que le cost\u00f3 la vida a Honorio Rodr\u00edguez, Francisco Moreno, Jos\u00e9 Mar\u00eda Hern\u00e1ndez, Ignacio Viveros, Isidoro Avenda\u00f1o, Manuel Hern\u00e1ndez, Amador Ram\u00edrez, Ezequiel Alatriste, Isauro S\u00e1nchez, Alberto Calder\u00f3n, Her\u00f3n P\u00e9rez y Fidencio Oca\u00f1a; sino tambi\u00e9n al legado democr\u00e1tico, al aporte y dimensi\u00f3n que le brindaron a la ciudad de Xalapa una vocaci\u00f3n combativa de movilizaciones de protesta y de un ideario libertario.<\/span><\/p>\n<div id=\"attachment_146431\" style=\"width: 732px\" class=\"wp-caption aligncenter\"><img aria-describedby=\"caption-attachment-146431\" decoding=\"async\" loading=\"lazy\" class=\"size-full wp-image-146431\" src=\"https:\/\/www.uv.mx\/prensa\/files\/2024\/08\/280824-PAOLA-Centenario-exfabrica-3-100k.jpg\" alt=\"Ignacio Lara coment\u00f3 que este suceso marc\u00f3 para siempre la identidad y esp\u00edritu colectivo del barrio y de Xalapa\" width=\"722\" height=\"482\" srcset=\"https:\/\/www.uv.mx\/prensa\/files\/2024\/08\/280824-PAOLA-Centenario-exfabrica-3-100k.jpg 722w, https:\/\/www.uv.mx\/prensa\/files\/2024\/08\/280824-PAOLA-Centenario-exfabrica-3-100k-300x200.jpg 300w\" sizes=\"(max-width: 722px) 100vw, 722px\" \/><p id=\"caption-attachment-146431\" class=\"wp-caption-text\">Ignacio Lara coment\u00f3 que este suceso marc\u00f3 para siempre la identidad y esp\u00edritu colectivo del barrio y de Xalapa<\/p><\/div>\n<p>&nbsp;<\/p>\n<p><span data-contrast=\"auto\">\u201cPensamos que recapacitar sobre estas experiencias es una oportunidad para reexaminar el papel de los derechos laborales y humanos en los anhelos de transformaci\u00f3n hacia sociedades m\u00e1s vivibles y m\u00e1s justas; y consideramos importante celebrar el fuerte legado hist\u00f3rico del barrio de San Bruno, que ha acogido con los brazos abiertos a la Unidad Acad\u00e9mica de Humanidades (UAH) de nuestra casa de estudios desde hace casi cinco d\u00e9cadas.\u201d<\/span><span data-ccp-props=\"{&quot;201341983&quot;:0,&quot;335559731&quot;:708,&quot;335559739&quot;:0,&quot;335559740&quot;:240}\">\u00a0<\/span><\/p>\n<p><span data-contrast=\"auto\">La placa conmemorativa fue develada por el Rector de la UV y la comunidad de San Bruno; estar\u00e1 bajo resguardo de la UAH dadas las condiciones f\u00edsicas que en la actualidad tiene el inmueble donde se ubic\u00f3 la f\u00e1brica. En la entrada se coloc\u00f3 el peri\u00f3dico mural \u201cEl Barrio de San Bruno: su f\u00e1brica, sus luchas, su identidad\u201d.<\/span><span data-ccp-props=\"{&quot;201341983&quot;:0,&quot;335559731&quot;:708,&quot;335559739&quot;:0,&quot;335559740&quot;:240}\">\u00a0<\/span><\/p>\n<p><span data-contrast=\"auto\">Julio C\u00e9sar de Jes\u00fas dijo que en este espacio \u2013donde se hicieron telas\u2013 se teje un c\u00edrculo y una fraternidad de todos nosotros como sociedad, al salvaguardar estos espacios con fines deportivos y culturales.<\/span><\/p>\n<div id=\"attachment_146432\" style=\"width: 732px\" class=\"wp-caption aligncenter\"><img aria-describedby=\"caption-attachment-146432\" decoding=\"async\" loading=\"lazy\" class=\"size-full wp-image-146432\" src=\"https:\/\/www.uv.mx\/prensa\/files\/2024\/08\/280824-PAOLA-Centenario-exfabrica-4-100k.jpg\" alt=\"Dora S\u00e1nchez Hidalgo, investigadora del IIH-S, dio lectura a la rese\u00f1a hist\u00f3rica sobre el suceso\" width=\"722\" height=\"482\" srcset=\"https:\/\/www.uv.mx\/prensa\/files\/2024\/08\/280824-PAOLA-Centenario-exfabrica-4-100k.jpg 722w, https:\/\/www.uv.mx\/prensa\/files\/2024\/08\/280824-PAOLA-Centenario-exfabrica-4-100k-300x200.jpg 300w\" sizes=\"(max-width: 722px) 100vw, 722px\" \/><p id=\"caption-attachment-146432\" class=\"wp-caption-text\">Dora S\u00e1nchez Hidalgo, investigadora del IIH-S, dio lectura a la rese\u00f1a hist\u00f3rica sobre el suceso<\/p><\/div>\n<p>&nbsp;<\/p>\n<p><span data-contrast=\"auto\">El cronista Ignacio Lara coment\u00f3 que este suceso marc\u00f3 para siempre la identidad y esp\u00edritu colectivo no s\u00f3lo del barrio, tambi\u00e9n de la ciudad de Xalapa, \u201choy a 100 a\u00f1os de esa masacre pueden decir con orgullo que San Bruno recuerda, honra y act\u00faa para que sus tradiciones no sean simples recuerdos, sino parte viva de su identidad\u201d.<\/span><span data-ccp-props=\"{&quot;201341983&quot;:0,&quot;335559731&quot;:708,&quot;335559739&quot;:0,&quot;335559740&quot;:240}\">\u00a0<\/span><\/p>\n<p><span data-contrast=\"auto\">Sus nombres y su legado, agreg\u00f3, \u201cresuenan hoy m\u00e1s que nunca record\u00e1ndonos la fuerza y la perseverancia que ha forjado nuestra comunidad. Estos obreros donaron un terreno para construir lo que ahora es nuestra querida escuela que se alza como un faro de conocimiento, que desde hace m\u00e1s de nueve d\u00e9cadas es testigo y heredera de esa lucha incansable.\u201d<\/span><span data-ccp-props=\"{&quot;201341983&quot;:0,&quot;335559731&quot;:708,&quot;335559739&quot;:0,&quot;335559740&quot;:240}\">\u00a0<\/span><\/p>\n<p><span data-contrast=\"auto\">Dora Cecilia S\u00e1nchez Hidalgo, investigadora del Instituto de Investigaciones Hist\u00f3rico-Sociales, comparti\u00f3 una rese\u00f1a hist\u00f3rica y una reflexi\u00f3n sobre la trascendencia de este terrible evento hist\u00f3rico que marc\u00f3 el devenir de las luchas obreras de la primera mitad del siglo XX y su relaci\u00f3n con la capital del estado.<\/span><\/p>\n<div id=\"attachment_146433\" style=\"width: 732px\" class=\"wp-caption aligncenter\"><img aria-describedby=\"caption-attachment-146433\" decoding=\"async\" loading=\"lazy\" class=\"size-full wp-image-146433\" src=\"https:\/\/www.uv.mx\/prensa\/files\/2024\/08\/280824-PAOLA-Centenario-exfabrica-5-100k.jpg\" alt=\"El Coro de la UV interpret\u00f3 en dos ocasiones el Himno a los M\u00e1rtires del 28 de agosto de 1924\" width=\"722\" height=\"482\" srcset=\"https:\/\/www.uv.mx\/prensa\/files\/2024\/08\/280824-PAOLA-Centenario-exfabrica-5-100k.jpg 722w, https:\/\/www.uv.mx\/prensa\/files\/2024\/08\/280824-PAOLA-Centenario-exfabrica-5-100k-300x200.jpg 300w\" sizes=\"(max-width: 722px) 100vw, 722px\" \/><p id=\"caption-attachment-146433\" class=\"wp-caption-text\">El Coro de la UV interpret\u00f3 en dos ocasiones el Himno a los M\u00e1rtires del 28 de agosto de 1924<\/p><\/div>\n<p>&nbsp;<\/p>\n<p><span data-contrast=\"auto\">\u201cEs necesario enfatizar que la huelga de la f\u00e1brica de San Bruno no s\u00f3lo tuvo un impacto inmediato en las condiciones laborales dentro de la f\u00e1brica, tambi\u00e9n sent\u00f3 un precedente para futuras luchas laborales en M\u00e9xico, contribuy\u00f3 a la eventual promulgaci\u00f3n de leyes laborales m\u00e1s equitativas y al fortalecimiento del movimiento sindical\u201d.<\/span><span data-ccp-props=\"{&quot;201341983&quot;:0,&quot;335559731&quot;:708,&quot;335559739&quot;:0,&quot;335559740&quot;:240}\">\u00a0<\/span><\/p>\n<p><span data-contrast=\"auto\">\u00a0Tambi\u00e9n plante\u00f3 importantes preguntas sobre la responsabilidad de los empresarios y el papel del Estado en la protecci\u00f3n de los derechos de los trabajadores.<\/span><span data-ccp-props=\"{&quot;201341983&quot;:0,&quot;335559731&quot;:708,&quot;335559739&quot;:0,&quot;335559740&quot;:240}\">\u00a0<\/span><\/p>\n<p><span data-contrast=\"auto\">\u201cHoy al recordar este evento hist\u00f3rico no s\u00f3lo celebramos el coraje y la determinaci\u00f3n de aquellos trabajadores que se levantaron en busca de justicia; tambi\u00e9n reflexionamos sobre su significado de esta lucha en el presente con la f\u00e1brica de San Bruno, que durante d\u00e9cadas fue s\u00edmbolo de la lucha por los derechos laborales.\u201d<\/span><\/p>\n<div id=\"attachment_146434\" style=\"width: 732px\" class=\"wp-caption aligncenter\"><img aria-describedby=\"caption-attachment-146434\" decoding=\"async\" loading=\"lazy\" class=\"size-full wp-image-146434\" src=\"https:\/\/www.uv.mx\/prensa\/files\/2024\/08\/280824-PAOLA-Centenario-exfabrica-6-100k.jpg\" alt=\"A la ceremonia asistieron directivos de \u00e1reas acad\u00e9micas y administrativas, comunidad de la Unidad Acad\u00e9mica de Humanidades y del barrio\" width=\"722\" height=\"481\" srcset=\"https:\/\/www.uv.mx\/prensa\/files\/2024\/08\/280824-PAOLA-Centenario-exfabrica-6-100k.jpg 722w, https:\/\/www.uv.mx\/prensa\/files\/2024\/08\/280824-PAOLA-Centenario-exfabrica-6-100k-300x200.jpg 300w\" sizes=\"(max-width: 722px) 100vw, 722px\" \/><p id=\"caption-attachment-146434\" class=\"wp-caption-text\">A la ceremonia asistieron directivos de \u00e1reas acad\u00e9micas y administrativas, comunidad de la Unidad Acad\u00e9mica de Humanidades y del barrio<\/p><\/div>\n<p>&nbsp;<\/p>\n<p><span data-contrast=\"auto\">La conmemoraci\u00f3n concluy\u00f3 con la presentaci\u00f3n art\u00edstica del Coro de la UV, cuyos integrantes interpretaron en dos ocasiones el Himno a los M\u00e1rtires del 28 de agosto de 1924.<\/span><span data-ccp-props=\"{&quot;201341983&quot;:0,&quot;335559731&quot;:708,&quot;335559739&quot;:0,&quot;335559740&quot;:240}\">\u00a0<\/span><\/p>\n","protected":false},"excerpt":{"rendered":"<p>Dora S\u00e1nchez Hidalgo, investigadora del IIH-S, dio lectura a la rese\u00f1a sobre el hecho hist\u00f3rico suscitado en la ciudad de Xalapa en 1924<\/p>\n","protected":false},"author":1775,"featured_media":146435,"comment_status":"closed","ping_status":"closed","sticky":false,"template":"","format":"standard","meta":[],"categories":[47,61,5174],"tags":[18482,3379,6263,9807,3601,18485,18484,18483,18481,4164,17653,18486,13649],"_links":{"self":[{"href":"https:\/\/www.uv.mx\/prensa\/wp-json\/wp\/v2\/posts\/146437"}],"collection":[{"href":"https:\/\/www.uv.mx\/prensa\/wp-json\/wp\/v2\/posts"}],"about":[{"href":"https:\/\/www.uv.mx\/prensa\/wp-json\/wp\/v2\/types\/post"}],"author":[{"embeddable":true,"href":"https:\/\/www.uv.mx\/prensa\/wp-json\/wp\/v2\/users\/1775"}],"replies":[{"embeddable":true,"href":"https:\/\/www.uv.mx\/prensa\/wp-json\/wp\/v2\/comments?post=146437"}],"version-history":[{"count":1,"href":"https:\/\/www.uv.mx\/prensa\/wp-json\/wp\/v2\/posts\/146437\/revisions"}],"predecessor-version":[{"id":146438,"href":"https:\/\/www.uv.mx\/prensa\/wp-json\/wp\/v2\/posts\/146437\/revisions\/146438"}],"wp:featuredmedia":[{"embeddable":true,"href":"https:\/\/www.uv.mx\/prensa\/wp-json\/wp\/v2\/media\/146435"}],"wp:attachment":[{"href":"https:\/\/www.uv.mx\/prensa\/wp-json\/wp\/v2\/media?parent=146437"}],"wp:term":[{"taxonomy":"category","embeddable":true,"href":"https:\/\/www.uv.mx\/prensa\/wp-json\/wp\/v2\/categories?post=146437"},{"taxonomy":"post_tag","embeddable":true,"href":"https:\/\/www.uv.mx\/prensa\/wp-json\/wp\/v2\/tags?post=146437"}],"curies":[{"name":"wp","href":"https:\/\/api.w.org\/{rel}","templated":true}]}}