{"id":146503,"date":"2024-08-30T12:10:02","date_gmt":"2024-08-30T17:10:02","guid":{"rendered":"https:\/\/www.uv.mx\/prensa\/?p=146503"},"modified":"2024-08-30T12:10:02","modified_gmt":"2024-08-30T17:10:02","slug":"uv-impulsa-puertas-abiertas-al-arte-ciencia-luz","status":"publish","type":"post","link":"https:\/\/www.uv.mx\/prensa\/ciencia\/uv-impulsa-puertas-abiertas-al-arte-ciencia-luz\/","title":{"rendered":"UV impulsa \u201cPuertas abiertas al Arte, Ciencia, Luz\u201d"},"content":{"rendered":"<ul>\n<li data-leveltext=\"\uf0b7\" data-font=\"Symbol\" data-listid=\"1\" data-list-defn-props=\"{&quot;335552541&quot;:1,&quot;335559685&quot;:720,&quot;335559991&quot;:360,&quot;469769226&quot;:&quot;Symbol&quot;,&quot;469769242&quot;:[8226],&quot;469777803&quot;:&quot;left&quot;,&quot;469777804&quot;:&quot;\uf0b7&quot;,&quot;469777815&quot;:&quot;hybridMultilevel&quot;}\" data-aria-posinset=\"1\" data-aria-level=\"1\"><i><span data-contrast=\"auto\">En el marco de la C\u00e1tedra Mujeres en la Ciencia y la Tecnolog\u00eda, y el 80 aniversario de esta casa de estudios<\/span><\/i><span data-ccp-props=\"{&quot;201341983&quot;:0,&quot;335559739&quot;:0,&quot;335559740&quot;:240}\">\u00a0<\/span><\/li>\n<\/ul>\n<ul>\n<li data-leveltext=\"\uf0b7\" data-font=\"Symbol\" data-listid=\"1\" data-list-defn-props=\"{&quot;335552541&quot;:1,&quot;335559685&quot;:720,&quot;335559991&quot;:360,&quot;469769226&quot;:&quot;Symbol&quot;,&quot;469769242&quot;:[8226],&quot;469777803&quot;:&quot;left&quot;,&quot;469777804&quot;:&quot;\uf0b7&quot;,&quot;469777815&quot;:&quot;hybridMultilevel&quot;}\" data-aria-posinset=\"2\" data-aria-level=\"1\"><i><span data-contrast=\"auto\">Se desarrolla en entidades e institutos de investigaci\u00f3n y e<\/span><\/i><i><span data-contrast=\"auto\">st\u00e1 dirigida a la comunidad universitaria y p\u00fablico en general<\/span><\/i><span data-ccp-props=\"{&quot;201341983&quot;:0,&quot;335559739&quot;:0,&quot;335559740&quot;:240}\">\u00a0<\/span><\/li>\n<\/ul>\n<p><span data-ccp-props=\"{&quot;201341983&quot;:0,&quot;335559739&quot;:0,&quot;335559740&quot;:240}\">\u00a0<\/span><\/p>\n<div id=\"attachment_146391\" style=\"width: 732px\" class=\"wp-caption aligncenter\"><img aria-describedby=\"caption-attachment-146391\" decoding=\"async\" loading=\"lazy\" class=\"size-full wp-image-146391\" src=\"https:\/\/www.uv.mx\/prensa\/files\/2024\/08\/270824-PUERTAS-ABIERTAS-IIB-1-100k.jpg\" alt=\"\" width=\"722\" height=\"482\" srcset=\"https:\/\/www.uv.mx\/prensa\/files\/2024\/08\/270824-PUERTAS-ABIERTAS-IIB-1-100k.jpg 722w, https:\/\/www.uv.mx\/prensa\/files\/2024\/08\/270824-PUERTAS-ABIERTAS-IIB-1-100k-300x200.jpg 300w\" sizes=\"(max-width: 722px) 100vw, 722px\" \/><p id=\"caption-attachment-146391\" class=\"wp-caption-text\">En el IIB-UV se realiz\u00f3 la iniciativa \u201cPuertas abiertas al Arte, Ciencia, Luz\u201d, de la C\u00e1tedra Mujeres en la Ciencia y la Tecnolog\u00eda<\/p><\/div>\n<p><span data-ccp-props=\"{&quot;201341983&quot;:0,&quot;335559739&quot;:0,&quot;335559740&quot;:240}\">\u00a0<\/span><\/p>\n<p><b><i><span data-contrast=\"auto\">Claudia Peralta V\u00e1zquez<\/span><\/i><\/b><span data-ccp-props=\"{&quot;201341983&quot;:0,&quot;335559739&quot;:0,&quot;335559740&quot;:240}\">\u00a0<\/span><\/p>\n<p><b><i><span data-contrast=\"auto\">Fotos: C\u00e9sar Pisil Ramos<\/span><\/i><\/b><span data-ccp-props=\"{&quot;201341983&quot;:0,&quot;335559739&quot;:0,&quot;335559740&quot;:240}\">\u00a0<\/span><\/p>\n<p><span data-ccp-props=\"{&quot;201341983&quot;:0,&quot;335559739&quot;:0,&quot;335559740&quot;:240}\">\u00a0<\/span><\/p>\n<p><b><i><span data-contrast=\"auto\">30\/08\/2024, Xalapa, Ver.- <\/span><\/i><\/b><span data-contrast=\"auto\">La Universidad Veracruzana (UV), en el marco de su 80 aniversario y de la agenda de la C\u00e1tedra Mujeres en la Ciencia y la Tecnolog\u00eda, desarrolla la iniciativa \u201cPuertas abiertas al Arte, Ciencia, Luz\u201d, con el objetivo de brindar a la comunidad universitaria y al p\u00fablico en general actividades culturales, art\u00edsticas y cient\u00edficas como: pl\u00e1ticas, talleres, exposiciones y conversatorios.<\/span><span data-ccp-props=\"{&quot;201341983&quot;:0,&quot;335559739&quot;:0,&quot;335559740&quot;:240}\">\u00a0<\/span><\/p>\n<p><span data-contrast=\"auto\">Durante esta semana, dicho evento colaborativo tiene lugar en diversos espacios e institutos de investigaci\u00f3n de esta casa de estudios para visibilizar la labor de las cient\u00edficas y cient\u00edficos UV, mostrando sus l\u00edneas de investigaci\u00f3n, dijo Yareni Perroni Ventura, coordinadora de la C\u00e1tedra Mujeres en la Ciencia y la Tecnolog\u00eda.<\/span><\/p>\n<p>&nbsp;<\/p>\n<div id=\"attachment_146392\" style=\"width: 732px\" class=\"wp-caption aligncenter\"><img aria-describedby=\"caption-attachment-146392\" decoding=\"async\" loading=\"lazy\" class=\"size-full wp-image-146392\" src=\"https:\/\/www.uv.mx\/prensa\/files\/2024\/08\/270824-PUERTAS-ABIERTAS-IIB-2-100k.jpg\" alt=\"\" width=\"722\" height=\"482\" srcset=\"https:\/\/www.uv.mx\/prensa\/files\/2024\/08\/270824-PUERTAS-ABIERTAS-IIB-2-100k.jpg 722w, https:\/\/www.uv.mx\/prensa\/files\/2024\/08\/270824-PUERTAS-ABIERTAS-IIB-2-100k-300x200.jpg 300w\" sizes=\"(max-width: 722px) 100vw, 722px\" \/><p id=\"caption-attachment-146392\" class=\"wp-caption-text\">Estudiantes de nivel medio superior participaron en las actividades implementadas por investigadoras e investigadores<\/p><\/div>\n<p><span data-ccp-props=\"{&quot;201341983&quot;:0,&quot;335559731&quot;:708,&quot;335559739&quot;:0,&quot;335559740&quot;:240}\">\u00a0<\/span><\/p>\n<p><span data-contrast=\"auto\">\u201cEsta c\u00e1tedra tiene el prop\u00f3sito de contribuir con la generaci\u00f3n de espacios acad\u00e9micos y sociales que promueven la visibilidad de cient\u00edficas, tecn\u00f3logas e inventoras mediante la difusi\u00f3n de sus aportaciones.\u201d<\/span><span data-ccp-props=\"{&quot;201341983&quot;:0,&quot;335559731&quot;:708,&quot;335559739&quot;:0,&quot;335559740&quot;:240}\">\u00a0<\/span><\/p>\n<p><span data-contrast=\"auto\">Por tanto, se busca normalizar y visibilizar la presencia de la mujer en estos campos, divulgar y rescatar el legado de las aportaciones de mujeres en la ciencia y la tecnolog\u00eda, el trabajo de acad\u00e9micas y empoderar a j\u00f3venes para participar en licenciaturas y posgrados UV.<\/span><span data-ccp-props=\"{&quot;201341983&quot;:0,&quot;335559731&quot;:708,&quot;335559739&quot;:0,&quot;335559740&quot;:240}\">\u00a0<\/span><\/p>\n<p><span data-contrast=\"auto\">Al poner en marcha esta actividad en el Instituto de Investigaciones Biol\u00f3gicas (IIB), ante investigadoras, investigadores, autoridades, estudiantes y p\u00fablico en general, reconoci\u00f3 el trabajo y la suma de esfuerzos de otras entidades acad\u00e9micas y cient\u00edficas, tal es el caso del Instituto de Biotecnolog\u00eda y Ecolog\u00eda Aplicada (<\/span><i><span data-contrast=\"auto\">Inbioteca<\/span><\/i><span data-contrast=\"auto\">), donde el lunes pasado inici\u00f3 el programa con pl\u00e1ticas, talleres y conversatorios.<\/span><\/p>\n<p>&nbsp;<\/p>\n<div id=\"attachment_146393\" style=\"width: 732px\" class=\"wp-caption aligncenter\"><img aria-describedby=\"caption-attachment-146393\" decoding=\"async\" loading=\"lazy\" class=\"size-full wp-image-146393\" src=\"https:\/\/www.uv.mx\/prensa\/files\/2024\/08\/270824-PUERTAS-ABIERTAS-IIB-3-100k.jpg\" alt=\"\" width=\"722\" height=\"482\" srcset=\"https:\/\/www.uv.mx\/prensa\/files\/2024\/08\/270824-PUERTAS-ABIERTAS-IIB-3-100k.jpg 722w, https:\/\/www.uv.mx\/prensa\/files\/2024\/08\/270824-PUERTAS-ABIERTAS-IIB-3-100k-300x200.jpg 300w\" sizes=\"(max-width: 722px) 100vw, 722px\" \/><p id=\"caption-attachment-146393\" class=\"wp-caption-text\">Una de las pl\u00e1ticas se refiri\u00f3 a las plantas, como aliadas de la ciudad<\/p><\/div>\n<p><span data-ccp-props=\"{&quot;201341983&quot;:0,&quot;335559731&quot;:708,&quot;335559739&quot;:0,&quot;335559740&quot;:240}\">\u00a0<\/span><\/p>\n<p><span data-contrast=\"auto\">Despu\u00e9s del IIB, la estrategia se extender\u00e1 al<\/span> <span data-contrast=\"auto\">Instituto de Investigaciones en Inteligencia Artificial (IIIA), y al Instituto de Antropolog\u00eda, donde, adem\u00e1s, habr\u00e1 acceso al Laboratorio de Arqueolog\u00eda.<\/span><span data-ccp-props=\"{&quot;201341983&quot;:0,&quot;335559731&quot;:708,&quot;335559739&quot;:0,&quot;335559740&quot;:240}\">\u00a0<\/span><\/p>\n<p><span data-contrast=\"auto\">Concluye en el Museo de Antropolog\u00eda de Xalapa (MAX), con programas y acciones de la Direcci\u00f3n General de Investigaciones (DGI).<\/span><span data-ccp-props=\"{&quot;201341983&quot;:0,&quot;335559731&quot;:708,&quot;335559739&quot;:0,&quot;335559740&quot;:240}\">\u00a0<\/span><\/p>\n<p><span data-contrast=\"auto\">Dio a conocer que este \u00faltimo d\u00eda, en la Facultad de Ciencias Qu\u00edmicas (FCQ), de la regi\u00f3n Coatzacoalcos-Minatitl\u00e1n, la comunidad universitaria y sociedad en general tambi\u00e9n podr\u00e1 participar en el programa de \u201cPuertas abiertas al Arte, Ciencia, Luz\u201d.<\/span><\/p>\n<p>&nbsp;<\/p>\n<div id=\"attachment_146394\" style=\"width: 732px\" class=\"wp-caption aligncenter\"><img aria-describedby=\"caption-attachment-146394\" decoding=\"async\" loading=\"lazy\" class=\"size-full wp-image-146394\" src=\"https:\/\/www.uv.mx\/prensa\/files\/2024\/08\/270824-PUERTAS-ABIERTAS-IIB-4-100k.jpg\" alt=\"\" width=\"722\" height=\"482\" srcset=\"https:\/\/www.uv.mx\/prensa\/files\/2024\/08\/270824-PUERTAS-ABIERTAS-IIB-4-100k.jpg 722w, https:\/\/www.uv.mx\/prensa\/files\/2024\/08\/270824-PUERTAS-ABIERTAS-IIB-4-100k-300x200.jpg 300w\" sizes=\"(max-width: 722px) 100vw, 722px\" \/><p id=\"caption-attachment-146394\" class=\"wp-caption-text\">Estudiantes de bachillerato disfrutaron de los talleres impartidos en el IIB<\/p><\/div>\n<p>&nbsp;<\/p>\n<p><span data-contrast=\"auto\">\u201cBuscamos fomentar la vinculaci\u00f3n entre la comunidad universitaria y la sociedad, promover la cultura de paz y la no violencia, impulsar la integraci\u00f3n acad\u00e9mica, incluyendo a nuestros estudiantes\u201d, expres\u00f3 Yareni Perroni.<\/span><span data-ccp-props=\"{&quot;201341983&quot;:0,&quot;335559731&quot;:708,&quot;335559739&quot;:0,&quot;335559740&quot;:240}\">\u00a0<\/span><\/p>\n<p><span data-contrast=\"auto\">Eduardo Morteo Ortiz, director del IIB, dio la bienvenida todos los asistentes y talleristas a este evento de vinculaci\u00f3n con la sociedad. En este instituto, dijo, la mitad del personal acad\u00e9mico son mujeres con amplia trayectoria, experiencia y conocimientos, dispuestas a compartirlo y motivar a las nuevas generaciones.<\/span><span data-ccp-props=\"{&quot;201341983&quot;:0,&quot;335559731&quot;:708,&quot;335559739&quot;:0,&quot;335559740&quot;:240}\">\u00a0<\/span><\/p>\n<p><span data-contrast=\"auto\">\u201cLos que hacemos ciencia b\u00e1sica descubrimos cosas que no son directamente aplicables en la sociedad, pero son muy importantes para el avance de la ciencia y la tecnolog\u00eda.\u201d<\/span><\/p>\n<p>&nbsp;<\/p>\n<div id=\"attachment_146395\" style=\"width: 732px\" class=\"wp-caption aligncenter\"><img aria-describedby=\"caption-attachment-146395\" decoding=\"async\" loading=\"lazy\" class=\"size-full wp-image-146395\" src=\"https:\/\/www.uv.mx\/prensa\/files\/2024\/08\/270824-PUERTAS-ABIERTAS-IIB-5-100k.jpg\" alt=\"\" width=\"722\" height=\"482\" srcset=\"https:\/\/www.uv.mx\/prensa\/files\/2024\/08\/270824-PUERTAS-ABIERTAS-IIB-5-100k.jpg 722w, https:\/\/www.uv.mx\/prensa\/files\/2024\/08\/270824-PUERTAS-ABIERTAS-IIB-5-100k-300x200.jpg 300w\" sizes=\"(max-width: 722px) 100vw, 722px\" \/><p id=\"caption-attachment-146395\" class=\"wp-caption-text\">\u201cGigantes del oc\u00e9ano\u201d, fue otro de los talleres instalados<\/p><\/div>\n<p><span data-ccp-props=\"{&quot;201341983&quot;:0,&quot;335559731&quot;:708,&quot;335559739&quot;:0,&quot;335559740&quot;:240}\">\u00a0<\/span><\/p>\n<p><span data-contrast=\"auto\">Durante esta jornada, ni\u00f1os, ni\u00f1as y j\u00f3venes de nivel preescolar y media superior formaron parte de los talleres instalados en cada una de las \u00e1reas del IIB.<\/span><span data-ccp-props=\"{&quot;201341983&quot;:0,&quot;335559739&quot;:0,&quot;335559740&quot;:240}\">\u00a0<\/span><\/p>\n<p><span data-contrast=\"auto\">Los temas de algunos de ellos son: \u201cHormigas van, hormigas vienen, funciones no sabemos\u201d, \u201cSalud integrativa y con perspectiva de g\u00e9nero\u201d, \u201cGigantes del oc\u00e9ano\u201d, \u201cGuardianes del agua y la selva\u201d e \u201cImportancia de las plantas para los servicios ecosist\u00e9micos en los bosques urbanos\u201d.<\/span><span data-ccp-props=\"{&quot;201341983&quot;:0,&quot;335559739&quot;:0,&quot;335559740&quot;:240}\">\u00a0<\/span><\/p>\n<p><span data-contrast=\"auto\">Adem\u00e1s, \u201cBacterias, nuestras compa\u00f1eras invisibles\u201d, \u201cTesoros ocultos en el herbario\u201d, \u201c\u00bfMe has visto? Hola, soy un grillo\u201d, \u201cColecci\u00f3n de mam\u00edferos de Veracruz\u201d, \u201cConociendo las plantas invasoras de tu localidad\u201d, \u201cHablemos de los 4 fant\u00e1sticos de la alimentaci\u00f3n saludable\u201d y \u201cHablemos de ADN y genes\u201d.<\/span><\/p>\n<p>&nbsp;<\/p>\n<div id=\"attachment_146396\" style=\"width: 732px\" class=\"wp-caption aligncenter\"><img aria-describedby=\"caption-attachment-146396\" decoding=\"async\" loading=\"lazy\" class=\"size-full wp-image-146396\" src=\"https:\/\/www.uv.mx\/prensa\/files\/2024\/08\/270824-PUERTAS-ABIERTAS-IIB-6-100k.jpg\" alt=\"\" width=\"722\" height=\"482\" srcset=\"https:\/\/www.uv.mx\/prensa\/files\/2024\/08\/270824-PUERTAS-ABIERTAS-IIB-6-100k.jpg 722w, https:\/\/www.uv.mx\/prensa\/files\/2024\/08\/270824-PUERTAS-ABIERTAS-IIB-6-100k-300x200.jpg 300w\" sizes=\"(max-width: 722px) 100vw, 722px\" \/><p id=\"caption-attachment-146396\" class=\"wp-caption-text\">Los asistentes tambi\u00e9n aprendieron acerca de los mam\u00edferos del estado de Veracruz<\/p><\/div>\n<p><span data-ccp-props=\"{&quot;201341983&quot;:0,&quot;335559731&quot;:708,&quot;335559739&quot;:0,&quot;335559740&quot;:240}\">\u00a0<\/span><\/p>\n","protected":false},"excerpt":{"rendered":"<p>Estas actividades son una oportunidad para conocer las contribuciones y el trabajo acad\u00e9mico de cient\u00edficas y cient\u00edficos UV\u00a0<\/p>\n","protected":false},"author":2349,"featured_media":146397,"comment_status":"closed","ping_status":"closed","sticky":false,"template":"","format":"standard","meta":[],"categories":[45,47,15424,61],"tags":[18500,15715,17021,3902,6263,1848,4163,7263,206,2136,4774,4572,17611],"_links":{"self":[{"href":"https:\/\/www.uv.mx\/prensa\/wp-json\/wp\/v2\/posts\/146503"}],"collection":[{"href":"https:\/\/www.uv.mx\/prensa\/wp-json\/wp\/v2\/posts"}],"about":[{"href":"https:\/\/www.uv.mx\/prensa\/wp-json\/wp\/v2\/types\/post"}],"author":[{"embeddable":true,"href":"https:\/\/www.uv.mx\/prensa\/wp-json\/wp\/v2\/users\/2349"}],"replies":[{"embeddable":true,"href":"https:\/\/www.uv.mx\/prensa\/wp-json\/wp\/v2\/comments?post=146503"}],"version-history":[{"count":1,"href":"https:\/\/www.uv.mx\/prensa\/wp-json\/wp\/v2\/posts\/146503\/revisions"}],"predecessor-version":[{"id":146514,"href":"https:\/\/www.uv.mx\/prensa\/wp-json\/wp\/v2\/posts\/146503\/revisions\/146514"}],"wp:featuredmedia":[{"embeddable":true,"href":"https:\/\/www.uv.mx\/prensa\/wp-json\/wp\/v2\/media\/146397"}],"wp:attachment":[{"href":"https:\/\/www.uv.mx\/prensa\/wp-json\/wp\/v2\/media?parent=146503"}],"wp:term":[{"taxonomy":"category","embeddable":true,"href":"https:\/\/www.uv.mx\/prensa\/wp-json\/wp\/v2\/categories?post=146503"},{"taxonomy":"post_tag","embeddable":true,"href":"https:\/\/www.uv.mx\/prensa\/wp-json\/wp\/v2\/tags?post=146503"}],"curies":[{"name":"wp","href":"https:\/\/api.w.org\/{rel}","templated":true}]}}