{"id":147045,"date":"2024-09-13T18:02:37","date_gmt":"2024-09-13T23:02:37","guid":{"rendered":"https:\/\/www.uv.mx\/prensa\/?p=147045"},"modified":"2024-09-13T18:02:37","modified_gmt":"2024-09-13T23:02:37","slug":"acervo-artistico-uv-llega-al-muac","status":"publish","type":"post","link":"https:\/\/www.uv.mx\/prensa\/cultura\/acervo-artistico-uv-llega-al-muac\/","title":{"rendered":"Acervo art\u00edstico UV llega al MUAC\u00a0"},"content":{"rendered":"<ul>\n<li data-leveltext=\"\uf0b7\" data-font=\"Symbol\" data-listid=\"3\" data-list-defn-props=\"{&quot;335552541&quot;:1,&quot;335559685&quot;:720,&quot;335559991&quot;:360,&quot;469769226&quot;:&quot;Symbol&quot;,&quot;469769242&quot;:[8226],&quot;469777803&quot;:&quot;left&quot;,&quot;469777804&quot;:&quot;\uf0b7&quot;,&quot;469777815&quot;:&quot;hybridMultilevel&quot;}\" data-aria-posinset=\"1\" data-aria-level=\"1\"><i><span data-contrast=\"auto\">Como parte de la exposici\u00f3n <\/span><\/i><span data-contrast=\"auto\">Geometr\u00eda Sensible, <\/span><i><span data-contrast=\"auto\">con 48 piezas de Myra Landau, acad\u00e9mica que form\u00f3 parte del Instituto de Artes Pl\u00e1sticas<\/span><\/i><span data-ccp-props=\"{&quot;134233117&quot;:false,&quot;134233118&quot;:false,&quot;201341983&quot;:0,&quot;335559738&quot;:0,&quot;335559739&quot;:0,&quot;335559740&quot;:240}\">\u00a0<\/span><\/li>\n<\/ul>\n<ul>\n<li data-leveltext=\"\uf0b7\" data-font=\"Symbol\" data-listid=\"3\" data-list-defn-props=\"{&quot;335552541&quot;:1,&quot;335559685&quot;:720,&quot;335559991&quot;:360,&quot;469769226&quot;:&quot;Symbol&quot;,&quot;469769242&quot;:[8226],&quot;469777803&quot;:&quot;left&quot;,&quot;469777804&quot;:&quot;\uf0b7&quot;,&quot;469777815&quot;:&quot;hybridMultilevel&quot;}\" data-aria-posinset=\"2\" data-aria-level=\"1\"><i><span data-contrast=\"auto\">Su aporte enriqueci\u00f3 el movimiento del geometrismo mexicano y conect\u00f3 con la Generaci\u00f3n de la Ruptura<\/span><\/i><span data-ccp-props=\"{&quot;134233117&quot;:false,&quot;134233118&quot;:false,&quot;201341983&quot;:0,&quot;335559738&quot;:0,&quot;335559739&quot;:0,&quot;335559740&quot;:240}\">\u00a0<\/span><\/li>\n<\/ul>\n<p><span data-ccp-props=\"{&quot;134233117&quot;:false,&quot;134233118&quot;:false,&quot;201341983&quot;:0,&quot;335559738&quot;:0,&quot;335559739&quot;:0,&quot;335559740&quot;:240}\">\u00a0<\/span><\/p>\n<div id=\"attachment_147053\" style=\"width: 732px\" class=\"wp-caption aligncenter\"><img aria-describedby=\"caption-attachment-147053\" decoding=\"async\" loading=\"lazy\" class=\"size-full wp-image-147053\" src=\"https:\/\/www.uv.mx\/prensa\/files\/2024\/09\/130924-DAVID-Expo-Myra-Landau-en-el-MUAC-1.jpg\" alt=\"\" width=\"722\" height=\"542\" srcset=\"https:\/\/www.uv.mx\/prensa\/files\/2024\/09\/130924-DAVID-Expo-Myra-Landau-en-el-MUAC-1.jpg 722w, https:\/\/www.uv.mx\/prensa\/files\/2024\/09\/130924-DAVID-Expo-Myra-Landau-en-el-MUAC-1-300x225.jpg 300w\" sizes=\"(max-width: 722px) 100vw, 722px\" \/><p id=\"caption-attachment-147053\" class=\"wp-caption-text\">La obra de Myra Landau, quien fue investigadora de la UV, forma parte de la exposici\u00f3n <em>Geometr\u00eda Sensible<\/em> en el MUAC<\/p><\/div>\n<p><span data-ccp-props=\"{&quot;134233117&quot;:false,&quot;134233118&quot;:false,&quot;201341983&quot;:0,&quot;335559738&quot;:0,&quot;335559739&quot;:0,&quot;335559740&quot;:240}\">\u00a0<\/span><\/p>\n<p><b><i><span data-contrast=\"auto\">Redacci\u00f3n Universo<\/span><\/i><\/b><span data-ccp-props=\"{&quot;134233117&quot;:false,&quot;134233118&quot;:false,&quot;201341983&quot;:0,&quot;335559738&quot;:0,&quot;335559739&quot;:0,&quot;335559740&quot;:240}\">\u00a0<\/span><\/p>\n<p><b><i><span data-contrast=\"auto\">13\/09\/2024, Xalapa, Ver.-<\/span><\/i><\/b><span data-contrast=\"auto\"> Un total de 48 obras de la artista Myra Landau y que forman parte del acervo art\u00edstico de la Universidad Veracruzana (UV), fueron prestadas a la Universidad Nacional Aut\u00f3noma de M\u00e9xico (UNAM) para integrarse a la exposici\u00f3n<\/span><i><span data-contrast=\"auto\"> Geometr\u00eda Sensible<\/span><\/i><span data-contrast=\"auto\"> que se exhibe en el Museo Universitario de Arte Contempor\u00e1neo (MUAC).<\/span><span data-ccp-props=\"{&quot;134233117&quot;:false,&quot;134233118&quot;:false,&quot;201341983&quot;:0,&quot;335559738&quot;:0,&quot;335559739&quot;:0,&quot;335559740&quot;:240}\">\u00a0<\/span><\/p>\n<p><span data-contrast=\"auto\">La muestra, curada por Pilar Garc\u00eda, se inaugur\u00f3 el 7 de septiembre y busca redescubrir a una artista que, a pesar de su impacto en la escuela geom\u00e9trica mexicana, ha sido poco conocida. Para esta ocasi\u00f3n, su obra expuesta fue restaurada en su totalidad bajo la supervisi\u00f3n del personal del MUAC.<\/span><span data-ccp-props=\"{&quot;134233117&quot;:false,&quot;134233118&quot;:false,&quot;201341983&quot;:0,&quot;335559731&quot;:705,&quot;335559738&quot;:0,&quot;335559739&quot;:0,&quot;335559740&quot;:240}\">\u00a0<\/span><\/p>\n<p><span data-contrast=\"auto\">Myra Landau emple\u00f3 un lenguaje abstracto geom\u00e9trico, pero no ortogonal, con un enfoque m\u00e1s gestual y emocional, reflejando su experiencia migrante y su formaci\u00f3n diversa. Su obra, que incluye elementos prehisp\u00e1nicos y oce\u00e1nicos, es conocida por su experimentaci\u00f3n con texturas y vol\u00famenes; la cr\u00edtica especializada considera que la creadora enriqueci\u00f3 el geometrismo mexicano.<\/span><span data-ccp-props=\"{&quot;134233117&quot;:false,&quot;134233118&quot;:false,&quot;201341983&quot;:0,&quot;335559731&quot;:705,&quot;335559738&quot;:0,&quot;335559739&quot;:0,&quot;335559740&quot;:240}\">\u00a0<\/span><\/p>\n<p>&nbsp;<\/p>\n<div id=\"attachment_147052\" style=\"width: 732px\" class=\"wp-caption aligncenter\"><img aria-describedby=\"caption-attachment-147052\" decoding=\"async\" loading=\"lazy\" class=\"size-full wp-image-147052\" src=\"https:\/\/www.uv.mx\/prensa\/files\/2024\/09\/130924-DAVID-Expo-Myra-Landau-en-el-MUAC-2.jpg\" alt=\"\" width=\"722\" height=\"542\" srcset=\"https:\/\/www.uv.mx\/prensa\/files\/2024\/09\/130924-DAVID-Expo-Myra-Landau-en-el-MUAC-2.jpg 722w, https:\/\/www.uv.mx\/prensa\/files\/2024\/09\/130924-DAVID-Expo-Myra-Landau-en-el-MUAC-2-300x225.jpg 300w\" sizes=\"(max-width: 722px) 100vw, 722px\" \/><p id=\"caption-attachment-147052\" class=\"wp-caption-text\">La artista, originaria de Rumania, form\u00f3 parte del Instituto de Artes Pl\u00e1sticas de la UV<\/p><\/div>\n<p>&nbsp;<\/p>\n<p><span data-contrast=\"auto\">Originaria de Bucarest, Rumania, Landau (1926-2018) vivi\u00f3 en varios pa\u00edses europeos antes de trasladarse a M\u00e9xico en los a\u00f1os sesenta, justo cuando el arte abstracto comenzaba a florecer. Su carrera se desarroll\u00f3 principalmente en Xalapa y Ciudad de M\u00e9xico, y aunque fue reconocida en su momento no se hab\u00eda exhibido su obra en M\u00e9xico desde 1987, dijo Beatriz S\u00e1nchez Zurita, directora general del \u00c1rea Acad\u00e9mica de Artes de la UV.<\/span><span data-ccp-props=\"{&quot;134233117&quot;:false,&quot;134233118&quot;:false,&quot;201341983&quot;:0,&quot;335559731&quot;:705,&quot;335559738&quot;:0,&quot;335559739&quot;:0,&quot;335559740&quot;:240}\">\u00a0<\/span><\/p>\n<p><span data-contrast=\"auto\">En 1977 se integra al Instituto de Artes Pl\u00e1sticas y a lo largo de su vida universitaria, que dur\u00f3 hasta la d\u00e9cada de los a\u00f1os noventa, fue una artista comprometida tanto en lo social como en lo art\u00edstico; en el primero, con un inter\u00e9s permanente de compartir con mujeres su trabajo y experiencia; en el segundo, su obra se destaca por la traducci\u00f3n de los trazos del dibujo a lo pict\u00f3rico.<\/span><span data-ccp-props=\"{&quot;134233117&quot;:false,&quot;134233118&quot;:false,&quot;201341983&quot;:0,&quot;335559731&quot;:705,&quot;335559738&quot;:0,&quot;335559739&quot;:0,&quot;335559740&quot;:240}\">\u00a0<\/span><\/p>\n<p><span data-contrast=\"auto\">Es la contenci\u00f3n y distenci\u00f3n de los espacios los que permiten la creaci\u00f3n din\u00e1mica de su obra; es en ellos donde surgen ambientes que sugieren la tridimensi\u00f3n y el ritmo. Sus investigaciones sobre la t\u00e9cnica del pastel, el volumen y el movimiento de sus l\u00edneas, junto con la manera en que integraba el espacio en sus composiciones, despertaron un enfoque novedoso dentro de la pl\u00e1stica contempor\u00e1nea.<\/span><\/p>\n<p>&nbsp;<\/p>\n<div id=\"attachment_147051\" style=\"width: 732px\" class=\"wp-caption aligncenter\"><img aria-describedby=\"caption-attachment-147051\" decoding=\"async\" loading=\"lazy\" class=\"size-full wp-image-147051\" src=\"https:\/\/www.uv.mx\/prensa\/files\/2024\/09\/130924-DAVID-Expo-Myra-Landau-en-el-MUAC-3.jpg\" alt=\"\" width=\"722\" height=\"542\" srcset=\"https:\/\/www.uv.mx\/prensa\/files\/2024\/09\/130924-DAVID-Expo-Myra-Landau-en-el-MUAC-3.jpg 722w, https:\/\/www.uv.mx\/prensa\/files\/2024\/09\/130924-DAVID-Expo-Myra-Landau-en-el-MUAC-3-300x225.jpg 300w\" sizes=\"(max-width: 722px) 100vw, 722px\" \/><p id=\"caption-attachment-147051\" class=\"wp-caption-text\">La inauguraci\u00f3n de la exposici\u00f3n en el MUAC convoc\u00f3 a un gran n\u00famero de asistentes<\/p><\/div>\n<p>&nbsp;<\/p>\n<p><span data-contrast=\"auto\">Myra Landau se inserta como una figura clave en el arte contempor\u00e1neo en nuestro pa\u00eds, especialmente por su enfoque en la abstracci\u00f3n l\u00edrica y por ser una mujer en un contexto privilegiado para los hombres, aspecto que no permiti\u00f3 visibilizar totalmente su fascinante producci\u00f3n pl\u00e1stica como lo merec\u00eda.<\/span><span data-ccp-props=\"{&quot;134233117&quot;:false,&quot;134233118&quot;:false,&quot;201341983&quot;:0,&quot;335559731&quot;:705,&quot;335559738&quot;:0,&quot;335559739&quot;:0,&quot;335559740&quot;:240}\">\u00a0<\/span><\/p>\n<p><span data-contrast=\"auto\">Su estancia en M\u00e9xico marc\u00f3 un punto de inflexi\u00f3n en su desarrollo art\u00edstico, fue aqu\u00ed donde encontr\u00f3 un ambiente propicio para la experimentaci\u00f3n, conectando con artistas e intelectuales de la Generaci\u00f3n de la Ruptura, lo que le ofreci\u00f3 la oportunidad de integrarse a un entorno art\u00edstico innovador.<\/span><span data-ccp-props=\"{&quot;134233117&quot;:false,&quot;134233118&quot;:false,&quot;201341983&quot;:0,&quot;335559731&quot;:705,&quot;335559738&quot;:0,&quot;335559739&quot;:0,&quot;335559740&quot;:240}\">\u00a0<\/span><\/p>\n<p><span data-contrast=\"auto\">En el Instituto de Artes Pl\u00e1sticas de la UV su producci\u00f3n como investigadora fue vasta, generosa y marc\u00f3 un hito en los artistas xalape\u00f1os; uno de los aportes m\u00e1s significativos de Landau fue su capacidad para fusionar lo l\u00edrico con lo abstracto: aunque se mov\u00eda en el \u00e1mbito de la abstracci\u00f3n, su obra no se centraba en lo puramente formal; esta fusi\u00f3n entre lo emocional y lo conceptual permiti\u00f3 que su trabajo tuviera un impacto profundo e individual en el p\u00fablico.<\/span><\/p>\n<p>&nbsp;<\/p>\n<div id=\"attachment_147054\" style=\"width: 732px\" class=\"wp-caption aligncenter\"><img aria-describedby=\"caption-attachment-147054\" decoding=\"async\" loading=\"lazy\" class=\"size-full wp-image-147054\" src=\"https:\/\/www.uv.mx\/prensa\/files\/2024\/09\/130924-DAVID-Expo-Myra-Landau-en-el-MUAC-4.jpg\" alt=\"\" width=\"722\" height=\"542\" srcset=\"https:\/\/www.uv.mx\/prensa\/files\/2024\/09\/130924-DAVID-Expo-Myra-Landau-en-el-MUAC-4.jpg 722w, https:\/\/www.uv.mx\/prensa\/files\/2024\/09\/130924-DAVID-Expo-Myra-Landau-en-el-MUAC-4-300x225.jpg 300w\" sizes=\"(max-width: 722px) 100vw, 722px\" \/><p id=\"caption-attachment-147054\" class=\"wp-caption-text\">En representaci\u00f3n de la UV particip\u00f3 Beatriz S\u00e1nchez Zurita, directora general del \u00c1rea Acad\u00e9mica de Artes<\/p><\/div>\n<p><span data-ccp-props=\"{&quot;134233117&quot;:false,&quot;134233118&quot;:false,&quot;201341983&quot;:0,&quot;335559731&quot;:705,&quot;335559738&quot;:0,&quot;335559739&quot;:0,&quot;335559740&quot;:240}\">\u00a0<\/span><\/p>\n<p><span data-contrast=\"auto\">En la d\u00e9cada de los a\u00f1os setenta, Landau empez\u00f3 a explorar lo que llamaba \u201ccaligraf\u00edas r\u00edtmicas\u201d, que implicaban el uso de grafismos abstractos, espec\u00edficamente en grandes formatos. Estas obras destacaban por su fuerza gestual y su conexi\u00f3n con la naturaleza, el espacio y el tiempo.<\/span><span data-ccp-props=\"{&quot;134233117&quot;:false,&quot;134233118&quot;:false,&quot;201341983&quot;:0,&quot;335559731&quot;:705,&quot;335559738&quot;:0,&quot;335559739&quot;:0,&quot;335559740&quot;:240}\">\u00a0<\/span><\/p>\n<p><span data-contrast=\"auto\">Actividades como \u00e9sta certifican la importancia y compromiso que desde la UV se le otorgan al rescate y dignificaci\u00f3n del patrimonio art\u00edstico tangible; a su vez, forma parte de los proyectos de vinculaci\u00f3n del IAP y el MUAC, contando con el apoyo de la Direcci\u00f3n General del \u00c1rea Acad\u00e9mica de Artes y en concordancia con el Convenio Marco entre la m\u00e1xima casa de estudios de Veracruz y la UNAM.<\/span><\/p>\n","protected":false},"excerpt":{"rendered":"<p>La exposici\u00f3n sobre geometrismo mexicano en el museo de la UNAM incluye 48 piezas de la artista pl\u00e1stica Myra Landau\u00a0<\/p>\n","protected":false},"author":1869,"featured_media":147050,"comment_status":"closed","ping_status":"closed","sticky":false,"template":"","format":"standard","meta":[],"categories":[11,61],"tags":[18740,2178,722,5511,1941,4591,18743,18741,9198,18742,18739,2312,101],"_links":{"self":[{"href":"https:\/\/www.uv.mx\/prensa\/wp-json\/wp\/v2\/posts\/147045"}],"collection":[{"href":"https:\/\/www.uv.mx\/prensa\/wp-json\/wp\/v2\/posts"}],"about":[{"href":"https:\/\/www.uv.mx\/prensa\/wp-json\/wp\/v2\/types\/post"}],"author":[{"embeddable":true,"href":"https:\/\/www.uv.mx\/prensa\/wp-json\/wp\/v2\/users\/1869"}],"replies":[{"embeddable":true,"href":"https:\/\/www.uv.mx\/prensa\/wp-json\/wp\/v2\/comments?post=147045"}],"version-history":[{"count":1,"href":"https:\/\/www.uv.mx\/prensa\/wp-json\/wp\/v2\/posts\/147045\/revisions"}],"predecessor-version":[{"id":147069,"href":"https:\/\/www.uv.mx\/prensa\/wp-json\/wp\/v2\/posts\/147045\/revisions\/147069"}],"wp:featuredmedia":[{"embeddable":true,"href":"https:\/\/www.uv.mx\/prensa\/wp-json\/wp\/v2\/media\/147050"}],"wp:attachment":[{"href":"https:\/\/www.uv.mx\/prensa\/wp-json\/wp\/v2\/media?parent=147045"}],"wp:term":[{"taxonomy":"category","embeddable":true,"href":"https:\/\/www.uv.mx\/prensa\/wp-json\/wp\/v2\/categories?post=147045"},{"taxonomy":"post_tag","embeddable":true,"href":"https:\/\/www.uv.mx\/prensa\/wp-json\/wp\/v2\/tags?post=147045"}],"curies":[{"name":"wp","href":"https:\/\/api.w.org\/{rel}","templated":true}]}}