{"id":147297,"date":"2024-09-20T18:47:17","date_gmt":"2024-09-20T23:47:17","guid":{"rendered":"https:\/\/www.uv.mx\/prensa\/?p=147297"},"modified":"2024-09-20T20:08:16","modified_gmt":"2024-09-21T01:08:16","slug":"uv-albergara-campeonato-nacional-de-beisbol-final-8-2025","status":"publish","type":"post","link":"https:\/\/www.uv.mx\/prensa\/deportes\/uv-albergara-campeonato-nacional-de-beisbol-final-8-2025\/","title":{"rendered":"UV albergar\u00e1 Campeonato Nacional de B\u00e9isbol Final 8 2025"},"content":{"rendered":"<ul>\n<li data-leveltext=\"\uf0b7\" data-font=\"Symbol\" data-listid=\"6\" data-list-defn-props=\"{&quot;335552541&quot;:1,&quot;335559685&quot;:720,&quot;335559991&quot;:360,&quot;469769226&quot;:&quot;Symbol&quot;,&quot;469769242&quot;:[8226],&quot;469777803&quot;:&quot;left&quot;,&quot;469777804&quot;:&quot;\uf0b7&quot;,&quot;469777815&quot;:&quot;hybridMultilevel&quot;}\" data-aria-posinset=\"1\" data-aria-level=\"1\"><i><span data-contrast=\"auto\">Participar\u00e1n los ocho mejores equipos de la temporada 2024-2025 de la Conferencia Nacional de B\u00e9isbol de la Comisi\u00f3n Nacional Deportiva Estudiantil de Instituciones Privadas<\/span><\/i><span data-ccp-props=\"{}\">\u00a0<\/span><\/li>\n<\/ul>\n<p><span data-ccp-props=\"{}\">\u00a0<\/span><\/p>\n<div id=\"attachment_147278\" style=\"width: 732px\" class=\"wp-caption aligncenter\"><img aria-describedby=\"caption-attachment-147278\" decoding=\"async\" loading=\"lazy\" class=\"size-full wp-image-147278\" src=\"https:\/\/www.uv.mx\/prensa\/files\/2024\/09\/200924-CARLOS-Beisbol-2.jpg\" alt=\"Maribel Barradas Landa, titular de la DADUV \" width=\"722\" height=\"480\" srcset=\"https:\/\/www.uv.mx\/prensa\/files\/2024\/09\/200924-CARLOS-Beisbol-2.jpg 722w, https:\/\/www.uv.mx\/prensa\/files\/2024\/09\/200924-CARLOS-Beisbol-2-300x199.jpg 300w\" sizes=\"(max-width: 722px) 100vw, 722px\" \/><p id=\"caption-attachment-147278\" class=\"wp-caption-text\">Maribel Barradas Landa, titular de la DADUV<\/p><\/div>\n<p>&nbsp;<\/p>\n<p><b><i><span data-contrast=\"auto\">Carlos Hugo Hermida Rosales<\/span><\/i><\/b><span data-ccp-props=\"{}\">\u00a0<\/span><\/p>\n<p><b><i><span data-contrast=\"auto\">Fotos: Luis Fernando Fern\u00e1ndez<\/span><\/i><\/b><\/p>\n<p><b><i><span data-contrast=\"auto\">20\/09\/2024, Xalapa, Ver.-<\/span><\/i><\/b><span data-contrast=\"auto\"> La Universidad Veracruzana (UV) albergar\u00e1 el Campeonato Nacional de B\u00e9isbol Final 8 2025, evento que se llevar\u00e1 a cabo del 31 de marzo al 5 de abril de ese a\u00f1o <\/span><span data-contrast=\"none\">en el diamante del <\/span><span data-contrast=\"auto\">Campus para la Cultura, las Artes y el Deporte\u202f(Campus CAD), y en el que participar\u00e1n ocho equipos de la Conferencia Nacional de B\u00e9isbol de la Comisi\u00f3n Nacional Deportiva Estudiantil de Instituciones Privadas (<\/span><i><span data-contrast=\"auto\">Conadeip<\/span><\/i><span data-contrast=\"auto\">), A.C.<\/span><span data-ccp-props=\"{}\">\u00a0<\/span><\/p>\n<p><span data-contrast=\"auto\">Los representativos seleccionados ser\u00e1n los dos mejores de cada zona \u2013centro, sur, noroeste y norte\u2013, en la temporada 2024-2025, que se desarrollar\u00e1 de septiembre del a\u00f1o actual a marzo del siguiente.\u00a0<\/span><span data-ccp-props=\"{&quot;335559731&quot;:708}\">\u00a0<\/span><\/p>\n<p><span data-contrast=\"auto\">Maribel Barradas Landa, titular de la Direcci\u00f3n de Actividades Deportivas (DADUV), declar\u00f3 que para la UV es un honor ser la sede del Campeonato Nacional de B\u00e9isbol Final 8 2025, en rueda de prensa realizada en la Sala Anexa de Tlaqn\u00e1, Centro Cultural,<\/span><span data-ccp-props=\"{&quot;335559731&quot;:708}\">\u00a0<\/span><\/p>\n<p><span data-contrast=\"auto\">\u201cDaremos nuestro m\u00e1ximo esfuerzo para que todos los equipos participantes est\u00e9n a gusto y compitan de la mejor manera\u201d.<\/span><\/p>\n<div id=\"attachment_147279\" style=\"width: 732px\" class=\"wp-caption aligncenter\"><img aria-describedby=\"caption-attachment-147279\" decoding=\"async\" loading=\"lazy\" class=\"size-full wp-image-147279\" src=\"https:\/\/www.uv.mx\/prensa\/files\/2024\/09\/200924-CARLOS-Beisbol-3.jpg\" alt=\"Hugo Ricardo Guzm\u00e1n Gonz\u00e1lez, presidente de Conadeip \" width=\"722\" height=\"480\" srcset=\"https:\/\/www.uv.mx\/prensa\/files\/2024\/09\/200924-CARLOS-Beisbol-3.jpg 722w, https:\/\/www.uv.mx\/prensa\/files\/2024\/09\/200924-CARLOS-Beisbol-3-300x199.jpg 300w\" sizes=\"(max-width: 722px) 100vw, 722px\" \/><p id=\"caption-attachment-147279\" class=\"wp-caption-text\">Hugo Ricardo Guzm\u00e1n Gonz\u00e1lez, presidente de Conadeip<\/p><\/div>\n<p>&nbsp;<\/p>\n<p><span data-contrast=\"auto\">Hugo Ricardo Guzm\u00e1n Gonz\u00e1lez, presidente de <\/span><i><span data-contrast=\"auto\">Conadeip<\/span><\/i><span data-contrast=\"auto\">, agradeci\u00f3 a la UV por las facilidades brindadas a fin de organizar el evento y dese\u00f3 \u00e9xito a los j\u00f3venes que representar\u00e1n a la instituci\u00f3n y a la Universidad de Xalapa (UX) en la temporada 2024-2025 de la Conferencia Nacional de B\u00e9isbol.<\/span><span data-ccp-props=\"{&quot;335559731&quot;:708}\">\u00a0<\/span><\/p>\n<p><span data-contrast=\"auto\">Jer\u00f3nimo Guzm\u00e1n Salda\u00f1a, de la DADUV, declar\u00f3 que el deporte de esta casa de estudios se engrandecer\u00e1 al albergar al mejor nivel del b\u00e9isbol universitario nacional.<\/span><span data-ccp-props=\"{&quot;335559731&quot;:708}\">\u00a0<\/span><\/p>\n<p><span data-contrast=\"auto\">\u201cLos ocho equipos que acudir\u00e1n ser\u00e1n recibidos en un evento de calidad pensado para ellos, como los que caracterizan a la UV\u201d, afirm\u00f3.\u00a0<\/span><span data-ccp-props=\"{&quot;335559731&quot;:708}\">\u00a0<\/span><\/p>\n<p><span data-contrast=\"auto\">Comparti\u00f3 que se tiene planeado usar como campos alternos los ubicados en el Parque Deportivo Col\u00f3n y el Centro Deportivo Ferrocarrilero, para que los participantes puedan realizar sus pr\u00e1cticas.\u00a0<\/span><\/p>\n<div id=\"attachment_147285\" style=\"width: 732px\" class=\"wp-caption aligncenter\"><img aria-describedby=\"caption-attachment-147285\" decoding=\"async\" loading=\"lazy\" class=\"size-full wp-image-147285\" src=\"https:\/\/www.uv.mx\/prensa\/files\/2024\/09\/200924-CARLOS-Beisbol-4.jpg\" alt=\"Los representativos de la UV y la UX, sostuvieron un partido amistoso \" width=\"722\" height=\"443\" srcset=\"https:\/\/www.uv.mx\/prensa\/files\/2024\/09\/200924-CARLOS-Beisbol-4.jpg 722w, https:\/\/www.uv.mx\/prensa\/files\/2024\/09\/200924-CARLOS-Beisbol-4-300x184.jpg 300w\" sizes=\"(max-width: 722px) 100vw, 722px\" \/><p id=\"caption-attachment-147285\" class=\"wp-caption-text\">Los representativos de la UV y la UX, sostuvieron un partido amistoso<\/p><\/div>\n<p>&nbsp;<\/p>\n<p><span data-contrast=\"auto\">Por su parte, Jos\u00e9 de Jes\u00fas Uscanga Romero y Derek Iv\u00e1n Escobar Colorado, m\u00e1nager y capit\u00e1n del equipo de la UV, respectivamente, manifestaron que ser\u00e1 una gran responsabilidad representar a esta casa de estudios en el Campeonato Nacional de B\u00e9isbol Final 8 2025, por lo cual entrenan arduamente con el objetivo de lograr el primer lugar.<\/span><span data-ccp-props=\"{&quot;335559731&quot;:708}\">\u00a0<\/span><\/p>\n<p><span data-contrast=\"auto\">A la rueda de prensa tambi\u00e9n asisti\u00f3 Maurilio D\u00edaz L\u00f3pez, comisionado t\u00e9cnico de b\u00e9isbol de la <\/span><i><span data-contrast=\"auto\">Conadeip. <\/span><\/i><span data-contrast=\"auto\">Al finalizar el evento la UV y la UX sostuvieron un partido amistoso en el diamante del Campus CAD.\u00a0<\/span><span data-ccp-props=\"{}\">\u00a0<\/span><\/p>\n","protected":false},"excerpt":{"rendered":"<p>Se llevar\u00e1 a cabo del 31 de marzo al 5 de abril de ese a\u00f1o en el diamante del Campus para la Cultura, las Artes y el Deporte<\/p>\n","protected":false},"author":1775,"featured_media":147276,"comment_status":"closed","ping_status":"closed","sticky":false,"template":"","format":"standard","meta":[],"categories":[12,61],"tags":[5802,10870,18870,4116,4161,18869,197,1383,4117,6592,8443],"_links":{"self":[{"href":"https:\/\/www.uv.mx\/prensa\/wp-json\/wp\/v2\/posts\/147297"}],"collection":[{"href":"https:\/\/www.uv.mx\/prensa\/wp-json\/wp\/v2\/posts"}],"about":[{"href":"https:\/\/www.uv.mx\/prensa\/wp-json\/wp\/v2\/types\/post"}],"author":[{"embeddable":true,"href":"https:\/\/www.uv.mx\/prensa\/wp-json\/wp\/v2\/users\/1775"}],"replies":[{"embeddable":true,"href":"https:\/\/www.uv.mx\/prensa\/wp-json\/wp\/v2\/comments?post=147297"}],"version-history":[{"count":1,"href":"https:\/\/www.uv.mx\/prensa\/wp-json\/wp\/v2\/posts\/147297\/revisions"}],"predecessor-version":[{"id":147298,"href":"https:\/\/www.uv.mx\/prensa\/wp-json\/wp\/v2\/posts\/147297\/revisions\/147298"}],"wp:featuredmedia":[{"embeddable":true,"href":"https:\/\/www.uv.mx\/prensa\/wp-json\/wp\/v2\/media\/147276"}],"wp:attachment":[{"href":"https:\/\/www.uv.mx\/prensa\/wp-json\/wp\/v2\/media?parent=147297"}],"wp:term":[{"taxonomy":"category","embeddable":true,"href":"https:\/\/www.uv.mx\/prensa\/wp-json\/wp\/v2\/categories?post=147297"},{"taxonomy":"post_tag","embeddable":true,"href":"https:\/\/www.uv.mx\/prensa\/wp-json\/wp\/v2\/tags?post=147297"}],"curies":[{"name":"wp","href":"https:\/\/api.w.org\/{rel}","templated":true}]}}