{"id":147315,"date":"2024-09-23T13:15:21","date_gmt":"2024-09-23T18:15:21","guid":{"rendered":"https:\/\/www.uv.mx\/prensa\/?p=147315"},"modified":"2024-09-23T13:15:21","modified_gmt":"2024-09-23T18:15:21","slug":"movilidad-academica-ayuda-al-crecimiento-profesional-y-personal","status":"publish","type":"post","link":"https:\/\/www.uv.mx\/prensa\/banner\/movilidad-academica-ayuda-al-crecimiento-profesional-y-personal\/","title":{"rendered":"Movilidad acad\u00e9mica ayuda al crecimiento profesional y personal"},"content":{"rendered":"<ul>\n<li data-leveltext=\"\uf0b7\" data-font=\"Symbol\" data-listid=\"1\" data-list-defn-props=\"{&quot;335552541&quot;:1,&quot;335559685&quot;:720,&quot;335559991&quot;:360,&quot;469769226&quot;:&quot;Symbol&quot;,&quot;469769242&quot;:[8226],&quot;469777803&quot;:&quot;left&quot;,&quot;469777804&quot;:&quot;\uf0b7&quot;,&quot;469777815&quot;:&quot;hybridMultilevel&quot;}\" data-aria-posinset=\"1\" data-aria-level=\"1\"><i><span data-contrast=\"auto\">Consider\u00f3 Zo\u00e9 Vel\u00e1zquez, estudiante de Licenciatura en Ingenier\u00eda en Agronom\u00eda de la UV, regi\u00f3n Xalapa<\/span><\/i><span data-ccp-props=\"{}\">\u00a0<\/span><\/li>\n<\/ul>\n<ul>\n<li data-leveltext=\"\uf0b7\" data-font=\"Symbol\" data-listid=\"1\" data-list-defn-props=\"{&quot;335552541&quot;:1,&quot;335559685&quot;:720,&quot;335559991&quot;:360,&quot;469769226&quot;:&quot;Symbol&quot;,&quot;469769242&quot;:[8226],&quot;469777803&quot;:&quot;left&quot;,&quot;469777804&quot;:&quot;\uf0b7&quot;,&quot;469777815&quot;:&quot;hybridMultilevel&quot;}\" data-aria-posinset=\"2\" data-aria-level=\"1\"><i><span data-contrast=\"auto\">Actualmente realiza una estancia durante un semestre en Buenos Aires, Argentina<\/span><\/i><span data-ccp-props=\"{}\">\u00a0<\/span><\/li>\n<\/ul>\n<p><span data-ccp-props=\"{}\">\u00a0<\/span><\/p>\n<div id=\"attachment_147272\" style=\"width: 732px\" class=\"wp-caption aligncenter\"><img aria-describedby=\"caption-attachment-147272\" decoding=\"async\" loading=\"lazy\" class=\"size-full wp-image-147272\" src=\"https:\/\/www.uv.mx\/prensa\/files\/2024\/09\/Sin-titulo-1.jpg\" alt=\"Zo\u00e9 Vel\u00e1zquez, estudiante de Licenciatura en Ingenier\u00eda en Agronom\u00eda\" width=\"722\" height=\"494\" srcset=\"https:\/\/www.uv.mx\/prensa\/files\/2024\/09\/Sin-titulo-1.jpg 722w, https:\/\/www.uv.mx\/prensa\/files\/2024\/09\/Sin-titulo-1-300x205.jpg 300w\" sizes=\"(max-width: 722px) 100vw, 722px\" \/><p id=\"caption-attachment-147272\" class=\"wp-caption-text\">Zo\u00e9 Vel\u00e1zquez, estudiante de Licenciatura en Ingenier\u00eda en Agronom\u00eda<\/p><\/div>\n<p>&nbsp;<\/p>\n<p><b><i><span data-contrast=\"auto\">Paola Cort\u00e9s P\u00e9rez<\/span><\/i><\/b><span data-ccp-props=\"{}\">\u00a0<\/span><\/p>\n<p><b><i><span data-contrast=\"auto\">Fotos: Omar Portilla Palacios<\/span><\/i><\/b><\/p>\n<p><b><i><span data-contrast=\"auto\">23\/09\/2024, Xalapa, Ver.-<\/span><\/i><\/b><span data-contrast=\"auto\"> Las oportunidades de movilidad y estancias de investigaci\u00f3n que ofrece la Universidad Veracruzana (UV) a sus estudiantes les permite crecer acad\u00e9mica y personalmente, expres\u00f3 Zo\u00e9 Vel\u00e1zquez Garc\u00eda, quien cursa el programa educativo (PE) de Licenciatura en Ingenier\u00eda en Agronom\u00eda en la Facultad de Ciencias Agr\u00edcolas, regi\u00f3n Xalapa.<\/span><span data-ccp-props=\"{}\">\u00a0<\/span><\/p>\n<p><span data-contrast=\"auto\">El universitario comparti\u00f3 que su inter\u00e9s por estudiar dicho PE est\u00e1 en desempe\u00f1ar una profesi\u00f3n fuera de lo com\u00fan y que estuviera en contacto con la naturaleza, sobre todo contribuir a la sociedad a trav\u00e9s de la producci\u00f3n de alimentos de manera sustentable.<\/span><\/p>\n<div id=\"attachment_147270\" style=\"width: 732px\" class=\"wp-caption aligncenter\"><img aria-describedby=\"caption-attachment-147270\" decoding=\"async\" loading=\"lazy\" class=\"size-full wp-image-147270\" src=\"https:\/\/www.uv.mx\/prensa\/files\/2024\/09\/180924-PAOLA-Alumno-ciencias-agricolas-2.jpg\" alt=\"El alumno ha buscado realizar estancias relacionadas con producci\u00f3n alimentaria, as\u00ed fue en la universidad colombiana\" width=\"722\" height=\"325\" srcset=\"https:\/\/www.uv.mx\/prensa\/files\/2024\/09\/180924-PAOLA-Alumno-ciencias-agricolas-2.jpg 722w, https:\/\/www.uv.mx\/prensa\/files\/2024\/09\/180924-PAOLA-Alumno-ciencias-agricolas-2-300x135.jpg 300w\" sizes=\"(max-width: 722px) 100vw, 722px\" \/><p id=\"caption-attachment-147270\" class=\"wp-caption-text\">El alumno ha buscado realizar estancias relacionadas con producci\u00f3n alimentaria, as\u00ed fue en la universidad colombiana<\/p><\/div>\n<p>&nbsp;<\/p>\n<p><span data-contrast=\"auto\">\u201cMe gusta mucho todo lo relacionado con la agroecolog\u00eda, los sistemas sostenibles y sustentables de los alimentos, y la soberan\u00eda alimentaria. Ese es el enfoque que he tratado de darle a la carrera que decid\u00ed cursar.\u201d<\/span><\/p>\n<p><span data-contrast=\"auto\">Debido a los intereses educativos y profesionales, Zo\u00e9 V\u00e1zquez se enfoc\u00f3 en buscar hacer estancias en instituciones nacionales y extranjeras: en 2023 y 2024 fue parte de los estudiantes que participaron en el Verano de la Investigaci\u00f3n Cient\u00edfica y Tecnol\u00f3gica del Pac\u00edfico (Programa Delf\u00edn), en la Universidad Nacional Abierta y a Distancia en Bogot\u00e1, Colombia, y en la Universidad Estatal a Distancia, de Costa Rica, donde permaneci\u00f3 dos meses en cada una.<\/span><\/p>\n<div id=\"attachment_147269\" style=\"width: 732px\" class=\"wp-caption aligncenter\"><img aria-describedby=\"caption-attachment-147269\" decoding=\"async\" loading=\"lazy\" class=\"size-full wp-image-147269\" src=\"https:\/\/www.uv.mx\/prensa\/files\/2024\/09\/180924-PAOLA-Alumno-ciencias-agricolas-3.jpg\" alt=\"En el verano de este a\u00f1o, particip\u00f3 en el Programa Delf\u00edn, esto le permiti\u00f3 hacer una estancia en una instituci\u00f3n de Costa Rica\" width=\"722\" height=\"406\" srcset=\"https:\/\/www.uv.mx\/prensa\/files\/2024\/09\/180924-PAOLA-Alumno-ciencias-agricolas-3.jpg 722w, https:\/\/www.uv.mx\/prensa\/files\/2024\/09\/180924-PAOLA-Alumno-ciencias-agricolas-3-300x169.jpg 300w\" sizes=\"(max-width: 722px) 100vw, 722px\" \/><p id=\"caption-attachment-147269\" class=\"wp-caption-text\">En el verano de este a\u00f1o, particip\u00f3 en el Programa Delf\u00edn, esto le permiti\u00f3 hacer una estancia en una instituci\u00f3n de Costa Rica<\/p><\/div>\n<p>&nbsp;<\/p>\n<p><span data-contrast=\"auto\">Actualmente realiza una estancia en Buenos Aires, Argentina, espec\u00edficamente en la Facultad de Ciencias Agrarias y Forestales de la Universidad Nacional de La Plata, bajo la modalidad por asignatura del Programa de Movilidad de la UV.<\/span><span data-ccp-props=\"{&quot;335559731&quot;:708}\">\u00a0<\/span><\/p>\n<p><span data-contrast=\"auto\">\u201cEstas son oportunidades \u00fanicas para los estudiantes, no s\u00f3lo crecemos acad\u00e9micamente, ya que te orilla y obliga a crecer como persona; entonces, creo que es importante dar m\u00e1s difusi\u00f3n a estos programas\u201d.<\/span><\/p>\n<div id=\"attachment_147271\" style=\"width: 732px\" class=\"wp-caption aligncenter\"><img aria-describedby=\"caption-attachment-147271\" decoding=\"async\" loading=\"lazy\" class=\"size-full wp-image-147271\" src=\"https:\/\/www.uv.mx\/prensa\/files\/2024\/09\/180924-PAOLA-Alumno-ciencias-agricolas-4.jpg\" alt=\"Actualmente realiza una movilidad de un semestre en la Universidad Nacional de La Plata, Argentina\" width=\"722\" height=\"963\" srcset=\"https:\/\/www.uv.mx\/prensa\/files\/2024\/09\/180924-PAOLA-Alumno-ciencias-agricolas-4.jpg 722w, https:\/\/www.uv.mx\/prensa\/files\/2024\/09\/180924-PAOLA-Alumno-ciencias-agricolas-4-225x300.jpg 225w\" sizes=\"(max-width: 722px) 100vw, 722px\" \/><p id=\"caption-attachment-147271\" class=\"wp-caption-text\">Actualmente realiza una movilidad de un semestre en la Universidad Nacional de La Plata, Argentina<\/p><\/div>\n<p>&nbsp;<\/p>\n<p><span data-contrast=\"auto\">Asever\u00f3 que \u201ces muy enriquecedora esta oportunidad, me da una gran satisfacci\u00f3n que la UV apoye para hacer movilidad internacional y nacional; estas experiencias me han servido para mi desarrollo acad\u00e9mico, son experiencias inigualables, rara vez podr\u00e9 repetirlas, por ello las aprovech\u00e9 lo m\u00e1s que pude y espero no sean las \u00faltimas\u201d, finaliz\u00f3.<\/span><span data-ccp-props=\"{&quot;335559731&quot;:708}\">\u00a0<\/span><\/p>\n","protected":false},"excerpt":{"rendered":"<p>Son experiencias inigualables, rara vez podr\u00e9 repetirlas, por ello las aprovech\u00e9 lo m\u00e1s que pude, expres\u00f3 Zo\u00e9 Vel\u00e1zquez <\/p>\n","protected":false},"author":1775,"featured_media":147268,"comment_status":"closed","ping_status":"closed","sticky":false,"template":"","format":"standard","meta":[],"categories":[15423,8454,61],"tags":[1631,2115,3855,384,5825,18878,18881,645,13367,6462,4164,8034,18880,18879,2620],"_links":{"self":[{"href":"https:\/\/www.uv.mx\/prensa\/wp-json\/wp\/v2\/posts\/147315"}],"collection":[{"href":"https:\/\/www.uv.mx\/prensa\/wp-json\/wp\/v2\/posts"}],"about":[{"href":"https:\/\/www.uv.mx\/prensa\/wp-json\/wp\/v2\/types\/post"}],"author":[{"embeddable":true,"href":"https:\/\/www.uv.mx\/prensa\/wp-json\/wp\/v2\/users\/1775"}],"replies":[{"embeddable":true,"href":"https:\/\/www.uv.mx\/prensa\/wp-json\/wp\/v2\/comments?post=147315"}],"version-history":[{"count":1,"href":"https:\/\/www.uv.mx\/prensa\/wp-json\/wp\/v2\/posts\/147315\/revisions"}],"predecessor-version":[{"id":147316,"href":"https:\/\/www.uv.mx\/prensa\/wp-json\/wp\/v2\/posts\/147315\/revisions\/147316"}],"wp:featuredmedia":[{"embeddable":true,"href":"https:\/\/www.uv.mx\/prensa\/wp-json\/wp\/v2\/media\/147268"}],"wp:attachment":[{"href":"https:\/\/www.uv.mx\/prensa\/wp-json\/wp\/v2\/media?parent=147315"}],"wp:term":[{"taxonomy":"category","embeddable":true,"href":"https:\/\/www.uv.mx\/prensa\/wp-json\/wp\/v2\/categories?post=147315"},{"taxonomy":"post_tag","embeddable":true,"href":"https:\/\/www.uv.mx\/prensa\/wp-json\/wp\/v2\/tags?post=147315"}],"curies":[{"name":"wp","href":"https:\/\/api.w.org\/{rel}","templated":true}]}}