{"id":147945,"date":"2024-10-10T01:02:05","date_gmt":"2024-10-10T06:02:05","guid":{"rendered":"https:\/\/www.uv.mx\/prensa\/?p=147945"},"modified":"2024-10-10T01:08:41","modified_gmt":"2024-10-10T06:08:41","slug":"danilo-perez-trio-abrio-el-10o-festival-internacional-jazzuv","status":"publish","type":"post","link":"https:\/\/www.uv.mx\/prensa\/cultura\/danilo-perez-trio-abrio-el-10o-festival-internacional-jazzuv\/","title":{"rendered":"Danilo P\u00e9rez Tr\u00edo abri\u00f3 el 10\u00ba Festival Internacional <em>Jazzuv<\/em>"},"content":{"rendered":"<ul>\n<li data-leveltext=\"\uf0b7\" data-font=\"Symbol\" data-listid=\"6\" data-list-defn-props=\"{&quot;335552541&quot;:1,&quot;335559685&quot;:720,&quot;335559991&quot;:360,&quot;469769226&quot;:&quot;Symbol&quot;,&quot;469769242&quot;:[8226],&quot;469777803&quot;:&quot;left&quot;,&quot;469777804&quot;:&quot;\uf0b7&quot;,&quot;469777815&quot;:&quot;hybridMultilevel&quot;}\" data-aria-posinset=\"1\" data-aria-level=\"1\"><i><span data-contrast=\"auto\">El evento es organizado por el Centro de Estudios de Jazz de la Universidad Veracruzana y se desarrollar\u00e1 hasta el 12 de octubre<\/span><\/i><span data-ccp-props=\"{}\">\u00a0<\/span><\/li>\n<\/ul>\n<ul>\n<li data-leveltext=\"\uf0b7\" data-font=\"Symbol\" data-listid=\"6\" data-list-defn-props=\"{&quot;335552541&quot;:1,&quot;335559685&quot;:720,&quot;335559991&quot;:360,&quot;469769226&quot;:&quot;Symbol&quot;,&quot;469769242&quot;:[8226],&quot;469777803&quot;:&quot;left&quot;,&quot;469777804&quot;:&quot;\uf0b7&quot;,&quot;469777815&quot;:&quot;hybridMultilevel&quot;}\" data-aria-posinset=\"2\" data-aria-level=\"1\"><i><span data-contrast=\"auto\">El rector Mart\u00edn Aguilar declar\u00f3 que representa un espacio desde el cual redefinir las pr\u00e1cticas y posibilidades del lenguaje jazz\u00edstico en M\u00e9xico<\/span><\/i><span data-ccp-props=\"{}\">\u00a0<\/span><\/li>\n<\/ul>\n<ul>\n<li data-leveltext=\"\uf0b7\" data-font=\"Symbol\" data-listid=\"6\" data-list-defn-props=\"{&quot;335552541&quot;:1,&quot;335559685&quot;:720,&quot;335559991&quot;:360,&quot;469769226&quot;:&quot;Symbol&quot;,&quot;469769242&quot;:[8226],&quot;469777803&quot;:&quot;left&quot;,&quot;469777804&quot;:&quot;\uf0b7&quot;,&quot;469777815&quot;:&quot;hybridMultilevel&quot;}\" data-aria-posinset=\"3\" data-aria-level=\"1\"><i><span data-contrast=\"auto\">El programa completo se puede consultar en: <\/span><\/i><a href=\"https:\/\/www.uv.mx\/festivaljazzuv\/\"><span data-contrast=\"none\">https:\/\/www.uv.mx\/festivaljazzuv\/<\/span><\/a><span data-ccp-props=\"{}\">\u00a0<\/span><\/li>\n<\/ul>\n<p><span data-ccp-props=\"{&quot;335559685&quot;:720}\">\u00a0<\/span><\/p>\n<div id=\"attachment_147940\" style=\"width: 732px\" class=\"wp-caption aligncenter\"><img aria-describedby=\"caption-attachment-147940\" decoding=\"async\" loading=\"lazy\" class=\"size-full wp-image-147940\" src=\"https:\/\/www.uv.mx\/prensa\/files\/2024\/10\/091024-CARLOS-Inauguracion-festival-Jazzuv-2-100k.jpg\" alt=\"Mart\u00edn Aguilar mencion\u00f3 que el festival piensa al jazz como un verdadero lugar de pr\u00e1cticas y saberes \" width=\"722\" height=\"481\" srcset=\"https:\/\/www.uv.mx\/prensa\/files\/2024\/10\/091024-CARLOS-Inauguracion-festival-Jazzuv-2-100k.jpg 722w, https:\/\/www.uv.mx\/prensa\/files\/2024\/10\/091024-CARLOS-Inauguracion-festival-Jazzuv-2-100k-300x200.jpg 300w\" sizes=\"(max-width: 722px) 100vw, 722px\" \/><p id=\"caption-attachment-147940\" class=\"wp-caption-text\">Mart\u00edn Aguilar mencion\u00f3 que el festival piensa al jazz como un verdadero lugar de pr\u00e1cticas y saberes<\/p><\/div>\n<p>&nbsp;<\/p>\n<p><b><i><span data-contrast=\"auto\">Carlos Hugo Hermida Rosales<\/span><\/i><\/b><span data-ccp-props=\"{}\">\u00a0<\/span><\/p>\n<p><b><i><span data-contrast=\"auto\">Fotos: Omar Portilla Palacios<\/span><\/i><\/b><\/p>\n<p><b><i><span data-contrast=\"auto\">09\/10\/2024. Xalapa, Ver<\/span><\/i><\/b><span data-contrast=\"auto\">.- Con un concierto ofrecido por el tr\u00edo conformado por Danilo P\u00e9rez en el piano,<\/span> <span data-contrast=\"auto\">John Patitucci en el bajo y Adam Cruz en la bater\u00eda, inici\u00f3 el 10\u00ba Festival Internacional J<\/span><i><span data-contrast=\"auto\">azzuv<\/span><\/i><span data-contrast=\"auto\"> de la Universidad Veracruzana (UV), que se realizar\u00e1 hasta el 12 de octubre con el objetivo de reafirmar el compromiso con el movimiento jazz\u00edstico a trav\u00e9s del intercambio cultural y el desarrollo educativo.<\/span><span data-ccp-props=\"{}\">\u00a0<\/span><\/p>\n<p><span data-contrast=\"auto\">Ante cientos de personas que se dieron cita y de quienes obtuvieron una gran respuesta, la agrupaci\u00f3n abri\u00f3 la noche con <\/span><i><span data-contrast=\"auto\">Redescubrimiento de Am\u00e9rica<\/span><\/i><span data-contrast=\"auto\">, y prosigui\u00f3 con piezas dedicadas a las mujeres: <\/span><i><span data-contrast=\"auto\">Beloved<\/span><\/i><span data-contrast=\"auto\">, para la escritora y activista estadounidense Toni Morrison, y <\/span><i><span data-contrast=\"auto\">B\u00e9same mucho<\/span><\/i><span data-contrast=\"auto\">, de la pianista y compositora mexicana Consuelo Vel\u00e1zquez.\u00a0<\/span><span data-ccp-props=\"{}\">\u00a0<\/span><\/p>\n<p><span data-contrast=\"auto\">La inauguraci\u00f3n del evento organizado por el Centro de Estudios de Jazz de la UV (<\/span><i><span data-contrast=\"auto\">Jazzuv<\/span><\/i><span data-contrast=\"auto\">), fue encabezada por el rector Mart\u00edn Aguilar S\u00e1nchez, quien agradeci\u00f3 a todas las personas involucradas por su compromiso para crear un escaparate musical de primera l\u00ednea.\u00a0<\/span><\/p>\n<div id=\"attachment_147941\" style=\"width: 732px\" class=\"wp-caption aligncenter\"><img aria-describedby=\"caption-attachment-147941\" decoding=\"async\" loading=\"lazy\" class=\"size-full wp-image-147941\" src=\"https:\/\/www.uv.mx\/prensa\/files\/2024\/10\/091024-CARLOS-Inauguracion-festival-Jazzuv-3-100k.jpg\" alt=\"El acto inaugural fue encabezado por el Rector y autoridades universitarias \" width=\"722\" height=\"481\" srcset=\"https:\/\/www.uv.mx\/prensa\/files\/2024\/10\/091024-CARLOS-Inauguracion-festival-Jazzuv-3-100k.jpg 722w, https:\/\/www.uv.mx\/prensa\/files\/2024\/10\/091024-CARLOS-Inauguracion-festival-Jazzuv-3-100k-300x200.jpg 300w\" sizes=\"(max-width: 722px) 100vw, 722px\" \/><p id=\"caption-attachment-147941\" class=\"wp-caption-text\">El acto inaugural fue encabezado por el Rector y autoridades universitarias<\/p><\/div>\n<p>&nbsp;<\/p>\n<p><span data-contrast=\"auto\">\u201cEl jazz ha sido un continuo laboratorio colectivo al que se han incorporado voces, estilos y practicas social y musicalmente diversas\u201d, afirm\u00f3.\u00a0<\/span><span data-ccp-props=\"{&quot;335559731&quot;:708}\">\u00a0<\/span><\/p>\n<p><span data-contrast=\"auto\">Mencion\u00f3 que el Festival Internacional J<\/span><i><span data-contrast=\"auto\">azzuv <\/span><\/i><span data-contrast=\"auto\">es un espacio muy importante para promover el g\u00e9nero y detonar un intercambio permanente entre m\u00fasico y auditorio, desde el cual redefinir las pr\u00e1cticas y posibilidades del lenguaje jazz\u00edstico en M\u00e9xico.\u00a0<\/span><span data-ccp-props=\"{&quot;335559731&quot;:708}\">\u00a0<\/span><\/p>\n<p><span data-contrast=\"auto\">Destac\u00f3 que el evento fue un factor fundamental para la creaci\u00f3n de la Licenciatura en Estudios de Jazz, programa pionero en el mapa educativo nacional, ofertado por la UV.\u00a0<\/span><\/p>\n<div id=\"attachment_147942\" style=\"width: 732px\" class=\"wp-caption aligncenter\"><img aria-describedby=\"caption-attachment-147942\" decoding=\"async\" loading=\"lazy\" class=\"size-full wp-image-147942\" src=\"https:\/\/www.uv.mx\/prensa\/files\/2024\/10\/091024-CARLOS-Inauguracion-festival-Jazzuv-4-100k.jpg\" alt=\"Jes\u00fas Rodr\u00edguez declar\u00f3 que el arte y la cultura son manifestaciones de lo mejor de la humanidad \" width=\"722\" height=\"481\" srcset=\"https:\/\/www.uv.mx\/prensa\/files\/2024\/10\/091024-CARLOS-Inauguracion-festival-Jazzuv-4-100k.jpg 722w, https:\/\/www.uv.mx\/prensa\/files\/2024\/10\/091024-CARLOS-Inauguracion-festival-Jazzuv-4-100k-300x200.jpg 300w\" sizes=\"(max-width: 722px) 100vw, 722px\" \/><p id=\"caption-attachment-147942\" class=\"wp-caption-text\">Jes\u00fas Rodr\u00edguez declar\u00f3 que el arte y la cultura son manifestaciones de lo mejor de la humanidad<\/p><\/div>\n<p>&nbsp;<\/p>\n<p><span data-contrast=\"auto\">El Rector comparti\u00f3 que, en su 10\u00aa edici\u00f3n, organizada en colaboraci\u00f3n con el gobierno estatal y un grupo entusiasta de empresarios locales, da cabida tanto a artistas internacionales consolidados como a m\u00fasicos emergentes.\u00a0<\/span><span data-ccp-props=\"{&quot;335559731&quot;:708}\">\u00a0<\/span><\/p>\n<p><span data-contrast=\"auto\">\u201cPretende acentuar la relevancia de pensar el jazz, no solo como un discurso est\u00e9tico m\u00e1s, sino como un verdadero lugar de pr\u00e1cticas y saberes donde la experiencia musical es construida desde un marco de operaci\u00f3n t\u00fa a t\u00fa entre m\u00fasicos, oyentes y dem\u00e1s agentes involucrados en una presentaci\u00f3n en vivo\u201d, manifest\u00f3.<\/span><span data-ccp-props=\"{&quot;335559731&quot;:708}\">\u00a0<\/span><\/p>\n<p><span data-contrast=\"auto\">Jes\u00fas Rodr\u00edguez Alarc\u00f3n, coordinador del\u202f<\/span><i><span data-contrast=\"auto\">Jazzuv<\/span><\/i><span data-contrast=\"auto\">, agradeci\u00f3 a los actores que hacen posible la edici\u00f3n actual del festival, resultado de un camino largo e intenso, y una suma de voluntades bajo el cobijo de la UV, empresarios, int\u00e9rpretes y estudiantes que apuestan por el jazz.\u00a0<\/span><\/p>\n<div id=\"attachment_147943\" style=\"width: 732px\" class=\"wp-caption aligncenter\"><img aria-describedby=\"caption-attachment-147943\" decoding=\"async\" loading=\"lazy\" class=\"size-full wp-image-147943\" src=\"https:\/\/www.uv.mx\/prensa\/files\/2024\/10\/091024-CARLOS-Inauguracion-festival-Jazzuv-5-100k.jpg\" alt=\"El primer concierto del festival congreg\u00f3 a un numeroso p\u00fablico\" width=\"722\" height=\"481\" srcset=\"https:\/\/www.uv.mx\/prensa\/files\/2024\/10\/091024-CARLOS-Inauguracion-festival-Jazzuv-5-100k.jpg 722w, https:\/\/www.uv.mx\/prensa\/files\/2024\/10\/091024-CARLOS-Inauguracion-festival-Jazzuv-5-100k-300x200.jpg 300w\" sizes=\"(max-width: 722px) 100vw, 722px\" \/><p id=\"caption-attachment-147943\" class=\"wp-caption-text\">El primer concierto del festival congreg\u00f3 a un numeroso p\u00fablico<\/p><\/div>\n<p>&nbsp;<\/p>\n<p><span data-contrast=\"auto\">Inst\u00f3 a todos ellos a redoblar esfuerzos, porque la sociedad necesita del arte y cultura, manifestaciones de lo mejor de la humanidad.<\/span><span data-ccp-props=\"{&quot;335559731&quot;:708}\">\u00a0<\/span><\/p>\n<p><span data-contrast=\"auto\">En el acto inaugural tambi\u00e9n estuvieron presentes Jaqueline Jongitud Zamora, secretaria de Desarrollo Institucional; Beatriz S\u00e1nchez Zurita, titular de la Direcci\u00f3n General del \u00c1rea Acad\u00e9mica de Artes, y Silvia Alejandre Prado, secretaria de Cultura de Veracruz.<\/span><span data-ccp-props=\"{&quot;335559731&quot;:708}\">\u00a0<\/span><\/p>\n<div id=\"attachment_147939\" style=\"width: 732px\" class=\"wp-caption aligncenter\"><img aria-describedby=\"caption-attachment-147939\" decoding=\"async\" loading=\"lazy\" class=\"size-full wp-image-147939\" src=\"https:\/\/www.uv.mx\/prensa\/files\/2024\/10\/091024-CARLOS-Inauguracion-festival-Jazzuv-1-100k.jpg\" alt=\"\" width=\"722\" height=\"481\" srcset=\"https:\/\/www.uv.mx\/prensa\/files\/2024\/10\/091024-CARLOS-Inauguracion-festival-Jazzuv-1-100k.jpg 722w, https:\/\/www.uv.mx\/prensa\/files\/2024\/10\/091024-CARLOS-Inauguracion-festival-Jazzuv-1-100k-300x200.jpg 300w\" sizes=\"(max-width: 722px) 100vw, 722px\" \/><p id=\"caption-attachment-147939\" class=\"wp-caption-text\">La programaci\u00f3n completa se puede consultar en: https:\/\/www.uv.mx\/festivaljazzuv\/<\/p><\/div>\n","protected":false},"excerpt":{"rendered":"<p>Con un concierto que se celebr\u00f3 en la sala grande del Teatro del Estado \u201cGral. Ignacio de la Llave\u201d <\/p>\n","protected":false},"author":1775,"featured_media":147944,"comment_status":"closed","ping_status":"closed","sticky":false,"template":"","format":"standard","meta":[],"categories":[11,61,5174],"tags":[19192,19197,17511,895,19193,5511,527,12840,1738,3095,162,19194,19196,19195,1702,16565,12387,19191],"_links":{"self":[{"href":"https:\/\/www.uv.mx\/prensa\/wp-json\/wp\/v2\/posts\/147945"}],"collection":[{"href":"https:\/\/www.uv.mx\/prensa\/wp-json\/wp\/v2\/posts"}],"about":[{"href":"https:\/\/www.uv.mx\/prensa\/wp-json\/wp\/v2\/types\/post"}],"author":[{"embeddable":true,"href":"https:\/\/www.uv.mx\/prensa\/wp-json\/wp\/v2\/users\/1775"}],"replies":[{"embeddable":true,"href":"https:\/\/www.uv.mx\/prensa\/wp-json\/wp\/v2\/comments?post=147945"}],"version-history":[{"count":1,"href":"https:\/\/www.uv.mx\/prensa\/wp-json\/wp\/v2\/posts\/147945\/revisions"}],"predecessor-version":[{"id":147947,"href":"https:\/\/www.uv.mx\/prensa\/wp-json\/wp\/v2\/posts\/147945\/revisions\/147947"}],"wp:featuredmedia":[{"embeddable":true,"href":"https:\/\/www.uv.mx\/prensa\/wp-json\/wp\/v2\/media\/147944"}],"wp:attachment":[{"href":"https:\/\/www.uv.mx\/prensa\/wp-json\/wp\/v2\/media?parent=147945"}],"wp:term":[{"taxonomy":"category","embeddable":true,"href":"https:\/\/www.uv.mx\/prensa\/wp-json\/wp\/v2\/categories?post=147945"},{"taxonomy":"post_tag","embeddable":true,"href":"https:\/\/www.uv.mx\/prensa\/wp-json\/wp\/v2\/tags?post=147945"}],"curies":[{"name":"wp","href":"https:\/\/api.w.org\/{rel}","templated":true}]}}