{"id":148071,"date":"2024-10-15T12:27:29","date_gmt":"2024-10-15T17:27:29","guid":{"rendered":"https:\/\/www.uv.mx\/prensa\/?p=148071"},"modified":"2024-10-15T12:35:42","modified_gmt":"2024-10-15T17:35:42","slug":"glaciares-volcanicos-de-mexico-en-incontenible-extincion","status":"publish","type":"post","link":"https:\/\/www.uv.mx\/prensa\/ciencia\/glaciares-volcanicos-de-mexico-en-incontenible-extincion\/","title":{"rendered":"Glaciares volc\u00e1nicos de M\u00e9xico, en incontenible extinci\u00f3n"},"content":{"rendered":"<ul>\n<li data-leveltext=\"\uf0b7\" data-font=\"Symbol\" data-listid=\"1\" data-list-defn-props=\"{&quot;335551671&quot;:14,&quot;335552541&quot;:1,&quot;335559685&quot;:720,&quot;335559991&quot;:360,&quot;469769226&quot;:&quot;Symbol&quot;,&quot;469769242&quot;:[8226],&quot;469777803&quot;:&quot;left&quot;,&quot;469777804&quot;:&quot;\uf0b7&quot;,&quot;469777815&quot;:&quot;hybridMultilevel&quot;}\" data-aria-posinset=\"14\" data-aria-level=\"1\"><i><span data-contrast=\"auto\">Las masas de hielo en el Popocat\u00e9petl fueron declaradas extintas desde el 2000<\/span><\/i><span data-ccp-props=\"{&quot;201341983&quot;:0,&quot;335559739&quot;:0,&quot;335559740&quot;:240}\">\u00a0<\/span><\/li>\n<\/ul>\n<ul>\n<li data-leveltext=\"\uf0b7\" data-font=\"Symbol\" data-listid=\"1\" data-list-defn-props=\"{&quot;335551671&quot;:14,&quot;335552541&quot;:1,&quot;335559685&quot;:720,&quot;335559991&quot;:360,&quot;469769226&quot;:&quot;Symbol&quot;,&quot;469769242&quot;:[8226],&quot;469777803&quot;:&quot;left&quot;,&quot;469777804&quot;:&quot;\uf0b7&quot;,&quot;469777815&quot;:&quot;hybridMultilevel&quot;}\" data-aria-posinset=\"15\" data-aria-level=\"1\"><i><span data-contrast=\"auto\">El Citlalt\u00e9petl y sus glaciares, en la misma ruta de desaparici\u00f3n; nada de ello existir\u00e1 despu\u00e9s de 2030<\/span><\/i><span data-ccp-props=\"{&quot;201341983&quot;:0,&quot;335559739&quot;:0,&quot;335559740&quot;:240}\">\u00a0<\/span><\/li>\n<\/ul>\n<div id=\"attachment_148035\" style=\"width: 732px\" class=\"wp-caption aligncenter\"><img aria-describedby=\"caption-attachment-148035\" decoding=\"async\" loading=\"lazy\" class=\"size-full wp-image-148035\" src=\"https:\/\/www.uv.mx\/prensa\/files\/2024\/10\/14-10-2024-PACHECO-\u2013-La-criosfera-y-el-cambio-climatico-Foto-1.jpg\" alt=\"\" width=\"722\" height=\"400\" srcset=\"https:\/\/www.uv.mx\/prensa\/files\/2024\/10\/14-10-2024-PACHECO-\u2013-La-criosfera-y-el-cambio-climatico-Foto-1.jpg 722w, https:\/\/www.uv.mx\/prensa\/files\/2024\/10\/14-10-2024-PACHECO-\u2013-La-criosfera-y-el-cambio-climatico-Foto-1-300x166.jpg 300w\" sizes=\"(max-width: 722px) 100vw, 722px\" \/><p id=\"caption-attachment-148035\" class=\"wp-caption-text\">Presentaci\u00f3n del conferencista, en el auditorio de la FCA<\/p><\/div>\n<p><b><i><span data-contrast=\"auto\">Jorge V\u00e1zquez Pacheco<\/span><\/i><\/b><span data-ccp-props=\"{&quot;201341983&quot;:0,&quot;335559739&quot;:0,&quot;335559740&quot;:240}\">\u00a0<\/span><\/p>\n<p><b><i><span data-contrast=\"auto\">15\/10\/2024, Xalapa, Ver.- <\/span><\/i><\/b><span data-contrast=\"auto\">Hugo Delgado Granados, investigador del Departamento de Vulcanolog\u00eda del Instituto de Geof\u00edsica de la Universidad Nacional Aut\u00f3noma de M\u00e9xico (UNAM), indic\u00f3 que se deben estudiar los glaciares y su desaparici\u00f3n en los volcanes m\u00e1s importantes de M\u00e9xico, por su incidencia en la vida de la poblaci\u00f3n que se ubica en sus inmediaciones.<\/span><span data-ccp-props=\"{&quot;201341983&quot;:0,&quot;335559739&quot;:0,&quot;335559740&quot;:240}\">\u00a0<\/span><\/p>\n<p><span data-contrast=\"auto\">Al dictar la conferencia \u201cLa cri\u00f3sfera mexicana ante el cambio clim\u00e1tico y la actividad volc\u00e1nica\u201d, en el auditorio de la Facultad de Contadur\u00eda y Administraci\u00f3n (FCA) de la Universidad Veracruzana (UV), Delgado Granados hizo un an\u00e1lisis de los fen\u00f3menos glaciares y periglaciares propios de la cri\u00f3sfera en los volcanes Citlalt\u00e9petl (Pico de Orizaba), Popocat\u00e9petl e Iztacc\u00edhuatl, que son las monta\u00f1as de mayor altura en M\u00e9xico.<\/span><span data-ccp-props=\"{&quot;201341983&quot;:0,&quot;335559731&quot;:708,&quot;335559739&quot;:0,&quot;335559740&quot;:240}\">\u00a0<\/span><\/p>\n<p>&nbsp;<\/p>\n<div id=\"attachment_148036\" style=\"width: 732px\" class=\"wp-caption aligncenter\"><img aria-describedby=\"caption-attachment-148036\" decoding=\"async\" loading=\"lazy\" class=\"size-full wp-image-148036\" src=\"https:\/\/www.uv.mx\/prensa\/files\/2024\/10\/14-10-2024-PACHECO-\u2013-La-criosfera-y-el-cambio-climatico-Foto-2.jpg\" alt=\"\" width=\"722\" height=\"415\" srcset=\"https:\/\/www.uv.mx\/prensa\/files\/2024\/10\/14-10-2024-PACHECO-\u2013-La-criosfera-y-el-cambio-climatico-Foto-2.jpg 722w, https:\/\/www.uv.mx\/prensa\/files\/2024\/10\/14-10-2024-PACHECO-\u2013-La-criosfera-y-el-cambio-climatico-Foto-2-300x172.jpg 300w\" sizes=\"(max-width: 722px) 100vw, 722px\" \/><p id=\"caption-attachment-148036\" class=\"wp-caption-text\">Datos disponibles sobre el Citlalt\u00e9petl y su acumulaci\u00f3n de hielo desde 1968<\/p><\/div>\n<p>&nbsp;<\/p>\n<p><span data-contrast=\"auto\">Dijo que su extinci\u00f3n obedece a la relaci\u00f3n del clima y la actividad volc\u00e1nica, ya que en 1958 el volumen de esos hielos era de 11.6 kil\u00f3metros cuadrados; de ellos, 9.5 correspond\u00edan al Citlalt\u00e9petl y sus ocho glaciares, con espesor promedio de 20 metros y m\u00e1ximo de 40. El resto, 2.1, era del Popocat\u00e9petl e Iztacc\u00edhuatl juntos.<\/span><span data-ccp-props=\"{&quot;201341983&quot;:0,&quot;335559731&quot;:708,&quot;335559739&quot;:0,&quot;335559740&quot;:240}\">\u00a0<\/span><\/p>\n<p><span data-contrast=\"auto\">Esto ha cambiado de manera radical y desde 1975 en el Pico de Orizaba se da un incesante retroceso de su mayor masa de hielo, conocida como Lengua de Jamapa, la cual est\u00e1 en proceso de franca desaparici\u00f3n.<\/span><span data-ccp-props=\"{&quot;201341983&quot;:0,&quot;335559731&quot;:708,&quot;335559739&quot;:0,&quot;335559740&quot;:240}\">\u00a0<\/span><\/p>\n<p>&nbsp;<\/p>\n<div id=\"attachment_148037\" style=\"width: 732px\" class=\"wp-caption aligncenter\"><img aria-describedby=\"caption-attachment-148037\" decoding=\"async\" loading=\"lazy\" class=\"size-full wp-image-148037\" src=\"https:\/\/www.uv.mx\/prensa\/files\/2024\/10\/14-10-2024-PACHECO-\u2013-La-criosfera-y-el-cambio-climatico-Foto-3.jpg\" alt=\"\" width=\"722\" height=\"413\" srcset=\"https:\/\/www.uv.mx\/prensa\/files\/2024\/10\/14-10-2024-PACHECO-\u2013-La-criosfera-y-el-cambio-climatico-Foto-3.jpg 722w, https:\/\/www.uv.mx\/prensa\/files\/2024\/10\/14-10-2024-PACHECO-\u2013-La-criosfera-y-el-cambio-climatico-Foto-3-300x172.jpg 300w\" sizes=\"(max-width: 722px) 100vw, 722px\" \/><p id=\"caption-attachment-148037\" class=\"wp-caption-text\">Las antes nutridas y profundas masas de hielo en el Popocat\u00e9petl, declaradas desaparecidas a partir del a\u00f1o 2000<\/p><\/div>\n<p>&nbsp;<\/p>\n<p><b><span data-contrast=\"auto\">Por qu\u00e9 se extinguen los glaciares<\/span><\/b><span data-ccp-props=\"{&quot;201341983&quot;:0,&quot;335559739&quot;:0,&quot;335559740&quot;:240}\">\u00a0<\/span><\/p>\n<p><span data-contrast=\"auto\">La presencia y el comportamiento de un glaciar son normales cuando tienen un r\u00e9gimen de precipitaci\u00f3n s\u00f3lida, que permanece a lo largo de un ciclo hidrol\u00f3gico anual. Si esa precipitaci\u00f3n es superior a cero grados, en nada les beneficia, pero en el caso del Popocat\u00e9petl su actividad volc\u00e1nica ha causado un retroceso importante sobre la masa glacial.<\/span><span data-ccp-props=\"{&quot;201341983&quot;:0,&quot;335559739&quot;:0,&quot;335559740&quot;:240}\">\u00a0<\/span><\/p>\n<p><span data-contrast=\"auto\">Coment\u00f3 que la extinci\u00f3n tambi\u00e9n obedece a las condiciones clim\u00e1ticas cambiantes y a efectos de fen\u00f3menos como El Ni\u00f1o y el incremento de albedo, la capacidad de una superficie para reflejar la radiaci\u00f3n que incide sobre ella.<\/span><span data-ccp-props=\"{&quot;201341983&quot;:0,&quot;335559731&quot;:708,&quot;335559739&quot;:0,&quot;335559740&quot;:240}\">\u00a0<\/span><\/p>\n<p><span data-contrast=\"auto\">Para comprender c\u00f3mo el glaciar responde a las variables meteorol\u00f3gicas es necesario hacer un balance energ\u00e9tico, que consiste en el inventario de flujos de energ\u00eda mediante mediciones meteorol\u00f3gicas.<\/span><span data-ccp-props=\"{&quot;201341983&quot;:0,&quot;335559731&quot;:708,&quot;335559739&quot;:0,&quot;335559740&quot;:240}\">\u00a0<\/span><\/p>\n<p>&nbsp;<\/p>\n<div id=\"attachment_148038\" style=\"width: 732px\" class=\"wp-caption aligncenter\"><img aria-describedby=\"caption-attachment-148038\" decoding=\"async\" loading=\"lazy\" class=\"size-full wp-image-148038\" src=\"https:\/\/www.uv.mx\/prensa\/files\/2024\/10\/14-10-2024-PACHECO-\u2013-La-criosfera-y-el-cambio-climatico-Foto-4.jpg\" alt=\"\" width=\"722\" height=\"413\" srcset=\"https:\/\/www.uv.mx\/prensa\/files\/2024\/10\/14-10-2024-PACHECO-\u2013-La-criosfera-y-el-cambio-climatico-Foto-4.jpg 722w, https:\/\/www.uv.mx\/prensa\/files\/2024\/10\/14-10-2024-PACHECO-\u2013-La-criosfera-y-el-cambio-climatico-Foto-4-300x172.jpg 300w\" sizes=\"(max-width: 722px) 100vw, 722px\" \/><p id=\"caption-attachment-148038\" class=\"wp-caption-text\">Resultados de estudios mediante radar de penetraci\u00f3n en \u201cLa Panza\u201d del Iztacc\u00edhuatl<\/p><\/div>\n<p>&nbsp;<\/p>\n<p><span data-contrast=\"auto\">El Popocat\u00e9petl registraba, en 1958, un \u00e1rea glaciada de 0.89 kil\u00f3metros cuadrados, con disminuci\u00f3n del 56% hasta 1996, pero en s\u00f3lo cuatro a\u00f1os disminuy\u00f3 con tasa de retroceso tan acelerada, que en el 2000 sus glaciares fueron declarados extintos. El Iztacc\u00edhuatl contaba con volumen de 1.21 y sus glaciares (Ayoloco y Suroriental) mostraban espesor de hasta 70 metros, ahora en r\u00e1pido descenso.<\/span><span data-ccp-props=\"{&quot;201341983&quot;:0,&quot;335559731&quot;:708,&quot;335559739&quot;:0,&quot;335559740&quot;:240}\">\u00a0<\/span><\/p>\n<p><span data-contrast=\"auto\">La instalaci\u00f3n de balizas aport\u00f3 datos importantes en cuanto a las reacciones y ablaci\u00f3n de las monta\u00f1as nevadas, lo que arroj\u00f3 n\u00fameros sobre c\u00f3mo acumulan masa en una tasa menor a su ablaci\u00f3n. As\u00ed, los estudios indican que la totalidad de las masas de hielo volc\u00e1nicas habr\u00e1n desaparecido antes del a\u00f1o 2030.<\/span><\/p>\n<div id=\"attachment_148039\" style=\"width: 732px\" class=\"wp-caption aligncenter\"><img aria-describedby=\"caption-attachment-148039\" decoding=\"async\" loading=\"lazy\" class=\"size-full wp-image-148039\" src=\"https:\/\/www.uv.mx\/prensa\/files\/2024\/10\/14-10-2024-PACHECO-\u2013-La-criosfera-y-el-cambio-climatico-Foto-5.jpg\" alt=\"\" width=\"722\" height=\"426\" srcset=\"https:\/\/www.uv.mx\/prensa\/files\/2024\/10\/14-10-2024-PACHECO-\u2013-La-criosfera-y-el-cambio-climatico-Foto-5.jpg 722w, https:\/\/www.uv.mx\/prensa\/files\/2024\/10\/14-10-2024-PACHECO-\u2013-La-criosfera-y-el-cambio-climatico-Foto-5-300x177.jpg 300w\" sizes=\"(max-width: 722px) 100vw, 722px\" \/><p id=\"caption-attachment-148039\" class=\"wp-caption-text\">Adi\u00f3s a las masas de hielo en los volcanes: no sobrevivir\u00e1n m\u00e1s all\u00e1 de 2030<\/p><\/div>\n<p><span data-ccp-props=\"{&quot;201341983&quot;:0,&quot;335559739&quot;:0,&quot;335559740&quot;:240}\">\u00a0<\/span><\/p>\n","protected":false},"excerpt":{"rendered":"<p>Hugo Delgado, investigador de la UNAM asegura que los hielos de las monta\u00f1as m\u00e1s altas de M\u00e9xico no existir\u00e1n despu\u00e9s de 2030. Fen\u00f3menos atmosf\u00e9ricos y calentamiento, causantes principales <\/p>\n","protected":false},"author":1810,"featured_media":148040,"comment_status":"closed","ping_status":"closed","sticky":false,"template":"","format":"standard","meta":[],"categories":[45,47,61],"tags":[16399,1269,9092,19269,591,19267,19266,10524,222,15243,10525,6410,17850,4158,6800,11089,19268,754,19270],"_links":{"self":[{"href":"https:\/\/www.uv.mx\/prensa\/wp-json\/wp\/v2\/posts\/148071"}],"collection":[{"href":"https:\/\/www.uv.mx\/prensa\/wp-json\/wp\/v2\/posts"}],"about":[{"href":"https:\/\/www.uv.mx\/prensa\/wp-json\/wp\/v2\/types\/post"}],"author":[{"embeddable":true,"href":"https:\/\/www.uv.mx\/prensa\/wp-json\/wp\/v2\/users\/1810"}],"replies":[{"embeddable":true,"href":"https:\/\/www.uv.mx\/prensa\/wp-json\/wp\/v2\/comments?post=148071"}],"version-history":[{"count":1,"href":"https:\/\/www.uv.mx\/prensa\/wp-json\/wp\/v2\/posts\/148071\/revisions"}],"predecessor-version":[{"id":148074,"href":"https:\/\/www.uv.mx\/prensa\/wp-json\/wp\/v2\/posts\/148071\/revisions\/148074"}],"wp:featuredmedia":[{"embeddable":true,"href":"https:\/\/www.uv.mx\/prensa\/wp-json\/wp\/v2\/media\/148040"}],"wp:attachment":[{"href":"https:\/\/www.uv.mx\/prensa\/wp-json\/wp\/v2\/media?parent=148071"}],"wp:term":[{"taxonomy":"category","embeddable":true,"href":"https:\/\/www.uv.mx\/prensa\/wp-json\/wp\/v2\/categories?post=148071"},{"taxonomy":"post_tag","embeddable":true,"href":"https:\/\/www.uv.mx\/prensa\/wp-json\/wp\/v2\/tags?post=148071"}],"curies":[{"name":"wp","href":"https:\/\/api.w.org\/{rel}","templated":true}]}}