{"id":148102,"date":"2024-10-15T18:42:58","date_gmt":"2024-10-15T23:42:58","guid":{"rendered":"https:\/\/www.uv.mx\/prensa\/?p=148102"},"modified":"2024-10-15T18:56:59","modified_gmt":"2024-10-15T23:56:59","slug":"estadistica-y-ciencia-de-datos-apoyan-en-solucion-de-problemas","status":"publish","type":"post","link":"https:\/\/www.uv.mx\/prensa\/tecnologia\/estadistica-y-ciencia-de-datos-apoyan-en-solucion-de-problemas\/","title":{"rendered":"Estad\u00edstica y ciencia de datos apoyan en soluci\u00f3n de problemas"},"content":{"rendered":"<ul>\n<li data-leveltext=\"\uf0b7\" data-font=\"Symbol\" data-listid=\"1\" data-list-defn-props=\"{&quot;335552541&quot;:1,&quot;335559685&quot;:720,&quot;335559991&quot;:360,&quot;469769226&quot;:&quot;Symbol&quot;,&quot;469769242&quot;:[8226],&quot;469777803&quot;:&quot;left&quot;,&quot;469777804&quot;:&quot;\uf0b7&quot;,&quot;469777815&quot;:&quot;hybridMultilevel&quot;}\" data-aria-posinset=\"1\" data-aria-level=\"1\"><i><span data-contrast=\"auto\">Carlos Abraham Carballo imparti\u00f3 conferencia a estudiantes de la Facultad de Estad\u00edstica e Inform\u00e1tica de la UV<\/span><\/i><span data-ccp-props=\"{&quot;201341983&quot;:0,&quot;335559739&quot;:0,&quot;335559740&quot;:240}\">\u00a0<\/span><\/li>\n<\/ul>\n<ul>\n<li data-leveltext=\"\uf0b7\" data-font=\"Symbol\" data-listid=\"1\" data-list-defn-props=\"{&quot;335552541&quot;:1,&quot;335559685&quot;:720,&quot;335559991&quot;:360,&quot;469769226&quot;:&quot;Symbol&quot;,&quot;469769242&quot;:[8226],&quot;469777803&quot;:&quot;left&quot;,&quot;469777804&quot;:&quot;\uf0b7&quot;,&quot;469777815&quot;:&quot;hybridMultilevel&quot;}\" data-aria-posinset=\"2\" data-aria-level=\"1\"><i><span data-contrast=\"auto\">El especialista en ciencia de datos y su equipo de trabajo desarrollaron proyecto para la identificaci\u00f3n de barcos pesqueros comerciales, deportivos o de pesca ilegal<\/span><\/i><span data-ccp-props=\"{&quot;201341983&quot;:0,&quot;335559739&quot;:0,&quot;335559740&quot;:240}\">\u00a0<\/span><\/li>\n<\/ul>\n<p><span data-ccp-props=\"{&quot;201341983&quot;:0,&quot;335559739&quot;:0,&quot;335559740&quot;:240}\">\u00a0<\/span><\/p>\n<div id=\"attachment_148064\" style=\"width: 732px\" class=\"wp-caption aligncenter\"><img aria-describedby=\"caption-attachment-148064\" decoding=\"async\" loading=\"lazy\" class=\"size-full wp-image-148064\" src=\"https:\/\/www.uv.mx\/prensa\/files\/2024\/10\/151024-PAOLA-Ponencia-pesca-1-ok.jpg\" alt=\"\" width=\"722\" height=\"473\" srcset=\"https:\/\/www.uv.mx\/prensa\/files\/2024\/10\/151024-PAOLA-Ponencia-pesca-1-ok.jpg 722w, https:\/\/www.uv.mx\/prensa\/files\/2024\/10\/151024-PAOLA-Ponencia-pesca-1-ok-300x197.jpg 300w\" sizes=\"(max-width: 722px) 100vw, 722px\" \/><p id=\"caption-attachment-148064\" class=\"wp-caption-text\">Carlos Abraham Carballo, consultor senior en ciencia de datos<\/p><\/div>\n<p><span data-ccp-props=\"{&quot;201341983&quot;:0,&quot;335559739&quot;:0,&quot;335559740&quot;:240}\">\u00a0<\/span><\/p>\n<p><b><i><span data-contrast=\"auto\">Paola Cort\u00e9s P\u00e9rez<\/span><\/i><\/b><span data-ccp-props=\"{&quot;201341983&quot;:0,&quot;335559739&quot;:0,&quot;335559740&quot;:240}\">\u00a0<\/span><\/p>\n<p><b><i><span data-contrast=\"auto\">Fotos: Jos\u00e9 Miguel Hern\u00e1ndez Platas<\/span><\/i><\/b><span data-ccp-props=\"{&quot;201341983&quot;:0,&quot;335559739&quot;:0,&quot;335559740&quot;:240}\">\u00a0<\/span><\/p>\n<p><span data-ccp-props=\"{&quot;201341983&quot;:0,&quot;335559739&quot;:0,&quot;335559740&quot;:240}\">\u00a0<\/span><\/p>\n<p><b><i><span data-contrast=\"auto\">15\/10\/2024, Xalapa, Ver.-<\/span><\/i><\/b><span data-contrast=\"auto\"> La estad\u00edstica y la ciencia de datos pueden ser herramientas que apoyen en la soluci\u00f3n de problem\u00e1ticas, enfatiz\u00f3 Carlos Abraham Carballo Monsiv\u00e1is, consultor senior de ciencia de datos, al dictar la conferencia \u201cAplicaci\u00f3n de ciencia de datos para detectar patrones de pesca ilegal\u201d, en el marco del Seminario Aplicaciones Estad\u00edsticas.<\/span><span data-ccp-props=\"{&quot;201341983&quot;:0,&quot;335559739&quot;:0,&quot;335559740&quot;:240}\">\u00a0<\/span><\/p>\n<p><span data-contrast=\"auto\">El evento tuvo lugar en el auditorio de la Unidad Acad\u00e9mica de Econom\u00eda, Estad\u00edstica e Inform\u00e1tica, organizado por la Facultad de Estad\u00edstica e Inform\u00e1tica (FEI) de la Universidad Veracruzana (UV).<\/span><span data-ccp-props=\"{&quot;201341983&quot;:0,&quot;335559731&quot;:708,&quot;335559739&quot;:0,&quot;335559740&quot;:240}\">\u00a0<\/span><\/p>\n<p><span data-contrast=\"auto\">Carlos Abraham Carballo habl\u00f3 a los estudiantes sobre el proyecto del dise\u00f1o de un GPS pesquero que les permite identificar las embarcaciones, monitorear las zonas de pesca y enviar mensajes de auxilio, mediante plataformas <\/span><i><span data-contrast=\"auto\">web<\/span><\/i><span data-contrast=\"auto\">, aplicaciones m\u00f3viles y la ciencia de datos.<\/span><\/p>\n<p>&nbsp;<\/p>\n<div id=\"attachment_148065\" style=\"width: 732px\" class=\"wp-caption aligncenter\"><img aria-describedby=\"caption-attachment-148065\" decoding=\"async\" loading=\"lazy\" class=\"size-full wp-image-148065\" src=\"https:\/\/www.uv.mx\/prensa\/files\/2024\/10\/151024-PAOLA-Ponencia-pesca-2-ok.jpg\" alt=\"\" width=\"722\" height=\"444\" srcset=\"https:\/\/www.uv.mx\/prensa\/files\/2024\/10\/151024-PAOLA-Ponencia-pesca-2-ok.jpg 722w, https:\/\/www.uv.mx\/prensa\/files\/2024\/10\/151024-PAOLA-Ponencia-pesca-2-ok-300x184.jpg 300w\" sizes=\"(max-width: 722px) 100vw, 722px\" \/><p id=\"caption-attachment-148065\" class=\"wp-caption-text\">El especialista habl\u00f3 a estudiantes de la FEI sobre el uso de la ciencia de datos en la soluci\u00f3n de problemas<\/p><\/div>\n<p>&nbsp;<\/p>\n<p><span data-contrast=\"auto\">El objetivo, dijo, fue desarrollar una plataforma digital para examinar la trazabilidad de los productos pesqueros a lo largo de todo el suministro, desde el origen de la captura hasta su comercializaci\u00f3n.<\/span><span data-ccp-props=\"{&quot;201341983&quot;:0,&quot;335559731&quot;:708,&quot;335559739&quot;:0,&quot;335559740&quot;:240}\">\u00a0<\/span><\/p>\n<p><span data-contrast=\"auto\">\u201cSu desarrollo brinda herramientas tecnol\u00f3gicas accesibles a los pescadores u organismos pesqueros de la flota menor, lo que les permitir\u00e1 exportar sus productos y obtener mayor beneficio por su esfuerzo, as\u00ed como combatir la pesca ilegal, no declarada y no reglamentada, sentando las bases para apoyar el desarrollo redituable de la pesca sustentable en el pa\u00eds.\u201d<\/span><span data-ccp-props=\"{&quot;201341983&quot;:0,&quot;335559731&quot;:708,&quot;335559739&quot;:0,&quot;335559740&quot;:240}\">\u00a0<\/span><\/p>\n<p><span data-contrast=\"auto\">Indic\u00f3 que los datos iniciales que tuvieron disponibles para llevar a cabo el proyecto fueron: ID, el n\u00famero que funciona como identificador del punto que se recibe la informaci\u00f3n; la trayectoria; la coordenada X y coordenada Y; la hora en la que se tom\u00f3 la posici\u00f3n del GPS: la distancia calculada entre dos puntos; fecha y hora de la lectura; la diferencia en segundos en la toma de la posici\u00f3n entre dos puntos consecutivos, y la velocidad calculada entre dos puntos consecutivos.<\/span><\/p>\n<p>&nbsp;<\/p>\n<div id=\"attachment_148066\" style=\"width: 732px\" class=\"wp-caption aligncenter\"><img aria-describedby=\"caption-attachment-148066\" decoding=\"async\" loading=\"lazy\" class=\"size-full wp-image-148066\" src=\"https:\/\/www.uv.mx\/prensa\/files\/2024\/10\/151024-PAOLA-Ponencia-pesca-3-ok.jpg\" alt=\"\" width=\"722\" height=\"503\" srcset=\"https:\/\/www.uv.mx\/prensa\/files\/2024\/10\/151024-PAOLA-Ponencia-pesca-3-ok.jpg 722w, https:\/\/www.uv.mx\/prensa\/files\/2024\/10\/151024-PAOLA-Ponencia-pesca-3-ok-300x209.jpg 300w\" sizes=\"(max-width: 722px) 100vw, 722px\" \/><p id=\"caption-attachment-148066\" class=\"wp-caption-text\">En ponencia les present\u00f3 el proyecto del dise\u00f1o de un GPS pesquero<\/p><\/div>\n<p>&nbsp;<\/p>\n<p><span data-contrast=\"auto\">\u201cEl dispositivo integrado al motor del barco nos proporciona la geolocalizaci\u00f3n y la informaci\u00f3n que logramos recolectar podemos convertirla en mapas \u2013con distintas capas\u2013 para ver la ruta y trayectoria, y en funci\u00f3n de su movimiento poder identificar el tipo de especie que pescaron.<\/span><span data-ccp-props=\"{&quot;201341983&quot;:0,&quot;335559731&quot;:708,&quot;335559739&quot;:0,&quot;335559740&quot;:240}\">\u00a0<\/span><\/p>\n<p><span data-contrast=\"auto\">\u201dSi se observan picos altos de la velocidad, significa que el barco se dirige hacia un sitio de pesca; si no marca nada, quiere decir que est\u00e1 detenido en el puerto o en altamar para iniciar una operaci\u00f3n de pesca, pero si el marcaje es variado puede ser que est\u00e9 en una estrategia de pesca.\u201d<\/span><span data-ccp-props=\"{&quot;201341983&quot;:0,&quot;335559731&quot;:708,&quot;335559739&quot;:0,&quot;335559740&quot;:240}\">\u00a0<\/span><\/p>\n<p><span data-contrast=\"auto\">Al analizar los datos relacionados con la velocidad, geolocalizaci\u00f3n y densidad en los barcos, pudieron identificar si se trata de una actividad de pesca comercial y\/o deportiva, as\u00ed como la sospecha de que es ilegal; de esta \u00faltima, la \u00fanica manera de verificarlo es hacer una auditor\u00eda al barco.<\/span><\/p>\n<p>&nbsp;<\/p>\n<div id=\"attachment_148067\" style=\"width: 732px\" class=\"wp-caption aligncenter\"><img aria-describedby=\"caption-attachment-148067\" decoding=\"async\" loading=\"lazy\" class=\"size-full wp-image-148067\" src=\"https:\/\/www.uv.mx\/prensa\/files\/2024\/10\/151024-PAOLA-Ponencia-pesca-4-ok.jpg\" alt=\"\" width=\"722\" height=\"481\" srcset=\"https:\/\/www.uv.mx\/prensa\/files\/2024\/10\/151024-PAOLA-Ponencia-pesca-4-ok.jpg 722w, https:\/\/www.uv.mx\/prensa\/files\/2024\/10\/151024-PAOLA-Ponencia-pesca-4-ok-300x200.jpg 300w\" sizes=\"(max-width: 722px) 100vw, 722px\" \/><p id=\"caption-attachment-148067\" class=\"wp-caption-text\">Los datos obtenidos les han permitido identificar las embarcaciones de pesca legal y\/o deportiva, as\u00ed como las sospechosas de ser ilegales<\/p><\/div>\n<p><span data-ccp-props=\"{&quot;201341983&quot;:0,&quot;335559731&quot;:708,&quot;335559739&quot;:0,&quot;335559740&quot;:240}\">\u00a0<\/span><\/p>\n<p><span data-contrast=\"auto\">Carballo Monsiv\u00e1is comparti\u00f3 que en 2016 este proyecto gan\u00f3 un premio por innovaci\u00f3n tecnol\u00f3gica y primero se aplic\u00f3 en la pen\u00ednsula de Yucat\u00e1n. El primer prototipo se desarroll\u00f3 en tres versiones, pues se percataron que el mismo sat\u00e9lite que recib\u00eda la informaci\u00f3n pod\u00eda usarse para registrar emergencias en caso de un siniestro natural, ya que se tiene actualizaci\u00f3n de la geolocalizaci\u00f3n cada cinco minutos.<\/span><span data-ccp-props=\"{&quot;201341983&quot;:0,&quot;335559731&quot;:708,&quot;335559739&quot;:0,&quot;335559740&quot;:240}\">\u00a0<\/span><\/p>\n","protected":false},"excerpt":{"rendered":"<p>El especialista Carlos Abraham Carballo particip\u00f3 en el Seminario Aplicaciones Estad\u00edsticas, realizado en esta casa de estudios\u00a0<\/p>\n","protected":false},"author":2349,"featured_media":148068,"comment_status":"closed","ping_status":"closed","sticky":false,"template":"","format":"standard","meta":[],"categories":[61,6299,51],"tags":[19280,17485,13625,16268,9340,484,19281,19276,8190,3265,19279,4164,3147,19278,10533,19277],"_links":{"self":[{"href":"https:\/\/www.uv.mx\/prensa\/wp-json\/wp\/v2\/posts\/148102"}],"collection":[{"href":"https:\/\/www.uv.mx\/prensa\/wp-json\/wp\/v2\/posts"}],"about":[{"href":"https:\/\/www.uv.mx\/prensa\/wp-json\/wp\/v2\/types\/post"}],"author":[{"embeddable":true,"href":"https:\/\/www.uv.mx\/prensa\/wp-json\/wp\/v2\/users\/2349"}],"replies":[{"embeddable":true,"href":"https:\/\/www.uv.mx\/prensa\/wp-json\/wp\/v2\/comments?post=148102"}],"version-history":[{"count":1,"href":"https:\/\/www.uv.mx\/prensa\/wp-json\/wp\/v2\/posts\/148102\/revisions"}],"predecessor-version":[{"id":148109,"href":"https:\/\/www.uv.mx\/prensa\/wp-json\/wp\/v2\/posts\/148102\/revisions\/148109"}],"wp:featuredmedia":[{"embeddable":true,"href":"https:\/\/www.uv.mx\/prensa\/wp-json\/wp\/v2\/media\/148068"}],"wp:attachment":[{"href":"https:\/\/www.uv.mx\/prensa\/wp-json\/wp\/v2\/media?parent=148102"}],"wp:term":[{"taxonomy":"category","embeddable":true,"href":"https:\/\/www.uv.mx\/prensa\/wp-json\/wp\/v2\/categories?post=148102"},{"taxonomy":"post_tag","embeddable":true,"href":"https:\/\/www.uv.mx\/prensa\/wp-json\/wp\/v2\/tags?post=148102"}],"curies":[{"name":"wp","href":"https:\/\/api.w.org\/{rel}","templated":true}]}}