{"id":148270,"date":"2024-10-18T19:18:32","date_gmt":"2024-10-19T00:18:32","guid":{"rendered":"https:\/\/www.uv.mx\/prensa\/?p=148270"},"modified":"2024-10-18T19:18:32","modified_gmt":"2024-10-19T00:18:32","slug":"la-opera-inicio-en-mexico-como-proyecto-cultural-de-nacion-aurea-maya","status":"publish","type":"post","link":"https:\/\/www.uv.mx\/prensa\/cultura\/la-opera-inicio-en-mexico-como-proyecto-cultural-de-nacion-aurea-maya\/","title":{"rendered":"La \u00f3pera inici\u00f3 en M\u00e9xico como proyecto cultural de naci\u00f3n: Aurea Maya"},"content":{"rendered":"<ul>\n<li data-leveltext=\"\uf0b7\" data-font=\"Symbol\" data-listid=\"6\" data-list-defn-props=\"{&quot;335552541&quot;:1,&quot;335559685&quot;:720,&quot;335559991&quot;:360,&quot;469769226&quot;:&quot;Symbol&quot;,&quot;469769242&quot;:[8226],&quot;469777803&quot;:&quot;left&quot;,&quot;469777804&quot;:&quot;\uf0b7&quot;,&quot;469777815&quot;:&quot;hybridMultilevel&quot;}\" data-aria-posinset=\"1\" data-aria-level=\"1\"><i><span data-contrast=\"auto\">La investigadora present\u00f3 el libro <\/span><\/i><span data-contrast=\"auto\">\u00d3pera y gastos secretos<\/span><i><span data-contrast=\"auto\">, en la Facultad de M\u00fasica de la Universidad Veracruzana<\/span><\/i><span data-ccp-props=\"{}\">\u00a0<\/span><\/li>\n<\/ul>\n<ul>\n<li data-leveltext=\"\uf0b7\" data-font=\"Symbol\" data-listid=\"6\" data-list-defn-props=\"{&quot;335552541&quot;:1,&quot;335559685&quot;:720,&quot;335559991&quot;:360,&quot;469769226&quot;:&quot;Symbol&quot;,&quot;469769242&quot;:[8226],&quot;469777803&quot;:&quot;left&quot;,&quot;469777804&quot;:&quot;\uf0b7&quot;,&quot;469777815&quot;:&quot;hybridMultilevel&quot;}\" data-aria-posinset=\"2\" data-aria-level=\"1\"><i><span data-contrast=\"auto\">Su obra explica como el <\/span><\/i><span data-contrast=\"auto\">bel canto<\/span><i><span data-contrast=\"auto\">, en sus facetas art\u00edstica, empresarial y pol\u00edtica, fue decisiva en la configuraci\u00f3n del M\u00e9xico independiente, dijo Julieta Gonz\u00e1lez, acad\u00e9mica de la UV<\/span><\/i><span data-ccp-props=\"{}\">\u00a0<\/span><\/li>\n<\/ul>\n<p><span data-ccp-props=\"{}\">\u00a0<\/span><\/p>\n<div id=\"attachment_148252\" style=\"width: 732px\" class=\"wp-caption aligncenter\"><img aria-describedby=\"caption-attachment-148252\" decoding=\"async\" loading=\"lazy\" class=\"size-full wp-image-148252\" src=\"https:\/\/www.uv.mx\/prensa\/files\/2024\/10\/181024-CARLOS-Opera-y-gastos-secretos-1-ok.jpg\" alt=\"Aurea Maya Alc\u00e1ntara, autora del libro \u00d3pera y gastos secretos \" width=\"722\" height=\"467\" srcset=\"https:\/\/www.uv.mx\/prensa\/files\/2024\/10\/181024-CARLOS-Opera-y-gastos-secretos-1-ok.jpg 722w, https:\/\/www.uv.mx\/prensa\/files\/2024\/10\/181024-CARLOS-Opera-y-gastos-secretos-1-ok-300x194.jpg 300w\" sizes=\"(max-width: 722px) 100vw, 722px\" \/><p id=\"caption-attachment-148252\" class=\"wp-caption-text\">Aurea Maya Alc\u00e1ntara, autora del libro \u00d3pera y gastos secretos<\/p><\/div>\n<p>&nbsp;<\/p>\n<p><b><i><span data-contrast=\"auto\">Carlos Hugo Hermida Rosales<\/span><\/i><\/b><span data-ccp-props=\"{}\">\u00a0<\/span><\/p>\n<p><b><i><span data-contrast=\"auto\">Fotos: Omar Portilla Palacios<\/span><\/i><\/b><\/p>\n<p><b><i><span data-contrast=\"auto\">18\/10\/2024, Xalapa, Ver.-<\/span><\/i><\/b><span data-contrast=\"auto\"> \u201cLa \u00f3pera lleg\u00f3 a M\u00e9xico como una semilla de un trabajo de gobierno impulsado por Lucas Alam\u00e1n, quien articul\u00f3 un proyecto cultural con la idea de mostrar ante el mundo a un pa\u00eds civilizado\u201d, explic\u00f3 Aurea Maya Alc\u00e1ntara, del Centro Nacional de Investigaci\u00f3n, Documentaci\u00f3n e Informaci\u00f3n Musical \u201cCarlos Ch\u00e1vez\u201d.<\/span><span data-ccp-props=\"{}\">\u00a0<\/span><\/p>\n<p><span data-contrast=\"auto\">La investigadora present\u00f3 el libro <\/span><i><span data-contrast=\"auto\">\u00d3pera y gastos secretos<\/span><\/i><span data-contrast=\"auto\">, en el auditorio de la Facultad de M\u00fasica de la Universidad Veracruzana (UV), donde estuvo acompa\u00f1ada por Julieta Varanasi Gonz\u00e1lez Garc\u00eda y Mario Roger Quijano Axle, catedr\u00e1ticos de la entidad acad\u00e9mica.\u00a0<\/span><span data-ccp-props=\"{&quot;335559731&quot;:708}\">\u00a0<\/span><\/p>\n<p><span data-contrast=\"auto\">En su obra, Aurea Maya traslada al lector a los principales teatros de la Ciudad de M\u00e9xico en el siglo XIX, \u00e9poca en la cual, pese a la inestabilidad pol\u00edtica y econ\u00f3mica, compa\u00f1\u00edas de \u00f3pera italiana deleitaban a las clases altas con partituras de Rossini, Donizetti y Bellini.\u00a0<\/span><span data-ccp-props=\"{&quot;335559731&quot;:708}\">\u00a0<\/span><\/p>\n<p><span data-contrast=\"auto\">La autora mencion\u00f3 que, hasta hace pocos a\u00f1os, la historia de la m\u00fasica en M\u00e9xico se\u00f1alaba que estas agrupaciones extranjeras llegaron con el Porfiriato, cuando su presencia se remonta a la primera mitad del siglo XIX, gestionada por Lucas Alam\u00e1n.\u00a0<\/span><\/p>\n<div id=\"attachment_148253\" style=\"width: 732px\" class=\"wp-caption aligncenter\"><img aria-describedby=\"caption-attachment-148253\" decoding=\"async\" loading=\"lazy\" class=\"size-full wp-image-148253\" src=\"https:\/\/www.uv.mx\/prensa\/files\/2024\/10\/181024-CARLOS-Opera-y-gastos-secretos-2-ok.jpg\" alt=\"La autora estuvo acompa\u00f1ada por Julieta Varanasi Gonz\u00e1lez Garc\u00eda y Mario Roger Quijano Axle \" width=\"722\" height=\"379\" srcset=\"https:\/\/www.uv.mx\/prensa\/files\/2024\/10\/181024-CARLOS-Opera-y-gastos-secretos-2-ok.jpg 722w, https:\/\/www.uv.mx\/prensa\/files\/2024\/10\/181024-CARLOS-Opera-y-gastos-secretos-2-ok-300x157.jpg 300w\" sizes=\"(max-width: 722px) 100vw, 722px\" \/><p id=\"caption-attachment-148253\" class=\"wp-caption-text\">La autora estuvo acompa\u00f1ada por Julieta Varanasi Gonz\u00e1lez Garc\u00eda y Mario Roger Quijano Axle<\/p><\/div>\n<p>&nbsp;<\/p>\n<p><span data-contrast=\"auto\">\u201cEl pol\u00edtico las contrat\u00f3 con cifras elevadas, financiadas a trav\u00e9s de partidas de gastos secretos\u201d, puntualiz\u00f3.<\/span><span data-ccp-props=\"{&quot;335559731&quot;:708}\">\u00a0<\/span><\/p>\n<p><span data-contrast=\"auto\">La historiadora comparti\u00f3 que cuando Alam\u00e1n \u2013quien gobern\u00f3 el pa\u00eds por unos d\u00edas en compa\u00f1\u00eda de Pedro V\u00e9lez y Luis Quintanar\u2013 dej\u00f3 el poder en manos de Anastasio Bustamante, los contratos continuaron solventados de la misma manera, lo cual foment\u00f3 que surgiera una generaci\u00f3n de artistas mexicanos que hacia 1859 compon\u00edan y estrenaban sus piezas.\u00a0<\/span><span data-ccp-props=\"{&quot;335559731&quot;:708}\">\u00a0<\/span><\/p>\n<p><span data-contrast=\"auto\">\u201cAqu\u00ed no hab\u00eda conservatorios, pero estos creadores se desarrollaron gracias al influjo de las compa\u00f1\u00edas citadas al principio, y despu\u00e9s de las iniciativas particulares\u201d, mencion\u00f3.\u00a0<\/span><span data-ccp-props=\"{&quot;335559731&quot;:708}\">\u00a0<\/span><\/p>\n<p><span data-contrast=\"auto\">En su intervenci\u00f3n, Julieta Gonz\u00e1lez coment\u00f3 que en su obra Aurea Maya explica como la \u00f3pera en sus facetas art\u00edstica, empresarial y pol\u00edtica, fue decisiva en la configuraci\u00f3n del M\u00e9xico independiente, porque en torno a ella los gobernantes y \u00e9lites conservadoras y liberales dise\u00f1aron un ambicioso proyecto cultural.<\/span><\/p>\n<div id=\"attachment_148254\" style=\"width: 332px\" class=\"wp-caption aligncenter\"><img aria-describedby=\"caption-attachment-148254\" decoding=\"async\" loading=\"lazy\" class=\"size-full wp-image-148254\" src=\"https:\/\/www.uv.mx\/prensa\/files\/2024\/10\/181024-CARLOS-Opera-y-gastos-secretos-3-ok.jpg\" alt=\"El libro presentado traslada al lector a los principales teatros de la Ciudad de M\u00e9xico en el siglo XIX \" width=\"322\" height=\"231\" srcset=\"https:\/\/www.uv.mx\/prensa\/files\/2024\/10\/181024-CARLOS-Opera-y-gastos-secretos-3-ok.jpg 322w, https:\/\/www.uv.mx\/prensa\/files\/2024\/10\/181024-CARLOS-Opera-y-gastos-secretos-3-ok-300x215.jpg 300w\" sizes=\"(max-width: 322px) 100vw, 322px\" \/><p id=\"caption-attachment-148254\" class=\"wp-caption-text\">El libro presentado traslada al lector a los principales teatros de la Ciudad de M\u00e9xico en el siglo XIX<\/p><\/div>\n<p>&nbsp;<\/p>\n<p><span data-contrast=\"auto\">\u201cModernidad y civilizaci\u00f3n fueron los pilares de esta iniciativa, que implic\u00f3 el desembolso de grandes sumas de dinero provenientes de los fondos secretos del erario, que se justific\u00f3 en aras de la educaci\u00f3n y la formaci\u00f3n del buen gusto de la poblaci\u00f3n\u201d, manifest\u00f3.<\/span><span data-ccp-props=\"{&quot;335559731&quot;:708}\">\u00a0<\/span><\/p>\n<p><span data-contrast=\"auto\">Por su parte, Quijano Axle explic\u00f3 que la autora indaga en los aspectos sociopol\u00edticos de la construcci\u00f3n de la identidad de M\u00e9xico ante el resto de las naciones.\u00a0<\/span><span data-ccp-props=\"{&quot;335559731&quot;:708}\">\u00a0<\/span><\/p>\n<p><span data-contrast=\"auto\">\u201cPara presentarse como un pa\u00eds civilizado, en el territorio nacional deb\u00edan desarrollarse formas de entretenimiento similares a las que ocurr\u00edan en las principales capitales del mundo\u201d, destac\u00f3.\u00a0<\/span><span data-ccp-props=\"{&quot;335559731&quot;:708}\">\u00a0<\/span><\/p>\n","protected":false},"excerpt":{"rendered":"<p>Impulsado por el pol\u00edtico Lucas Alam\u00e1n, a fin de mostrar al pa\u00eds civilizado <\/p>\n","protected":false},"author":1775,"featured_media":148255,"comment_status":"closed","ping_status":"closed","sticky":false,"template":"","format":"standard","meta":[],"categories":[11,47,61],"tags":[4161,17257,19368,15263,730,10952,11960,586,19367,19370,6462,10445,19371,19369,9393,10537],"_links":{"self":[{"href":"https:\/\/www.uv.mx\/prensa\/wp-json\/wp\/v2\/posts\/148270"}],"collection":[{"href":"https:\/\/www.uv.mx\/prensa\/wp-json\/wp\/v2\/posts"}],"about":[{"href":"https:\/\/www.uv.mx\/prensa\/wp-json\/wp\/v2\/types\/post"}],"author":[{"embeddable":true,"href":"https:\/\/www.uv.mx\/prensa\/wp-json\/wp\/v2\/users\/1775"}],"replies":[{"embeddable":true,"href":"https:\/\/www.uv.mx\/prensa\/wp-json\/wp\/v2\/comments?post=148270"}],"version-history":[{"count":1,"href":"https:\/\/www.uv.mx\/prensa\/wp-json\/wp\/v2\/posts\/148270\/revisions"}],"predecessor-version":[{"id":148271,"href":"https:\/\/www.uv.mx\/prensa\/wp-json\/wp\/v2\/posts\/148270\/revisions\/148271"}],"wp:featuredmedia":[{"embeddable":true,"href":"https:\/\/www.uv.mx\/prensa\/wp-json\/wp\/v2\/media\/148255"}],"wp:attachment":[{"href":"https:\/\/www.uv.mx\/prensa\/wp-json\/wp\/v2\/media?parent=148270"}],"wp:term":[{"taxonomy":"category","embeddable":true,"href":"https:\/\/www.uv.mx\/prensa\/wp-json\/wp\/v2\/categories?post=148270"},{"taxonomy":"post_tag","embeddable":true,"href":"https:\/\/www.uv.mx\/prensa\/wp-json\/wp\/v2\/tags?post=148270"}],"curies":[{"name":"wp","href":"https:\/\/api.w.org\/{rel}","templated":true}]}}