{"id":148901,"date":"2024-11-07T13:09:04","date_gmt":"2024-11-07T19:09:04","guid":{"rendered":"https:\/\/www.uv.mx\/prensa\/?p=148901"},"modified":"2024-11-07T13:09:04","modified_gmt":"2024-11-07T19:09:04","slug":"sabados-en-la-ciencia-celebra-40-anos-de-intercambio-con-la-sociedad","status":"publish","type":"post","link":"https:\/\/www.uv.mx\/prensa\/general\/sabados-en-la-ciencia-celebra-40-anos-de-intercambio-con-la-sociedad\/","title":{"rendered":"S\u00e1bados en la Ciencia celebra 40 a\u00f1os de intercambio con la sociedad"},"content":{"rendered":"<ul>\n<li data-leveltext=\"\uf0b7\" data-font=\"Symbol\" data-listid=\"1\" data-list-defn-props=\"{&quot;335552541&quot;:1,&quot;335559685&quot;:720,&quot;335559991&quot;:360,&quot;469769226&quot;:&quot;Symbol&quot;,&quot;469769242&quot;:[8226],&quot;469777803&quot;:&quot;left&quot;,&quot;469777804&quot;:&quot;\uf0b7&quot;,&quot;469777815&quot;:&quot;hybridMultilevel&quot;}\" data-aria-posinset=\"1\" data-aria-level=\"1\"><i><span data-contrast=\"auto\">Impulsado por la Universidad Veracruzana se ha consolidado como uno de los mejores programas de divulgaci\u00f3n de la ciencia en el estado de Veracruz<\/span><\/i><span data-ccp-props=\"{&quot;201341983&quot;:0,&quot;335559739&quot;:0,&quot;335559740&quot;:240}\">\u00a0<\/span><\/li>\n<\/ul>\n<ul>\n<li data-leveltext=\"\uf0b7\" data-font=\"Symbol\" data-listid=\"1\" data-list-defn-props=\"{&quot;335552541&quot;:1,&quot;335559685&quot;:720,&quot;335559991&quot;:360,&quot;469769226&quot;:&quot;Symbol&quot;,&quot;469769242&quot;:[8226],&quot;469777803&quot;:&quot;left&quot;,&quot;469777804&quot;:&quot;\uf0b7&quot;,&quot;469777815&quot;:&quot;hybridMultilevel&quot;}\" data-aria-posinset=\"2\" data-aria-level=\"1\"><i><span data-contrast=\"auto\">Involucra a especialistas de diversas disciplinas, investigadores, investigadoras, docentes y alumnado de esta casa de estudios y de otras instituciones<\/span><\/i><span data-ccp-props=\"{&quot;201341983&quot;:0,&quot;335559739&quot;:0,&quot;335559740&quot;:240}\">\u00a0<\/span><\/li>\n<\/ul>\n<p><span data-ccp-props=\"{&quot;201341983&quot;:0,&quot;335559739&quot;:0,&quot;335559740&quot;:240}\">\u00a0<\/span><\/p>\n<div id=\"attachment_148893\" style=\"width: 732px\" class=\"wp-caption aligncenter\"><img aria-describedby=\"caption-attachment-148893\" decoding=\"async\" loading=\"lazy\" class=\"size-full wp-image-148893\" src=\"https:\/\/www.uv.mx\/prensa\/files\/2024\/11\/061124-SABADOS-EN-LA-CIENCIA-1-100k.jpg\" alt=\"S\u00e1bados en la Ciencia celebra cuatro d\u00e9cadas de acercamiento con la sociedad\" width=\"722\" height=\"482\" srcset=\"https:\/\/www.uv.mx\/prensa\/files\/2024\/11\/061124-SABADOS-EN-LA-CIENCIA-1-100k.jpg 722w, https:\/\/www.uv.mx\/prensa\/files\/2024\/11\/061124-SABADOS-EN-LA-CIENCIA-1-100k-300x200.jpg 300w\" sizes=\"(max-width: 722px) 100vw, 722px\" \/><p id=\"caption-attachment-148893\" class=\"wp-caption-text\">S\u00e1bados en la Ciencia celebra cuatro d\u00e9cadas de acercamiento con la sociedad<\/p><\/div>\n<p>&nbsp;<\/p>\n<p><b><i><span data-contrast=\"auto\">Claudia Peralta V\u00e1zquez<\/span><\/i><\/b><span data-ccp-props=\"{&quot;201341983&quot;:0,&quot;335559739&quot;:0,&quot;335559740&quot;:240}\">\u00a0<\/span><\/p>\n<p><b><i><span data-contrast=\"auto\">Fotos: Omar Portilla Palacios<\/span><\/i><\/b><\/p>\n<p><b><i><span data-contrast=\"auto\">07\/11\/2024, Xalapa, Ver.-<\/span><\/i><\/b><span data-contrast=\"auto\"> Para celebrar su 40 aniversario, S\u00e1bados en la Ciencia inicia una nueva temporada este 9 de noviembre, con propuestas creativas que incluyen charlas interactivas, exposiciones, talleres y un sinf\u00edn de actividades dirigidas a la poblaci\u00f3n de todas las edades que podr\u00e1 disfrutarlas en la sede que la vio nacer: el Museo de Antropolog\u00eda de Xalapa (MAX).<\/span><span data-ccp-props=\"{&quot;201341983&quot;:0,&quot;335559739&quot;:0,&quot;335559740&quot;:240}\">\u00a0<\/span><\/p>\n<p><span data-contrast=\"auto\">Gracias a esta iniciativa de divulgaci\u00f3n cient\u00edfica, la Universidad Veracruzana (UV), a trav\u00e9s de la Direcci\u00f3n General de Investigaciones (DGI), tiene acercamiento directo con un p\u00fablico no especializado, principalmente con las infancias, pues involucra a especialistas de diversas disciplinas, investigadores, investigadoras, acad\u00e9micas, acad\u00e9micos, y estudiantes de esta casa de estudios y de otras instituciones.<\/span><span data-ccp-props=\"{&quot;201341983&quot;:0,&quot;335559739&quot;:0,&quot;335559740&quot;:240}\">\u00a0<\/span><\/p>\n<p><span data-contrast=\"auto\">Roxana Zerme\u00f1o Rivas, coordinadora de Gesti\u00f3n y Divulgaci\u00f3n de la Investigaci\u00f3n, coment\u00f3 que S\u00e1bados en la Ciencia surgi\u00f3 en 1984, luego de que dos a\u00f1os antes se pusiera en marcha en la Ciudad de M\u00e9xico gracias al impulso de la Academia Mexicana de Ciencias (AMC).<\/span><span data-ccp-props=\"{&quot;201341983&quot;:0,&quot;335559739&quot;:0,&quot;335559740&quot;:240}\">\u00a0<\/span><\/p>\n<p><span data-contrast=\"auto\">Paralelamente a este suceso que impact\u00f3 a la UV, otras entidades tambi\u00e9n replicaron el mismo esquema en el pa\u00eds.<\/span><span data-ccp-props=\"{&quot;201341983&quot;:0,&quot;335559731&quot;:708,&quot;335559739&quot;:0,&quot;335559740&quot;:240}\">\u00a0<\/span><\/p>\n<p><span data-contrast=\"auto\">Desde entonces ha reunido a especialistas de ciertos temas, disciplinas y ciencias para compartir su conocimiento de forma creativa, divertida y din\u00e1mica, a trav\u00e9s de cerca de 800 sesiones.<\/span><span data-ccp-props=\"{&quot;201341983&quot;:0,&quot;335559731&quot;:708,&quot;335559739&quot;:0,&quot;335559740&quot;:240}\">\u00a0<\/span><\/p>\n<p><span data-contrast=\"auto\">Cada una de las pl\u00e1ticas giran en torno a las artes, las humanidades, biol\u00f3gicas, ciencias duras o exactas.<\/span><span data-ccp-props=\"{&quot;201341983&quot;:0,&quot;335559731&quot;:708,&quot;335559739&quot;:0,&quot;335559740&quot;:240}\">\u00a0<\/span><\/p>\n<p><span data-contrast=\"auto\">\u201cDe lo que se trata es platicar con un p\u00fablico general, ni\u00f1os, adolescentes y adultos, sobre el trabajo que hacen los especialistas.\u201d<\/span><span data-ccp-props=\"{&quot;201341983&quot;:0,&quot;335559731&quot;:708,&quot;335559739&quot;:0,&quot;335559740&quot;:240}\">\u00a0<\/span><\/p>\n<p><span data-contrast=\"auto\">Un dato peculiar es que a lo largo de cuatro d\u00e9cadas S\u00e1bados en la Ciencia ha impartido temas interesantes, aut\u00e9nticos e irrepetibles. \u201cPosiblemente se parezcan o sea el mismo fen\u00f3meno, pero se explica con diferentes investigadores, investigadoras y estudiantes de posgrado\u201d, expres\u00f3 Zerme\u00f1o Rivas.<\/span><span data-ccp-props=\"{&quot;201341983&quot;:0,&quot;335559731&quot;:708,&quot;335559739&quot;:0,&quot;335559740&quot;:240}\">\u00a0<\/span><\/p>\n<p><span data-contrast=\"auto\">Con base en experiencias de alumnos de licenciatura o posgrado, el inter\u00e9s por estudiar la disciplina a la que habr\u00e1n de dedicarse naci\u00f3 de esta estrategia, al asistir continuamente a los talleres.<\/span><span data-ccp-props=\"{&quot;201341983&quot;:0,&quot;335559731&quot;:708,&quot;335559739&quot;:0,&quot;335559740&quot;:240}\">\u00a0<\/span><\/p>\n<p><span data-contrast=\"auto\">Es decir, a varias generaciones les ha inculcado la pasi\u00f3n y vocaci\u00f3n de la profesi\u00f3n que hoy ejercen.<\/span><span data-ccp-props=\"{&quot;201341983&quot;:0,&quot;335559731&quot;:708,&quot;335559739&quot;:0,&quot;335559740&quot;:240}\">\u00a0<\/span><\/p>\n<p><span data-contrast=\"auto\">De esta forma, el compromiso de la UV por medio de su comunidad cient\u00edfica es proveer de informaci\u00f3n comprobada, de luchar en contra de la desinformaci\u00f3n y de adaptar los temas a las necesidades de la sociedad.<\/span><\/p>\n<div id=\"attachment_148894\" style=\"width: 320px\" class=\"wp-caption aligncenter\"><img aria-describedby=\"caption-attachment-148894\" decoding=\"async\" loading=\"lazy\" class=\"size-full wp-image-148894\" src=\"https:\/\/www.uv.mx\/prensa\/files\/2024\/11\/061124-SABADOS-EN-LA-CIENCIA-2-100k.jpg\" alt=\"A partir del 9 de noviembre habr\u00e1 sesiones interesantes para el p\u00fablico de todas las edades \" width=\"310\" height=\"480\" srcset=\"https:\/\/www.uv.mx\/prensa\/files\/2024\/11\/061124-SABADOS-EN-LA-CIENCIA-2-100k.jpg 310w, https:\/\/www.uv.mx\/prensa\/files\/2024\/11\/061124-SABADOS-EN-LA-CIENCIA-2-100k-194x300.jpg 194w\" sizes=\"(max-width: 310px) 100vw, 310px\" \/><p id=\"caption-attachment-148894\" class=\"wp-caption-text\">A partir del 9 de noviembre habr\u00e1 sesiones interesantes para el p\u00fablico de todas las edades<\/p><\/div>\n<p>&nbsp;<\/p>\n<p><span data-contrast=\"auto\">Al destacar el acceso gratuito a las sesiones que se imparten en los amplios espacios del MAX, Roxana Zerme\u00f1o se\u00f1al\u00f3 que uno de los retos es llegar a la poblaci\u00f3n de las colonias ubicadas en la periferia de la ciudad, descentralizarlo de cierta manera, y convocar cada vez a m\u00e1s escuelas, y a los hijos de la comunidad universitaria.<\/span><span data-ccp-props=\"{&quot;201341983&quot;:0,&quot;335559731&quot;:708,&quot;335559739&quot;:0,&quot;335559740&quot;:240}\">\u00a0<\/span><\/p>\n<p><span data-contrast=\"auto\">\u201cUno de los retos es volver a convocar a las personas y a m\u00e1s sectores, traerlos de otras colonias y escuelas.\u201d<\/span><span data-ccp-props=\"{&quot;201341983&quot;:0,&quot;335559731&quot;:708,&quot;335559739&quot;:0,&quot;335559740&quot;:240}\">\u00a0<\/span><\/p>\n<p><span data-contrast=\"auto\">Ello con el objetivo de incentivar el cuestionamiento, di\u00e1logo e inter\u00e9s por trabajos e investigaciones serias, formales y con rigor acad\u00e9mico. \u201cEs un derecho que tenemos como sociedad y que nos toca ejercer\u201d.<\/span><span data-ccp-props=\"{&quot;201341983&quot;:0,&quot;335559731&quot;:708,&quot;335559739&quot;:0,&quot;335559740&quot;:240}\">\u00a0<\/span><\/p>\n<p><span data-contrast=\"auto\">En este sentido, exhort\u00f3 al p\u00fablico de S\u00e1bados en la Ciencia y a los distintos sectores sociales a no ver al programa como un reflejo de las ciencias duras, sino de apertura hacia el conocimiento.<\/span><span data-ccp-props=\"{&quot;201341983&quot;:0,&quot;335559731&quot;:708,&quot;335559739&quot;:0,&quot;335559740&quot;:240}\">\u00a0<\/span><\/p>\n<p><span data-contrast=\"auto\">El 9 de noviembre, a las 11:00 horas, la charla de apertura se denomina \u201cCatarsis del universo halc\u00f3n\u201d, y estar\u00e1 a cargo de Adriana Duch Carvallo.<\/span><span data-ccp-props=\"{&quot;201341983&quot;:0,&quot;335559739&quot;:0,&quot;335559740&quot;:240}\">\u00a0<\/span><\/p>\n<p><span data-contrast=\"auto\">La siguiente semana, el 16 del presente mes, los asistentes podr\u00e1n adentrarse al \u201cMaravilloso mundo de la qu\u00edmica\u201d, de la mano de Gabriel Soto, acad\u00e9mico de la Facultad de Qu\u00edmica Farmac\u00e9utica Biol\u00f3gica (QFB).<\/span><span data-ccp-props=\"{&quot;201341983&quot;:0,&quot;335559731&quot;:708,&quot;335559739&quot;:0,&quot;335559740&quot;:240}\">\u00a0<\/span><\/p>\n<p><span data-contrast=\"auto\">Cabe resaltar que, durante las fechas restantes del mes (23 y 30), el p\u00fablico de S\u00e1bados en la Ciencia disfrutar\u00e1 de sesiones dobles.<\/span><span data-ccp-props=\"{&quot;201341983&quot;:0,&quot;335559731&quot;:708,&quot;335559739&quot;:0,&quot;335559740&quot;:240}\">\u00a0<\/span><\/p>\n<p><span data-contrast=\"auto\">A las 11:00 horas del 23 de noviembre, Ver\u00f3nica Veladez Rocha impartir\u00e1 la charla \u201cOlas de calor marinas y sus efectos\u201d; mientras que, a las 12:30 horas, Silvia del Carmen Pereyra Castro ampliar\u00e1 el tema \u201c\u00a1Wow! \u00bfEs magia?\u201d.<\/span><span data-ccp-props=\"{&quot;201341983&quot;:0,&quot;335559739&quot;:0,&quot;335559740&quot;:240}\">\u00a0<\/span><\/p>\n<p><span data-contrast=\"auto\">El 30 de noviembre, a las 11:00 horas, el cuerpo acad\u00e9mico (CA) Competitividad en las Organizaciones hablar\u00e1 sobre \u201cKids Business Lab\u201d; y las 12:30 horas, Juan Mat\u00edas M\u00e9ndez P\u00e9rez dar\u00e1 la charla \u201c\u00a1Hip Hip Hurra-c\u00e1n!\u201d.<\/span><span data-ccp-props=\"{&quot;201341983&quot;:0,&quot;335559731&quot;:708,&quot;335559739&quot;:0,&quot;335559740&quot;:240}\">\u00a0<\/span><\/p>\n","protected":false},"excerpt":{"rendered":"<p>El programa adscrito a la Direcci\u00f3n General de Investigaciones surgi\u00f3 en 1984, e involucra a especialistas de diversas disciplinas en el af\u00e1n de compartir su conocimiento<\/p>\n","protected":false},"author":1775,"featured_media":148892,"comment_status":"closed","ping_status":"closed","sticky":false,"template":"","format":"standard","meta":[],"categories":[45,1,61],"tags":[2274,4163,3145,797,1012,11461,6462,19676,2530,2291,1450],"_links":{"self":[{"href":"https:\/\/www.uv.mx\/prensa\/wp-json\/wp\/v2\/posts\/148901"}],"collection":[{"href":"https:\/\/www.uv.mx\/prensa\/wp-json\/wp\/v2\/posts"}],"about":[{"href":"https:\/\/www.uv.mx\/prensa\/wp-json\/wp\/v2\/types\/post"}],"author":[{"embeddable":true,"href":"https:\/\/www.uv.mx\/prensa\/wp-json\/wp\/v2\/users\/1775"}],"replies":[{"embeddable":true,"href":"https:\/\/www.uv.mx\/prensa\/wp-json\/wp\/v2\/comments?post=148901"}],"version-history":[{"count":1,"href":"https:\/\/www.uv.mx\/prensa\/wp-json\/wp\/v2\/posts\/148901\/revisions"}],"predecessor-version":[{"id":148902,"href":"https:\/\/www.uv.mx\/prensa\/wp-json\/wp\/v2\/posts\/148901\/revisions\/148902"}],"wp:featuredmedia":[{"embeddable":true,"href":"https:\/\/www.uv.mx\/prensa\/wp-json\/wp\/v2\/media\/148892"}],"wp:attachment":[{"href":"https:\/\/www.uv.mx\/prensa\/wp-json\/wp\/v2\/media?parent=148901"}],"wp:term":[{"taxonomy":"category","embeddable":true,"href":"https:\/\/www.uv.mx\/prensa\/wp-json\/wp\/v2\/categories?post=148901"},{"taxonomy":"post_tag","embeddable":true,"href":"https:\/\/www.uv.mx\/prensa\/wp-json\/wp\/v2\/tags?post=148901"}],"curies":[{"name":"wp","href":"https:\/\/api.w.org\/{rel}","templated":true}]}}