{"id":149060,"date":"2024-11-11T19:42:15","date_gmt":"2024-11-12T01:42:15","guid":{"rendered":"https:\/\/www.uv.mx\/prensa\/?p=149060"},"modified":"2024-11-11T19:42:15","modified_gmt":"2024-11-12T01:42:15","slug":"diabetes-ventana-de-oportunidad-para-repensar-estilos-de-vida","status":"publish","type":"post","link":"https:\/\/www.uv.mx\/prensa\/general\/diabetes-ventana-de-oportunidad-para-repensar-estilos-de-vida\/","title":{"rendered":"Diabetes, ventana de oportunidad para repensar estilos de vida"},"content":{"rendered":"<ul>\n<li data-leveltext=\"\uf0b7\" data-font=\"Symbol\" data-listid=\"3\" data-list-defn-props=\"{&quot;335552541&quot;:1,&quot;335559685&quot;:720,&quot;335559991&quot;:360,&quot;469769226&quot;:&quot;Symbol&quot;,&quot;469769242&quot;:[8226],&quot;469777803&quot;:&quot;left&quot;,&quot;469777804&quot;:&quot;\uf0b7&quot;,&quot;469777815&quot;:&quot;hybridMultilevel&quot;}\" data-aria-posinset=\"1\" data-aria-level=\"1\"><i><span data-contrast=\"auto\">El ciclo de vigilia tiene un gran impacto en el desarrollo de esta enfermedad y otros padecimientos, afirm\u00f3 Jos\u00e9 Enrique Meza, del Centro de Investigaciones Biom\u00e9dicas<\/span><\/i><span data-ccp-props=\"{&quot;134233117&quot;:false,&quot;134233118&quot;:false,&quot;201341983&quot;:0,&quot;335559738&quot;:0,&quot;335559739&quot;:0,&quot;335559740&quot;:240}\">\u00a0<\/span><\/li>\n<\/ul>\n<ul>\n<li data-leveltext=\"\uf0b7\" data-font=\"Symbol\" data-listid=\"3\" data-list-defn-props=\"{&quot;335552541&quot;:1,&quot;335559685&quot;:720,&quot;335559991&quot;:360,&quot;469769226&quot;:&quot;Symbol&quot;,&quot;469769242&quot;:[8226],&quot;469777803&quot;:&quot;left&quot;,&quot;469777804&quot;:&quot;\uf0b7&quot;,&quot;469777815&quot;:&quot;hybridMultilevel&quot;}\" data-aria-posinset=\"2\" data-aria-level=\"1\"><i><span data-contrast=\"auto\">UV realiza simposio en el que se impartir\u00e1n conferencias magistrales y talleres a cargo de distintos especialistas del tema<\/span><\/i><span data-ccp-props=\"{&quot;134233117&quot;:false,&quot;134233118&quot;:false,&quot;201341983&quot;:0,&quot;335559738&quot;:0,&quot;335559739&quot;:0,&quot;335559740&quot;:240}\">\u00a0<\/span><\/li>\n<\/ul>\n<p><span data-ccp-props=\"{&quot;134233117&quot;:false,&quot;134233118&quot;:false,&quot;201341983&quot;:0,&quot;335559738&quot;:0,&quot;335559739&quot;:0,&quot;335559740&quot;:240}\">\u00a0<\/span><\/p>\n<div id=\"attachment_149013\" style=\"width: 732px\" class=\"wp-caption aligncenter\"><img aria-describedby=\"caption-attachment-149013\" decoding=\"async\" loading=\"lazy\" class=\"size-full wp-image-149013\" src=\"https:\/\/www.uv.mx\/prensa\/files\/2024\/11\/11112424-DAVID-Inauguracion-Simposio-Enfoque-de-la-Diabetes-1.jpg\" alt=\"Roberto Zenteno, responsable de la DGI, inaugur\u00f3 la und\u00e9cima edici\u00f3n del simposio organizado por el IIB\" width=\"722\" height=\"462\" srcset=\"https:\/\/www.uv.mx\/prensa\/files\/2024\/11\/11112424-DAVID-Inauguracion-Simposio-Enfoque-de-la-Diabetes-1.jpg 722w, https:\/\/www.uv.mx\/prensa\/files\/2024\/11\/11112424-DAVID-Inauguracion-Simposio-Enfoque-de-la-Diabetes-1-300x192.jpg 300w\" sizes=\"(max-width: 722px) 100vw, 722px\" \/><p id=\"caption-attachment-149013\" class=\"wp-caption-text\">Roberto Zenteno, responsable de la DGI, inaugur\u00f3 la und\u00e9cima edici\u00f3n del simposio organizado por el IIB<\/p><\/div>\n<p>&nbsp;<\/p>\n<p><b><i><span data-contrast=\"auto\">David Sandoval Rodr\u00edguez<\/span><\/i><\/b><span data-ccp-props=\"{&quot;134233117&quot;:false,&quot;134233118&quot;:false,&quot;201341983&quot;:0,&quot;335559738&quot;:0,&quot;335559739&quot;:0,&quot;335559740&quot;:240}\">\u00a0<\/span><\/p>\n<p><b><i><span data-contrast=\"auto\">Fotos: C\u00e9sar Pisil Ramos<\/span><\/i><\/b><\/p>\n<p><b><i><span data-contrast=\"auto\">11\/11\/2024, Xalapa, Ver.- <\/span><\/i><\/b><span data-contrast=\"auto\">La diabetes es un padecimiento provocado por diversos factores que sigue increment\u00e1ndose entre los mexicanos, ello hace crucial generar espacios acad\u00e9micos para su atenci\u00f3n y compartir experiencias de investigaci\u00f3n, expres\u00f3 Roberto Zenteno Cuevas, titular de la Direcci\u00f3n General de Investigaciones (DGI) de la Universidad Veracruzana (UV), al inaugurar el 11 Simposio Internacional \u201cEnfoque multidisciplinario de la diabetes\u201d.<\/span><span data-ccp-props=\"{&quot;134233117&quot;:false,&quot;134233118&quot;:false,&quot;201341983&quot;:0,&quot;335559738&quot;:0,&quot;335559739&quot;:0,&quot;335559740&quot;:240}\">\u00a0<\/span><\/p>\n<p><span data-contrast=\"auto\">El evento, que abarca los d\u00edas 11 y 12 de noviembre, con sede en la Unidad de Servicios Bibliotecarios y de Informaci\u00f3n (USBI), es organizado por el Laboratorio de Biomedicina, la comisi\u00f3n de seminarios del Instituto de Investigaciones Biol\u00f3gicas (IIB) y el Cuerpo Acad\u00e9mico (CA) Horticultura y Calidad Poscosecha, en el marco del 80 aniversario de la UV y del D\u00eda Mundial de la Diabetes, que se celebra el 14 de noviembre.<\/span><span data-ccp-props=\"{&quot;134233117&quot;:false,&quot;134233118&quot;:false,&quot;201341983&quot;:0,&quot;335559731&quot;:708,&quot;335559738&quot;:0,&quot;335559739&quot;:0,&quot;335559740&quot;:240}\">\u00a0<\/span><\/p>\n<p><span data-contrast=\"auto\">El titular de la DGI record\u00f3 su participaci\u00f3n como ponente en sus primeras ediciones y reconoci\u00f3 que la presencia de la diabetes sigue increment\u00e1ndose en M\u00e9xico, con el 10% de la poblaci\u00f3n enferma, representando alrededor de 11 millones de habitantes.<\/span><span data-ccp-props=\"{&quot;134233117&quot;:false,&quot;134233118&quot;:false,&quot;201341983&quot;:0,&quot;335559731&quot;:708,&quot;335559738&quot;:0,&quot;335559739&quot;:0,&quot;335559740&quot;:240}\">\u00a0<\/span><\/p>\n<p><span data-contrast=\"auto\">Esto conlleva un grave problema a los servicios de salud nacional, que adem\u00e1s es una de las primeras causas de muerte, s\u00f3lo debajo de los padecimientos cardiovasculares, a tal grado que la diabetes mellitus ha sido nombrada como \u201cla peste dulce\u201d.<\/span><span data-ccp-props=\"{&quot;134233117&quot;:false,&quot;134233118&quot;:false,&quot;201341983&quot;:0,&quot;335559731&quot;:705,&quot;335559738&quot;:0,&quot;335559739&quot;:0,&quot;335559740&quot;:240}\">\u00a0<\/span><\/p>\n<p><span data-contrast=\"auto\">Mar\u00eda Luisa Moreno Cort\u00e9s, investigadora y encargada del Laboratorio de Biomedicina del IIB, dijo en la bienvenida que una de cada diez personas convive con la diabetes y otras tantas sobrellevan sus complicaciones, no obstante, la diabetes representa una ventana de oportunidad para redirigir los estilos de vida.<\/span><\/p>\n<div id=\"attachment_149014\" style=\"width: 732px\" class=\"wp-caption aligncenter\"><img aria-describedby=\"caption-attachment-149014\" decoding=\"async\" loading=\"lazy\" class=\"size-full wp-image-149014\" src=\"https:\/\/www.uv.mx\/prensa\/files\/2024\/11\/11112424-DAVID-Inauguracion-Simposio-Enfoque-de-la-Diabetes-2.jpg\" alt=\"Mar\u00eda Luisa Moreno, Roberto Zenteno, Eduardo Morteo, Martha Luc\u00eda Baena, Elia Nora Aquino y Blanca Elizabeth Cortina en la inauguraci\u00f3n \" width=\"722\" height=\"439\" srcset=\"https:\/\/www.uv.mx\/prensa\/files\/2024\/11\/11112424-DAVID-Inauguracion-Simposio-Enfoque-de-la-Diabetes-2.jpg 722w, https:\/\/www.uv.mx\/prensa\/files\/2024\/11\/11112424-DAVID-Inauguracion-Simposio-Enfoque-de-la-Diabetes-2-300x182.jpg 300w\" sizes=\"(max-width: 722px) 100vw, 722px\" \/><p id=\"caption-attachment-149014\" class=\"wp-caption-text\">Mar\u00eda Luisa Moreno, Roberto Zenteno, Eduardo Morteo, Martha Luc\u00eda Baena, Elia Nora Aquino y Blanca Elizabeth Cortina en la inauguraci\u00f3n<\/p><\/div>\n<p>&nbsp;<\/p>\n<p><span data-contrast=\"auto\">Se\u00f1al\u00f3 que las actividades est\u00e1n pensadas para ofrecer herramientas a quienes padecen o acompa\u00f1an el curso de la enfermedad con una serie de conferencias y talleres impartidos por expertos en varias disciplinas.<\/span><span data-ccp-props=\"{&quot;134233117&quot;:false,&quot;134233118&quot;:false,&quot;201341983&quot;:0,&quot;335559731&quot;:705,&quot;335559738&quot;:0,&quot;335559739&quot;:0,&quot;335559740&quot;:240}\">\u00a0<\/span><\/p>\n<p><span data-contrast=\"auto\">En la inauguraci\u00f3n estuvieron: Eduardo Morteo Ortiz, director del IIB; Martha Luc\u00eda Baena Hurtado, coordinadora de la comisi\u00f3n de seminarios y difusi\u00f3n del instituto; Blanca Elizabeth Cortina Julio, investigadora del IIB; Elia Nora Aquino Bola\u00f1os, coordinadora del CA.<\/span><span data-ccp-props=\"{&quot;134233117&quot;:false,&quot;134233118&quot;:false,&quot;201341983&quot;:0,&quot;335559731&quot;:705,&quot;335559738&quot;:0,&quot;335559739&quot;:0,&quot;335559740&quot;:240}\">\u00a0<\/span><\/p>\n<p><span data-contrast=\"auto\">A continuaci\u00f3n, las actividades iniciaron con la conferencia magistral \u201cDiabetes y envejecimiento, c\u00f3mo reducir sus efectos a trav\u00e9s de la cronobiolog\u00eda\u201d, que imparti\u00f3 Jos\u00e9 Enrique Meza Alvarado, acad\u00e9mico del Centro de Investigaciones Biom\u00e9dicas de la UV.<\/span><span data-ccp-props=\"{&quot;134233117&quot;:false,&quot;134233118&quot;:false,&quot;201341983&quot;:0,&quot;335559731&quot;:705,&quot;335559738&quot;:0,&quot;335559739&quot;:0,&quot;335559740&quot;:240}\">\u00a0<\/span><\/p>\n<p><span data-contrast=\"auto\">El ciclo sue\u00f1o-vigilia afecta varios ritmos del cuerpo humano: metab\u00f3licos, fisiol\u00f3gicos y conductuales; por tal motivo, se realizan investigaciones de laboratorio que buscan analizar los factores que alteran este ciclo, as\u00ed como sus consecuencias en los mam\u00edferos, principalmente roedores, para poder extrapolarlos a la respuesta de los humanos.<\/span><\/p>\n<div id=\"attachment_149015\" style=\"width: 732px\" class=\"wp-caption aligncenter\"><img aria-describedby=\"caption-attachment-149015\" decoding=\"async\" loading=\"lazy\" class=\"size-full wp-image-149015\" src=\"https:\/\/www.uv.mx\/prensa\/files\/2024\/11\/11112424-DAVID-Inauguracion-Simposio-Enfoque-de-la-Diabetes-3.jpg\" alt=\"Jos\u00e9 Enrique Meza, investigador del CIB, abord\u00f3 en su conferencia la relaci\u00f3n del ciclo sue\u00f1o-vigilia con la diabetes \" width=\"722\" height=\"484\" srcset=\"https:\/\/www.uv.mx\/prensa\/files\/2024\/11\/11112424-DAVID-Inauguracion-Simposio-Enfoque-de-la-Diabetes-3.jpg 722w, https:\/\/www.uv.mx\/prensa\/files\/2024\/11\/11112424-DAVID-Inauguracion-Simposio-Enfoque-de-la-Diabetes-3-300x201.jpg 300w\" sizes=\"(max-width: 722px) 100vw, 722px\" \/><p id=\"caption-attachment-149015\" class=\"wp-caption-text\">Jos\u00e9 Enrique Meza, investigador del CIB, abord\u00f3 en su conferencia la relaci\u00f3n del ciclo sue\u00f1o-vigilia con la diabetes<\/p><\/div>\n<p>&nbsp;<\/p>\n<p><span data-contrast=\"auto\">Precis\u00f3 que el ritmo circadiano es el ciclo de cambios que experimentan todos los animales en un periodo de 24 horas y est\u00e1 relacionado directamente con la luz de d\u00eda y la oscuridad, que provocan cambios hormonales, qu\u00edmicos y moleculares; en ese sentido, sus alteraciones generan consecuencias que afectan a su vez el sue\u00f1o y la alimentaci\u00f3n.<\/span><span data-ccp-props=\"{&quot;134233117&quot;:false,&quot;134233118&quot;:false,&quot;201341983&quot;:0,&quot;335559731&quot;:705,&quot;335559738&quot;:0,&quot;335559739&quot;:0,&quot;335559740&quot;:240}\">\u00a0<\/span><\/p>\n<p><span data-contrast=\"auto\">En los humanos, el hipot\u00e1lamo, agrupaci\u00f3n de neuronas del tama\u00f1o de un grano de alpiste, es donde el cuerpo recibe y procesa los est\u00edmulos de la luz que recibe de las c\u00e9lulas en las retinas, programando as\u00ed la producci\u00f3n de hormonas que, a su vez, regulan los ritmos corporales.<\/span><span data-ccp-props=\"{&quot;134233117&quot;:false,&quot;134233118&quot;:false,&quot;201341983&quot;:0,&quot;335559731&quot;:705,&quot;335559738&quot;:0,&quot;335559739&quot;:0,&quot;335559740&quot;:240}\">\u00a0<\/span><\/p>\n<p><span data-contrast=\"auto\">Resultados en pruebas de laboratorio ya cl\u00e1sicas, realizadas hace m\u00e1s de cuatro d\u00e9cadas con ratones, han comprobado que alterar los ciclos luz\/oscuridad y la alimentaci\u00f3n generan trastornos en los animales: aquellos que se alimentan de d\u00eda, cuando son biol\u00f3gicamente nocturnos, generan obesidad, y aquellos que tienen un ciclo de luz\/oscuridad interrumpido llegan a desarrollar hipertensi\u00f3n.<\/span><span data-ccp-props=\"{&quot;134233117&quot;:false,&quot;134233118&quot;:false,&quot;201341983&quot;:0,&quot;335559731&quot;:705,&quot;335559738&quot;:0,&quot;335559739&quot;:0,&quot;335559740&quot;:240}\">\u00a0<\/span><\/p>\n<p><span data-contrast=\"auto\">Meza Alvarado advirti\u00f3 que el envejecimiento y extender nuestros horarios de vigilia genera una reducci\u00f3n en las emisiones de hormonas como el cortisol y la melatonina, a lo que si se suma la falta de actividad f\u00edsica y ejercicio son condicionantes del desarrollo de enfermedades, entre las que la diabetes ocupa de los primeros lugares a nivel mundial y nacional.<\/span><\/p>\n<div id=\"attachment_149016\" style=\"width: 732px\" class=\"wp-caption aligncenter\"><img aria-describedby=\"caption-attachment-149016\" decoding=\"async\" loading=\"lazy\" class=\"size-full wp-image-149016\" src=\"https:\/\/www.uv.mx\/prensa\/files\/2024\/11\/11112424-DAVID-Inauguracion-Simposio-Enfoque-de-la-Diabetes-4.jpg\" alt=\"Estudiantes, acad\u00e9micos y ponentes se dieron cita en la USBI para atender al simposio \" width=\"722\" height=\"420\" \/><p id=\"caption-attachment-149016\" class=\"wp-caption-text\">Estudiantes, acad\u00e9micos y ponentes se dieron cita en la USBI para atender al simposio<\/p><\/div>\n<p>&nbsp;<\/p>\n<p><span data-contrast=\"auto\">La Organizaci\u00f3n Mundial de la Salud (OMS) advirti\u00f3 en 2020 que el n\u00famero de personas con 60 a\u00f1os super\u00f3 al de ni\u00f1os menores de cinco a\u00f1os; tambi\u00e9n, que el ritmo de envejecimiento es mucho m\u00e1s r\u00e1pido que en el pasado y esto genera una condici\u00f3n de alerta para los sistemas de salud nacionales, pues deber\u00e1n atender a un mayor n\u00famero de habitantes con enfermedades cr\u00f3nicas como la diabetes y la hipertensi\u00f3n.<\/span><span data-ccp-props=\"{&quot;134233117&quot;:false,&quot;134233118&quot;:false,&quot;201341983&quot;:0,&quot;335559731&quot;:705,&quot;335559738&quot;:0,&quot;335559739&quot;:0,&quot;335559740&quot;:240}\">\u00a0<\/span><\/p>\n<p><span data-contrast=\"auto\">Exhort\u00f3 a los j\u00f3venes presentes a buscar regular su ciclo de sue\u00f1o-vigilia ya que el impacto de dormir menos de seis horas se ir\u00e1 reflejando conforme crezcan, adem\u00e1s record\u00f3 que la fase de sue\u00f1o ayuda al cuerpo a regenerarse y mantener un metabolismo estable.<\/span><\/p>\n","protected":false},"excerpt":{"rendered":"<p>La UV re\u00fane a especialistas que impartir\u00e1n conferencias y talleres para la comunidad universitaria y el p\u00fablico que requiera atenci\u00f3n en el tema, durante el 11 Simposio \u201cEnfoque multidisciplinario de la diabetes\u201d   <\/p>\n","protected":false},"author":1775,"featured_media":149018,"comment_status":"closed","ping_status":"closed","sticky":false,"template":"","format":"standard","meta":[],"categories":[47,1,61],"tags":[18986,4828,753,460,6263,752,4159,5039,3145,19725,19726,19724,793,792,6467,4663,1445,572],"_links":{"self":[{"href":"https:\/\/www.uv.mx\/prensa\/wp-json\/wp\/v2\/posts\/149060"}],"collection":[{"href":"https:\/\/www.uv.mx\/prensa\/wp-json\/wp\/v2\/posts"}],"about":[{"href":"https:\/\/www.uv.mx\/prensa\/wp-json\/wp\/v2\/types\/post"}],"author":[{"embeddable":true,"href":"https:\/\/www.uv.mx\/prensa\/wp-json\/wp\/v2\/users\/1775"}],"replies":[{"embeddable":true,"href":"https:\/\/www.uv.mx\/prensa\/wp-json\/wp\/v2\/comments?post=149060"}],"version-history":[{"count":1,"href":"https:\/\/www.uv.mx\/prensa\/wp-json\/wp\/v2\/posts\/149060\/revisions"}],"predecessor-version":[{"id":149061,"href":"https:\/\/www.uv.mx\/prensa\/wp-json\/wp\/v2\/posts\/149060\/revisions\/149061"}],"wp:featuredmedia":[{"embeddable":true,"href":"https:\/\/www.uv.mx\/prensa\/wp-json\/wp\/v2\/media\/149018"}],"wp:attachment":[{"href":"https:\/\/www.uv.mx\/prensa\/wp-json\/wp\/v2\/media?parent=149060"}],"wp:term":[{"taxonomy":"category","embeddable":true,"href":"https:\/\/www.uv.mx\/prensa\/wp-json\/wp\/v2\/categories?post=149060"},{"taxonomy":"post_tag","embeddable":true,"href":"https:\/\/www.uv.mx\/prensa\/wp-json\/wp\/v2\/tags?post=149060"}],"curies":[{"name":"wp","href":"https:\/\/api.w.org\/{rel}","templated":true}]}}