{"id":149278,"date":"2024-11-15T17:31:17","date_gmt":"2024-11-15T23:31:17","guid":{"rendered":"https:\/\/www.uv.mx\/prensa\/?p=149278"},"modified":"2024-11-15T17:31:17","modified_gmt":"2024-11-15T23:31:17","slug":"en-catedra-jose-marti-especialistas-reflexionaron-sobre-procesos-literarios","status":"publish","type":"post","link":"https:\/\/www.uv.mx\/prensa\/general\/en-catedra-jose-marti-especialistas-reflexionaron-sobre-procesos-literarios\/","title":{"rendered":"En Catedra \u201cJos\u00e9 Mart\u00ed\u201d, especialistas reflexionaron sobre procesos literarios"},"content":{"rendered":"<ul>\n<li data-leveltext=\"\uf0b7\" data-font=\"Symbol\" data-listid=\"1\" data-list-defn-props=\"{&quot;335552541&quot;:1,&quot;335559685&quot;:720,&quot;335559991&quot;:360,&quot;469769226&quot;:&quot;Symbol&quot;,&quot;469769242&quot;:[8226],&quot;469777803&quot;:&quot;left&quot;,&quot;469777804&quot;:&quot;\uf0b7&quot;,&quot;469777815&quot;:&quot;hybridMultilevel&quot;}\" data-aria-posinset=\"1\" data-aria-level=\"1\"><i><span data-contrast=\"auto\">Como parte del Coloquio Internacional \u201cArqueolog\u00edas po\u00e9ticas: M\u00e9xico y Per\u00fa, procesos literarios en contraste\u201d<\/span><\/i><span data-ccp-props=\"{}\">\u00a0<\/span><\/li>\n<\/ul>\n<ul>\n<li data-leveltext=\"\uf0b7\" data-font=\"Symbol\" data-listid=\"1\" data-list-defn-props=\"{&quot;335552541&quot;:1,&quot;335559685&quot;:720,&quot;335559991&quot;:360,&quot;469769226&quot;:&quot;Symbol&quot;,&quot;469769242&quot;:[8226],&quot;469777803&quot;:&quot;left&quot;,&quot;469777804&quot;:&quot;\uf0b7&quot;,&quot;469777815&quot;:&quot;hybridMultilevel&quot;}\" data-aria-posinset=\"2\" data-aria-level=\"1\"><i><span data-contrast=\"auto\">Los d\u00edas 14 y 15 de noviembre, en colaboraci\u00f3n con el grupo de trabajo \u201cPo\u00e9tica, est\u00e9tica, cr\u00edtica\u201d<\/span><\/i><span data-ccp-props=\"{&quot;134233117&quot;:false,&quot;134233118&quot;:false,&quot;201341983&quot;:0,&quot;335551550&quot;:1,&quot;335551620&quot;:1,&quot;335559685&quot;:720,&quot;335559737&quot;:0,&quot;335559738&quot;:0,&quot;335559739&quot;:0,&quot;335559740&quot;:259,&quot;335559991&quot;:360}\">\u00a0<\/span><\/li>\n<\/ul>\n<p><span data-ccp-props=\"{}\">\u00a0<\/span><\/p>\n<div id=\"attachment_149263\" style=\"width: 732px\" class=\"wp-caption aligncenter\"><img aria-describedby=\"caption-attachment-149263\" decoding=\"async\" loading=\"lazy\" class=\"size-full wp-image-149263\" src=\"https:\/\/www.uv.mx\/prensa\/files\/2024\/11\/151124-PAOLA-Catedra-Jose-Marti-1-1.jpg\" alt=\"En el segundo d\u00eda se realiz\u00f3 la mesa \u201cSoportes, visualidades, experimentalismos. Reflexi\u00f3n cr\u00edtica\u201d \" width=\"722\" height=\"398\" srcset=\"https:\/\/www.uv.mx\/prensa\/files\/2024\/11\/151124-PAOLA-Catedra-Jose-Marti-1-1.jpg 722w, https:\/\/www.uv.mx\/prensa\/files\/2024\/11\/151124-PAOLA-Catedra-Jose-Marti-1-1-300x165.jpg 300w\" sizes=\"(max-width: 722px) 100vw, 722px\" \/><p id=\"caption-attachment-149263\" class=\"wp-caption-text\">En el segundo d\u00eda se realiz\u00f3 la mesa \u201cSoportes, visualidades, experimentalismos. Reflexi\u00f3n cr\u00edtica\u201d<\/p><\/div>\n<p>&nbsp;<\/p>\n<p><b><i><span data-contrast=\"auto\">Paola Cort\u00e9s P\u00e9rez<\/span><\/i><\/b><span data-ccp-props=\"{}\">\u00a0<\/span><\/p>\n<p><b><i><span data-contrast=\"auto\">Fotos: Luis Fernando Fern\u00e1ndez<\/span><\/i><\/b><\/p>\n<p><b><i><span data-contrast=\"auto\">15\/11\/2024, Xalapa, Ver.-<\/span><\/i><\/b><span data-contrast=\"auto\"> La memoria colectiva plasmada en la poes\u00eda, as\u00ed como una reflexi\u00f3n sobre el antagonismo entre el surrealismo y el indigenismo en Per\u00fa, fueron los temas abordados en la mesa \u201cSoportes, visualidades, experimentalismos. Reflexi\u00f3n cr\u00edtica\u201d, en el marco del Coloquio Internacional \u201cArqueolog\u00edas po\u00e9ticas: M\u00e9xico y Per\u00fa, procesos literarios en contraste\u201d.<\/span><span data-ccp-props=\"{}\">\u00a0<\/span><\/p>\n<p><span data-contrast=\"auto\">El evento acad\u00e9mico transmitido en el canal de <\/span><i><span data-contrast=\"auto\">YouTube<\/span><\/i><span data-contrast=\"auto\"> de la <\/span><a href=\"https:\/\/www.youtube.com\/@catedrajosemartiuniversida8945\"><span data-contrast=\"none\">C\u00e1tedra de Excelencia Jos\u00e9 Mart\u00ed<\/span><\/a><span data-contrast=\"auto\">, de la Universidad Veracruzana (UV), y organizado tambi\u00e9n por el grupo de trabajo \u201cPo\u00e9tica, est\u00e9tica, cr\u00edtica\u201d, reuni\u00f3 a destacados especialistas para explorar y contrastar los procesos literarios de M\u00e9xico y Per\u00fa, ofreciendo una plataforma para el intercambio de ideas y la reflexi\u00f3n cr\u00edtica.<\/span><span data-ccp-props=\"{&quot;335559731&quot;:708}\">\u00a0<\/span><\/p>\n<p><span data-contrast=\"auto\">La primera ponencia presentada fue \u201cSupervivencia y repetici\u00f3n: formas de la memoria en la poes\u00eda reciente de M\u00e9xico y Per\u00fa\u201d, por Jos\u00e9 Roberto Cruz Arzabal, investigador del Instituto de Investigaciones Ling\u00fc\u00edstico-Literarias (IIL-L) de esta casa de estudios, quien coment\u00f3 que la poes\u00eda es el g\u00e9nero literario m\u00e1s asociado con la memoria, lo que es una hip\u00e9rbole, pero necesaria.<\/span><span data-ccp-props=\"{&quot;335559731&quot;:708}\">\u00a0<\/span><\/p>\n<p><span data-contrast=\"auto\">La hip\u00e9rbole es una figura ret\u00f3rica que se utiliza en poes\u00eda para exagerar o disminuir una realidad, de manera que se logre un efecto literario o ret\u00f3rico.<\/span><span data-ccp-props=\"{&quot;335559731&quot;:708}\">\u00a0<\/span><\/p>\n<p><span data-contrast=\"auto\">Mencion\u00f3 que en sus or\u00edgenes la poes\u00eda eran canciones que acompa\u00f1aban la crianza y el trabajo agr\u00edcola, pero tambi\u00e9n eran la forma que tomaban los relatos de los dioses y los muertos.<\/span><\/p>\n<div id=\"attachment_149262\" style=\"width: 732px\" class=\"wp-caption aligncenter\"><img aria-describedby=\"caption-attachment-149262\" decoding=\"async\" loading=\"lazy\" class=\"size-full wp-image-149262\" src=\"https:\/\/www.uv.mx\/prensa\/files\/2024\/11\/151124-PAOLA-Catedra-Jose-Marti-2-1.jpg\" alt=\"Jos\u00e9 Roberto Cruz, investigador del Instituto de Investigaciones Ling\u00fc\u00edstico-Literarias de la UV \" width=\"722\" height=\"406\" srcset=\"https:\/\/www.uv.mx\/prensa\/files\/2024\/11\/151124-PAOLA-Catedra-Jose-Marti-2-1.jpg 722w, https:\/\/www.uv.mx\/prensa\/files\/2024\/11\/151124-PAOLA-Catedra-Jose-Marti-2-1-300x169.jpg 300w\" sizes=\"(max-width: 722px) 100vw, 722px\" \/><p id=\"caption-attachment-149262\" class=\"wp-caption-text\">Jos\u00e9 Roberto Cruz, investigador del Instituto de Investigaciones Ling\u00fc\u00edstico-Literarias de la UV<\/p><\/div>\n<p>&nbsp;<\/p>\n<p><span data-contrast=\"auto\">\u201cVive en la memoria colectiva, es decir, en la repetici\u00f3n y en el cambio; las rimas, los pareados, las an\u00e1foras, los motivos que iban en las historias como nudos de sentido, todo ello existe porque tiene una funci\u00f3n primordial, aunque no necesariamente nemot\u00e9cnica.\u201d<\/span><span data-ccp-props=\"{&quot;335559731&quot;:708}\">\u00a0<\/span><\/p>\n<p><span data-contrast=\"auto\">Por esto, expres\u00f3 que la escritura y esa condici\u00f3n llamada archiescritura son cruciales porque es la materia que se forma y de la que se forman todos, porque est\u00e1n hechos de tiempos m\u00faltiples y heterog\u00e9neos que se entrecruzan, se interfieren y se entremezclan.<\/span><span data-ccp-props=\"{&quot;335559731&quot;:708}\">\u00a0<\/span><\/p>\n<p><span data-contrast=\"auto\">\u201cLeer la presencia de la memoria en el poema es avivar la dimensi\u00f3n sensible en la que \u00e9ste construye y entrega aqu\u00e9lla\u201d, enfatiz\u00f3 el investigador de la UV.<\/span><span data-ccp-props=\"{&quot;335559731&quot;:708}\">\u00a0<\/span><\/p>\n<p><span data-contrast=\"auto\">En tanto, Andrea Garc\u00eda Rodr\u00edguez, del Instituto de Investigaciones Est\u00e9ticas de la Universidad Nacional Aut\u00f3noma de M\u00e9xico (UNAM), present\u00f3 la ponencia \u201cConfluencias de lo antag\u00f3nico: parasurrealismos indigenistas entre Per\u00fa y M\u00e9xico, 1939\u201d.<\/span><\/p>\n<div id=\"attachment_149261\" style=\"width: 732px\" class=\"wp-caption aligncenter\"><img aria-describedby=\"caption-attachment-149261\" decoding=\"async\" loading=\"lazy\" class=\"size-full wp-image-149261\" src=\"https:\/\/www.uv.mx\/prensa\/files\/2024\/11\/151124-PAOLA-Catedra-Jose-Marti-3-1.jpg\" alt=\"Andrea Garc\u00eda, del Instituto de Investigaciones Est\u00e9ticas de la UNAM \" width=\"722\" height=\"399\" srcset=\"https:\/\/www.uv.mx\/prensa\/files\/2024\/11\/151124-PAOLA-Catedra-Jose-Marti-3-1.jpg 722w, https:\/\/www.uv.mx\/prensa\/files\/2024\/11\/151124-PAOLA-Catedra-Jose-Marti-3-1-300x166.jpg 300w\" sizes=\"(max-width: 722px) 100vw, 722px\" \/><p id=\"caption-attachment-149261\" class=\"wp-caption-text\">Andrea Garc\u00eda, del Instituto de Investigaciones Est\u00e9ticas de la UNAM<\/p><\/div>\n<p>&nbsp;<\/p>\n<p><span data-contrast=\"auto\">Record\u00f3 que en la d\u00e9cada de los treinta apareci\u00f3 en M\u00e9xico y en Per\u00fa una revisi\u00f3n profunda y cr\u00edtica de los postulados ut\u00f3picos surgidos al calor de los a\u00f1os posrevolucionarios mexicanos y onceavo villista en Per\u00fa.<\/span><span data-ccp-props=\"{&quot;335559731&quot;:708}\">\u00a0<\/span><\/p>\n<p><span data-contrast=\"auto\">\u201cEsta pl\u00e1tica busca repensar el escenario art\u00edstico de este periodo, especialmente reconstruir los puntos de ruptura entre los pintores surrealistas e indigenistas.\u201d<\/span><span data-ccp-props=\"{&quot;335559731&quot;:708}\">\u00a0<\/span><\/p>\n<p><span data-contrast=\"auto\">Lejos de intentar hacer una s\u00edntesis entre el indigenismo y el surrealismo, destac\u00f3 los espacios de tensi\u00f3n y afinidad entre las corrientes art\u00edsticas para entender como de esta discordancia result\u00f3 el dinamismo, el cambio generacional y la apertura de espacios en el acampo art\u00edstico peruano.<\/span><span data-ccp-props=\"{&quot;335559731&quot;:708}\">\u00a0<\/span><\/p>\n<p><span data-contrast=\"auto\">\u201cAl observar las vanguardias latinoamericanas, el caso de estas dos vertientes peruanas permite ver qu\u00e9 modelos de representaci\u00f3n fueron criticados y reformulados; c\u00f3mo se organiz\u00f3 el posicionamiento est\u00e9tico frente al avance del fascismo en suelo peruano, as\u00ed como la censura e incluso las miras ut\u00f3picas de los a\u00f1os veinte\u201d, finaliz\u00f3.<\/span><span data-ccp-props=\"{&quot;335559731&quot;:708}\">\u00a0<\/span><\/p>\n","protected":false},"excerpt":{"rendered":"<p>Como parte del coloquio internacional organizado en colaboraci\u00f3n con el grupo de trabajo \u201cPo\u00e9tica, est\u00e9tica, cr\u00edtica\u201d <\/p>\n","protected":false},"author":1775,"featured_media":149260,"comment_status":"closed","ping_status":"closed","sticky":false,"template":"","format":"standard","meta":[],"categories":[47,1,61],"tags":[19885,13618,19882,1539,19887,19886,1538,19884,6592,4164,19883,101],"_links":{"self":[{"href":"https:\/\/www.uv.mx\/prensa\/wp-json\/wp\/v2\/posts\/149278"}],"collection":[{"href":"https:\/\/www.uv.mx\/prensa\/wp-json\/wp\/v2\/posts"}],"about":[{"href":"https:\/\/www.uv.mx\/prensa\/wp-json\/wp\/v2\/types\/post"}],"author":[{"embeddable":true,"href":"https:\/\/www.uv.mx\/prensa\/wp-json\/wp\/v2\/users\/1775"}],"replies":[{"embeddable":true,"href":"https:\/\/www.uv.mx\/prensa\/wp-json\/wp\/v2\/comments?post=149278"}],"version-history":[{"count":1,"href":"https:\/\/www.uv.mx\/prensa\/wp-json\/wp\/v2\/posts\/149278\/revisions"}],"predecessor-version":[{"id":149280,"href":"https:\/\/www.uv.mx\/prensa\/wp-json\/wp\/v2\/posts\/149278\/revisions\/149280"}],"wp:featuredmedia":[{"embeddable":true,"href":"https:\/\/www.uv.mx\/prensa\/wp-json\/wp\/v2\/media\/149260"}],"wp:attachment":[{"href":"https:\/\/www.uv.mx\/prensa\/wp-json\/wp\/v2\/media?parent=149278"}],"wp:term":[{"taxonomy":"category","embeddable":true,"href":"https:\/\/www.uv.mx\/prensa\/wp-json\/wp\/v2\/categories?post=149278"},{"taxonomy":"post_tag","embeddable":true,"href":"https:\/\/www.uv.mx\/prensa\/wp-json\/wp\/v2\/tags?post=149278"}],"curies":[{"name":"wp","href":"https:\/\/api.w.org\/{rel}","templated":true}]}}