{"id":149493,"date":"2024-11-25T09:13:10","date_gmt":"2024-11-25T15:13:10","guid":{"rendered":"https:\/\/www.uv.mx\/prensa\/?p=149493"},"modified":"2024-11-25T09:13:10","modified_gmt":"2024-11-25T15:13:10","slug":"uv-estudia-especies-de-tortugas-que-desovan-en-veracruz","status":"publish","type":"post","link":"https:\/\/www.uv.mx\/prensa\/general\/uv-estudia-especies-de-tortugas-que-desovan-en-veracruz\/","title":{"rendered":"UV estudia especies de tortugas que desovan en Veracruz"},"content":{"rendered":"<p><span data-ccp-props=\"{&quot;201341983&quot;:0,&quot;335559739&quot;:0,&quot;335559740&quot;:240}\">\u00a0<\/span><\/p>\n<ul>\n<li data-leveltext=\"\uf0b7\" data-font=\"Symbol\" data-listid=\"1\" data-list-defn-props=\"{&quot;335551671&quot;:13,&quot;335552541&quot;:1,&quot;335559685&quot;:720,&quot;335559991&quot;:360,&quot;469769226&quot;:&quot;Symbol&quot;,&quot;469769242&quot;:[8226],&quot;469777803&quot;:&quot;left&quot;,&quot;469777804&quot;:&quot;\uf0b7&quot;,&quot;469777815&quot;:&quot;hybridMultilevel&quot;}\" data-aria-posinset=\"13\" data-aria-level=\"1\"><i><span data-contrast=\"auto\">Investigadores del Instituto de Neuroetolog\u00eda<\/span><\/i> <i><span data-contrast=\"auto\">difunden informaci\u00f3n, dictan charlas y est\u00e1n en posibilidad de denunciar anomal\u00edas<\/span><\/i><span data-ccp-props=\"{&quot;201341983&quot;:0,&quot;335559739&quot;:0,&quot;335559740&quot;:240}\">\u00a0<\/span><\/li>\n<\/ul>\n<ul>\n<li data-leveltext=\"\uf0b7\" data-font=\"Symbol\" data-listid=\"1\" data-list-defn-props=\"{&quot;335551671&quot;:13,&quot;335552541&quot;:1,&quot;335559685&quot;:720,&quot;335559991&quot;:360,&quot;469769226&quot;:&quot;Symbol&quot;,&quot;469769242&quot;:[8226],&quot;469777803&quot;:&quot;left&quot;,&quot;469777804&quot;:&quot;\uf0b7&quot;,&quot;469777815&quot;:&quot;hybridMultilevel&quot;}\" data-aria-posinset=\"14\" data-aria-level=\"1\"><i><span data-contrast=\"auto\">De las seis especies que anidan en M\u00e9xico, cinco lo hacen en playas veracruzanas<\/span><\/i><span data-ccp-props=\"{&quot;201341983&quot;:0,&quot;335559739&quot;:0,&quot;335559740&quot;:240}\">\u00a0<\/span><\/li>\n<\/ul>\n<div id=\"attachment_149475\" style=\"width: 732px\" class=\"wp-caption aligncenter\"><img aria-describedby=\"caption-attachment-149475\" decoding=\"async\" loading=\"lazy\" class=\"size-full wp-image-149475\" src=\"https:\/\/www.uv.mx\/prensa\/files\/2024\/11\/22-11-2024-PACHECO-\u2013-Tortugas-Neuroetologia-Fotos-1.-100k.jpg\" alt=\"\" width=\"722\" height=\"482\" srcset=\"https:\/\/www.uv.mx\/prensa\/files\/2024\/11\/22-11-2024-PACHECO-\u2013-Tortugas-Neuroetologia-Fotos-1.-100k.jpg 722w, https:\/\/www.uv.mx\/prensa\/files\/2024\/11\/22-11-2024-PACHECO-\u2013-Tortugas-Neuroetologia-Fotos-1.-100k-300x200.jpg 300w\" sizes=\"(max-width: 722px) 100vw, 722px\" \/><p id=\"caption-attachment-149475\" class=\"wp-caption-text\">Jorge Morales M\u00e1vil, director del Instituto de Neuroetolog\u00eda UV<\/p><\/div>\n<p>&nbsp;<\/p>\n<p><b><i><span data-contrast=\"auto\">Jorge V\u00e1zquez Pacheco<\/span><\/i><\/b><span data-ccp-props=\"{&quot;201341983&quot;:0,&quot;335559739&quot;:0,&quot;335559740&quot;:240}\">\u00a0<\/span><\/p>\n<p><b><i><span data-contrast=\"auto\">Fotos: Cortes\u00eda del Instituto de Neuroetolog\u00eda<\/span><\/i><\/b><span data-ccp-props=\"{&quot;201341983&quot;:0,&quot;335559739&quot;:0,&quot;335559740&quot;:240}\">\u00a0<\/span><\/p>\n<p><b><i><span data-contrast=\"auto\">25\/11\/2024, Xalapa, Ver.-<\/span><\/i><\/b> <span data-contrast=\"auto\">Las tortugas marinas son especies en riesgo de extinci\u00f3n, indic\u00f3 Jorge Morales M\u00e1vil, investigador del Instituto de Neuroetolog\u00eda de la Universidad Veracruzana (UV), quien las ha estudiado desde 2011, a partir de un proyecto de investigaci\u00f3n aceptado por el Consejo Nacional de Humanidades, Ciencias y Tecnolog\u00edas (<\/span><i><span data-contrast=\"auto\">Conahcyt<\/span><\/i><span data-contrast=\"auto\">).<\/span><span data-ccp-props=\"{&quot;201341983&quot;:0,&quot;335559739&quot;:0,&quot;335559740&quot;:240}\">\u00a0<\/span><\/p>\n<p><span data-contrast=\"auto\">De las siete especies existentes en el mundo, seis arriban a M\u00e9xico para desove y a Veracruz llegan cinco. Se trata de seres que no han sufrido cambios desde la prehistoria, llevan la energ\u00eda de las playas a los arrecifes y los mantienen a buen nivel, coment\u00f3 Morales M\u00e1vil, actualmente titular de este instituto.<\/span><span data-ccp-props=\"{&quot;201341983&quot;:0,&quot;335559731&quot;:708,&quot;335559739&quot;:0,&quot;335559740&quot;:240}\">\u00a0<\/span><\/p>\n<p><span data-contrast=\"auto\">Las complicaciones inician con el hecho de que pasan toda su vida en grandes profundidades del mar y zonas de arrecife, \u201ceso complica nuestra visi\u00f3n de comportamiento para investigaci\u00f3n\u201d.<\/span><span data-ccp-props=\"{&quot;201341983&quot;:0,&quot;335559731&quot;:708,&quot;335559739&quot;:0,&quot;335559740&quot;:240}\">\u00a0<\/span><\/p>\n<p><span data-contrast=\"auto\">Agreg\u00f3 que el espacio para estudiarlas en su salida para desove es sumamente corto, \u201cpara ello mantenemos convenios de colaboraci\u00f3n con campamentos tortugueros de la costa veracruzana, que son manejados b\u00e1sicamente por gente de la sociedad civil y vecinos, a quienes las instancias gubernamentales suelen proporcionar apoyos econ\u00f3micos o en equipo\u201d.<\/span><span data-ccp-props=\"{&quot;201341983&quot;:0,&quot;335559731&quot;:708,&quot;335559739&quot;:0,&quot;335559740&quot;:240}\">\u00a0<\/span><\/p>\n<p>&nbsp;<\/p>\n<div id=\"attachment_149472\" style=\"width: 732px\" class=\"wp-caption aligncenter\"><img aria-describedby=\"caption-attachment-149472\" decoding=\"async\" loading=\"lazy\" class=\"size-full wp-image-149472\" src=\"https:\/\/www.uv.mx\/prensa\/files\/2024\/11\/22-11-2024-PACHECO-\u2013-Tortugas-Neuroetologia-Foto-2.-100k.jpg\" alt=\"\" width=\"722\" height=\"482\" srcset=\"https:\/\/www.uv.mx\/prensa\/files\/2024\/11\/22-11-2024-PACHECO-\u2013-Tortugas-Neuroetologia-Foto-2.-100k.jpg 722w, https:\/\/www.uv.mx\/prensa\/files\/2024\/11\/22-11-2024-PACHECO-\u2013-Tortugas-Neuroetologia-Foto-2.-100k-300x200.jpg 300w\" sizes=\"(max-width: 722px) 100vw, 722px\" \/><p id=\"caption-attachment-149472\" class=\"wp-caption-text\">Hay especies capaces de tolerar la presencia humana y desovar en \u00e1reas pobladas<\/p><\/div>\n<p>&nbsp;<\/p>\n<p><span data-contrast=\"auto\">En las zonas norte y centro estudian a las especies verde y lora, y en el sur a la carey. \u201cEn lugares como Nautla y Costa Esmeralda se han establecido hoteles cerca de zonas de anidaci\u00f3n, lo cual es un problema porque tienden a seguir la luz y eso desorienta a las cr\u00edas cuando nacen o a las hembras cuando emergen. Esto ha dado pie para que aportemos recomendaciones a la administraci\u00f3n federal y sugerir el tipo de luz en los hoteles y zonas restauranteras\u201d.<\/span><span data-ccp-props=\"{&quot;201341983&quot;:0,&quot;335559731&quot;:708,&quot;335559739&quot;:0,&quot;335559740&quot;:240}\">\u00a0<\/span><\/p>\n<p><span data-contrast=\"auto\">Otro problema es la contaminaci\u00f3n por aguas negras, \u201cque ha influido en la menor eclosi\u00f3n de cr\u00edas y genera malformaciones. Monitoreamos constantemente, lo declaramos ante las autoridades y el argumento que muchas veces nos dan es que no tienen personal para cubrir \u00e1reas extensas\u201d.<\/span><span data-ccp-props=\"{&quot;201341983&quot;:0,&quot;335559731&quot;:708,&quot;335559739&quot;:0,&quot;335559740&quot;:240}\">\u00a0<\/span><\/p>\n<p><span data-contrast=\"auto\">La mayor\u00eda de las especies sale por la noche, pero la tortuga lora lo hace de d\u00eda, es capaz de soportar la presi\u00f3n de la gente y pasar entre las palapas para depositar sus huevos. Al emerger del nido por la noche, las cr\u00edas tienen m\u00e1s probabilidades de librar a los depredadores (cangrejos, mapaches, perros, zopilotes y serpientes), pero una vez flotando en las aguas, sufren ataques de gaviotas, pel\u00edcanos y peces grandes.<\/span><span data-ccp-props=\"{&quot;201341983&quot;:0,&quot;335559731&quot;:708,&quot;335559739&quot;:0,&quot;335559740&quot;:240}\">\u00a0<\/span><\/p>\n<p><span data-contrast=\"auto\">\u201cAunque antes se dec\u00eda que s\u00f3lo el 1% de las cr\u00edas llegan a la edad adulta, ahora sabemos que puede ser el 10%. En el proceso de investigaci\u00f3n siempre aparecen cosas nuevas, preguntas e hip\u00f3tesis, esto es interminable, y estamos hablando de solamente seis especies.\u201d<\/span><span data-ccp-props=\"{&quot;201341983&quot;:0,&quot;335559731&quot;:708,&quot;335559739&quot;:0,&quot;335559740&quot;:240}\">\u00a0<\/span><\/p>\n<p>&nbsp;<\/p>\n<div id=\"attachment_149473\" style=\"width: 732px\" class=\"wp-caption aligncenter\"><img aria-describedby=\"caption-attachment-149473\" decoding=\"async\" loading=\"lazy\" class=\"size-full wp-image-149473\" src=\"https:\/\/www.uv.mx\/prensa\/files\/2024\/11\/22-11-2024-PACHECO-\u2013-Tortugas-Neuroetologia-Foto-3.-100k.jpg\" alt=\"\" width=\"722\" height=\"482\" srcset=\"https:\/\/www.uv.mx\/prensa\/files\/2024\/11\/22-11-2024-PACHECO-\u2013-Tortugas-Neuroetologia-Foto-3.-100k.jpg 722w, https:\/\/www.uv.mx\/prensa\/files\/2024\/11\/22-11-2024-PACHECO-\u2013-Tortugas-Neuroetologia-Foto-3.-100k-300x200.jpg 300w\" sizes=\"(max-width: 722px) 100vw, 722px\" \/><p id=\"caption-attachment-149473\" class=\"wp-caption-text\">El arribo a las aguas, apenas el inicio de un trayecto colmado de depredadores<\/p><\/div>\n<p><b><span data-contrast=\"auto\">Informar y concientizar<\/span><\/b><span data-ccp-props=\"{&quot;201341983&quot;:0,&quot;335559739&quot;:0,&quot;335559740&quot;:240}\">\u00a0<\/span><\/p>\n<p><span data-contrast=\"auto\">La disminuci\u00f3n de tortugas no s\u00f3lo es por consumir su carne y huevos o industrializar el caparaz\u00f3n, coment\u00f3 Morales M\u00e1vil; por ejemplo, \u201crecibimos reporte de tortugas decomisadas en una casa, cuyos habitantes las capturaron para tenerlas como mascotas. Son tan carism\u00e1ticas y llamativas que la gente se las lleva y trata de alimentarlas como si fueran animales de acuario, pero deben comer gran cantidad de materia animal o vegetal, dependiendo de la especie, por lo que no es posible tenerlas en casa\u201d.<\/span><span data-ccp-props=\"{&quot;201341983&quot;:0,&quot;335559739&quot;:0,&quot;335559740&quot;:240}\">\u00a0<\/span><\/p>\n<p><span data-contrast=\"auto\">El especialista dijo que ciertamente tienen pulmones y respiran aire, sin embargo, deben pasar la mayor parte de su vida en el agua.\u00a0<\/span><span data-ccp-props=\"{&quot;201341983&quot;:0,&quot;335559731&quot;:708,&quot;335559739&quot;:0,&quot;335559740&quot;:240}\">\u00a0<\/span><\/p>\n<p><span data-contrast=\"auto\">Por \u00faltimo, coment\u00f3 que la labor de los investigadores universitarios es la publicaci\u00f3n de art\u00edculos, impartici\u00f3n de charlas y dictar cursos; \u201caportamos informaci\u00f3n a las instancias administrativas para que su personal se actualice y sea capaz de resolver estos problemas\u201d.<\/span><span data-ccp-props=\"{&quot;201341983&quot;:0,&quot;335559731&quot;:708,&quot;335559739&quot;:0,&quot;335559740&quot;:240}\">\u00a0<\/span><\/p>\n<div id=\"attachment_149474\" style=\"width: 732px\" class=\"wp-caption aligncenter\"><img aria-describedby=\"caption-attachment-149474\" decoding=\"async\" loading=\"lazy\" class=\"size-full wp-image-149474\" src=\"https:\/\/www.uv.mx\/prensa\/files\/2024\/11\/22-11-2024-PACHECO-\u2013-Tortugas-Neuroetologia-Foto-4.-100k.jpg\" alt=\"\" width=\"722\" height=\"482\" srcset=\"https:\/\/www.uv.mx\/prensa\/files\/2024\/11\/22-11-2024-PACHECO-\u2013-Tortugas-Neuroetologia-Foto-4.-100k.jpg 722w, https:\/\/www.uv.mx\/prensa\/files\/2024\/11\/22-11-2024-PACHECO-\u2013-Tortugas-Neuroetologia-Foto-4.-100k-300x200.jpg 300w\" sizes=\"(max-width: 722px) 100vw, 722px\" \/><p id=\"caption-attachment-149474\" class=\"wp-caption-text\">El investigador coment\u00f3 que con necesarios los convenios con quienes manejan campamentos tortugueros<\/p><\/div>\n","protected":false},"excerpt":{"rendered":"<p>Al ser animales que no han sufrido cambios desde la prehistoria, su estudio conduce a una mejor comprensi\u00f3n de la cadena tr\u00f3fica y del comportamiento de los arrecifes. Siempre ofrecen algo nuevo <\/p>\n","protected":false},"author":1810,"featured_media":149476,"comment_status":"closed","ping_status":"closed","sticky":false,"template":"","format":"standard","meta":[],"categories":[1,61],"tags":[20019,12872,13005,6439,20018,4158],"_links":{"self":[{"href":"https:\/\/www.uv.mx\/prensa\/wp-json\/wp\/v2\/posts\/149493"}],"collection":[{"href":"https:\/\/www.uv.mx\/prensa\/wp-json\/wp\/v2\/posts"}],"about":[{"href":"https:\/\/www.uv.mx\/prensa\/wp-json\/wp\/v2\/types\/post"}],"author":[{"embeddable":true,"href":"https:\/\/www.uv.mx\/prensa\/wp-json\/wp\/v2\/users\/1810"}],"replies":[{"embeddable":true,"href":"https:\/\/www.uv.mx\/prensa\/wp-json\/wp\/v2\/comments?post=149493"}],"version-history":[{"count":1,"href":"https:\/\/www.uv.mx\/prensa\/wp-json\/wp\/v2\/posts\/149493\/revisions"}],"predecessor-version":[{"id":149494,"href":"https:\/\/www.uv.mx\/prensa\/wp-json\/wp\/v2\/posts\/149493\/revisions\/149494"}],"wp:featuredmedia":[{"embeddable":true,"href":"https:\/\/www.uv.mx\/prensa\/wp-json\/wp\/v2\/media\/149476"}],"wp:attachment":[{"href":"https:\/\/www.uv.mx\/prensa\/wp-json\/wp\/v2\/media?parent=149493"}],"wp:term":[{"taxonomy":"category","embeddable":true,"href":"https:\/\/www.uv.mx\/prensa\/wp-json\/wp\/v2\/categories?post=149493"},{"taxonomy":"post_tag","embeddable":true,"href":"https:\/\/www.uv.mx\/prensa\/wp-json\/wp\/v2\/tags?post=149493"}],"curies":[{"name":"wp","href":"https:\/\/api.w.org\/{rel}","templated":true}]}}